{"id":60928,"date":"2016-06-11T17:40:15","date_gmt":"2016-06-11T20:40:15","guid":{"rendered":"http:\/\/www.gentedebasquet.com.ar\/?p=60928"},"modified":"2016-06-11T17:40:15","modified_gmt":"2016-06-11T20:40:15","slug":"trio-triunfal","status":"publish","type":"post","link":"https:\/\/gentedebasquet.com.ar\/sitio\/2016\/06\/11\/trio-triunfal\/","title":{"rendered":"Tr\u00edo triunfal"},"content":{"rendered":"<p><strong>Los\u00a047 puntos del\u00a0tr\u00edo\u00a0D\u00edaz, Iturbide y Cisneros llevaron a Whitense a vencer a La Falda por 55 a 41, como visitante y en Infantiles. El vencedor gan\u00f3 la lucha\u00a0\u00e1rea\u00a0(46 a\u00a037) y control\u00f3 el juego en gran parte de los 40 minutos. La gran figura fue Mat\u00edas Iturbide con 18 (2\/9t3, 5\/8t2 y 2\/7 tl), m\u00e1s 8 rebotes; fue secundado por \u00a0Lautaro D\u00edaz 14 y Facundo Cisneros con un doble-doble (15 y 11 rebotes). En La Falda no alcanzaron los 13 tantos y 8 recobres de Valentino Chisu.<\/strong><\/p>\n<p>El arranque del partido fue fren\u00e9tico, estando en ventaja el local por \u00fanica vez \u00a04 a 2 en tan solo 30 segundos. A partir de ah\u00ed, Whitense tom\u00f3 las riendas del juego, aprovechando las 10 perdidas de La Falda y la gran tarea del cuarto de Mat\u00edas Iturbide con 9 de los 13 que le permitieron cerrar el cuarto (4-13).<\/p>\n<p>Los nuevo equipos en cancha favorecieron al local con un parcial \u00a0de 7 a o, poni\u00e9ndose en partido (11-13) en 2 minutos, con\u00a0las 11 unidades de Chisu. Por su parte, la aparici\u00f3n de Lautaro D\u00edaz (12) mantuvo al equipo en partido, concluyendo el cuarto con una bomba de tres y cerrando el primer tiempo 23-29.<\/p>\n<p>A la vuelta del descanso, el conjunto dirigido por Miraglia se coloc\u00f3 a solo un punto (28-29) en tres minutos. Aunque la buena circulaci\u00f3n de pelota en ataque -m\u00e1s las perdidas del rival- le permitieron sacar 14 puntos al terminar el cuarto (32-46), destac\u00e1ndose nuevamente Iturbide, con 9 unidades.<\/p>\n<p>En el ultimo cuarto, el ganador supo controlar la diferencia en el marcador y el tiempo, adem\u00e1s de dominar\u00a0las segundas oportunidades de su rival (18 a 10 en rebotes), sobresaliendo los 9 puntos de Cisneros. Por todo eso, el encuentro se lo llev\u00f3 Whitense 55 a 41 sobre La Falda.<\/p>\n<p>&nbsp;<\/p>\n<p><b>S\u00edntesis<\/b><strong>\u00a0 | <\/strong>U15 &#8211; Grupo 2 &#8211; Fecha\u00a0#3<\/p>\n<p><strong>La Falda 41:<\/strong> Lucas Fortelli 3, Valent\u00edn Copreni 2, Braian Minucci 0, Mat\u00edas P\u00e9rez 8, Manuel Malandra 0 (FI); Esteban Poblete 2, Valent\u00edn Cleja 1, El\u00edas Pie 10, Valentino Chisu 13 (x), Mat\u00edas Ferreyra 2, Santiago Bonfiglio 0 y Mateo Aleksosky 0. DT: Juan Pablo Miraglia.<\/p>\n<p><strong>Deportivo Whitense 55:<\/strong> Mat\u00edas Iturbide 18, Mauro Bigi 0, Cristian Castilla 4, Tadeo \u00a0Hecker 0, Iv\u00e1n D\u00edaz 2 (FI); Franco Orange 0, Facundo Cisneros 15, Lautaro D\u00edaz 14, Joel Pino 0, Luciano Parra 0 y Santiago Castilla 2. DT: \u00a0Lucas P\u00e9rez.<\/p>\n<p><strong>Parciales:<\/strong> 4-13, 23-29 (19-16), 32-46 (9-17) y 41-55 (9-9).<\/p>\n<p><strong>\u00c1rbitros:\u00a0<\/strong>Carlos Piedrabuena &#8211; Iv\u00e1n Montenegro.<\/p>\n<p><strong>Estadio:\u00a0<\/strong>La\u00a0Caldera (La Falda).<\/p>\n<p><strong>Colaboraci\u00f3n:\u00a0<\/strong>Franco Crivellini.<\/p>\n<p><a href=\"https:\/\/docs.google.com\/spreadsheets\/d\/1ZK1ijj_ofn8d7aY6Okfu-eyMLhDtiKNt4UfJsxEeI5s\/pubhtml? target=\">Ver planilla<\/a><\/p>\n<p>&nbsp;<\/p>\n<h5 style=\"text-align: center;\">LA FALDA U15<\/h5>\n<p><img decoding=\"async\" class=\"aligncenter size-full wp-image-60940\" src=\"http:\/\/www.gentedebasquet.com.ar\/wp-content\/uploads\/2016\/06\/La-Falda-U15.jpg\" alt=\"La Falda U15\" width=\"640\" height=\"440\" srcset=\"https:\/\/gentedebasquet.com.ar\/sitio\/wp-content\/uploads\/2016\/06\/La-Falda-U15.jpg 640w, https:\/\/gentedebasquet.com.ar\/sitio\/wp-content\/uploads\/2016\/06\/La-Falda-U15-300x206.jpg 300w\" sizes=\"(max-width: 640px) 100vw, 640px\" \/><\/p>\n<h5 style=\"text-align: center;\">WHITENSE U15<\/h5>\n<p><img decoding=\"async\" class=\"aligncenter size-full wp-image-60941\" src=\"http:\/\/www.gentedebasquet.com.ar\/wp-content\/uploads\/2016\/06\/Whitense-U15.jpg\" alt=\"Whitense U15\" width=\"640\" height=\"440\" srcset=\"https:\/\/gentedebasquet.com.ar\/sitio\/wp-content\/uploads\/2016\/06\/Whitense-U15.jpg 640w, https:\/\/gentedebasquet.com.ar\/sitio\/wp-content\/uploads\/2016\/06\/Whitense-U15-300x206.jpg 300w\" sizes=\"(max-width: 640px) 100vw, 640px\" \/><\/p>\n<p>&nbsp;<\/p>\n","protected":false},"excerpt":{"rendered":"<p>En Infantiles, Deportivo Whitense venci\u00f3 a domicilio a La Falda por 55 a 41<\/p>\n","protected":false},"author":44,"featured_media":60942,"comment_status":"closed","ping_status":"open","sticky":false,"template":"","format":"standard","meta":{"jnews-multi-image_gallery":[],"jnews_single_post":[],"jnews_primary_category":[],"footnotes":""},"categories":[101,27],"tags":[8,13,1306],"class_list":["post-60928","post","type-post","status-publish","format-standard","has-post-thumbnail","hentry","category-slide","category-u15","tag-deportivo-whitense","tag-la-falda","tag-matias-iturbide"],"yoast_head":"<!-- This site is optimized with the Yoast SEO plugin v27.5 - https:\/\/yoast.com\/product\/yoast-seo-wordpress\/ -->\n<title>Tr\u00edo triunfal - Gente de B\u00e1squet<\/title>\n<meta name=\"robots\" content=\"index, follow, max-snippet:-1, max-image-preview:large, max-video-preview:-1\" \/>\n<link rel=\"canonical\" href=\"http:\/\/gentedebasquet.com.ar\/sitio\/2016\/06\/11\/trio-triunfal\/\" \/>\n<meta property=\"og:locale\" content=\"es_ES\" \/>\n<meta property=\"og:type\" content=\"article\" \/>\n<meta property=\"og:title\" content=\"Tr\u00edo triunfal - Gente de B\u00e1squet\" \/>\n<meta property=\"og:description\" content=\"En Infantiles, Deportivo Whitense venci\u00f3 a domicilio a La Falda por 55 a 41\" \/>\n<meta property=\"og:url\" content=\"http:\/\/gentedebasquet.com.ar\/sitio\/2016\/06\/11\/trio-triunfal\/\" \/>\n<meta property=\"og:site_name\" content=\"Gente de B\u00e1squet\" \/>\n<meta property=\"article:published_time\" content=\"2016-06-11T20:40:15+00:00\" \/>\n<meta property=\"og:image\" content=\"http:\/\/gentedebasquet.com.ar\/sitio\/wp-content\/uploads\/2016\/06\/La-Falda-Whitense-U15.jpg\" \/>\n\t<meta property=\"og:image:width\" content=\"690\" \/>\n\t<meta property=\"og:image:height\" content=\"319\" \/>\n\t<meta property=\"og:image:type\" content=\"image\/jpeg\" \/>\n<meta name=\"author\" content=\"Santiago Guerrero\" \/>\n<meta name=\"twitter:card\" content=\"summary_large_image\" \/>\n<meta name=\"twitter:label1\" content=\"Escrito por\" \/>\n\t<meta name=\"twitter:data1\" content=\"Santiago Guerrero\" \/>\n\t<meta name=\"twitter:label2\" content=\"Tiempo de lectura\" \/>\n\t<meta name=\"twitter:data2\" content=\"2 minutos\" \/>\n<script type=\"application\/ld+json\" class=\"yoast-schema-graph\">{\"@context\":\"https:\\\/\\\/schema.org\",\"@graph\":[{\"@type\":\"Article\",\"@id\":\"http:\\\/\\\/gentedebasquet.com.ar\\\/sitio\\\/2016\\\/06\\\/11\\\/trio-triunfal\\\/#article\",\"isPartOf\":{\"@id\":\"http:\\\/\\\/gentedebasquet.com.ar\\\/sitio\\\/2016\\\/06\\\/11\\\/trio-triunfal\\\/\"},\"author\":{\"name\":\"Santiago Guerrero\",\"@id\":\"https:\\\/\\\/gentedebasquet.com.ar\\\/sitio\\\/#\\\/schema\\\/person\\\/d904c67a20106b85a87a1e7d9ed4af04\"},\"headline\":\"Tr\u00edo triunfal\",\"datePublished\":\"2016-06-11T20:40:15+00:00\",\"mainEntityOfPage\":{\"@id\":\"http:\\\/\\\/gentedebasquet.com.ar\\\/sitio\\\/2016\\\/06\\\/11\\\/trio-triunfal\\\/\"},\"wordCount\":409,\"image\":{\"@id\":\"http:\\\/\\\/gentedebasquet.com.ar\\\/sitio\\\/2016\\\/06\\\/11\\\/trio-triunfal\\\/#primaryimage\"},\"thumbnailUrl\":\"https:\\\/\\\/gentedebasquet.com.ar\\\/sitio\\\/wp-content\\\/uploads\\\/2016\\\/06\\\/La-Falda-Whitense-U15.jpg\",\"keywords\":[\"Deportivo Whitense\",\"La Falda\",\"Mat\u00edas Iturbide\"],\"articleSection\":[\"Slide\",\"U15\"],\"inLanguage\":\"es\"},{\"@type\":\"WebPage\",\"@id\":\"http:\\\/\\\/gentedebasquet.com.ar\\\/sitio\\\/2016\\\/06\\\/11\\\/trio-triunfal\\\/\",\"url\":\"http:\\\/\\\/gentedebasquet.com.ar\\\/sitio\\\/2016\\\/06\\\/11\\\/trio-triunfal\\\/\",\"name\":\"Tr\u00edo triunfal - Gente de B\u00e1squet\",\"isPartOf\":{\"@id\":\"https:\\\/\\\/gentedebasquet.com.ar\\\/sitio\\\/#website\"},\"primaryImageOfPage\":{\"@id\":\"http:\\\/\\\/gentedebasquet.com.ar\\\/sitio\\\/2016\\\/06\\\/11\\\/trio-triunfal\\\/#primaryimage\"},\"image\":{\"@id\":\"http:\\\/\\\/gentedebasquet.com.ar\\\/sitio\\\/2016\\\/06\\\/11\\\/trio-triunfal\\\/#primaryimage\"},\"thumbnailUrl\":\"https:\\\/\\\/gentedebasquet.com.ar\\\/sitio\\\/wp-content\\\/uploads\\\/2016\\\/06\\\/La-Falda-Whitense-U15.jpg\",\"datePublished\":\"2016-06-11T20:40:15+00:00\",\"author\":{\"@id\":\"https:\\\/\\\/gentedebasquet.com.ar\\\/sitio\\\/#\\\/schema\\\/person\\\/d904c67a20106b85a87a1e7d9ed4af04\"},\"breadcrumb\":{\"@id\":\"http:\\\/\\\/gentedebasquet.com.ar\\\/sitio\\\/2016\\\/06\\\/11\\\/trio-triunfal\\\/#breadcrumb\"},\"inLanguage\":\"es\",\"potentialAction\":[{\"@type\":\"ReadAction\",\"target\":[\"http:\\\/\\\/gentedebasquet.com.ar\\\/sitio\\\/2016\\\/06\\\/11\\\/trio-triunfal\\\/\"]}]},{\"@type\":\"ImageObject\",\"inLanguage\":\"es\",\"@id\":\"http:\\\/\\\/gentedebasquet.com.ar\\\/sitio\\\/2016\\\/06\\\/11\\\/trio-triunfal\\\/#primaryimage\",\"url\":\"https:\\\/\\\/gentedebasquet.com.ar\\\/sitio\\\/wp-content\\\/uploads\\\/2016\\\/06\\\/La-Falda-Whitense-U15.jpg\",\"contentUrl\":\"https:\\\/\\\/gentedebasquet.com.ar\\\/sitio\\\/wp-content\\\/uploads\\\/2016\\\/06\\\/La-Falda-Whitense-U15.jpg\",\"width\":690,\"height\":319},{\"@type\":\"BreadcrumbList\",\"@id\":\"http:\\\/\\\/gentedebasquet.com.ar\\\/sitio\\\/2016\\\/06\\\/11\\\/trio-triunfal\\\/#breadcrumb\",\"itemListElement\":[{\"@type\":\"ListItem\",\"position\":1,\"name\":\"Portada\",\"item\":\"https:\\\/\\\/gentedebasquet.com.ar\\\/sitio\\\/\"},{\"@type\":\"ListItem\",\"position\":2,\"name\":\"Tr\u00edo triunfal\"}]},{\"@type\":\"WebSite\",\"@id\":\"https:\\\/\\\/gentedebasquet.com.ar\\\/sitio\\\/#website\",\"url\":\"https:\\\/\\\/gentedebasquet.com.ar\\\/sitio\\\/\",\"name\":\"Gente de B\u00e1squet\",\"description\":\"La revista del basquet de Bah\u00eda Blanca\",\"potentialAction\":[{\"@type\":\"SearchAction\",\"target\":{\"@type\":\"EntryPoint\",\"urlTemplate\":\"https:\\\/\\\/gentedebasquet.com.ar\\\/sitio\\\/?s={search_term_string}\"},\"query-input\":{\"@type\":\"PropertyValueSpecification\",\"valueRequired\":true,\"valueName\":\"search_term_string\"}}],\"inLanguage\":\"es\"},{\"@type\":\"Person\",\"@id\":\"https:\\\/\\\/gentedebasquet.com.ar\\\/sitio\\\/#\\\/schema\\\/person\\\/d904c67a20106b85a87a1e7d9ed4af04\",\"name\":\"Santiago Guerrero\",\"image\":{\"@type\":\"ImageObject\",\"inLanguage\":\"es\",\"@id\":\"https:\\\/\\\/secure.gravatar.com\\\/avatar\\\/9749e94c265693326e6778de232cd359016d3c0dabce9d7260c9e96e592bc3a3?s=96&d=mm&r=g\",\"url\":\"https:\\\/\\\/secure.gravatar.com\\\/avatar\\\/9749e94c265693326e6778de232cd359016d3c0dabce9d7260c9e96e592bc3a3?s=96&d=mm&r=g\",\"contentUrl\":\"https:\\\/\\\/secure.gravatar.com\\\/avatar\\\/9749e94c265693326e6778de232cd359016d3c0dabce9d7260c9e96e592bc3a3?s=96&d=mm&r=g\",\"caption\":\"Santiago Guerrero\"},\"url\":\"https:\\\/\\\/gentedebasquet.com.ar\\\/sitio\\\/author\\\/santiago-guerrero\\\/\"}]}<\/script>\n<!-- \/ Yoast SEO plugin. -->","yoast_head_json":{"title":"Tr\u00edo triunfal - Gente de B\u00e1squet","robots":{"index":"index","follow":"follow","max-snippet":"max-snippet:-1","max-image-preview":"max-image-preview:large","max-video-preview":"max-video-preview:-1"},"canonical":"http:\/\/gentedebasquet.com.ar\/sitio\/2016\/06\/11\/trio-triunfal\/","og_locale":"es_ES","og_type":"article","og_title":"Tr\u00edo triunfal - Gente de B\u00e1squet","og_description":"En Infantiles, Deportivo Whitense venci\u00f3 a domicilio a La Falda por 55 a 41","og_url":"http:\/\/gentedebasquet.com.ar\/sitio\/2016\/06\/11\/trio-triunfal\/","og_site_name":"Gente de B\u00e1squet","article_published_time":"2016-06-11T20:40:15+00:00","og_image":[{"width":690,"height":319,"url":"http:\/\/gentedebasquet.com.ar\/sitio\/wp-content\/uploads\/2016\/06\/La-Falda-Whitense-U15.jpg","type":"image\/jpeg"}],"author":"Santiago Guerrero","twitter_card":"summary_large_image","twitter_misc":{"Escrito por":"Santiago Guerrero","Tiempo de lectura":"2 minutos"},"schema":{"@context":"https:\/\/schema.org","@graph":[{"@type":"Article","@id":"http:\/\/gentedebasquet.com.ar\/sitio\/2016\/06\/11\/trio-triunfal\/#article","isPartOf":{"@id":"http:\/\/gentedebasquet.com.ar\/sitio\/2016\/06\/11\/trio-triunfal\/"},"author":{"name":"Santiago Guerrero","@id":"https:\/\/gentedebasquet.com.ar\/sitio\/#\/schema\/person\/d904c67a20106b85a87a1e7d9ed4af04"},"headline":"Tr\u00edo triunfal","datePublished":"2016-06-11T20:40:15+00:00","mainEntityOfPage":{"@id":"http:\/\/gentedebasquet.com.ar\/sitio\/2016\/06\/11\/trio-triunfal\/"},"wordCount":409,"image":{"@id":"http:\/\/gentedebasquet.com.ar\/sitio\/2016\/06\/11\/trio-triunfal\/#primaryimage"},"thumbnailUrl":"https:\/\/gentedebasquet.com.ar\/sitio\/wp-content\/uploads\/2016\/06\/La-Falda-Whitense-U15.jpg","keywords":["Deportivo Whitense","La Falda","Mat\u00edas Iturbide"],"articleSection":["Slide","U15"],"inLanguage":"es"},{"@type":"WebPage","@id":"http:\/\/gentedebasquet.com.ar\/sitio\/2016\/06\/11\/trio-triunfal\/","url":"http:\/\/gentedebasquet.com.ar\/sitio\/2016\/06\/11\/trio-triunfal\/","name":"Tr\u00edo triunfal - Gente de B\u00e1squet","isPartOf":{"@id":"https:\/\/gentedebasquet.com.ar\/sitio\/#website"},"primaryImageOfPage":{"@id":"http:\/\/gentedebasquet.com.ar\/sitio\/2016\/06\/11\/trio-triunfal\/#primaryimage"},"image":{"@id":"http:\/\/gentedebasquet.com.ar\/sitio\/2016\/06\/11\/trio-triunfal\/#primaryimage"},"thumbnailUrl":"https:\/\/gentedebasquet.com.ar\/sitio\/wp-content\/uploads\/2016\/06\/La-Falda-Whitense-U15.jpg","datePublished":"2016-06-11T20:40:15+00:00","author":{"@id":"https:\/\/gentedebasquet.com.ar\/sitio\/#\/schema\/person\/d904c67a20106b85a87a1e7d9ed4af04"},"breadcrumb":{"@id":"http:\/\/gentedebasquet.com.ar\/sitio\/2016\/06\/11\/trio-triunfal\/#breadcrumb"},"inLanguage":"es","potentialAction":[{"@type":"ReadAction","target":["http:\/\/gentedebasquet.com.ar\/sitio\/2016\/06\/11\/trio-triunfal\/"]}]},{"@type":"ImageObject","inLanguage":"es","@id":"http:\/\/gentedebasquet.com.ar\/sitio\/2016\/06\/11\/trio-triunfal\/#primaryimage","url":"https:\/\/gentedebasquet.com.ar\/sitio\/wp-content\/uploads\/2016\/06\/La-Falda-Whitense-U15.jpg","contentUrl":"https:\/\/gentedebasquet.com.ar\/sitio\/wp-content\/uploads\/2016\/06\/La-Falda-Whitense-U15.jpg","width":690,"height":319},{"@type":"BreadcrumbList","@id":"http:\/\/gentedebasquet.com.ar\/sitio\/2016\/06\/11\/trio-triunfal\/#breadcrumb","itemListElement":[{"@type":"ListItem","position":1,"name":"Portada","item":"https:\/\/gentedebasquet.com.ar\/sitio\/"},{"@type":"ListItem","position":2,"name":"Tr\u00edo triunfal"}]},{"@type":"WebSite","@id":"https:\/\/gentedebasquet.com.ar\/sitio\/#website","url":"https:\/\/gentedebasquet.com.ar\/sitio\/","name":"Gente de B\u00e1squet","description":"La revista del basquet de Bah\u00eda Blanca","potentialAction":[{"@type":"SearchAction","target":{"@type":"EntryPoint","urlTemplate":"https:\/\/gentedebasquet.com.ar\/sitio\/?s={search_term_string}"},"query-input":{"@type":"PropertyValueSpecification","valueRequired":true,"valueName":"search_term_string"}}],"inLanguage":"es"},{"@type":"Person","@id":"https:\/\/gentedebasquet.com.ar\/sitio\/#\/schema\/person\/d904c67a20106b85a87a1e7d9ed4af04","name":"Santiago Guerrero","image":{"@type":"ImageObject","inLanguage":"es","@id":"https:\/\/secure.gravatar.com\/avatar\/9749e94c265693326e6778de232cd359016d3c0dabce9d7260c9e96e592bc3a3?s=96&d=mm&r=g","url":"https:\/\/secure.gravatar.com\/avatar\/9749e94c265693326e6778de232cd359016d3c0dabce9d7260c9e96e592bc3a3?s=96&d=mm&r=g","contentUrl":"https:\/\/secure.gravatar.com\/avatar\/9749e94c265693326e6778de232cd359016d3c0dabce9d7260c9e96e592bc3a3?s=96&d=mm&r=g","caption":"Santiago Guerrero"},"url":"https:\/\/gentedebasquet.com.ar\/sitio\/author\/santiago-guerrero\/"}]}},"_links":{"self":[{"href":"https:\/\/gentedebasquet.com.ar\/sitio\/wp-json\/wp\/v2\/posts\/60928","targetHints":{"allow":["GET"]}}],"collection":[{"href":"https:\/\/gentedebasquet.com.ar\/sitio\/wp-json\/wp\/v2\/posts"}],"about":[{"href":"https:\/\/gentedebasquet.com.ar\/sitio\/wp-json\/wp\/v2\/types\/post"}],"author":[{"embeddable":true,"href":"https:\/\/gentedebasquet.com.ar\/sitio\/wp-json\/wp\/v2\/users\/44"}],"replies":[{"embeddable":true,"href":"https:\/\/gentedebasquet.com.ar\/sitio\/wp-json\/wp\/v2\/comments?post=60928"}],"version-history":[{"count":0,"href":"https:\/\/gentedebasquet.com.ar\/sitio\/wp-json\/wp\/v2\/posts\/60928\/revisions"}],"wp:featuredmedia":[{"embeddable":true,"href":"https:\/\/gentedebasquet.com.ar\/sitio\/wp-json\/wp\/v2\/media\/60942"}],"wp:attachment":[{"href":"https:\/\/gentedebasquet.com.ar\/sitio\/wp-json\/wp\/v2\/media?parent=60928"}],"wp:term":[{"taxonomy":"category","embeddable":true,"href":"https:\/\/gentedebasquet.com.ar\/sitio\/wp-json\/wp\/v2\/categories?post=60928"},{"taxonomy":"post_tag","embeddable":true,"href":"https:\/\/gentedebasquet.com.ar\/sitio\/wp-json\/wp\/v2\/tags?post=60928"}],"curies":[{"name":"wp","href":"https:\/\/api.w.org\/{rel}","templated":true}]}}