{"id":610,"date":"2011-10-08T13:14:11","date_gmt":"2011-10-08T13:14:11","guid":{"rendered":"http:\/\/www.gentedebasquet.com.ar\/?p=610"},"modified":"2011-10-08T13:14:11","modified_gmt":"2011-10-08T13:14:11","slug":"vamos-por-el-campeonato","status":"publish","type":"post","link":"https:\/\/gentedebasquet.com.ar\/sitio\/2011\/10\/08\/vamos-por-el-campeonato\/","title":{"rendered":"\u00abVAMOS POR EL CAMPEONATO\u00bb"},"content":{"rendered":"<p><a href=\"http:\/\/www.gentedebasquet.com.ar\/wp-content\/uploads\/2011\/10\/P1150533.jpg\"><img decoding=\"async\" class=\"aligncenter size-medium wp-image-611\" src=\"http:\/\/www.gentedebasquet.com.ar\/wp-content\/uploads\/2011\/10\/P1150533-199x300.jpg\" alt=\"\" \/><\/a><\/p>\n<p><strong><em>Lucas Mar\u00edn, referente del plantel juvenil del Club Argentino, dialog\u00f3 con Gente de B\u00e1squet, en donde reconoci\u00f3 que el plantel va por el campeonato local y sostuvo, adem\u00e1s, que el nivel local ha evolucionado en los \u00faltimos a\u00f1os.<!--more--><\/em><\/strong><\/p>\n<p><strong><em>\u00bfComo esta actualmente el equipo?<\/em><\/strong><\/p>\n<p>Hab\u00edamos arrancado bien el a\u00f1o, pero tuvimos dos bajas importantes como la de Alfredo Storani, que mide 2,05, y era el p\u00edvot que ten\u00edamos, y tambi\u00e9n la de Nacho (Ignacio) Claris un chico de Neuqu\u00e9n que no se adapto. Cuando jugamos la zona A no jugamos bien, tuvimos problemas de entrenamiento mas algunas lesiones, pero ahora estamos volviendo a tener esa qu\u00edmica de equipo, e intentando recuperar el nivel para la parte final.<\/p>\n<p><strong><em>\u00a0\u00bfQue experiencia les dej\u00f3 jugar una instancia Nacional, m\u00e1s all\u00e1 de no poder clasificar?\u00a0<\/em><\/strong><\/p>\n<p>Esta muy bueno ser parte de la liga juvenil, nos encontramos con muy buen nivel de equipos y hay mucha competencia. Tambi\u00e9n te ayuda en lo personal porque podes viajar y mostrarte en otras ciudades, aunque no pudimos repetir lo del 2009, donde hab\u00edamos llegado a la final de la liga de cadetes. Es una muy linda experiencia.<\/p>\n<p><strong><em>\u00bfC\u00f3mo ves el nivel del B\u00e1squet juvenil en la ciudad?\u00a0<\/em><\/strong><\/p>\n<p>Estos \u00faltimos a\u00f1os ha crecido mucho en la ciudad la categor\u00eda juveniles. Ya no se ven partidos de 50\/60 puntos como se ve\u00edan antes, todo es mucho mas parejo. Hay muchos juveniles jugando en primera y segunda divisi\u00f3n que tienen mucha experiencia y ayudan mucho a la categor\u00eda.<\/p>\n<p><strong><em>\u00a0\u00bfCual es tu objetivo personal para lo que resta de la temporada?\u00a0<\/em><\/strong><\/p>\n<p>Mi objetivo personal es, como hace 3 a\u00f1os, jugar las finales contra Bahiense del Norte, que la verdad es un gran equipo y nos conocemos mucho. Pero con la ida de \u201cMamo\u201d (Mauro) Mierez a Monte se quedaron sin el jugador clave y es irremplazable. Estamos muy contentos y muy confiados, asique vamos por el Campeonato.<\/p>\n","protected":false},"excerpt":{"rendered":"<p>Lucas Mar\u00edn, referente del plantel juvenil del Club Argentino, dialog\u00f3 con Gente de B\u00e1squet, en donde reconoci\u00f3 que el plantel va por el campeonato local y sostuvo, adem\u00e1s, que el nivel local ha evolucionado en los \u00faltimos a\u00f1os.<\/p>\n","protected":false},"author":5,"featured_media":0,"comment_status":"open","ping_status":"open","sticky":false,"template":"","format":"standard","meta":{"jnews-multi-image_gallery":[],"jnews_single_post":[],"jnews_primary_category":[],"footnotes":""},"categories":[26],"tags":[4],"class_list":["post-610","post","type-post","status-publish","format-standard","hentry","category-u19","tag-argentino"],"yoast_head":"<!-- This site is optimized with the Yoast SEO plugin v27.5 - https:\/\/yoast.com\/product\/yoast-seo-wordpress\/ -->\n<title>&quot;VAMOS POR EL CAMPEONATO&quot; - Gente de B\u00e1squet<\/title>\n<meta name=\"robots\" content=\"index, follow, max-snippet:-1, max-image-preview:large, max-video-preview:-1\" \/>\n<link rel=\"canonical\" href=\"http:\/\/gentedebasquet.com.ar\/sitio\/2011\/10\/08\/vamos-por-el-campeonato\/\" \/>\n<meta property=\"og:locale\" content=\"es_ES\" \/>\n<meta property=\"og:type\" content=\"article\" \/>\n<meta property=\"og:title\" content=\"&quot;VAMOS POR EL CAMPEONATO&quot; - Gente de B\u00e1squet\" \/>\n<meta property=\"og:description\" content=\"Lucas Mar\u00edn, referente del plantel juvenil del Club Argentino, dialog\u00f3 con Gente de B\u00e1squet, en donde reconoci\u00f3 que el plantel va por el campeonato local y sostuvo, adem\u00e1s, que el nivel local ha evolucionado en los \u00faltimos a\u00f1os.\" \/>\n<meta property=\"og:url\" content=\"http:\/\/gentedebasquet.com.ar\/sitio\/2011\/10\/08\/vamos-por-el-campeonato\/\" \/>\n<meta property=\"og:site_name\" content=\"Gente de B\u00e1squet\" \/>\n<meta property=\"article:published_time\" content=\"2011-10-08T13:14:11+00:00\" \/>\n<meta property=\"og:image\" content=\"http:\/\/www.gentedebasquet.com.ar\/wp-content\/uploads\/2011\/10\/P1150533-199x300.jpg\" \/>\n<meta name=\"author\" content=\"Mati Ortiz\" \/>\n<meta name=\"twitter:card\" content=\"summary_large_image\" \/>\n<meta name=\"twitter:label1\" content=\"Escrito por\" \/>\n\t<meta name=\"twitter:data1\" content=\"Mati Ortiz\" \/>\n\t<meta name=\"twitter:label2\" content=\"Tiempo de lectura\" \/>\n\t<meta name=\"twitter:data2\" content=\"2 minutos\" \/>\n<script type=\"application\/ld+json\" class=\"yoast-schema-graph\">{\"@context\":\"https:\\\/\\\/schema.org\",\"@graph\":[{\"@type\":\"Article\",\"@id\":\"http:\\\/\\\/gentedebasquet.com.ar\\\/sitio\\\/2011\\\/10\\\/08\\\/vamos-por-el-campeonato\\\/#article\",\"isPartOf\":{\"@id\":\"http:\\\/\\\/gentedebasquet.com.ar\\\/sitio\\\/2011\\\/10\\\/08\\\/vamos-por-el-campeonato\\\/\"},\"author\":{\"name\":\"Mati Ortiz\",\"@id\":\"http:\\\/\\\/gentedebasquet.com.ar\\\/sitio\\\/#\\\/schema\\\/person\\\/bdfda4f76826a67711ffbc5c019867b1\"},\"headline\":\"\u00abVAMOS POR EL CAMPEONATO\u00bb\",\"datePublished\":\"2011-10-08T13:14:11+00:00\",\"mainEntityOfPage\":{\"@id\":\"http:\\\/\\\/gentedebasquet.com.ar\\\/sitio\\\/2011\\\/10\\\/08\\\/vamos-por-el-campeonato\\\/\"},\"wordCount\":336,\"commentCount\":0,\"image\":{\"@id\":\"http:\\\/\\\/gentedebasquet.com.ar\\\/sitio\\\/2011\\\/10\\\/08\\\/vamos-por-el-campeonato\\\/#primaryimage\"},\"thumbnailUrl\":\"http:\\\/\\\/www.gentedebasquet.com.ar\\\/wp-content\\\/uploads\\\/2011\\\/10\\\/P1150533-199x300.jpg\",\"keywords\":[\"Argentino\"],\"articleSection\":[\"U19\"],\"inLanguage\":\"es\",\"potentialAction\":[{\"@type\":\"CommentAction\",\"name\":\"Comment\",\"target\":[\"http:\\\/\\\/gentedebasquet.com.ar\\\/sitio\\\/2011\\\/10\\\/08\\\/vamos-por-el-campeonato\\\/#respond\"]}]},{\"@type\":\"WebPage\",\"@id\":\"http:\\\/\\\/gentedebasquet.com.ar\\\/sitio\\\/2011\\\/10\\\/08\\\/vamos-por-el-campeonato\\\/\",\"url\":\"http:\\\/\\\/gentedebasquet.com.ar\\\/sitio\\\/2011\\\/10\\\/08\\\/vamos-por-el-campeonato\\\/\",\"name\":\"\\\"VAMOS POR EL CAMPEONATO\\\" - Gente de B\u00e1squet\",\"isPartOf\":{\"@id\":\"http:\\\/\\\/gentedebasquet.com.ar\\\/sitio\\\/#website\"},\"primaryImageOfPage\":{\"@id\":\"http:\\\/\\\/gentedebasquet.com.ar\\\/sitio\\\/2011\\\/10\\\/08\\\/vamos-por-el-campeonato\\\/#primaryimage\"},\"image\":{\"@id\":\"http:\\\/\\\/gentedebasquet.com.ar\\\/sitio\\\/2011\\\/10\\\/08\\\/vamos-por-el-campeonato\\\/#primaryimage\"},\"thumbnailUrl\":\"http:\\\/\\\/www.gentedebasquet.com.ar\\\/wp-content\\\/uploads\\\/2011\\\/10\\\/P1150533-199x300.jpg\",\"datePublished\":\"2011-10-08T13:14:11+00:00\",\"author\":{\"@id\":\"http:\\\/\\\/gentedebasquet.com.ar\\\/sitio\\\/#\\\/schema\\\/person\\\/bdfda4f76826a67711ffbc5c019867b1\"},\"breadcrumb\":{\"@id\":\"http:\\\/\\\/gentedebasquet.com.ar\\\/sitio\\\/2011\\\/10\\\/08\\\/vamos-por-el-campeonato\\\/#breadcrumb\"},\"inLanguage\":\"es\",\"potentialAction\":[{\"@type\":\"ReadAction\",\"target\":[\"http:\\\/\\\/gentedebasquet.com.ar\\\/sitio\\\/2011\\\/10\\\/08\\\/vamos-por-el-campeonato\\\/\"]}]},{\"@type\":\"ImageObject\",\"inLanguage\":\"es\",\"@id\":\"http:\\\/\\\/gentedebasquet.com.ar\\\/sitio\\\/2011\\\/10\\\/08\\\/vamos-por-el-campeonato\\\/#primaryimage\",\"url\":\"http:\\\/\\\/www.gentedebasquet.com.ar\\\/wp-content\\\/uploads\\\/2011\\\/10\\\/P1150533-199x300.jpg\",\"contentUrl\":\"http:\\\/\\\/www.gentedebasquet.com.ar\\\/wp-content\\\/uploads\\\/2011\\\/10\\\/P1150533-199x300.jpg\"},{\"@type\":\"BreadcrumbList\",\"@id\":\"http:\\\/\\\/gentedebasquet.com.ar\\\/sitio\\\/2011\\\/10\\\/08\\\/vamos-por-el-campeonato\\\/#breadcrumb\",\"itemListElement\":[{\"@type\":\"ListItem\",\"position\":1,\"name\":\"Portada\",\"item\":\"http:\\\/\\\/gentedebasquet.com.ar\\\/sitio\\\/\"},{\"@type\":\"ListItem\",\"position\":2,\"name\":\"\u00abVAMOS POR EL CAMPEONATO\u00bb\"}]},{\"@type\":\"WebSite\",\"@id\":\"http:\\\/\\\/gentedebasquet.com.ar\\\/sitio\\\/#website\",\"url\":\"http:\\\/\\\/gentedebasquet.com.ar\\\/sitio\\\/\",\"name\":\"Gente de B\u00e1squet\",\"description\":\"La revista del basquet de Bah\u00eda Blanca\",\"potentialAction\":[{\"@type\":\"SearchAction\",\"target\":{\"@type\":\"EntryPoint\",\"urlTemplate\":\"http:\\\/\\\/gentedebasquet.com.ar\\\/sitio\\\/?s={search_term_string}\"},\"query-input\":{\"@type\":\"PropertyValueSpecification\",\"valueRequired\":true,\"valueName\":\"search_term_string\"}}],\"inLanguage\":\"es\"},{\"@type\":\"Person\",\"@id\":\"http:\\\/\\\/gentedebasquet.com.ar\\\/sitio\\\/#\\\/schema\\\/person\\\/bdfda4f76826a67711ffbc5c019867b1\",\"name\":\"Mati Ortiz\",\"image\":{\"@type\":\"ImageObject\",\"inLanguage\":\"es\",\"@id\":\"https:\\\/\\\/secure.gravatar.com\\\/avatar\\\/639f103875d0262257ad455ccde7a9fdf5a890a827f0e877d951e4fb1b0906e5?s=96&d=mm&r=g\",\"url\":\"https:\\\/\\\/secure.gravatar.com\\\/avatar\\\/639f103875d0262257ad455ccde7a9fdf5a890a827f0e877d951e4fb1b0906e5?s=96&d=mm&r=g\",\"contentUrl\":\"https:\\\/\\\/secure.gravatar.com\\\/avatar\\\/639f103875d0262257ad455ccde7a9fdf5a890a827f0e877d951e4fb1b0906e5?s=96&d=mm&r=g\",\"caption\":\"Mati Ortiz\"},\"url\":\"https:\\\/\\\/gentedebasquet.com.ar\\\/sitio\\\/author\\\/mati-ortiz\\\/\"}]}<\/script>\n<!-- \/ Yoast SEO plugin. -->","yoast_head_json":{"title":"\"VAMOS POR EL CAMPEONATO\" - Gente de B\u00e1squet","robots":{"index":"index","follow":"follow","max-snippet":"max-snippet:-1","max-image-preview":"max-image-preview:large","max-video-preview":"max-video-preview:-1"},"canonical":"http:\/\/gentedebasquet.com.ar\/sitio\/2011\/10\/08\/vamos-por-el-campeonato\/","og_locale":"es_ES","og_type":"article","og_title":"\"VAMOS POR EL CAMPEONATO\" - Gente de B\u00e1squet","og_description":"Lucas Mar\u00edn, referente del plantel juvenil del Club Argentino, dialog\u00f3 con Gente de B\u00e1squet, en donde reconoci\u00f3 que el plantel va por el campeonato local y sostuvo, adem\u00e1s, que el nivel local ha evolucionado en los \u00faltimos a\u00f1os.","og_url":"http:\/\/gentedebasquet.com.ar\/sitio\/2011\/10\/08\/vamos-por-el-campeonato\/","og_site_name":"Gente de B\u00e1squet","article_published_time":"2011-10-08T13:14:11+00:00","og_image":[{"url":"http:\/\/www.gentedebasquet.com.ar\/wp-content\/uploads\/2011\/10\/P1150533-199x300.jpg","type":"","width":"","height":""}],"author":"Mati Ortiz","twitter_card":"summary_large_image","twitter_misc":{"Escrito por":"Mati Ortiz","Tiempo de lectura":"2 minutos"},"schema":{"@context":"https:\/\/schema.org","@graph":[{"@type":"Article","@id":"http:\/\/gentedebasquet.com.ar\/sitio\/2011\/10\/08\/vamos-por-el-campeonato\/#article","isPartOf":{"@id":"http:\/\/gentedebasquet.com.ar\/sitio\/2011\/10\/08\/vamos-por-el-campeonato\/"},"author":{"name":"Mati Ortiz","@id":"http:\/\/gentedebasquet.com.ar\/sitio\/#\/schema\/person\/bdfda4f76826a67711ffbc5c019867b1"},"headline":"\u00abVAMOS POR EL CAMPEONATO\u00bb","datePublished":"2011-10-08T13:14:11+00:00","mainEntityOfPage":{"@id":"http:\/\/gentedebasquet.com.ar\/sitio\/2011\/10\/08\/vamos-por-el-campeonato\/"},"wordCount":336,"commentCount":0,"image":{"@id":"http:\/\/gentedebasquet.com.ar\/sitio\/2011\/10\/08\/vamos-por-el-campeonato\/#primaryimage"},"thumbnailUrl":"http:\/\/www.gentedebasquet.com.ar\/wp-content\/uploads\/2011\/10\/P1150533-199x300.jpg","keywords":["Argentino"],"articleSection":["U19"],"inLanguage":"es","potentialAction":[{"@type":"CommentAction","name":"Comment","target":["http:\/\/gentedebasquet.com.ar\/sitio\/2011\/10\/08\/vamos-por-el-campeonato\/#respond"]}]},{"@type":"WebPage","@id":"http:\/\/gentedebasquet.com.ar\/sitio\/2011\/10\/08\/vamos-por-el-campeonato\/","url":"http:\/\/gentedebasquet.com.ar\/sitio\/2011\/10\/08\/vamos-por-el-campeonato\/","name":"\"VAMOS POR EL CAMPEONATO\" - Gente de B\u00e1squet","isPartOf":{"@id":"http:\/\/gentedebasquet.com.ar\/sitio\/#website"},"primaryImageOfPage":{"@id":"http:\/\/gentedebasquet.com.ar\/sitio\/2011\/10\/08\/vamos-por-el-campeonato\/#primaryimage"},"image":{"@id":"http:\/\/gentedebasquet.com.ar\/sitio\/2011\/10\/08\/vamos-por-el-campeonato\/#primaryimage"},"thumbnailUrl":"http:\/\/www.gentedebasquet.com.ar\/wp-content\/uploads\/2011\/10\/P1150533-199x300.jpg","datePublished":"2011-10-08T13:14:11+00:00","author":{"@id":"http:\/\/gentedebasquet.com.ar\/sitio\/#\/schema\/person\/bdfda4f76826a67711ffbc5c019867b1"},"breadcrumb":{"@id":"http:\/\/gentedebasquet.com.ar\/sitio\/2011\/10\/08\/vamos-por-el-campeonato\/#breadcrumb"},"inLanguage":"es","potentialAction":[{"@type":"ReadAction","target":["http:\/\/gentedebasquet.com.ar\/sitio\/2011\/10\/08\/vamos-por-el-campeonato\/"]}]},{"@type":"ImageObject","inLanguage":"es","@id":"http:\/\/gentedebasquet.com.ar\/sitio\/2011\/10\/08\/vamos-por-el-campeonato\/#primaryimage","url":"http:\/\/www.gentedebasquet.com.ar\/wp-content\/uploads\/2011\/10\/P1150533-199x300.jpg","contentUrl":"http:\/\/www.gentedebasquet.com.ar\/wp-content\/uploads\/2011\/10\/P1150533-199x300.jpg"},{"@type":"BreadcrumbList","@id":"http:\/\/gentedebasquet.com.ar\/sitio\/2011\/10\/08\/vamos-por-el-campeonato\/#breadcrumb","itemListElement":[{"@type":"ListItem","position":1,"name":"Portada","item":"http:\/\/gentedebasquet.com.ar\/sitio\/"},{"@type":"ListItem","position":2,"name":"\u00abVAMOS POR EL CAMPEONATO\u00bb"}]},{"@type":"WebSite","@id":"http:\/\/gentedebasquet.com.ar\/sitio\/#website","url":"http:\/\/gentedebasquet.com.ar\/sitio\/","name":"Gente de B\u00e1squet","description":"La revista del basquet de Bah\u00eda Blanca","potentialAction":[{"@type":"SearchAction","target":{"@type":"EntryPoint","urlTemplate":"http:\/\/gentedebasquet.com.ar\/sitio\/?s={search_term_string}"},"query-input":{"@type":"PropertyValueSpecification","valueRequired":true,"valueName":"search_term_string"}}],"inLanguage":"es"},{"@type":"Person","@id":"http:\/\/gentedebasquet.com.ar\/sitio\/#\/schema\/person\/bdfda4f76826a67711ffbc5c019867b1","name":"Mati Ortiz","image":{"@type":"ImageObject","inLanguage":"es","@id":"https:\/\/secure.gravatar.com\/avatar\/639f103875d0262257ad455ccde7a9fdf5a890a827f0e877d951e4fb1b0906e5?s=96&d=mm&r=g","url":"https:\/\/secure.gravatar.com\/avatar\/639f103875d0262257ad455ccde7a9fdf5a890a827f0e877d951e4fb1b0906e5?s=96&d=mm&r=g","contentUrl":"https:\/\/secure.gravatar.com\/avatar\/639f103875d0262257ad455ccde7a9fdf5a890a827f0e877d951e4fb1b0906e5?s=96&d=mm&r=g","caption":"Mati Ortiz"},"url":"https:\/\/gentedebasquet.com.ar\/sitio\/author\/mati-ortiz\/"}]}},"_links":{"self":[{"href":"https:\/\/gentedebasquet.com.ar\/sitio\/wp-json\/wp\/v2\/posts\/610","targetHints":{"allow":["GET"]}}],"collection":[{"href":"https:\/\/gentedebasquet.com.ar\/sitio\/wp-json\/wp\/v2\/posts"}],"about":[{"href":"https:\/\/gentedebasquet.com.ar\/sitio\/wp-json\/wp\/v2\/types\/post"}],"author":[{"embeddable":true,"href":"https:\/\/gentedebasquet.com.ar\/sitio\/wp-json\/wp\/v2\/users\/5"}],"replies":[{"embeddable":true,"href":"https:\/\/gentedebasquet.com.ar\/sitio\/wp-json\/wp\/v2\/comments?post=610"}],"version-history":[{"count":0,"href":"https:\/\/gentedebasquet.com.ar\/sitio\/wp-json\/wp\/v2\/posts\/610\/revisions"}],"wp:attachment":[{"href":"https:\/\/gentedebasquet.com.ar\/sitio\/wp-json\/wp\/v2\/media?parent=610"}],"wp:term":[{"taxonomy":"category","embeddable":true,"href":"https:\/\/gentedebasquet.com.ar\/sitio\/wp-json\/wp\/v2\/categories?post=610"},{"taxonomy":"post_tag","embeddable":true,"href":"https:\/\/gentedebasquet.com.ar\/sitio\/wp-json\/wp\/v2\/tags?post=610"}],"curies":[{"name":"wp","href":"https:\/\/api.w.org\/{rel}","templated":true}]}}