{"id":61044,"date":"2016-06-13T23:55:00","date_gmt":"2016-06-14T02:55:00","guid":{"rendered":"http:\/\/www.gentedebasquet.com.ar\/?p=61044"},"modified":"2016-06-13T23:55:00","modified_gmt":"2016-06-14T02:55:00","slug":"alem-el-dueno-del-1","status":"publish","type":"post","link":"https:\/\/gentedebasquet.com.ar\/sitio\/2016\/06\/13\/alem-el-dueno-del-1\/","title":{"rendered":"Alem, el due\u00f1o del \u00ab1\u00bb"},"content":{"rendered":"<p><strong>El conjunto Verdirrojo super\u00f3 99-91 a Bahiense del Norte en el Daniel Lacunza y una fecha antes del cierre de la fase regular, ya se asegur\u00f3 el primer puesto de la tabla de cara a los playoffs. En un partido de alto vuelo y muy friccionado, el due\u00f1o de casa lleg\u00f3 a sacar 15 de luz (84-69) en el inicio del 4C y aunque luego debi\u00f3 aguantar la arremetida de su rival (93-89), lo pudo cerrar de manera correcta. Santiago Torre (22 y 9 asist) fue la figura del encuentro y estuvo bien secundado por Fabricio Starc (20), Juan Ignacio Diomedi (16), Augusto Priore (15) y Herman Banegas (15). En el Tricolor sobresalieron Franco Pennacchiotti (27) y An\u00edbal Buzzo (19).<\/strong><\/p>\n<p>El inicio del partido lo tuvo a Bahiense imponiendo condiciones. Siete puntos consecutivos de Pennacchiotti (13 en el 1C) y dos apariciones de Buzzo (7) yendo hacia adentro, dejaron al Tricolor 12-2 arriba con 6m42s por jugar. No obstante, tras un arranque dubitativo, Alem despert\u00f3 de la mano de su conductor. Torre (11) manej\u00f3 los hilos del equipo y con sus penetraciones mostr\u00f3 el camino. Banegas (6) y Starc (4) comenzaron a pesar en la pintura y entonces el Verdirrojo entr\u00f3 en juego de cara al primer descanso (25-27).<\/p>\n<p>De a poco, Alem continu\u00f3 encontrando v\u00edas de gol. Diomedi (13 \u2013 3\/3 T3 \u2013 1\/1 T2 \u2013 2\/2 TL) tuvo un gran ingreso y fue una bocanada de aire en ofensiva para su equipo. Adem\u00e1s, yendo hacia adentro con decisi\u00f3n, el Verdirrojo no solo encontr\u00f3 opciones desde la l\u00ednea de libres (12\/15 TL) sino que tambi\u00e9n carg\u00f3 de faltas a las piezas importantes de su rival. Apoy\u00e1ndose en Pennacchiotti (8) y Buzzo (7), Bahiense se mantuvo expectante. Aunque luego con el propio Pennacchiotti y Mor\u00e1n fuera de la cancha por estar cargados de faltas, el Tricolor se qued\u00f3 sin ideas en el cierre y lo pag\u00f3 y\u00e9ndose abajo al descanso largo por siete (58-51).<\/p>\n<blockquote><p>Sab\u00edamos que era un partido muy importante para quedarnos con el 1 en la tabla de posiciones. Arrancamos medios dormidos en el primer cuarto, ellos sacaron una diferencia pero pudimos remontarla. Sab\u00edamos que ten\u00edamos m\u00e1s rotaci\u00f3n y gol en varios de nuestros jugadores, creo que supimos tambi\u00e9n donde atacarlos para sacar la diferencia nosotros y lo hicimos en cierta forma bastante bien. Este partido es bisagra porque de ahora en m\u00e1s si no perdemos de local vamos a terminar ganando el primer campeonato\u2026 Dejame dedicarle este partido a mi novia que hoy (por ayer) fue el cumplea\u00f1os, esto va para ella (Juan Ignacio Diomedi)<\/p><\/blockquote>\n<p>En la vuelta al juego, cuatro puntos al hilo de Banegas m\u00e1s una bomba desde la esquina de Rotta, estiraron a once la brecha de Alem (66-55) con 7m50s por jugar del 3C. Tratando de sacar de circulaci\u00f3n a Torre y con Silva (6) siendo protagonista en ofensiva junto a Pennacchiotti (6), Bahiense encontr\u00f3 vida. Sin embargo, cada vez que se puso a tiro, Alem respondi\u00f3. Las bombas de Augusto Priore (2\/3 T3) y de Starc hicieron que los dirigidos por Paquito \u00c1lvarez cierren el cap\u00edtulo 83-69 arriba.<\/p>\n<p>Ya en el \u00faltimo segmento, la m\u00e1xima toc\u00f3 techo y fue de 15 (84-59), encima para el Tricolor el panorama se oscureci\u00f3 a\u00fan m\u00e1s porque perdi\u00f3 a Pennacchiotti y Buzzo por acumulaci\u00f3n de faltas en un lapso 1m30s. No obstante, con una defensa alta y presionando en el traslado la visita mejor\u00f3. En ofensiva le bast\u00f3 con los triples de Mor\u00e1n, Barbero y Zambrano para reaccionar y ponerse a tan solo cuatro unidades (93-89) con 3m12s en el reloj. Ah\u00ed fue cuando el Verdirrojo peg\u00f3 de nuevo de la mano de Priore (5) y Starc (6) para recuperar el aire en el resultado y cerrarlo de buena manera. Alem gan\u00f3 una final y se qued\u00f3 con el \u201c1\u201d de cara a los playoffs que est\u00e1n a la vuelta de la esquina. Bahiense deber\u00e1 vencer a Argentino en la \u00faltima fecha para asegurarse el puesto \u201c3\u201d.<\/p>\n<p>&nbsp;<\/p>\n<p>[youtube]https:\/\/youtu.be\/rrzbCrDWjK4[\/youtube]<\/p>\n<p>&nbsp;<\/p>\n<p><strong>S\u00edntesis |<\/strong>\u00a0Primera Divisi\u00f3n \u2013 Fecha #21<\/p>\n<p><strong>Alem 99:<\/strong>\u00a0Santiago Torre 22, Juan Pablo Rotta 7, Dami\u00e1n Foulkes 4 (x), Fabricio Starc 20, Herman Banegas 15 (FI); Juan Ignacio Diomedi 16 y Augusto Priore 15. DT: Alejandro \u00c1lvarez.<\/p>\n<p><strong>Bahiense del Norte 91:<\/strong>\u00a0Juan Pablo Mor\u00e1n 11, Andr\u00e9s Barbero 8, Esteban Silva 14, Anibal Buzzo 19 (x), Franco Pennacchiotti 27 (x) (Fi); Luciano Fern\u00e1ndez 6, Kevin Zambrano 5, Ignacio Gerbaudo 0 y Gonzalo Nolt 1. DT: Alejandro Navallo.<\/p>\n<p><strong>Parciales:<\/strong>\u00a025-27, 58-51 (33-24), 83-69 (25-18) y 99-91 (16-22).<\/p>\n<p><strong>\u00c1rbitros:<\/strong>\u00a0N\u00e9stor Schernenco \u2013 Alejandro Go\u00f1i.<\/p>\n<p><strong>Estadio:<\/strong> Daniel Lacunza (Alem).<\/p>\n<p><a class=\"modalf iframe\" title=\"Planilla\" href=\"https:\/\/docs.google.com\/spreadsheets\/d\/1U9YiJutKmQqdkFyIWKkURLSolBL8rB3XGw8vpmiTa7g\/pubhtml?gid=828515360&amp;single=true\" target=\"_blank\" rel=\"noopener\">Ver Planilla<\/a><\/p>\n","protected":false},"excerpt":{"rendered":"<p>El Verdirrojo venci\u00f3 99-91 a Bahiense y ya se asegur\u00f3 el primer puesto de la tabla<\/p>\n","protected":false},"author":1,"featured_media":61045,"comment_status":"closed","ping_status":"open","sticky":false,"template":"","format":"standard","meta":{"jnews-multi-image_gallery":[],"jnews_single_post":[],"jnews_primary_category":[],"footnotes":""},"categories":[23,101],"tags":[3,597,656,5,242,87,230,761,604],"class_list":["post-61044","post","type-post","status-publish","format-standard","has-post-thumbnail","hentry","category-primera","category-slide","tag-alem","tag-anibal-buzzo","tag-augusto-priore","tag-bahiense-del-norte","tag-fabricio-starc","tag-franco-pennacchiotti","tag-herman-banegas","tag-juan-ignacio-diomedi","tag-santiago-torre"],"yoast_head":"<!-- This site is optimized with the Yoast SEO plugin v27.4 - https:\/\/yoast.com\/product\/yoast-seo-wordpress\/ -->\n<title>Alem, el due\u00f1o del &quot;1&quot; - Gente de B\u00e1squet<\/title>\n<meta name=\"robots\" content=\"index, follow, max-snippet:-1, max-image-preview:large, max-video-preview:-1\" \/>\n<link rel=\"canonical\" href=\"https:\/\/gentedebasquet.com.ar\/sitio\/2016\/06\/13\/alem-el-dueno-del-1\/\" \/>\n<meta property=\"og:locale\" content=\"es_ES\" \/>\n<meta property=\"og:type\" content=\"article\" \/>\n<meta property=\"og:title\" content=\"Alem, el due\u00f1o del &quot;1&quot; - Gente de B\u00e1squet\" \/>\n<meta property=\"og:description\" content=\"El Verdirrojo venci\u00f3 99-91 a Bahiense y ya se asegur\u00f3 el primer puesto de la tabla\" \/>\n<meta property=\"og:url\" content=\"https:\/\/gentedebasquet.com.ar\/sitio\/2016\/06\/13\/alem-el-dueno-del-1\/\" \/>\n<meta property=\"og:site_name\" content=\"Gente de B\u00e1squet\" \/>\n<meta property=\"article:published_time\" content=\"2016-06-14T02:55:00+00:00\" \/>\n<meta property=\"og:image\" content=\"https:\/\/gentedebasquet.com.ar\/sitio\/wp-content\/uploads\/2016\/06\/DSC_0063.jpg\" \/>\n\t<meta property=\"og:image:width\" content=\"690\" \/>\n\t<meta property=\"og:image:height\" content=\"319\" \/>\n\t<meta property=\"og:image:type\" content=\"image\/jpeg\" \/>\n<meta name=\"author\" content=\"Gente de B\u00e1squet\" \/>\n<meta name=\"twitter:card\" content=\"summary_large_image\" \/>\n<meta name=\"twitter:label1\" content=\"Escrito por\" \/>\n\t<meta name=\"twitter:data1\" content=\"Gente de B\u00e1squet\" \/>\n\t<meta name=\"twitter:label2\" content=\"Tiempo de lectura\" \/>\n\t<meta name=\"twitter:data2\" content=\"4 minutos\" \/>\n<script type=\"application\/ld+json\" class=\"yoast-schema-graph\">{\"@context\":\"https:\\\/\\\/schema.org\",\"@graph\":[{\"@type\":\"Article\",\"@id\":\"https:\\\/\\\/gentedebasquet.com.ar\\\/sitio\\\/2016\\\/06\\\/13\\\/alem-el-dueno-del-1\\\/#article\",\"isPartOf\":{\"@id\":\"https:\\\/\\\/gentedebasquet.com.ar\\\/sitio\\\/2016\\\/06\\\/13\\\/alem-el-dueno-del-1\\\/\"},\"author\":{\"name\":\"Gente de B\u00e1squet\",\"@id\":\"http:\\\/\\\/gentedebasquet.com.ar\\\/sitio\\\/#\\\/schema\\\/person\\\/ca0b63bbb977369988a7bbbdc519943a\"},\"headline\":\"Alem, el due\u00f1o del \u00ab1\u00bb\",\"datePublished\":\"2016-06-14T02:55:00+00:00\",\"mainEntityOfPage\":{\"@id\":\"https:\\\/\\\/gentedebasquet.com.ar\\\/sitio\\\/2016\\\/06\\\/13\\\/alem-el-dueno-del-1\\\/\"},\"wordCount\":756,\"image\":{\"@id\":\"https:\\\/\\\/gentedebasquet.com.ar\\\/sitio\\\/2016\\\/06\\\/13\\\/alem-el-dueno-del-1\\\/#primaryimage\"},\"thumbnailUrl\":\"https:\\\/\\\/gentedebasquet.com.ar\\\/sitio\\\/wp-content\\\/uploads\\\/2016\\\/06\\\/DSC_0063.jpg\",\"keywords\":[\"Alem\",\"An\u00edbal Buzzo\",\"Augusto Priore\",\"Bahiense Del Norte\",\"Fabricio Starc\",\"Franco Pennacchiotti\",\"Herman Banegas\",\"Juan Ignacio Diomedi\",\"Santiago Torre\"],\"articleSection\":[\"Primera\",\"Slide\"],\"inLanguage\":\"es\"},{\"@type\":\"WebPage\",\"@id\":\"https:\\\/\\\/gentedebasquet.com.ar\\\/sitio\\\/2016\\\/06\\\/13\\\/alem-el-dueno-del-1\\\/\",\"url\":\"https:\\\/\\\/gentedebasquet.com.ar\\\/sitio\\\/2016\\\/06\\\/13\\\/alem-el-dueno-del-1\\\/\",\"name\":\"Alem, el due\u00f1o del \\\"1\\\" - Gente de B\u00e1squet\",\"isPartOf\":{\"@id\":\"http:\\\/\\\/gentedebasquet.com.ar\\\/sitio\\\/#website\"},\"primaryImageOfPage\":{\"@id\":\"https:\\\/\\\/gentedebasquet.com.ar\\\/sitio\\\/2016\\\/06\\\/13\\\/alem-el-dueno-del-1\\\/#primaryimage\"},\"image\":{\"@id\":\"https:\\\/\\\/gentedebasquet.com.ar\\\/sitio\\\/2016\\\/06\\\/13\\\/alem-el-dueno-del-1\\\/#primaryimage\"},\"thumbnailUrl\":\"https:\\\/\\\/gentedebasquet.com.ar\\\/sitio\\\/wp-content\\\/uploads\\\/2016\\\/06\\\/DSC_0063.jpg\",\"datePublished\":\"2016-06-14T02:55:00+00:00\",\"author\":{\"@id\":\"http:\\\/\\\/gentedebasquet.com.ar\\\/sitio\\\/#\\\/schema\\\/person\\\/ca0b63bbb977369988a7bbbdc519943a\"},\"breadcrumb\":{\"@id\":\"https:\\\/\\\/gentedebasquet.com.ar\\\/sitio\\\/2016\\\/06\\\/13\\\/alem-el-dueno-del-1\\\/#breadcrumb\"},\"inLanguage\":\"es\",\"potentialAction\":[{\"@type\":\"ReadAction\",\"target\":[\"https:\\\/\\\/gentedebasquet.com.ar\\\/sitio\\\/2016\\\/06\\\/13\\\/alem-el-dueno-del-1\\\/\"]}]},{\"@type\":\"ImageObject\",\"inLanguage\":\"es\",\"@id\":\"https:\\\/\\\/gentedebasquet.com.ar\\\/sitio\\\/2016\\\/06\\\/13\\\/alem-el-dueno-del-1\\\/#primaryimage\",\"url\":\"https:\\\/\\\/gentedebasquet.com.ar\\\/sitio\\\/wp-content\\\/uploads\\\/2016\\\/06\\\/DSC_0063.jpg\",\"contentUrl\":\"https:\\\/\\\/gentedebasquet.com.ar\\\/sitio\\\/wp-content\\\/uploads\\\/2016\\\/06\\\/DSC_0063.jpg\",\"width\":690,\"height\":319},{\"@type\":\"BreadcrumbList\",\"@id\":\"https:\\\/\\\/gentedebasquet.com.ar\\\/sitio\\\/2016\\\/06\\\/13\\\/alem-el-dueno-del-1\\\/#breadcrumb\",\"itemListElement\":[{\"@type\":\"ListItem\",\"position\":1,\"name\":\"Portada\",\"item\":\"http:\\\/\\\/gentedebasquet.com.ar\\\/sitio\\\/\"},{\"@type\":\"ListItem\",\"position\":2,\"name\":\"Alem, el due\u00f1o del \u00ab1\u00bb\"}]},{\"@type\":\"WebSite\",\"@id\":\"http:\\\/\\\/gentedebasquet.com.ar\\\/sitio\\\/#website\",\"url\":\"http:\\\/\\\/gentedebasquet.com.ar\\\/sitio\\\/\",\"name\":\"Gente de B\u00e1squet\",\"description\":\"La revista del basquet de Bah\u00eda Blanca\",\"potentialAction\":[{\"@type\":\"SearchAction\",\"target\":{\"@type\":\"EntryPoint\",\"urlTemplate\":\"http:\\\/\\\/gentedebasquet.com.ar\\\/sitio\\\/?s={search_term_string}\"},\"query-input\":{\"@type\":\"PropertyValueSpecification\",\"valueRequired\":true,\"valueName\":\"search_term_string\"}}],\"inLanguage\":\"es\"},{\"@type\":\"Person\",\"@id\":\"http:\\\/\\\/gentedebasquet.com.ar\\\/sitio\\\/#\\\/schema\\\/person\\\/ca0b63bbb977369988a7bbbdc519943a\",\"name\":\"Gente de B\u00e1squet\",\"image\":{\"@type\":\"ImageObject\",\"inLanguage\":\"es\",\"@id\":\"https:\\\/\\\/secure.gravatar.com\\\/avatar\\\/7f2c48bdc33b30088f941fb6082e555f2874c98e20cb159d7b92b50eadfce793?s=96&d=mm&r=g\",\"url\":\"https:\\\/\\\/secure.gravatar.com\\\/avatar\\\/7f2c48bdc33b30088f941fb6082e555f2874c98e20cb159d7b92b50eadfce793?s=96&d=mm&r=g\",\"contentUrl\":\"https:\\\/\\\/secure.gravatar.com\\\/avatar\\\/7f2c48bdc33b30088f941fb6082e555f2874c98e20cb159d7b92b50eadfce793?s=96&d=mm&r=g\",\"caption\":\"Gente de B\u00e1squet\"},\"sameAs\":[\"http:\\\/\\\/gentedebasquet.com.ar\\\/sitio\"],\"url\":\"https:\\\/\\\/gentedebasquet.com.ar\\\/sitio\\\/author\\\/ulises\\\/\"}]}<\/script>\n<!-- \/ Yoast SEO plugin. -->","yoast_head_json":{"title":"Alem, el due\u00f1o del \"1\" - Gente de B\u00e1squet","robots":{"index":"index","follow":"follow","max-snippet":"max-snippet:-1","max-image-preview":"max-image-preview:large","max-video-preview":"max-video-preview:-1"},"canonical":"https:\/\/gentedebasquet.com.ar\/sitio\/2016\/06\/13\/alem-el-dueno-del-1\/","og_locale":"es_ES","og_type":"article","og_title":"Alem, el due\u00f1o del \"1\" - Gente de B\u00e1squet","og_description":"El Verdirrojo venci\u00f3 99-91 a Bahiense y ya se asegur\u00f3 el primer puesto de la tabla","og_url":"https:\/\/gentedebasquet.com.ar\/sitio\/2016\/06\/13\/alem-el-dueno-del-1\/","og_site_name":"Gente de B\u00e1squet","article_published_time":"2016-06-14T02:55:00+00:00","og_image":[{"width":690,"height":319,"url":"https:\/\/gentedebasquet.com.ar\/sitio\/wp-content\/uploads\/2016\/06\/DSC_0063.jpg","type":"image\/jpeg"}],"author":"Gente de B\u00e1squet","twitter_card":"summary_large_image","twitter_misc":{"Escrito por":"Gente de B\u00e1squet","Tiempo de lectura":"4 minutos"},"schema":{"@context":"https:\/\/schema.org","@graph":[{"@type":"Article","@id":"https:\/\/gentedebasquet.com.ar\/sitio\/2016\/06\/13\/alem-el-dueno-del-1\/#article","isPartOf":{"@id":"https:\/\/gentedebasquet.com.ar\/sitio\/2016\/06\/13\/alem-el-dueno-del-1\/"},"author":{"name":"Gente de B\u00e1squet","@id":"http:\/\/gentedebasquet.com.ar\/sitio\/#\/schema\/person\/ca0b63bbb977369988a7bbbdc519943a"},"headline":"Alem, el due\u00f1o del \u00ab1\u00bb","datePublished":"2016-06-14T02:55:00+00:00","mainEntityOfPage":{"@id":"https:\/\/gentedebasquet.com.ar\/sitio\/2016\/06\/13\/alem-el-dueno-del-1\/"},"wordCount":756,"image":{"@id":"https:\/\/gentedebasquet.com.ar\/sitio\/2016\/06\/13\/alem-el-dueno-del-1\/#primaryimage"},"thumbnailUrl":"https:\/\/gentedebasquet.com.ar\/sitio\/wp-content\/uploads\/2016\/06\/DSC_0063.jpg","keywords":["Alem","An\u00edbal Buzzo","Augusto Priore","Bahiense Del Norte","Fabricio Starc","Franco Pennacchiotti","Herman Banegas","Juan Ignacio Diomedi","Santiago Torre"],"articleSection":["Primera","Slide"],"inLanguage":"es"},{"@type":"WebPage","@id":"https:\/\/gentedebasquet.com.ar\/sitio\/2016\/06\/13\/alem-el-dueno-del-1\/","url":"https:\/\/gentedebasquet.com.ar\/sitio\/2016\/06\/13\/alem-el-dueno-del-1\/","name":"Alem, el due\u00f1o del \"1\" - Gente de B\u00e1squet","isPartOf":{"@id":"http:\/\/gentedebasquet.com.ar\/sitio\/#website"},"primaryImageOfPage":{"@id":"https:\/\/gentedebasquet.com.ar\/sitio\/2016\/06\/13\/alem-el-dueno-del-1\/#primaryimage"},"image":{"@id":"https:\/\/gentedebasquet.com.ar\/sitio\/2016\/06\/13\/alem-el-dueno-del-1\/#primaryimage"},"thumbnailUrl":"https:\/\/gentedebasquet.com.ar\/sitio\/wp-content\/uploads\/2016\/06\/DSC_0063.jpg","datePublished":"2016-06-14T02:55:00+00:00","author":{"@id":"http:\/\/gentedebasquet.com.ar\/sitio\/#\/schema\/person\/ca0b63bbb977369988a7bbbdc519943a"},"breadcrumb":{"@id":"https:\/\/gentedebasquet.com.ar\/sitio\/2016\/06\/13\/alem-el-dueno-del-1\/#breadcrumb"},"inLanguage":"es","potentialAction":[{"@type":"ReadAction","target":["https:\/\/gentedebasquet.com.ar\/sitio\/2016\/06\/13\/alem-el-dueno-del-1\/"]}]},{"@type":"ImageObject","inLanguage":"es","@id":"https:\/\/gentedebasquet.com.ar\/sitio\/2016\/06\/13\/alem-el-dueno-del-1\/#primaryimage","url":"https:\/\/gentedebasquet.com.ar\/sitio\/wp-content\/uploads\/2016\/06\/DSC_0063.jpg","contentUrl":"https:\/\/gentedebasquet.com.ar\/sitio\/wp-content\/uploads\/2016\/06\/DSC_0063.jpg","width":690,"height":319},{"@type":"BreadcrumbList","@id":"https:\/\/gentedebasquet.com.ar\/sitio\/2016\/06\/13\/alem-el-dueno-del-1\/#breadcrumb","itemListElement":[{"@type":"ListItem","position":1,"name":"Portada","item":"http:\/\/gentedebasquet.com.ar\/sitio\/"},{"@type":"ListItem","position":2,"name":"Alem, el due\u00f1o del \u00ab1\u00bb"}]},{"@type":"WebSite","@id":"http:\/\/gentedebasquet.com.ar\/sitio\/#website","url":"http:\/\/gentedebasquet.com.ar\/sitio\/","name":"Gente de B\u00e1squet","description":"La revista del basquet de Bah\u00eda Blanca","potentialAction":[{"@type":"SearchAction","target":{"@type":"EntryPoint","urlTemplate":"http:\/\/gentedebasquet.com.ar\/sitio\/?s={search_term_string}"},"query-input":{"@type":"PropertyValueSpecification","valueRequired":true,"valueName":"search_term_string"}}],"inLanguage":"es"},{"@type":"Person","@id":"http:\/\/gentedebasquet.com.ar\/sitio\/#\/schema\/person\/ca0b63bbb977369988a7bbbdc519943a","name":"Gente de B\u00e1squet","image":{"@type":"ImageObject","inLanguage":"es","@id":"https:\/\/secure.gravatar.com\/avatar\/7f2c48bdc33b30088f941fb6082e555f2874c98e20cb159d7b92b50eadfce793?s=96&d=mm&r=g","url":"https:\/\/secure.gravatar.com\/avatar\/7f2c48bdc33b30088f941fb6082e555f2874c98e20cb159d7b92b50eadfce793?s=96&d=mm&r=g","contentUrl":"https:\/\/secure.gravatar.com\/avatar\/7f2c48bdc33b30088f941fb6082e555f2874c98e20cb159d7b92b50eadfce793?s=96&d=mm&r=g","caption":"Gente de B\u00e1squet"},"sameAs":["http:\/\/gentedebasquet.com.ar\/sitio"],"url":"https:\/\/gentedebasquet.com.ar\/sitio\/author\/ulises\/"}]}},"_links":{"self":[{"href":"https:\/\/gentedebasquet.com.ar\/sitio\/wp-json\/wp\/v2\/posts\/61044","targetHints":{"allow":["GET"]}}],"collection":[{"href":"https:\/\/gentedebasquet.com.ar\/sitio\/wp-json\/wp\/v2\/posts"}],"about":[{"href":"https:\/\/gentedebasquet.com.ar\/sitio\/wp-json\/wp\/v2\/types\/post"}],"author":[{"embeddable":true,"href":"https:\/\/gentedebasquet.com.ar\/sitio\/wp-json\/wp\/v2\/users\/1"}],"replies":[{"embeddable":true,"href":"https:\/\/gentedebasquet.com.ar\/sitio\/wp-json\/wp\/v2\/comments?post=61044"}],"version-history":[{"count":0,"href":"https:\/\/gentedebasquet.com.ar\/sitio\/wp-json\/wp\/v2\/posts\/61044\/revisions"}],"wp:featuredmedia":[{"embeddable":true,"href":"https:\/\/gentedebasquet.com.ar\/sitio\/wp-json\/wp\/v2\/media\/61045"}],"wp:attachment":[{"href":"https:\/\/gentedebasquet.com.ar\/sitio\/wp-json\/wp\/v2\/media?parent=61044"}],"wp:term":[{"taxonomy":"category","embeddable":true,"href":"https:\/\/gentedebasquet.com.ar\/sitio\/wp-json\/wp\/v2\/categories?post=61044"},{"taxonomy":"post_tag","embeddable":true,"href":"https:\/\/gentedebasquet.com.ar\/sitio\/wp-json\/wp\/v2\/tags?post=61044"}],"curies":[{"name":"wp","href":"https:\/\/api.w.org\/{rel}","templated":true}]}}