{"id":6128,"date":"2012-08-15T02:40:08","date_gmt":"2012-08-15T02:40:08","guid":{"rendered":"http:\/\/www.gentedebasquet.com.ar\/?p=6128"},"modified":"2012-08-15T02:40:08","modified_gmt":"2012-08-15T02:40:08","slug":"lo-gano-desde-la-linea-2","status":"publish","type":"post","link":"https:\/\/gentedebasquet.com.ar\/sitio\/2012\/08\/15\/lo-gano-desde-la-linea-2\/","title":{"rendered":"Lo gan\u00f3 desde la l\u00ednea"},"content":{"rendered":"<p><a href=\"http:\/\/www.gentedebasquet.com.ar\/wp-content\/uploads\/2012\/08\/Spo-Vel.png\"><img decoding=\"async\" class=\"alignnone size-full wp-image-6130\" src=\"http:\/\/www.gentedebasquet.com.ar\/wp-content\/uploads\/2012\/08\/Spo-Vel.png\" alt=\"\" width=\"449\" height=\"338\" \/><\/a><\/p>\n<p><em><strong>Sportivo venci\u00f3 72-70 a Velocidad en el Eladio Santos. La victoria al elenco local se la dio Dalmiro Lella (23) con dos libres anotados sobre el final del partido y as\u00ed consigui\u00f3 el segundo triunfo en fila por la reclasificaci\u00f3n. \u00a0Otro que se destac\u00f3 en el tricolor fue Nicol\u00e1s Mart\u00ednez (20-8). Por el lado del conjunto visitante sobresali\u00f3 Mauricio Gonz\u00e1lez (18-9).<\/strong><\/em><\/p>\n<p><!--more--><\/p>\n<p>El partido comenz\u00f3 con un Sportivo muy agresivo en ataque, imponi\u00e9ndose en la pintura con Mart\u00ednez y Ferm\u00edn Iriarte (12 puntos entre ambos en el cuarto), estos da\u00f1aban mucho debajo del cristal y sab\u00edan aprovechar los errores defensivos de Velocidad. Los de Silvio Montero no solo estaban flojos en defensa sino que tambi\u00e9n en ataque que con el correr de los primeros minutos ir\u00edan solucionando. Halberg (5 puntos en el segmento) comandaba\u00a0 las ofensivas de los visitantes<strong>. <\/strong><\/p>\n<p>Muchas imprecisiones y errores se hicieron presentes en el segundo cuarto. Se jugaba mal. Mart\u00ednez segu\u00eda sumando puntos y aportando en ataque para los locales, tambi\u00e9n era acompa\u00f1ado por el buen ingreso que tuvo Gabriel Fern\u00e1ndez ( \u00bd t3, 1\/1 t2, 2 rebotes). \u00a0Entre Gonzalez, Gast\u00f3n Dialuce y Halberg se encargaron de dejar en partido a Velocidad que se fue al descanso m\u00e1s largo cuatro unidades por debajo de Sportivo.<\/p>\n<p>Los de calle Alvarado entraron muy dormidos en el tercer segmento, la defensa era muy floja, no hab\u00eda balance. Velo aprovech\u00f3 esto al m\u00e1ximo y se puso por primera vez en el partido en ventaja, Gonz\u00e1lez ganaba el duelo debajo de los aros, Lucas Romano (4 en el segmento) y Nicol\u00e1s Themtam (6) aportaban tambi\u00e9n lo suyo en ataque. Lella y Martinez sacaban la cara por su equipo, pero esto no fue suficiente y el visitante se fue en ventaja al \u00faltimo segmento\u00a0 57-54.<\/p>\n<p>Velocidad sac\u00f3 en los primeros minutos del \u00faltimo cuarto una m\u00e1xima de siete puntos con ataques muy eficaces. Sportivo supo correr de atr\u00e1s en el resultado y empatar el marcador en 70 a falta de 1:09 por jugar. Los visitantes tuvieron la posesi\u00f3n, pero Halberg no pudo convertir desde la pintura, los dirigidos por Juan Manuel Dobal tuvieron la siguiente, la pelota en manos de Lella que se dirigi\u00f3 al canasto y fue cortado con falta. A la hora de ejecutar los dos libres no le peso la mano al jugador m\u00e1s experimentado de Sportivo y as\u00ed puso el marcador 72-70. Velocidad tuvo una oportunidad m\u00e1s con 8 segundos por jugarse pero tampoco la pudo aprovechar y as\u00ed los locales se llevaron un valioso partido y treparon a lo m\u00e1s alto de la tabla del Torneo de Reclasificaci\u00f3n.<\/p>\n<p><strong><span style=\"text-decoration: underline;\">S\u00edntesis:<\/span><\/strong><\/p>\n<p><strong>Sportivo Bahiense (72 )<\/strong><\/p>\n<p><strong>Iniciales: <\/strong>L. Iriarte (0) D. Lella (23) E.\u00a0 Zani (6) F. Iriarte (6) N. Martinez (20). <strong>Luego ingresaron:<\/strong> Y. Asnaghi (2) G. Fernandez (7) A. Hammerschmidt (4) \u00a0\u00a0\u00a0\u00a0\u00a0\u00a0\u00a0\u00a0\u00a0L. Sanhueza (4)<\/p>\n<p><strong>Velocidad y Resistencia (70)<\/strong><\/p>\n<p><strong>Iniciales: <\/strong>M. Halberg (16), L. Romano (9), H. Soria (2), G. Dialuce (12)\u00a0 M.Gonz\u00e1lez (18). <strong>Luego ingresaron:<\/strong> N. Themthan (11), F.Payllalef (0) J. Pe\u00f1a (2) B. Drost (0)<\/p>\n<p><strong>Cuartos: <\/strong>25-17; 38-34; 54-57; 72-70<\/p>\n<p><strong>Faltas: <\/strong>Se retir\u00f3 por acumulaci\u00f3n de faltas M. Gonz\u00e1lez (V)<\/p>\n<p><strong>\u00c1rbitros: <\/strong>Emanuel Sanchez \u2013 Diego Kessler<\/p>\n<p><a class=\"modalf iframe\" title=\"Planilla\" href=\"https:\/\/docs.google.com\/spreadsheet\/pub?key=0ApxXhhxZUpaHdDBheGRGbzQ3RUN3U2Eza1R2TlVUa0E&amp;single=true&amp;gid=0&amp;output=html\">Ver Planilla<\/a><\/p>\n","protected":false},"excerpt":{"rendered":"<p>Sportivo venci\u00f3 72-70 a Velocidad en el Eladio Santos. La victoria al elenco local se la dio Dalmiro Lella (23) con dos libres anotados sobre el final del partido y as\u00ed consigui\u00f3 el segundo triunfo en fila por la reclasificaci\u00f3n. \u00a0Otro que se destac\u00f3 en el tricolor fue Nicol\u00e1s Mart\u00ednez (20-8). Por el lado del [&hellip;]<\/p>\n","protected":false},"author":11,"featured_media":0,"comment_status":"open","ping_status":"open","sticky":false,"template":"","format":"standard","meta":{"jnews-multi-image_gallery":[],"jnews_single_post":[],"jnews_primary_category":[],"footnotes":""},"categories":[25],"tags":[21],"class_list":["post-6128","post","type-post","status-publish","format-standard","hentry","category-segunda","tag-velocidad"],"yoast_head":"<!-- This site is optimized with the Yoast SEO plugin v27.5 - https:\/\/yoast.com\/product\/yoast-seo-wordpress\/ -->\n<title>Lo gan\u00f3 desde la l\u00ednea - Gente de B\u00e1squet<\/title>\n<meta name=\"robots\" content=\"index, follow, max-snippet:-1, max-image-preview:large, max-video-preview:-1\" \/>\n<link rel=\"canonical\" href=\"https:\/\/gentedebasquet.com.ar\/sitio\/2012\/08\/15\/lo-gano-desde-la-linea-2\/\" \/>\n<meta property=\"og:locale\" content=\"es_ES\" \/>\n<meta property=\"og:type\" content=\"article\" \/>\n<meta property=\"og:title\" content=\"Lo gan\u00f3 desde la l\u00ednea - Gente de B\u00e1squet\" \/>\n<meta property=\"og:description\" content=\"Sportivo venci\u00f3 72-70 a Velocidad en el Eladio Santos. La victoria al elenco local se la dio Dalmiro Lella (23) con dos libres anotados sobre el final del partido y as\u00ed consigui\u00f3 el segundo triunfo en fila por la reclasificaci\u00f3n. \u00a0Otro que se destac\u00f3 en el tricolor fue Nicol\u00e1s Mart\u00ednez (20-8). Por el lado del [&hellip;]\" \/>\n<meta property=\"og:url\" content=\"https:\/\/gentedebasquet.com.ar\/sitio\/2012\/08\/15\/lo-gano-desde-la-linea-2\/\" \/>\n<meta property=\"og:site_name\" content=\"Gente de B\u00e1squet\" \/>\n<meta property=\"article:published_time\" content=\"2012-08-15T02:40:08+00:00\" \/>\n<meta property=\"og:image\" content=\"http:\/\/www.gentedebasquet.com.ar\/wp-content\/uploads\/2012\/08\/Spo-Vel.png\" \/>\n<meta name=\"author\" content=\"Mario Direne\" \/>\n<meta name=\"twitter:card\" content=\"summary_large_image\" \/>\n<meta name=\"twitter:label1\" content=\"Escrito por\" \/>\n\t<meta name=\"twitter:data1\" content=\"Mario Direne\" \/>\n\t<meta name=\"twitter:label2\" content=\"Tiempo de lectura\" \/>\n\t<meta name=\"twitter:data2\" content=\"3 minutos\" \/>\n<script type=\"application\/ld+json\" class=\"yoast-schema-graph\">{\"@context\":\"https:\\\/\\\/schema.org\",\"@graph\":[{\"@type\":\"Article\",\"@id\":\"https:\\\/\\\/gentedebasquet.com.ar\\\/sitio\\\/2012\\\/08\\\/15\\\/lo-gano-desde-la-linea-2\\\/#article\",\"isPartOf\":{\"@id\":\"https:\\\/\\\/gentedebasquet.com.ar\\\/sitio\\\/2012\\\/08\\\/15\\\/lo-gano-desde-la-linea-2\\\/\"},\"author\":{\"name\":\"Mario Direne\",\"@id\":\"https:\\\/\\\/gentedebasquet.com.ar\\\/sitio\\\/#\\\/schema\\\/person\\\/127c1aa76a1884cfd4819ea7240d0406\"},\"headline\":\"Lo gan\u00f3 desde la l\u00ednea\",\"datePublished\":\"2012-08-15T02:40:08+00:00\",\"mainEntityOfPage\":{\"@id\":\"https:\\\/\\\/gentedebasquet.com.ar\\\/sitio\\\/2012\\\/08\\\/15\\\/lo-gano-desde-la-linea-2\\\/\"},\"wordCount\":529,\"commentCount\":0,\"image\":{\"@id\":\"https:\\\/\\\/gentedebasquet.com.ar\\\/sitio\\\/2012\\\/08\\\/15\\\/lo-gano-desde-la-linea-2\\\/#primaryimage\"},\"thumbnailUrl\":\"http:\\\/\\\/www.gentedebasquet.com.ar\\\/wp-content\\\/uploads\\\/2012\\\/08\\\/Spo-Vel.png\",\"keywords\":[\"Velocidad\"],\"articleSection\":[\"Segunda\"],\"inLanguage\":\"es\",\"potentialAction\":[{\"@type\":\"CommentAction\",\"name\":\"Comment\",\"target\":[\"https:\\\/\\\/gentedebasquet.com.ar\\\/sitio\\\/2012\\\/08\\\/15\\\/lo-gano-desde-la-linea-2\\\/#respond\"]}]},{\"@type\":\"WebPage\",\"@id\":\"https:\\\/\\\/gentedebasquet.com.ar\\\/sitio\\\/2012\\\/08\\\/15\\\/lo-gano-desde-la-linea-2\\\/\",\"url\":\"https:\\\/\\\/gentedebasquet.com.ar\\\/sitio\\\/2012\\\/08\\\/15\\\/lo-gano-desde-la-linea-2\\\/\",\"name\":\"Lo gan\u00f3 desde la l\u00ednea - Gente de B\u00e1squet\",\"isPartOf\":{\"@id\":\"https:\\\/\\\/gentedebasquet.com.ar\\\/sitio\\\/#website\"},\"primaryImageOfPage\":{\"@id\":\"https:\\\/\\\/gentedebasquet.com.ar\\\/sitio\\\/2012\\\/08\\\/15\\\/lo-gano-desde-la-linea-2\\\/#primaryimage\"},\"image\":{\"@id\":\"https:\\\/\\\/gentedebasquet.com.ar\\\/sitio\\\/2012\\\/08\\\/15\\\/lo-gano-desde-la-linea-2\\\/#primaryimage\"},\"thumbnailUrl\":\"http:\\\/\\\/www.gentedebasquet.com.ar\\\/wp-content\\\/uploads\\\/2012\\\/08\\\/Spo-Vel.png\",\"datePublished\":\"2012-08-15T02:40:08+00:00\",\"author\":{\"@id\":\"https:\\\/\\\/gentedebasquet.com.ar\\\/sitio\\\/#\\\/schema\\\/person\\\/127c1aa76a1884cfd4819ea7240d0406\"},\"breadcrumb\":{\"@id\":\"https:\\\/\\\/gentedebasquet.com.ar\\\/sitio\\\/2012\\\/08\\\/15\\\/lo-gano-desde-la-linea-2\\\/#breadcrumb\"},\"inLanguage\":\"es\",\"potentialAction\":[{\"@type\":\"ReadAction\",\"target\":[\"https:\\\/\\\/gentedebasquet.com.ar\\\/sitio\\\/2012\\\/08\\\/15\\\/lo-gano-desde-la-linea-2\\\/\"]}]},{\"@type\":\"ImageObject\",\"inLanguage\":\"es\",\"@id\":\"https:\\\/\\\/gentedebasquet.com.ar\\\/sitio\\\/2012\\\/08\\\/15\\\/lo-gano-desde-la-linea-2\\\/#primaryimage\",\"url\":\"http:\\\/\\\/www.gentedebasquet.com.ar\\\/wp-content\\\/uploads\\\/2012\\\/08\\\/Spo-Vel.png\",\"contentUrl\":\"http:\\\/\\\/www.gentedebasquet.com.ar\\\/wp-content\\\/uploads\\\/2012\\\/08\\\/Spo-Vel.png\"},{\"@type\":\"BreadcrumbList\",\"@id\":\"https:\\\/\\\/gentedebasquet.com.ar\\\/sitio\\\/2012\\\/08\\\/15\\\/lo-gano-desde-la-linea-2\\\/#breadcrumb\",\"itemListElement\":[{\"@type\":\"ListItem\",\"position\":1,\"name\":\"Portada\",\"item\":\"https:\\\/\\\/gentedebasquet.com.ar\\\/sitio\\\/\"},{\"@type\":\"ListItem\",\"position\":2,\"name\":\"Lo gan\u00f3 desde la l\u00ednea\"}]},{\"@type\":\"WebSite\",\"@id\":\"https:\\\/\\\/gentedebasquet.com.ar\\\/sitio\\\/#website\",\"url\":\"https:\\\/\\\/gentedebasquet.com.ar\\\/sitio\\\/\",\"name\":\"Gente de B\u00e1squet\",\"description\":\"La revista del basquet de Bah\u00eda Blanca\",\"potentialAction\":[{\"@type\":\"SearchAction\",\"target\":{\"@type\":\"EntryPoint\",\"urlTemplate\":\"https:\\\/\\\/gentedebasquet.com.ar\\\/sitio\\\/?s={search_term_string}\"},\"query-input\":{\"@type\":\"PropertyValueSpecification\",\"valueRequired\":true,\"valueName\":\"search_term_string\"}}],\"inLanguage\":\"es\"},{\"@type\":\"Person\",\"@id\":\"https:\\\/\\\/gentedebasquet.com.ar\\\/sitio\\\/#\\\/schema\\\/person\\\/127c1aa76a1884cfd4819ea7240d0406\",\"name\":\"Mario Direne\",\"image\":{\"@type\":\"ImageObject\",\"inLanguage\":\"es\",\"@id\":\"https:\\\/\\\/secure.gravatar.com\\\/avatar\\\/327e98ceb1c9d022253d04c964b091a2c89940255528f2def84ec73f447abc01?s=96&d=mm&r=g\",\"url\":\"https:\\\/\\\/secure.gravatar.com\\\/avatar\\\/327e98ceb1c9d022253d04c964b091a2c89940255528f2def84ec73f447abc01?s=96&d=mm&r=g\",\"contentUrl\":\"https:\\\/\\\/secure.gravatar.com\\\/avatar\\\/327e98ceb1c9d022253d04c964b091a2c89940255528f2def84ec73f447abc01?s=96&d=mm&r=g\",\"caption\":\"Mario Direne\"},\"url\":\"https:\\\/\\\/gentedebasquet.com.ar\\\/sitio\\\/author\\\/mariod\\\/\"}]}<\/script>\n<!-- \/ Yoast SEO plugin. -->","yoast_head_json":{"title":"Lo gan\u00f3 desde la l\u00ednea - Gente de B\u00e1squet","robots":{"index":"index","follow":"follow","max-snippet":"max-snippet:-1","max-image-preview":"max-image-preview:large","max-video-preview":"max-video-preview:-1"},"canonical":"https:\/\/gentedebasquet.com.ar\/sitio\/2012\/08\/15\/lo-gano-desde-la-linea-2\/","og_locale":"es_ES","og_type":"article","og_title":"Lo gan\u00f3 desde la l\u00ednea - Gente de B\u00e1squet","og_description":"Sportivo venci\u00f3 72-70 a Velocidad en el Eladio Santos. La victoria al elenco local se la dio Dalmiro Lella (23) con dos libres anotados sobre el final del partido y as\u00ed consigui\u00f3 el segundo triunfo en fila por la reclasificaci\u00f3n. \u00a0Otro que se destac\u00f3 en el tricolor fue Nicol\u00e1s Mart\u00ednez (20-8). Por el lado del [&hellip;]","og_url":"https:\/\/gentedebasquet.com.ar\/sitio\/2012\/08\/15\/lo-gano-desde-la-linea-2\/","og_site_name":"Gente de B\u00e1squet","article_published_time":"2012-08-15T02:40:08+00:00","og_image":[{"url":"http:\/\/www.gentedebasquet.com.ar\/wp-content\/uploads\/2012\/08\/Spo-Vel.png","type":"","width":"","height":""}],"author":"Mario Direne","twitter_card":"summary_large_image","twitter_misc":{"Escrito por":"Mario Direne","Tiempo de lectura":"3 minutos"},"schema":{"@context":"https:\/\/schema.org","@graph":[{"@type":"Article","@id":"https:\/\/gentedebasquet.com.ar\/sitio\/2012\/08\/15\/lo-gano-desde-la-linea-2\/#article","isPartOf":{"@id":"https:\/\/gentedebasquet.com.ar\/sitio\/2012\/08\/15\/lo-gano-desde-la-linea-2\/"},"author":{"name":"Mario Direne","@id":"https:\/\/gentedebasquet.com.ar\/sitio\/#\/schema\/person\/127c1aa76a1884cfd4819ea7240d0406"},"headline":"Lo gan\u00f3 desde la l\u00ednea","datePublished":"2012-08-15T02:40:08+00:00","mainEntityOfPage":{"@id":"https:\/\/gentedebasquet.com.ar\/sitio\/2012\/08\/15\/lo-gano-desde-la-linea-2\/"},"wordCount":529,"commentCount":0,"image":{"@id":"https:\/\/gentedebasquet.com.ar\/sitio\/2012\/08\/15\/lo-gano-desde-la-linea-2\/#primaryimage"},"thumbnailUrl":"http:\/\/www.gentedebasquet.com.ar\/wp-content\/uploads\/2012\/08\/Spo-Vel.png","keywords":["Velocidad"],"articleSection":["Segunda"],"inLanguage":"es","potentialAction":[{"@type":"CommentAction","name":"Comment","target":["https:\/\/gentedebasquet.com.ar\/sitio\/2012\/08\/15\/lo-gano-desde-la-linea-2\/#respond"]}]},{"@type":"WebPage","@id":"https:\/\/gentedebasquet.com.ar\/sitio\/2012\/08\/15\/lo-gano-desde-la-linea-2\/","url":"https:\/\/gentedebasquet.com.ar\/sitio\/2012\/08\/15\/lo-gano-desde-la-linea-2\/","name":"Lo gan\u00f3 desde la l\u00ednea - Gente de B\u00e1squet","isPartOf":{"@id":"https:\/\/gentedebasquet.com.ar\/sitio\/#website"},"primaryImageOfPage":{"@id":"https:\/\/gentedebasquet.com.ar\/sitio\/2012\/08\/15\/lo-gano-desde-la-linea-2\/#primaryimage"},"image":{"@id":"https:\/\/gentedebasquet.com.ar\/sitio\/2012\/08\/15\/lo-gano-desde-la-linea-2\/#primaryimage"},"thumbnailUrl":"http:\/\/www.gentedebasquet.com.ar\/wp-content\/uploads\/2012\/08\/Spo-Vel.png","datePublished":"2012-08-15T02:40:08+00:00","author":{"@id":"https:\/\/gentedebasquet.com.ar\/sitio\/#\/schema\/person\/127c1aa76a1884cfd4819ea7240d0406"},"breadcrumb":{"@id":"https:\/\/gentedebasquet.com.ar\/sitio\/2012\/08\/15\/lo-gano-desde-la-linea-2\/#breadcrumb"},"inLanguage":"es","potentialAction":[{"@type":"ReadAction","target":["https:\/\/gentedebasquet.com.ar\/sitio\/2012\/08\/15\/lo-gano-desde-la-linea-2\/"]}]},{"@type":"ImageObject","inLanguage":"es","@id":"https:\/\/gentedebasquet.com.ar\/sitio\/2012\/08\/15\/lo-gano-desde-la-linea-2\/#primaryimage","url":"http:\/\/www.gentedebasquet.com.ar\/wp-content\/uploads\/2012\/08\/Spo-Vel.png","contentUrl":"http:\/\/www.gentedebasquet.com.ar\/wp-content\/uploads\/2012\/08\/Spo-Vel.png"},{"@type":"BreadcrumbList","@id":"https:\/\/gentedebasquet.com.ar\/sitio\/2012\/08\/15\/lo-gano-desde-la-linea-2\/#breadcrumb","itemListElement":[{"@type":"ListItem","position":1,"name":"Portada","item":"https:\/\/gentedebasquet.com.ar\/sitio\/"},{"@type":"ListItem","position":2,"name":"Lo gan\u00f3 desde la l\u00ednea"}]},{"@type":"WebSite","@id":"https:\/\/gentedebasquet.com.ar\/sitio\/#website","url":"https:\/\/gentedebasquet.com.ar\/sitio\/","name":"Gente de B\u00e1squet","description":"La revista del basquet de Bah\u00eda Blanca","potentialAction":[{"@type":"SearchAction","target":{"@type":"EntryPoint","urlTemplate":"https:\/\/gentedebasquet.com.ar\/sitio\/?s={search_term_string}"},"query-input":{"@type":"PropertyValueSpecification","valueRequired":true,"valueName":"search_term_string"}}],"inLanguage":"es"},{"@type":"Person","@id":"https:\/\/gentedebasquet.com.ar\/sitio\/#\/schema\/person\/127c1aa76a1884cfd4819ea7240d0406","name":"Mario Direne","image":{"@type":"ImageObject","inLanguage":"es","@id":"https:\/\/secure.gravatar.com\/avatar\/327e98ceb1c9d022253d04c964b091a2c89940255528f2def84ec73f447abc01?s=96&d=mm&r=g","url":"https:\/\/secure.gravatar.com\/avatar\/327e98ceb1c9d022253d04c964b091a2c89940255528f2def84ec73f447abc01?s=96&d=mm&r=g","contentUrl":"https:\/\/secure.gravatar.com\/avatar\/327e98ceb1c9d022253d04c964b091a2c89940255528f2def84ec73f447abc01?s=96&d=mm&r=g","caption":"Mario Direne"},"url":"https:\/\/gentedebasquet.com.ar\/sitio\/author\/mariod\/"}]}},"_links":{"self":[{"href":"https:\/\/gentedebasquet.com.ar\/sitio\/wp-json\/wp\/v2\/posts\/6128","targetHints":{"allow":["GET"]}}],"collection":[{"href":"https:\/\/gentedebasquet.com.ar\/sitio\/wp-json\/wp\/v2\/posts"}],"about":[{"href":"https:\/\/gentedebasquet.com.ar\/sitio\/wp-json\/wp\/v2\/types\/post"}],"author":[{"embeddable":true,"href":"https:\/\/gentedebasquet.com.ar\/sitio\/wp-json\/wp\/v2\/users\/11"}],"replies":[{"embeddable":true,"href":"https:\/\/gentedebasquet.com.ar\/sitio\/wp-json\/wp\/v2\/comments?post=6128"}],"version-history":[{"count":0,"href":"https:\/\/gentedebasquet.com.ar\/sitio\/wp-json\/wp\/v2\/posts\/6128\/revisions"}],"wp:attachment":[{"href":"https:\/\/gentedebasquet.com.ar\/sitio\/wp-json\/wp\/v2\/media?parent=6128"}],"wp:term":[{"taxonomy":"category","embeddable":true,"href":"https:\/\/gentedebasquet.com.ar\/sitio\/wp-json\/wp\/v2\/categories?post=6128"},{"taxonomy":"post_tag","embeddable":true,"href":"https:\/\/gentedebasquet.com.ar\/sitio\/wp-json\/wp\/v2\/tags?post=6128"}],"curies":[{"name":"wp","href":"https:\/\/api.w.org\/{rel}","templated":true}]}}