{"id":61641,"date":"2016-06-30T18:13:30","date_gmt":"2016-06-30T21:13:30","guid":{"rendered":"http:\/\/www.gentedebasquet.com.ar\/?p=61641"},"modified":"2016-06-30T18:13:30","modified_gmt":"2016-06-30T21:13:30","slug":"a-china-por-la-stankovic","status":"publish","type":"post","link":"https:\/\/gentedebasquet.com.ar\/sitio\/2016\/06\/30\/a-china-por-la-stankovic\/","title":{"rendered":"A China, por la Stankovic"},"content":{"rendered":"<p><strong>Despu\u00e9s de retomar los trabajos en Buenos Aires tras la primera parte de la preparaci\u00f3n en San Nicol\u00e1s, la Selecci\u00f3n Argentina que disputar\u00e1 la Copa Stankovic en Beijing, China, emprender\u00e1 este viernes su largo viaje rumbo a tierras asi\u00e1ticas para afrontar esta prestigiosa competencia, a la que vuelve despu\u00e9s de dos a\u00f1os de ausencia y que supo ganar en 2013.<\/strong><\/p>\n<p>Antes del viaje (que ser\u00e1 en dos tandas), el equipo que dirige Silvio Santander realizar\u00e1 su \u00faltimo entrenamiento en Ferro. Vale recordar que el plantel se entren\u00f3 all\u00ed y en Boca desde el lunes 27, y que hasta este jueves tambi\u00e9n participaron los juveniles Franco Acosta, Lauturo Berra y Mat\u00edas Solanas (todos U18), quienes fueron parte de los trabajos con el plantel definitivo.<\/p>\n<p>La Selecci\u00f3n, que tiene pautado un entrenamiento para el domingo 3 en China, ya conoce su calendario para el certamen que se jugar\u00e1 en el Olympic Sports Center Gymnasium. El debut ser\u00e1 a las 4.30 (hora Argentina) del martes 5 frente a Francia. El mi\u00e9rcoles 6 y a la misma hora ser\u00e1 el turno de chocar frente a Nigeria; mientras que el viernes 8, a las 9, tocar\u00e1 el seleccionado local. De acuerdo a los resultados, Argentina jugar\u00e1 el s\u00e1bado 9 por la final (8.30) o el tercer puesto (4.30).<\/p>\n<p>&nbsp;<\/p>\n<h5><strong>PLANTEL COPA STANKOVIC<\/strong><\/h5>\n<p>Jos\u00e9 Vildoza<br \/>\nPosici\u00f3n: base<br \/>\nNacimiento: 15\/1\/1996<br \/>\nClub: Libertad de Sunchales<\/p>\n<p>Juan Brussino<br \/>\nPosici\u00f3n: base<br \/>\nNacimiento: 14\/3\/1991<br \/>\nClub: Libertad de Sunchaes<\/p>\n<p>Lucio Redivo<br \/>\nPosici\u00f3n: escolta<br \/>\nNacimiento: 14\/2\/1994<br \/>\nClub: Bah\u00eda Basket<\/p>\n<p>Tom\u00e1s Zanzottera<br \/>\nPosici\u00f3n: escolta<br \/>\nNacimiento: 8\/2\/1993<br \/>\nClub: Obras Sanitarias<\/p>\n<p>M\u00e1ximo Fjellerup<br \/>\nPosici\u00f3n: escolta<br \/>\nNacimiento: 24\/11\/1997<br \/>\nClub: Bah\u00eda Basket<\/p>\n<p>Mauro Cosolito<br \/>\nPosici\u00f3n: escolta<br \/>\nNacimiento: 18\/12\/1988<br \/>\nClub: Ol\u00edmpico de La Banda<\/p>\n<p>Ayan N\u00fa\u00f1ez Carvalho<br \/>\nPosici\u00f3n: escolta<br \/>\nNacimiento: 5\/9\/1997<br \/>\nClub: Temple University (Estados Unidos)<\/p>\n<p>Iv\u00e1n Basualdo<br \/>\nPosici\u00f3n: ala pivote<br \/>\nNacimiento: 16\/1\/1990<br \/>\nClub: Obras Sanitarias<\/p>\n<p>Mat\u00edas Bortol\u00edn<br \/>\nPosici\u00f3n: ala pivote<br \/>\nNacimiento: 11\/4\/1993<br \/>\nClub: San Mart\u00edn de Corrientes<\/p>\n<p>Tayavek Gallizzi<br \/>\nPosici\u00f3n: pivote<br \/>\nNacimiento: 8\/2\/1993<br \/>\nClub: Quilmes de Mar del Plata<\/p>\n<p>Kevin Hern\u00e1ndez<br \/>\nPosici\u00f3n: pivote<br \/>\nNacimiento: 28\/3\/1991<br \/>\nClub: Ferro<\/p>\n<p>Ignacio Alessio<br \/>\nPosici\u00f3n: pivote<br \/>\nNacimiento: 24\/4\/1987<br \/>\nEquipo: Ferro<\/p>\n<p><strong>CUERPO TECNICO<\/strong><br \/>\nEntrenador: Silvio Santander<br \/>\nAsistente: Gabriel Piccato<\/p>\n<p><strong>Fuente:<\/strong> Leandro Fern\u00e1ndez (Prensa CABB).<\/p>\n<p><strong>Fotos:<\/strong> Prensa CABB.<\/p>\n","protected":false},"excerpt":{"rendered":"<p>Argentina viaja con Lucio Redivo, el PF Cristian Lambrecht y M\u00e1ximo Fjellerup <\/p>\n","protected":false},"author":1,"featured_media":61569,"comment_status":"closed","ping_status":"open","sticky":false,"template":"","format":"standard","meta":{"jnews-multi-image_gallery":[],"jnews_single_post":[],"jnews_primary_category":[],"footnotes":""},"categories":[61,101],"tags":[720,747,1221,1319,155,180,402],"class_list":["post-61641","post","type-post","status-publish","format-standard","has-post-thumbnail","hentry","category-selecciones-nacionales","category-slide","tag-argentina","tag-china","tag-copa-stankovic","tag-cristian-lambrecht","tag-lucio-redivo","tag-maximo-fjellerup","tag-seleccion-argentina"],"yoast_head":"<!-- This site is optimized with the Yoast SEO plugin v27.5 - https:\/\/yoast.com\/product\/yoast-seo-wordpress\/ -->\n<title>A China, por la Stankovic - Gente de B\u00e1squet<\/title>\n<meta name=\"robots\" content=\"index, follow, max-snippet:-1, max-image-preview:large, max-video-preview:-1\" \/>\n<link rel=\"canonical\" href=\"https:\/\/gentedebasquet.com.ar\/sitio\/2016\/06\/30\/a-china-por-la-stankovic\/\" \/>\n<meta property=\"og:locale\" content=\"es_ES\" \/>\n<meta property=\"og:type\" content=\"article\" \/>\n<meta property=\"og:title\" content=\"A China, por la Stankovic - Gente de B\u00e1squet\" \/>\n<meta property=\"og:description\" content=\"Argentina viaja con Lucio Redivo, el PF Cristian Lambrecht y M\u00e1ximo Fjellerup\" \/>\n<meta property=\"og:url\" content=\"https:\/\/gentedebasquet.com.ar\/sitio\/2016\/06\/30\/a-china-por-la-stankovic\/\" \/>\n<meta property=\"og:site_name\" content=\"Gente de B\u00e1squet\" \/>\n<meta property=\"article:published_time\" content=\"2016-06-30T21:13:30+00:00\" \/>\n<meta property=\"og:image\" content=\"https:\/\/gentedebasquet.com.ar\/sitio\/wp-content\/uploads\/2016\/06\/Argentina-Stankovc-Redivo-Fjellerup.jpg\" \/>\n\t<meta property=\"og:image:width\" content=\"690\" \/>\n\t<meta property=\"og:image:height\" content=\"319\" \/>\n\t<meta property=\"og:image:type\" content=\"image\/jpeg\" \/>\n<meta name=\"author\" content=\"Gente de B\u00e1squet\" \/>\n<meta name=\"twitter:card\" content=\"summary_large_image\" \/>\n<meta name=\"twitter:label1\" content=\"Escrito por\" \/>\n\t<meta name=\"twitter:data1\" content=\"Gente de B\u00e1squet\" \/>\n\t<meta name=\"twitter:label2\" content=\"Tiempo de lectura\" \/>\n\t<meta name=\"twitter:data2\" content=\"2 minutos\" \/>\n<script type=\"application\/ld+json\" class=\"yoast-schema-graph\">{\"@context\":\"https:\\\/\\\/schema.org\",\"@graph\":[{\"@type\":\"Article\",\"@id\":\"https:\\\/\\\/gentedebasquet.com.ar\\\/sitio\\\/2016\\\/06\\\/30\\\/a-china-por-la-stankovic\\\/#article\",\"isPartOf\":{\"@id\":\"https:\\\/\\\/gentedebasquet.com.ar\\\/sitio\\\/2016\\\/06\\\/30\\\/a-china-por-la-stankovic\\\/\"},\"author\":{\"name\":\"Gente de B\u00e1squet\",\"@id\":\"https:\\\/\\\/gentedebasquet.com.ar\\\/sitio\\\/#\\\/schema\\\/person\\\/ca0b63bbb977369988a7bbbdc519943a\"},\"headline\":\"A China, por la Stankovic\",\"datePublished\":\"2016-06-30T21:13:30+00:00\",\"mainEntityOfPage\":{\"@id\":\"https:\\\/\\\/gentedebasquet.com.ar\\\/sitio\\\/2016\\\/06\\\/30\\\/a-china-por-la-stankovic\\\/\"},\"wordCount\":371,\"image\":{\"@id\":\"https:\\\/\\\/gentedebasquet.com.ar\\\/sitio\\\/2016\\\/06\\\/30\\\/a-china-por-la-stankovic\\\/#primaryimage\"},\"thumbnailUrl\":\"https:\\\/\\\/gentedebasquet.com.ar\\\/sitio\\\/wp-content\\\/uploads\\\/2016\\\/06\\\/Argentina-Stankovc-Redivo-Fjellerup.jpg\",\"keywords\":[\"Argentina\",\"China\",\"Copa Stankovic\",\"Cristian Lambrecht\",\"Lucio Redivo\",\"M\u00e1ximo Fjellerup\",\"Selecci\u00f3n Argentina\"],\"articleSection\":[\"Selecciones Nacionales\",\"Slide\"],\"inLanguage\":\"es\"},{\"@type\":\"WebPage\",\"@id\":\"https:\\\/\\\/gentedebasquet.com.ar\\\/sitio\\\/2016\\\/06\\\/30\\\/a-china-por-la-stankovic\\\/\",\"url\":\"https:\\\/\\\/gentedebasquet.com.ar\\\/sitio\\\/2016\\\/06\\\/30\\\/a-china-por-la-stankovic\\\/\",\"name\":\"A China, por la Stankovic - Gente de B\u00e1squet\",\"isPartOf\":{\"@id\":\"https:\\\/\\\/gentedebasquet.com.ar\\\/sitio\\\/#website\"},\"primaryImageOfPage\":{\"@id\":\"https:\\\/\\\/gentedebasquet.com.ar\\\/sitio\\\/2016\\\/06\\\/30\\\/a-china-por-la-stankovic\\\/#primaryimage\"},\"image\":{\"@id\":\"https:\\\/\\\/gentedebasquet.com.ar\\\/sitio\\\/2016\\\/06\\\/30\\\/a-china-por-la-stankovic\\\/#primaryimage\"},\"thumbnailUrl\":\"https:\\\/\\\/gentedebasquet.com.ar\\\/sitio\\\/wp-content\\\/uploads\\\/2016\\\/06\\\/Argentina-Stankovc-Redivo-Fjellerup.jpg\",\"datePublished\":\"2016-06-30T21:13:30+00:00\",\"author\":{\"@id\":\"https:\\\/\\\/gentedebasquet.com.ar\\\/sitio\\\/#\\\/schema\\\/person\\\/ca0b63bbb977369988a7bbbdc519943a\"},\"breadcrumb\":{\"@id\":\"https:\\\/\\\/gentedebasquet.com.ar\\\/sitio\\\/2016\\\/06\\\/30\\\/a-china-por-la-stankovic\\\/#breadcrumb\"},\"inLanguage\":\"es\",\"potentialAction\":[{\"@type\":\"ReadAction\",\"target\":[\"https:\\\/\\\/gentedebasquet.com.ar\\\/sitio\\\/2016\\\/06\\\/30\\\/a-china-por-la-stankovic\\\/\"]}]},{\"@type\":\"ImageObject\",\"inLanguage\":\"es\",\"@id\":\"https:\\\/\\\/gentedebasquet.com.ar\\\/sitio\\\/2016\\\/06\\\/30\\\/a-china-por-la-stankovic\\\/#primaryimage\",\"url\":\"https:\\\/\\\/gentedebasquet.com.ar\\\/sitio\\\/wp-content\\\/uploads\\\/2016\\\/06\\\/Argentina-Stankovc-Redivo-Fjellerup.jpg\",\"contentUrl\":\"https:\\\/\\\/gentedebasquet.com.ar\\\/sitio\\\/wp-content\\\/uploads\\\/2016\\\/06\\\/Argentina-Stankovc-Redivo-Fjellerup.jpg\",\"width\":690,\"height\":319},{\"@type\":\"BreadcrumbList\",\"@id\":\"https:\\\/\\\/gentedebasquet.com.ar\\\/sitio\\\/2016\\\/06\\\/30\\\/a-china-por-la-stankovic\\\/#breadcrumb\",\"itemListElement\":[{\"@type\":\"ListItem\",\"position\":1,\"name\":\"Portada\",\"item\":\"https:\\\/\\\/gentedebasquet.com.ar\\\/sitio\\\/\"},{\"@type\":\"ListItem\",\"position\":2,\"name\":\"A China, por la Stankovic\"}]},{\"@type\":\"WebSite\",\"@id\":\"https:\\\/\\\/gentedebasquet.com.ar\\\/sitio\\\/#website\",\"url\":\"https:\\\/\\\/gentedebasquet.com.ar\\\/sitio\\\/\",\"name\":\"Gente de B\u00e1squet\",\"description\":\"La revista del basquet de Bah\u00eda Blanca\",\"potentialAction\":[{\"@type\":\"SearchAction\",\"target\":{\"@type\":\"EntryPoint\",\"urlTemplate\":\"https:\\\/\\\/gentedebasquet.com.ar\\\/sitio\\\/?s={search_term_string}\"},\"query-input\":{\"@type\":\"PropertyValueSpecification\",\"valueRequired\":true,\"valueName\":\"search_term_string\"}}],\"inLanguage\":\"es\"},{\"@type\":\"Person\",\"@id\":\"https:\\\/\\\/gentedebasquet.com.ar\\\/sitio\\\/#\\\/schema\\\/person\\\/ca0b63bbb977369988a7bbbdc519943a\",\"name\":\"Gente de B\u00e1squet\",\"image\":{\"@type\":\"ImageObject\",\"inLanguage\":\"es\",\"@id\":\"https:\\\/\\\/secure.gravatar.com\\\/avatar\\\/7f2c48bdc33b30088f941fb6082e555f2874c98e20cb159d7b92b50eadfce793?s=96&d=mm&r=g\",\"url\":\"https:\\\/\\\/secure.gravatar.com\\\/avatar\\\/7f2c48bdc33b30088f941fb6082e555f2874c98e20cb159d7b92b50eadfce793?s=96&d=mm&r=g\",\"contentUrl\":\"https:\\\/\\\/secure.gravatar.com\\\/avatar\\\/7f2c48bdc33b30088f941fb6082e555f2874c98e20cb159d7b92b50eadfce793?s=96&d=mm&r=g\",\"caption\":\"Gente de B\u00e1squet\"},\"sameAs\":[\"http:\\\/\\\/gentedebasquet.com.ar\\\/sitio\"],\"url\":\"https:\\\/\\\/gentedebasquet.com.ar\\\/sitio\\\/author\\\/ulises\\\/\"}]}<\/script>\n<!-- \/ Yoast SEO plugin. -->","yoast_head_json":{"title":"A China, por la Stankovic - Gente de B\u00e1squet","robots":{"index":"index","follow":"follow","max-snippet":"max-snippet:-1","max-image-preview":"max-image-preview:large","max-video-preview":"max-video-preview:-1"},"canonical":"https:\/\/gentedebasquet.com.ar\/sitio\/2016\/06\/30\/a-china-por-la-stankovic\/","og_locale":"es_ES","og_type":"article","og_title":"A China, por la Stankovic - Gente de B\u00e1squet","og_description":"Argentina viaja con Lucio Redivo, el PF Cristian Lambrecht y M\u00e1ximo Fjellerup","og_url":"https:\/\/gentedebasquet.com.ar\/sitio\/2016\/06\/30\/a-china-por-la-stankovic\/","og_site_name":"Gente de B\u00e1squet","article_published_time":"2016-06-30T21:13:30+00:00","og_image":[{"width":690,"height":319,"url":"https:\/\/gentedebasquet.com.ar\/sitio\/wp-content\/uploads\/2016\/06\/Argentina-Stankovc-Redivo-Fjellerup.jpg","type":"image\/jpeg"}],"author":"Gente de B\u00e1squet","twitter_card":"summary_large_image","twitter_misc":{"Escrito por":"Gente de B\u00e1squet","Tiempo de lectura":"2 minutos"},"schema":{"@context":"https:\/\/schema.org","@graph":[{"@type":"Article","@id":"https:\/\/gentedebasquet.com.ar\/sitio\/2016\/06\/30\/a-china-por-la-stankovic\/#article","isPartOf":{"@id":"https:\/\/gentedebasquet.com.ar\/sitio\/2016\/06\/30\/a-china-por-la-stankovic\/"},"author":{"name":"Gente de B\u00e1squet","@id":"https:\/\/gentedebasquet.com.ar\/sitio\/#\/schema\/person\/ca0b63bbb977369988a7bbbdc519943a"},"headline":"A China, por la Stankovic","datePublished":"2016-06-30T21:13:30+00:00","mainEntityOfPage":{"@id":"https:\/\/gentedebasquet.com.ar\/sitio\/2016\/06\/30\/a-china-por-la-stankovic\/"},"wordCount":371,"image":{"@id":"https:\/\/gentedebasquet.com.ar\/sitio\/2016\/06\/30\/a-china-por-la-stankovic\/#primaryimage"},"thumbnailUrl":"https:\/\/gentedebasquet.com.ar\/sitio\/wp-content\/uploads\/2016\/06\/Argentina-Stankovc-Redivo-Fjellerup.jpg","keywords":["Argentina","China","Copa Stankovic","Cristian Lambrecht","Lucio Redivo","M\u00e1ximo Fjellerup","Selecci\u00f3n Argentina"],"articleSection":["Selecciones Nacionales","Slide"],"inLanguage":"es"},{"@type":"WebPage","@id":"https:\/\/gentedebasquet.com.ar\/sitio\/2016\/06\/30\/a-china-por-la-stankovic\/","url":"https:\/\/gentedebasquet.com.ar\/sitio\/2016\/06\/30\/a-china-por-la-stankovic\/","name":"A China, por la Stankovic - Gente de B\u00e1squet","isPartOf":{"@id":"https:\/\/gentedebasquet.com.ar\/sitio\/#website"},"primaryImageOfPage":{"@id":"https:\/\/gentedebasquet.com.ar\/sitio\/2016\/06\/30\/a-china-por-la-stankovic\/#primaryimage"},"image":{"@id":"https:\/\/gentedebasquet.com.ar\/sitio\/2016\/06\/30\/a-china-por-la-stankovic\/#primaryimage"},"thumbnailUrl":"https:\/\/gentedebasquet.com.ar\/sitio\/wp-content\/uploads\/2016\/06\/Argentina-Stankovc-Redivo-Fjellerup.jpg","datePublished":"2016-06-30T21:13:30+00:00","author":{"@id":"https:\/\/gentedebasquet.com.ar\/sitio\/#\/schema\/person\/ca0b63bbb977369988a7bbbdc519943a"},"breadcrumb":{"@id":"https:\/\/gentedebasquet.com.ar\/sitio\/2016\/06\/30\/a-china-por-la-stankovic\/#breadcrumb"},"inLanguage":"es","potentialAction":[{"@type":"ReadAction","target":["https:\/\/gentedebasquet.com.ar\/sitio\/2016\/06\/30\/a-china-por-la-stankovic\/"]}]},{"@type":"ImageObject","inLanguage":"es","@id":"https:\/\/gentedebasquet.com.ar\/sitio\/2016\/06\/30\/a-china-por-la-stankovic\/#primaryimage","url":"https:\/\/gentedebasquet.com.ar\/sitio\/wp-content\/uploads\/2016\/06\/Argentina-Stankovc-Redivo-Fjellerup.jpg","contentUrl":"https:\/\/gentedebasquet.com.ar\/sitio\/wp-content\/uploads\/2016\/06\/Argentina-Stankovc-Redivo-Fjellerup.jpg","width":690,"height":319},{"@type":"BreadcrumbList","@id":"https:\/\/gentedebasquet.com.ar\/sitio\/2016\/06\/30\/a-china-por-la-stankovic\/#breadcrumb","itemListElement":[{"@type":"ListItem","position":1,"name":"Portada","item":"https:\/\/gentedebasquet.com.ar\/sitio\/"},{"@type":"ListItem","position":2,"name":"A China, por la Stankovic"}]},{"@type":"WebSite","@id":"https:\/\/gentedebasquet.com.ar\/sitio\/#website","url":"https:\/\/gentedebasquet.com.ar\/sitio\/","name":"Gente de B\u00e1squet","description":"La revista del basquet de Bah\u00eda Blanca","potentialAction":[{"@type":"SearchAction","target":{"@type":"EntryPoint","urlTemplate":"https:\/\/gentedebasquet.com.ar\/sitio\/?s={search_term_string}"},"query-input":{"@type":"PropertyValueSpecification","valueRequired":true,"valueName":"search_term_string"}}],"inLanguage":"es"},{"@type":"Person","@id":"https:\/\/gentedebasquet.com.ar\/sitio\/#\/schema\/person\/ca0b63bbb977369988a7bbbdc519943a","name":"Gente de B\u00e1squet","image":{"@type":"ImageObject","inLanguage":"es","@id":"https:\/\/secure.gravatar.com\/avatar\/7f2c48bdc33b30088f941fb6082e555f2874c98e20cb159d7b92b50eadfce793?s=96&d=mm&r=g","url":"https:\/\/secure.gravatar.com\/avatar\/7f2c48bdc33b30088f941fb6082e555f2874c98e20cb159d7b92b50eadfce793?s=96&d=mm&r=g","contentUrl":"https:\/\/secure.gravatar.com\/avatar\/7f2c48bdc33b30088f941fb6082e555f2874c98e20cb159d7b92b50eadfce793?s=96&d=mm&r=g","caption":"Gente de B\u00e1squet"},"sameAs":["http:\/\/gentedebasquet.com.ar\/sitio"],"url":"https:\/\/gentedebasquet.com.ar\/sitio\/author\/ulises\/"}]}},"_links":{"self":[{"href":"https:\/\/gentedebasquet.com.ar\/sitio\/wp-json\/wp\/v2\/posts\/61641","targetHints":{"allow":["GET"]}}],"collection":[{"href":"https:\/\/gentedebasquet.com.ar\/sitio\/wp-json\/wp\/v2\/posts"}],"about":[{"href":"https:\/\/gentedebasquet.com.ar\/sitio\/wp-json\/wp\/v2\/types\/post"}],"author":[{"embeddable":true,"href":"https:\/\/gentedebasquet.com.ar\/sitio\/wp-json\/wp\/v2\/users\/1"}],"replies":[{"embeddable":true,"href":"https:\/\/gentedebasquet.com.ar\/sitio\/wp-json\/wp\/v2\/comments?post=61641"}],"version-history":[{"count":0,"href":"https:\/\/gentedebasquet.com.ar\/sitio\/wp-json\/wp\/v2\/posts\/61641\/revisions"}],"wp:featuredmedia":[{"embeddable":true,"href":"https:\/\/gentedebasquet.com.ar\/sitio\/wp-json\/wp\/v2\/media\/61569"}],"wp:attachment":[{"href":"https:\/\/gentedebasquet.com.ar\/sitio\/wp-json\/wp\/v2\/media?parent=61641"}],"wp:term":[{"taxonomy":"category","embeddable":true,"href":"https:\/\/gentedebasquet.com.ar\/sitio\/wp-json\/wp\/v2\/categories?post=61641"},{"taxonomy":"post_tag","embeddable":true,"href":"https:\/\/gentedebasquet.com.ar\/sitio\/wp-json\/wp\/v2\/tags?post=61641"}],"curies":[{"name":"wp","href":"https:\/\/api.w.org\/{rel}","templated":true}]}}