{"id":61725,"date":"2016-07-02T23:21:34","date_gmt":"2016-07-03T02:21:34","guid":{"rendered":"http:\/\/www.gentedebasquet.com.ar\/?p=61725"},"modified":"2016-07-02T23:21:34","modified_gmt":"2016-07-03T02:21:34","slug":"sportivo-volo-alto","status":"publish","type":"post","link":"https:\/\/gentedebasquet.com.ar\/sitio\/2016\/07\/02\/sportivo-volo-alto\/","title":{"rendered":"Sportivo vol\u00f3 alto"},"content":{"rendered":"<p><strong>En\u00a0U13, Sportivo domin\u00f3 a Barracas en el Bosque durante todo el partido\u00a0y lo\u00a0venci\u00f3\u00a0 por 52 a 36. En el conjunto visitante sobresali\u00f3 la actuaci\u00f3n de Mateo Montes, con 16 puntos ( T2 6-8, TL 4-9), y de Marcos Mehdi, con 11 (T2 5-10,TL 1-2). Mientras que el equipo local\u00a0cont\u00f3\u00a0con la buena actuaci\u00f3n de\u00a0Joaqu\u00edn Saborido, con 15 tantos (T2 5-20, TL 5-14).<\/strong><\/p>\n<p>El inicio del partido fue muy parejo y eso se vio reflejado en los primeros minutos del partido. Sportivo arranc\u00f3 de mejor manera con una buena actuaci\u00f3n de Marcos Mehdi (11 puntos) y Juan Fuentes (9 puntos) manejando la situaci\u00f3n ofensiva de su equipo, mientras que a Barracas le cost\u00f3 el manejo de la bola para poder convertir. De esta manera el equipo local pudo sacar una ventaja de 8 puntos, terminado 7-15 el 1C.<\/p>\n<p>En el segundo cuarto Sportivo sigui\u00f3 con la iniciativa del partido, aunque el equipo local mejor\u00f3 la defensa y robando varias pelotas pudo achicar la ventaja que hab\u00eda sacado el tricolor. El equipo visitante volvi\u00f3 a mejorar su defensa gracias al gran rendimiento de Mateo Montes (16 puntos) logrando agarrar 7 rebotes para poder llegar a su aro y convertir los puntos necesarios para nuevamente quedarse con el segundo cuarto.<\/p>\n<p>Con el partido inclinado para Sportivo, el tercer cuarto fue parecido al anterior. Al conjunto de Sagripandi le cost\u00f3 mucho convertir o no finalizaba sus jugadas, favoreciendo a su rival para nuevamente se quede con el tercer segmento y se diriga al 4c con una ventaja tranquilizadora de 13 unidades.<\/p>\n<p>En el \u00faltimo cuarto, el equipo del Bosque logr\u00f3 mejorar su defensa -y poder mejorar el rendimiento general-, mientras que Sportivo tuvo varias faltas que deriv\u00f3. por ejemplo,en la salida de Marcos Mehdi por 5 convertidas. Pero el equipo visitante nunca perdi\u00f3 el liderazgo del partido, mantuvo la tranquilidad y logr\u00f3 hacerse del juego por 52 a 36.<\/p>\n<p>&nbsp;<\/p>\n<p><b>S\u00edntesis<\/b><strong>\u00a0|\u00a0<\/strong>U13 &#8211; Grupo 3 &#8211; Fecha\u00a0#5<\/p>\n<p><strong>Barracas Central 36:\u00a0<\/strong>Gaspar Villalba 0, Nicolas Garcia 2, Pedro Garcia 2, Franco Dell Ollio 0, Matias Sicardi 11 (FI), Joaquin Saborido 15, Alan Giles 6, Juan Ignacio Soto 0, Ezequiel Uribe 0, Ram\u00f3n Suarez 0. DT: Bruno Sagripandi<\/p>\n<p><strong>Sportivo 52:\u00a0<\/strong>Marcos Mehdi 11, Geronimo Egidi 2, \u00a0Stefano Bonanni 2, Juan Fuentes 9, Bruno Gabba 4 (FI), Agust\u00edn Serralunga 6, Mateo Montes 16, Camilo Digiglio 0, Ruben Molina 0, Gregorio Plunkett 0, Manuel Hernandez 0 y Jer\u00f3nimo Barragan 2. DT: Manuel Aispuro.<\/p>\n<p><strong>Parciales:\u00a0<\/strong>7-15, 18-27 (11-12), 24-37 (6-10) y 36-52 (12-15).<\/p>\n<p><strong>\u00c1rbitros:\u00a0<\/strong>Gustavo Vita- Lucas Andr\u00e9s.<\/p>\n<p><strong>Estadio:\u00a0<\/strong>El Bosque (Barracas).<\/p>\n<p><a href=\"https:\/\/docs.google.com\/spreadsheets\/d\/1vU8aTvYC_Tcev7839m97i-ZR69MAfFqMbLJijvq3_14\/pubhtml\" target=\"_blank\" rel=\"noopener\">Ver planilla<\/a><\/p>\n<p>&nbsp;<\/p>\n<h5 style=\"text-align: center;\">BARRACAS CENTRAL U13<\/h5>\n<p><img decoding=\"async\" class=\"aligncenter size-full wp-image-61746\" src=\"http:\/\/www.gentedebasquet.com.ar\/wp-content\/uploads\/2016\/07\/Barracas-U13.jpg\" alt=\"Barracas U13\" width=\"640\" height=\"440\" srcset=\"https:\/\/gentedebasquet.com.ar\/sitio\/wp-content\/uploads\/2016\/07\/Barracas-U13.jpg 640w, https:\/\/gentedebasquet.com.ar\/sitio\/wp-content\/uploads\/2016\/07\/Barracas-U13-300x206.jpg 300w\" sizes=\"(max-width: 640px) 100vw, 640px\" \/><\/p>\n<h5 style=\"text-align: center;\">SPORTIVO BAHIENSE U13<\/h5>\n<p><img decoding=\"async\" class=\"aligncenter size-full wp-image-61744\" src=\"http:\/\/www.gentedebasquet.com.ar\/wp-content\/uploads\/2016\/07\/Sportivo-U13.jpg\" alt=\"Sportivo U13\" width=\"640\" height=\"440\" srcset=\"https:\/\/gentedebasquet.com.ar\/sitio\/wp-content\/uploads\/2016\/07\/Sportivo-U13.jpg 640w, https:\/\/gentedebasquet.com.ar\/sitio\/wp-content\/uploads\/2016\/07\/Sportivo-U13-300x206.jpg 300w\" sizes=\"(max-width: 640px) 100vw, 640px\" \/><\/p>\n","protected":false},"excerpt":{"rendered":"<p>En U13, el tricolor venci\u00f3 como visitante a Barracas por 52 a 36<\/p>\n","protected":false},"author":1,"featured_media":61745,"comment_status":"closed","ping_status":"open","sticky":false,"template":"","format":"standard","meta":{"jnews-multi-image_gallery":[],"jnews_single_post":[],"jnews_primary_category":[],"footnotes":""},"categories":[101,41],"tags":[333,583],"class_list":["post-61725","post","type-post","status-publish","format-standard","has-post-thumbnail","hentry","category-slide","category-u13","tag-barracas","tag-sportivo"],"yoast_head":"<!-- This site is optimized with the Yoast SEO plugin v27.5 - https:\/\/yoast.com\/product\/yoast-seo-wordpress\/ -->\n<title>Sportivo vol\u00f3 alto - Gente de B\u00e1squet<\/title>\n<meta name=\"robots\" content=\"index, follow, max-snippet:-1, max-image-preview:large, max-video-preview:-1\" \/>\n<link rel=\"canonical\" href=\"https:\/\/gentedebasquet.com.ar\/sitio\/2016\/07\/02\/sportivo-volo-alto\/\" \/>\n<meta property=\"og:locale\" content=\"es_ES\" \/>\n<meta property=\"og:type\" content=\"article\" \/>\n<meta property=\"og:title\" content=\"Sportivo vol\u00f3 alto - Gente de B\u00e1squet\" \/>\n<meta property=\"og:description\" content=\"En U13, el tricolor venci\u00f3 como visitante a Barracas por 52 a 36\" \/>\n<meta property=\"og:url\" content=\"https:\/\/gentedebasquet.com.ar\/sitio\/2016\/07\/02\/sportivo-volo-alto\/\" \/>\n<meta property=\"og:site_name\" content=\"Gente de B\u00e1squet\" \/>\n<meta property=\"article:published_time\" content=\"2016-07-03T02:21:34+00:00\" \/>\n<meta property=\"og:image\" content=\"https:\/\/gentedebasquet.com.ar\/sitio\/wp-content\/uploads\/2016\/07\/Barracas-Sportivo-U13.jpg\" \/>\n\t<meta property=\"og:image:width\" content=\"690\" \/>\n\t<meta property=\"og:image:height\" content=\"319\" \/>\n\t<meta property=\"og:image:type\" content=\"image\/jpeg\" \/>\n<meta name=\"author\" content=\"Gente de B\u00e1squet\" \/>\n<meta name=\"twitter:card\" content=\"summary_large_image\" \/>\n<meta name=\"twitter:label1\" content=\"Escrito por\" \/>\n\t<meta name=\"twitter:data1\" content=\"Gente de B\u00e1squet\" \/>\n\t<meta name=\"twitter:label2\" content=\"Tiempo de lectura\" \/>\n\t<meta name=\"twitter:data2\" content=\"2 minutos\" \/>\n<script type=\"application\/ld+json\" class=\"yoast-schema-graph\">{\"@context\":\"https:\\\/\\\/schema.org\",\"@graph\":[{\"@type\":\"Article\",\"@id\":\"https:\\\/\\\/gentedebasquet.com.ar\\\/sitio\\\/2016\\\/07\\\/02\\\/sportivo-volo-alto\\\/#article\",\"isPartOf\":{\"@id\":\"https:\\\/\\\/gentedebasquet.com.ar\\\/sitio\\\/2016\\\/07\\\/02\\\/sportivo-volo-alto\\\/\"},\"author\":{\"name\":\"Gente de B\u00e1squet\",\"@id\":\"https:\\\/\\\/gentedebasquet.com.ar\\\/sitio\\\/#\\\/schema\\\/person\\\/ca0b63bbb977369988a7bbbdc519943a\"},\"headline\":\"Sportivo vol\u00f3 alto\",\"datePublished\":\"2016-07-03T02:21:34+00:00\",\"mainEntityOfPage\":{\"@id\":\"https:\\\/\\\/gentedebasquet.com.ar\\\/sitio\\\/2016\\\/07\\\/02\\\/sportivo-volo-alto\\\/\"},\"wordCount\":413,\"image\":{\"@id\":\"https:\\\/\\\/gentedebasquet.com.ar\\\/sitio\\\/2016\\\/07\\\/02\\\/sportivo-volo-alto\\\/#primaryimage\"},\"thumbnailUrl\":\"https:\\\/\\\/gentedebasquet.com.ar\\\/sitio\\\/wp-content\\\/uploads\\\/2016\\\/07\\\/Barracas-Sportivo-U13.jpg\",\"keywords\":[\"Barracas\",\"Sportivo\"],\"articleSection\":[\"Slide\",\"U13\"],\"inLanguage\":\"es\"},{\"@type\":\"WebPage\",\"@id\":\"https:\\\/\\\/gentedebasquet.com.ar\\\/sitio\\\/2016\\\/07\\\/02\\\/sportivo-volo-alto\\\/\",\"url\":\"https:\\\/\\\/gentedebasquet.com.ar\\\/sitio\\\/2016\\\/07\\\/02\\\/sportivo-volo-alto\\\/\",\"name\":\"Sportivo vol\u00f3 alto - Gente de B\u00e1squet\",\"isPartOf\":{\"@id\":\"https:\\\/\\\/gentedebasquet.com.ar\\\/sitio\\\/#website\"},\"primaryImageOfPage\":{\"@id\":\"https:\\\/\\\/gentedebasquet.com.ar\\\/sitio\\\/2016\\\/07\\\/02\\\/sportivo-volo-alto\\\/#primaryimage\"},\"image\":{\"@id\":\"https:\\\/\\\/gentedebasquet.com.ar\\\/sitio\\\/2016\\\/07\\\/02\\\/sportivo-volo-alto\\\/#primaryimage\"},\"thumbnailUrl\":\"https:\\\/\\\/gentedebasquet.com.ar\\\/sitio\\\/wp-content\\\/uploads\\\/2016\\\/07\\\/Barracas-Sportivo-U13.jpg\",\"datePublished\":\"2016-07-03T02:21:34+00:00\",\"author\":{\"@id\":\"https:\\\/\\\/gentedebasquet.com.ar\\\/sitio\\\/#\\\/schema\\\/person\\\/ca0b63bbb977369988a7bbbdc519943a\"},\"breadcrumb\":{\"@id\":\"https:\\\/\\\/gentedebasquet.com.ar\\\/sitio\\\/2016\\\/07\\\/02\\\/sportivo-volo-alto\\\/#breadcrumb\"},\"inLanguage\":\"es\",\"potentialAction\":[{\"@type\":\"ReadAction\",\"target\":[\"https:\\\/\\\/gentedebasquet.com.ar\\\/sitio\\\/2016\\\/07\\\/02\\\/sportivo-volo-alto\\\/\"]}]},{\"@type\":\"ImageObject\",\"inLanguage\":\"es\",\"@id\":\"https:\\\/\\\/gentedebasquet.com.ar\\\/sitio\\\/2016\\\/07\\\/02\\\/sportivo-volo-alto\\\/#primaryimage\",\"url\":\"https:\\\/\\\/gentedebasquet.com.ar\\\/sitio\\\/wp-content\\\/uploads\\\/2016\\\/07\\\/Barracas-Sportivo-U13.jpg\",\"contentUrl\":\"https:\\\/\\\/gentedebasquet.com.ar\\\/sitio\\\/wp-content\\\/uploads\\\/2016\\\/07\\\/Barracas-Sportivo-U13.jpg\",\"width\":690,\"height\":319},{\"@type\":\"BreadcrumbList\",\"@id\":\"https:\\\/\\\/gentedebasquet.com.ar\\\/sitio\\\/2016\\\/07\\\/02\\\/sportivo-volo-alto\\\/#breadcrumb\",\"itemListElement\":[{\"@type\":\"ListItem\",\"position\":1,\"name\":\"Portada\",\"item\":\"https:\\\/\\\/gentedebasquet.com.ar\\\/sitio\\\/\"},{\"@type\":\"ListItem\",\"position\":2,\"name\":\"Sportivo vol\u00f3 alto\"}]},{\"@type\":\"WebSite\",\"@id\":\"https:\\\/\\\/gentedebasquet.com.ar\\\/sitio\\\/#website\",\"url\":\"https:\\\/\\\/gentedebasquet.com.ar\\\/sitio\\\/\",\"name\":\"Gente de B\u00e1squet\",\"description\":\"La revista del basquet de Bah\u00eda Blanca\",\"potentialAction\":[{\"@type\":\"SearchAction\",\"target\":{\"@type\":\"EntryPoint\",\"urlTemplate\":\"https:\\\/\\\/gentedebasquet.com.ar\\\/sitio\\\/?s={search_term_string}\"},\"query-input\":{\"@type\":\"PropertyValueSpecification\",\"valueRequired\":true,\"valueName\":\"search_term_string\"}}],\"inLanguage\":\"es\"},{\"@type\":\"Person\",\"@id\":\"https:\\\/\\\/gentedebasquet.com.ar\\\/sitio\\\/#\\\/schema\\\/person\\\/ca0b63bbb977369988a7bbbdc519943a\",\"name\":\"Gente de B\u00e1squet\",\"image\":{\"@type\":\"ImageObject\",\"inLanguage\":\"es\",\"@id\":\"https:\\\/\\\/secure.gravatar.com\\\/avatar\\\/7f2c48bdc33b30088f941fb6082e555f2874c98e20cb159d7b92b50eadfce793?s=96&d=mm&r=g\",\"url\":\"https:\\\/\\\/secure.gravatar.com\\\/avatar\\\/7f2c48bdc33b30088f941fb6082e555f2874c98e20cb159d7b92b50eadfce793?s=96&d=mm&r=g\",\"contentUrl\":\"https:\\\/\\\/secure.gravatar.com\\\/avatar\\\/7f2c48bdc33b30088f941fb6082e555f2874c98e20cb159d7b92b50eadfce793?s=96&d=mm&r=g\",\"caption\":\"Gente de B\u00e1squet\"},\"sameAs\":[\"http:\\\/\\\/gentedebasquet.com.ar\\\/sitio\"],\"url\":\"https:\\\/\\\/gentedebasquet.com.ar\\\/sitio\\\/author\\\/ulises\\\/\"}]}<\/script>\n<!-- \/ Yoast SEO plugin. -->","yoast_head_json":{"title":"Sportivo vol\u00f3 alto - Gente de B\u00e1squet","robots":{"index":"index","follow":"follow","max-snippet":"max-snippet:-1","max-image-preview":"max-image-preview:large","max-video-preview":"max-video-preview:-1"},"canonical":"https:\/\/gentedebasquet.com.ar\/sitio\/2016\/07\/02\/sportivo-volo-alto\/","og_locale":"es_ES","og_type":"article","og_title":"Sportivo vol\u00f3 alto - Gente de B\u00e1squet","og_description":"En U13, el tricolor venci\u00f3 como visitante a Barracas por 52 a 36","og_url":"https:\/\/gentedebasquet.com.ar\/sitio\/2016\/07\/02\/sportivo-volo-alto\/","og_site_name":"Gente de B\u00e1squet","article_published_time":"2016-07-03T02:21:34+00:00","og_image":[{"width":690,"height":319,"url":"https:\/\/gentedebasquet.com.ar\/sitio\/wp-content\/uploads\/2016\/07\/Barracas-Sportivo-U13.jpg","type":"image\/jpeg"}],"author":"Gente de B\u00e1squet","twitter_card":"summary_large_image","twitter_misc":{"Escrito por":"Gente de B\u00e1squet","Tiempo de lectura":"2 minutos"},"schema":{"@context":"https:\/\/schema.org","@graph":[{"@type":"Article","@id":"https:\/\/gentedebasquet.com.ar\/sitio\/2016\/07\/02\/sportivo-volo-alto\/#article","isPartOf":{"@id":"https:\/\/gentedebasquet.com.ar\/sitio\/2016\/07\/02\/sportivo-volo-alto\/"},"author":{"name":"Gente de B\u00e1squet","@id":"https:\/\/gentedebasquet.com.ar\/sitio\/#\/schema\/person\/ca0b63bbb977369988a7bbbdc519943a"},"headline":"Sportivo vol\u00f3 alto","datePublished":"2016-07-03T02:21:34+00:00","mainEntityOfPage":{"@id":"https:\/\/gentedebasquet.com.ar\/sitio\/2016\/07\/02\/sportivo-volo-alto\/"},"wordCount":413,"image":{"@id":"https:\/\/gentedebasquet.com.ar\/sitio\/2016\/07\/02\/sportivo-volo-alto\/#primaryimage"},"thumbnailUrl":"https:\/\/gentedebasquet.com.ar\/sitio\/wp-content\/uploads\/2016\/07\/Barracas-Sportivo-U13.jpg","keywords":["Barracas","Sportivo"],"articleSection":["Slide","U13"],"inLanguage":"es"},{"@type":"WebPage","@id":"https:\/\/gentedebasquet.com.ar\/sitio\/2016\/07\/02\/sportivo-volo-alto\/","url":"https:\/\/gentedebasquet.com.ar\/sitio\/2016\/07\/02\/sportivo-volo-alto\/","name":"Sportivo vol\u00f3 alto - Gente de B\u00e1squet","isPartOf":{"@id":"https:\/\/gentedebasquet.com.ar\/sitio\/#website"},"primaryImageOfPage":{"@id":"https:\/\/gentedebasquet.com.ar\/sitio\/2016\/07\/02\/sportivo-volo-alto\/#primaryimage"},"image":{"@id":"https:\/\/gentedebasquet.com.ar\/sitio\/2016\/07\/02\/sportivo-volo-alto\/#primaryimage"},"thumbnailUrl":"https:\/\/gentedebasquet.com.ar\/sitio\/wp-content\/uploads\/2016\/07\/Barracas-Sportivo-U13.jpg","datePublished":"2016-07-03T02:21:34+00:00","author":{"@id":"https:\/\/gentedebasquet.com.ar\/sitio\/#\/schema\/person\/ca0b63bbb977369988a7bbbdc519943a"},"breadcrumb":{"@id":"https:\/\/gentedebasquet.com.ar\/sitio\/2016\/07\/02\/sportivo-volo-alto\/#breadcrumb"},"inLanguage":"es","potentialAction":[{"@type":"ReadAction","target":["https:\/\/gentedebasquet.com.ar\/sitio\/2016\/07\/02\/sportivo-volo-alto\/"]}]},{"@type":"ImageObject","inLanguage":"es","@id":"https:\/\/gentedebasquet.com.ar\/sitio\/2016\/07\/02\/sportivo-volo-alto\/#primaryimage","url":"https:\/\/gentedebasquet.com.ar\/sitio\/wp-content\/uploads\/2016\/07\/Barracas-Sportivo-U13.jpg","contentUrl":"https:\/\/gentedebasquet.com.ar\/sitio\/wp-content\/uploads\/2016\/07\/Barracas-Sportivo-U13.jpg","width":690,"height":319},{"@type":"BreadcrumbList","@id":"https:\/\/gentedebasquet.com.ar\/sitio\/2016\/07\/02\/sportivo-volo-alto\/#breadcrumb","itemListElement":[{"@type":"ListItem","position":1,"name":"Portada","item":"https:\/\/gentedebasquet.com.ar\/sitio\/"},{"@type":"ListItem","position":2,"name":"Sportivo vol\u00f3 alto"}]},{"@type":"WebSite","@id":"https:\/\/gentedebasquet.com.ar\/sitio\/#website","url":"https:\/\/gentedebasquet.com.ar\/sitio\/","name":"Gente de B\u00e1squet","description":"La revista del basquet de Bah\u00eda Blanca","potentialAction":[{"@type":"SearchAction","target":{"@type":"EntryPoint","urlTemplate":"https:\/\/gentedebasquet.com.ar\/sitio\/?s={search_term_string}"},"query-input":{"@type":"PropertyValueSpecification","valueRequired":true,"valueName":"search_term_string"}}],"inLanguage":"es"},{"@type":"Person","@id":"https:\/\/gentedebasquet.com.ar\/sitio\/#\/schema\/person\/ca0b63bbb977369988a7bbbdc519943a","name":"Gente de B\u00e1squet","image":{"@type":"ImageObject","inLanguage":"es","@id":"https:\/\/secure.gravatar.com\/avatar\/7f2c48bdc33b30088f941fb6082e555f2874c98e20cb159d7b92b50eadfce793?s=96&d=mm&r=g","url":"https:\/\/secure.gravatar.com\/avatar\/7f2c48bdc33b30088f941fb6082e555f2874c98e20cb159d7b92b50eadfce793?s=96&d=mm&r=g","contentUrl":"https:\/\/secure.gravatar.com\/avatar\/7f2c48bdc33b30088f941fb6082e555f2874c98e20cb159d7b92b50eadfce793?s=96&d=mm&r=g","caption":"Gente de B\u00e1squet"},"sameAs":["http:\/\/gentedebasquet.com.ar\/sitio"],"url":"https:\/\/gentedebasquet.com.ar\/sitio\/author\/ulises\/"}]}},"_links":{"self":[{"href":"https:\/\/gentedebasquet.com.ar\/sitio\/wp-json\/wp\/v2\/posts\/61725","targetHints":{"allow":["GET"]}}],"collection":[{"href":"https:\/\/gentedebasquet.com.ar\/sitio\/wp-json\/wp\/v2\/posts"}],"about":[{"href":"https:\/\/gentedebasquet.com.ar\/sitio\/wp-json\/wp\/v2\/types\/post"}],"author":[{"embeddable":true,"href":"https:\/\/gentedebasquet.com.ar\/sitio\/wp-json\/wp\/v2\/users\/1"}],"replies":[{"embeddable":true,"href":"https:\/\/gentedebasquet.com.ar\/sitio\/wp-json\/wp\/v2\/comments?post=61725"}],"version-history":[{"count":0,"href":"https:\/\/gentedebasquet.com.ar\/sitio\/wp-json\/wp\/v2\/posts\/61725\/revisions"}],"wp:featuredmedia":[{"embeddable":true,"href":"https:\/\/gentedebasquet.com.ar\/sitio\/wp-json\/wp\/v2\/media\/61745"}],"wp:attachment":[{"href":"https:\/\/gentedebasquet.com.ar\/sitio\/wp-json\/wp\/v2\/media?parent=61725"}],"wp:term":[{"taxonomy":"category","embeddable":true,"href":"https:\/\/gentedebasquet.com.ar\/sitio\/wp-json\/wp\/v2\/categories?post=61725"},{"taxonomy":"post_tag","embeddable":true,"href":"https:\/\/gentedebasquet.com.ar\/sitio\/wp-json\/wp\/v2\/tags?post=61725"}],"curies":[{"name":"wp","href":"https:\/\/api.w.org\/{rel}","templated":true}]}}