{"id":62069,"date":"2016-07-15T00:46:47","date_gmt":"2016-07-15T03:46:47","guid":{"rendered":"http:\/\/www.gentedebasquet.com.ar\/?p=62069"},"modified":"2016-07-15T00:46:47","modified_gmt":"2016-07-15T03:46:47","slug":"sportivo-festejo-en-el-4","status":"publish","type":"post","link":"https:\/\/gentedebasquet.com.ar\/sitio\/2016\/07\/15\/sportivo-festejo-en-el-4\/","title":{"rendered":"Sportivo festej\u00f3 en el 4\u00b0"},"content":{"rendered":"<p><strong>Sportivo venci\u00f3 a Barracas 83-73 para igualar la serie en dos por bando y forzar un quinto y decisivo encuentro. Con una f\u00e9rrea defensa logr\u00f3 aprovechar la sequ\u00eda de Barracas en el \u00faltimo cuarto (estuvo m\u00e1s de siete minutos sin anotar) con la experiencia de Nicol\u00e1s Mart\u00ednez (22, 12\/13 T1), el poder ofensivo de Mart\u00edn Villoldo (15, 3\/4 T3) y el aporte de Yoel Asnaghi (14). Aunque hay que destacar tambi\u00e9n el trabajo de Juli\u00e1n Gutt (11, con un triple clave) y el liderazgo de Joaqu\u00edn Tuero (11 rebotes y 10 asistencias). Mientras que por la visita sobresalieron Octavio Cancellarich (15) y Dami\u00e1n Carci (15 y 5 asistencias). El quinto y decisivo encuentro se jugar\u00e1 el pr\u00f3ximo lunes 18, a las 20.45, en El Bosque (Barracas).<\/strong><\/p>\n<p>Sportivo apel\u00f3 a la buena circulaci\u00f3n del bal\u00f3n para adelantarse en el marcador desde el primer segmento (10-4) con Tuero controlando las acciones a pesar que lo doblaron constantemente. Joaqu\u00edn aprovech\u00f3 muy bien su doble marca para atraer la atenci\u00f3n y liberar a sus compa\u00f1eros; adem\u00e1s jug\u00f3 en pareja constantemente con Mart\u00ednez (8) para ser contundente en ofensiva. Mientras que Barracas apost\u00f3 a la versatilidad y din\u00e1mica de Cancellarich (7) para iniciar cada movimiento en ataque; pero luego prefiri\u00f3 alimentar a N\u00fa\u00f1ez (5) cerca del cesto para desgastar al rival, lo que logr\u00f3 emparejar el juego porque adem\u00e1s esta situaci\u00f3n provoc\u00f3 como consecuencia la muy buena movilidad sin bal\u00f3n por parte de sus compa\u00f1eros.<\/p>\n<p>El due\u00f1o de casa continu\u00f3 constante en ataque con el ingreso de Villoldo (8, 2\/3 T3) para liberar a Mart\u00ednez (7), aunque tambi\u00e9n colabor\u00f3 Asnaghi (7) para el aporte del per\u00edmetro (4\/6 T3) mostrando mayores variantes para anotar. Sin embargo Carci (9) encontr\u00f3 su momento en el juego con un dos triples consecutivos y una asistencia a Trellini para otro lanzamiento externo, Barracas volvi\u00f3 al ruedo con un parcial de 12-2 donde circul\u00f3 correctamente el bal\u00f3n (6 asistencias). De todas maneras se qued\u00f3 en el cierre permiti\u00e9ndole a Sportivo mantenerse al frente en el tanteador.<\/p>\n<blockquote><p>Para jugar bien tenemos que defender bien. Se dio un partido donde el primer tiempo nos convirtieron mucho y tuvimos que salir a corregir la defensa en el segundo tiempo. En el \u00faltimo cuarto estuvimos ambos equipos cinco minutos sin anotar, muchas imprecisiones, nos equivocamos mucho&#8230;El partido que necesitamos es de atr\u00e1s para adelante. De mi parte trato de aportar la experiencia y que los chicos se sientan con confianza para jugar y apoyarlos. Verlos esforzarse a los chicos dan m\u00e1s ganas de dejar todo para poder ganar el lunes all\u00e1. Llegamos los dos con presi\u00f3n: ellos porque son los candidatos y tendr\u00e1n la obligaci\u00f3n de ganar y nosotros porque queremos ganar. (Nicol\u00e1s Mart\u00ednez).<\/p><\/blockquote>\n<p>Con un arranque de Carci con la frescura de Mart\u00ednez (7) desde el banco, Barracas encontr\u00f3 una idea de juego s\u00f3lida, algo que no hab\u00eda insinuado en el cuarto anterior. M\u00e1xime cuando Montanaro mostr\u00f3 su fortaleza debajo del cesto. Pero a pesar de ello, Villoldo (7) volvi\u00f3 a hacer de las suyas para los de calle Alvarado, quienes cargaron continuamente al recobre ofensivo (5) logrando suplantar sus magros registros desde los 6m75 (1\/6 T3).<\/p>\n<p>Ya en el ep\u00edlogo se dio algo raro, totalmente distinto a como se ven\u00eda desarrollando el encuentro. Es que luego de un doble de Tuero en el inicio del mismo (64-59) ambos equipos estuvieron mucho tiempo sin anotar. Barracas reci\u00e9n consigui\u00f3 convertir sus primeros puntos del cuarto cuando restaban 2m49s y desde la l\u00ednea. El 0\/12 TC con el que iniciaron los del \u201cBosque\u201d fue demasiada ventaja para un elenco de Sportivo que se sacrific\u00f3 desde la defensa hasta el ataque, creando las bases s\u00f3lidas de su juego. Tuero sigui\u00f3 siendo su l\u00edder y con el experimentado Mart\u00ednez y la soltura de Gutt (combinaron 10 unidades) lograron sacar la m\u00e1xima (73-60) para ir liquidando el pleito. Ah, como si quedaran dudas de su seguridad para estirar la serie a un quinto juego, el 10\/12 T1 con el que cerr\u00f3 el \u00faltimo chico hablan por si solo ante un rival que registr\u00f3 en contrapartida un 3\/20 TC.<\/p>\n<p>&nbsp;<\/p>\n<p>[vimeo]http:\/\/vimeo.com\/ 174915070 [\/vimeo]<\/p>\n<p>&nbsp;<\/p>\n<p><strong>S\u00edntesis |\u00a0<\/strong>Segunda Divisi\u00f3n \u2013 Final &#8211; Juego #4<\/p>\n<p><strong>Sportivo 83:<\/strong>\u00a0Joaqu\u00edn Tuero 5, Juli\u00e1n Gutt 11 (x), Yoel Asnaghi 14 (x), Ferm\u00edn Iriarte 7 (x) y Nicol\u00e1s Mart\u00ednez 22 (F.I.); Lucas Iriarte 7, Mart\u00edn Villoldo 15 (x), Nahuel M\u00e9lida 2 y Juan Ignacio Blasco 0. DT: Fernando \u00c1lvarez.<\/p>\n<p><strong>Barracas 73:<\/strong>\u00a0Dami\u00e1n Carci 15 (x), Octavio Cancellarich 15, Mariano Trellini 7, Mauro Montanaro 6 y Mariano N\u00fa\u00f1ez 7 (x) (F.I.); C\u00e9sar Massa 12 (x), Sebasti\u00e1n Mart\u00ednez 11, Fabi\u00e1n Gendana 0 y Cristian Fiore 0. DT: Juan Sergio Palumbo.<\/p>\n<p><strong>Parciales:<\/strong>\u00a019-16, 46-39 (27-23), 62-59 (16-20) y 83-73 (21-14).<\/p>\n<p><strong>\u00c1rbitros:<\/strong>\u00a0Horacio Sed\u00e1n, Javier S\u00e1nchez y Sebasti\u00e1n Arcas.<\/p>\n<p><strong>Estadio:<\/strong>\u00a0Eladio Santos (Sportivo).<\/p>\n<p><a class=\"modalf iframe\" title=\"Planilla\" href=\"https:\/\/docs.google.com\/spreadsheets\/d\/1oJFR8vaYwvaimNTCbA4-oBfEcX5aM4B2XE6SC6s4lb4\/pubhtml\" target=\"_blank\" rel=\"noopener\">Ver Planilla<\/a><\/p>\n<p><strong>Serie<\/strong>: 2-2.<\/p>\n","protected":false},"excerpt":{"rendered":"<p>Sportivo venci\u00f3 a Barracas 83-73 en el cuarto encuentro y estir\u00f3 la serie<\/p>\n","protected":false},"author":1,"featured_media":62079,"comment_status":"closed","ping_status":"open","sticky":false,"template":"","format":"standard","meta":{"jnews-multi-image_gallery":[],"jnews_single_post":[],"jnews_primary_category":[],"footnotes":""},"categories":[25,101],"tags":[333,527,582,1267,688,255,1108,583,266],"class_list":["post-62069","post","type-post","status-publish","format-standard","has-post-thumbnail","hentry","category-segunda","category-slide","tag-barracas","tag-damian-carci","tag-joaquin-tuero","tag-julian-gutt","tag-martin-villoldo","tag-nicolas-martinez","tag-octavio-cancelarich","tag-sportivo","tag-yoel-asnaghi"],"yoast_head":"<!-- This site is optimized with the Yoast SEO plugin v27.4 - https:\/\/yoast.com\/product\/yoast-seo-wordpress\/ -->\n<title>Sportivo festej\u00f3 en el 4\u00b0 - Gente de B\u00e1squet<\/title>\n<meta name=\"robots\" content=\"index, follow, max-snippet:-1, max-image-preview:large, max-video-preview:-1\" \/>\n<link rel=\"canonical\" href=\"https:\/\/gentedebasquet.com.ar\/sitio\/2016\/07\/15\/sportivo-festejo-en-el-4\/\" \/>\n<meta property=\"og:locale\" content=\"es_ES\" \/>\n<meta property=\"og:type\" content=\"article\" \/>\n<meta property=\"og:title\" content=\"Sportivo festej\u00f3 en el 4\u00b0 - Gente de B\u00e1squet\" \/>\n<meta property=\"og:description\" content=\"Sportivo venci\u00f3 a Barracas 83-73 en el cuarto encuentro y estir\u00f3 la serie\" \/>\n<meta property=\"og:url\" content=\"https:\/\/gentedebasquet.com.ar\/sitio\/2016\/07\/15\/sportivo-festejo-en-el-4\/\" \/>\n<meta property=\"og:site_name\" content=\"Gente de B\u00e1squet\" \/>\n<meta property=\"article:published_time\" content=\"2016-07-15T03:46:47+00:00\" \/>\n<meta property=\"og:image\" content=\"https:\/\/gentedebasquet.com.ar\/sitio\/wp-content\/uploads\/2016\/07\/Sportivo-2-2-Barracas.jpg\" \/>\n\t<meta property=\"og:image:width\" content=\"690\" \/>\n\t<meta property=\"og:image:height\" content=\"319\" \/>\n\t<meta property=\"og:image:type\" content=\"image\/jpeg\" \/>\n<meta name=\"author\" content=\"Gente de B\u00e1squet\" \/>\n<meta name=\"twitter:card\" content=\"summary_large_image\" \/>\n<meta name=\"twitter:label1\" content=\"Escrito por\" \/>\n\t<meta name=\"twitter:data1\" content=\"Gente de B\u00e1squet\" \/>\n\t<meta name=\"twitter:label2\" content=\"Tiempo de lectura\" \/>\n\t<meta name=\"twitter:data2\" content=\"4 minutos\" \/>\n<script type=\"application\/ld+json\" class=\"yoast-schema-graph\">{\"@context\":\"https:\\\/\\\/schema.org\",\"@graph\":[{\"@type\":\"Article\",\"@id\":\"https:\\\/\\\/gentedebasquet.com.ar\\\/sitio\\\/2016\\\/07\\\/15\\\/sportivo-festejo-en-el-4\\\/#article\",\"isPartOf\":{\"@id\":\"https:\\\/\\\/gentedebasquet.com.ar\\\/sitio\\\/2016\\\/07\\\/15\\\/sportivo-festejo-en-el-4\\\/\"},\"author\":{\"name\":\"Gente de B\u00e1squet\",\"@id\":\"https:\\\/\\\/gentedebasquet.com.ar\\\/sitio\\\/#\\\/schema\\\/person\\\/ca0b63bbb977369988a7bbbdc519943a\"},\"headline\":\"Sportivo festej\u00f3 en el 4\u00b0\",\"datePublished\":\"2016-07-15T03:46:47+00:00\",\"mainEntityOfPage\":{\"@id\":\"https:\\\/\\\/gentedebasquet.com.ar\\\/sitio\\\/2016\\\/07\\\/15\\\/sportivo-festejo-en-el-4\\\/\"},\"wordCount\":820,\"image\":{\"@id\":\"https:\\\/\\\/gentedebasquet.com.ar\\\/sitio\\\/2016\\\/07\\\/15\\\/sportivo-festejo-en-el-4\\\/#primaryimage\"},\"thumbnailUrl\":\"https:\\\/\\\/gentedebasquet.com.ar\\\/sitio\\\/wp-content\\\/uploads\\\/2016\\\/07\\\/Sportivo-2-2-Barracas.jpg\",\"keywords\":[\"Barracas\",\"Dami\u00e1n Carci\",\"Joaquin Tuero\",\"Juli\u00e1n Gutt\",\"Mart\u00edn Villoldo\",\"Nicol\u00e1s Mart\u00ednez\",\"Octavio Cancelarich\",\"Sportivo\",\"Yoel Asnaghi\"],\"articleSection\":[\"Segunda\",\"Slide\"],\"inLanguage\":\"es\"},{\"@type\":\"WebPage\",\"@id\":\"https:\\\/\\\/gentedebasquet.com.ar\\\/sitio\\\/2016\\\/07\\\/15\\\/sportivo-festejo-en-el-4\\\/\",\"url\":\"https:\\\/\\\/gentedebasquet.com.ar\\\/sitio\\\/2016\\\/07\\\/15\\\/sportivo-festejo-en-el-4\\\/\",\"name\":\"Sportivo festej\u00f3 en el 4\u00b0 - Gente de B\u00e1squet\",\"isPartOf\":{\"@id\":\"https:\\\/\\\/gentedebasquet.com.ar\\\/sitio\\\/#website\"},\"primaryImageOfPage\":{\"@id\":\"https:\\\/\\\/gentedebasquet.com.ar\\\/sitio\\\/2016\\\/07\\\/15\\\/sportivo-festejo-en-el-4\\\/#primaryimage\"},\"image\":{\"@id\":\"https:\\\/\\\/gentedebasquet.com.ar\\\/sitio\\\/2016\\\/07\\\/15\\\/sportivo-festejo-en-el-4\\\/#primaryimage\"},\"thumbnailUrl\":\"https:\\\/\\\/gentedebasquet.com.ar\\\/sitio\\\/wp-content\\\/uploads\\\/2016\\\/07\\\/Sportivo-2-2-Barracas.jpg\",\"datePublished\":\"2016-07-15T03:46:47+00:00\",\"author\":{\"@id\":\"https:\\\/\\\/gentedebasquet.com.ar\\\/sitio\\\/#\\\/schema\\\/person\\\/ca0b63bbb977369988a7bbbdc519943a\"},\"breadcrumb\":{\"@id\":\"https:\\\/\\\/gentedebasquet.com.ar\\\/sitio\\\/2016\\\/07\\\/15\\\/sportivo-festejo-en-el-4\\\/#breadcrumb\"},\"inLanguage\":\"es\",\"potentialAction\":[{\"@type\":\"ReadAction\",\"target\":[\"https:\\\/\\\/gentedebasquet.com.ar\\\/sitio\\\/2016\\\/07\\\/15\\\/sportivo-festejo-en-el-4\\\/\"]}]},{\"@type\":\"ImageObject\",\"inLanguage\":\"es\",\"@id\":\"https:\\\/\\\/gentedebasquet.com.ar\\\/sitio\\\/2016\\\/07\\\/15\\\/sportivo-festejo-en-el-4\\\/#primaryimage\",\"url\":\"https:\\\/\\\/gentedebasquet.com.ar\\\/sitio\\\/wp-content\\\/uploads\\\/2016\\\/07\\\/Sportivo-2-2-Barracas.jpg\",\"contentUrl\":\"https:\\\/\\\/gentedebasquet.com.ar\\\/sitio\\\/wp-content\\\/uploads\\\/2016\\\/07\\\/Sportivo-2-2-Barracas.jpg\",\"width\":690,\"height\":319},{\"@type\":\"BreadcrumbList\",\"@id\":\"https:\\\/\\\/gentedebasquet.com.ar\\\/sitio\\\/2016\\\/07\\\/15\\\/sportivo-festejo-en-el-4\\\/#breadcrumb\",\"itemListElement\":[{\"@type\":\"ListItem\",\"position\":1,\"name\":\"Portada\",\"item\":\"https:\\\/\\\/gentedebasquet.com.ar\\\/sitio\\\/\"},{\"@type\":\"ListItem\",\"position\":2,\"name\":\"Sportivo festej\u00f3 en el 4\u00b0\"}]},{\"@type\":\"WebSite\",\"@id\":\"https:\\\/\\\/gentedebasquet.com.ar\\\/sitio\\\/#website\",\"url\":\"https:\\\/\\\/gentedebasquet.com.ar\\\/sitio\\\/\",\"name\":\"Gente de B\u00e1squet\",\"description\":\"La revista del basquet de Bah\u00eda Blanca\",\"potentialAction\":[{\"@type\":\"SearchAction\",\"target\":{\"@type\":\"EntryPoint\",\"urlTemplate\":\"https:\\\/\\\/gentedebasquet.com.ar\\\/sitio\\\/?s={search_term_string}\"},\"query-input\":{\"@type\":\"PropertyValueSpecification\",\"valueRequired\":true,\"valueName\":\"search_term_string\"}}],\"inLanguage\":\"es\"},{\"@type\":\"Person\",\"@id\":\"https:\\\/\\\/gentedebasquet.com.ar\\\/sitio\\\/#\\\/schema\\\/person\\\/ca0b63bbb977369988a7bbbdc519943a\",\"name\":\"Gente de B\u00e1squet\",\"image\":{\"@type\":\"ImageObject\",\"inLanguage\":\"es\",\"@id\":\"https:\\\/\\\/secure.gravatar.com\\\/avatar\\\/7f2c48bdc33b30088f941fb6082e555f2874c98e20cb159d7b92b50eadfce793?s=96&d=mm&r=g\",\"url\":\"https:\\\/\\\/secure.gravatar.com\\\/avatar\\\/7f2c48bdc33b30088f941fb6082e555f2874c98e20cb159d7b92b50eadfce793?s=96&d=mm&r=g\",\"contentUrl\":\"https:\\\/\\\/secure.gravatar.com\\\/avatar\\\/7f2c48bdc33b30088f941fb6082e555f2874c98e20cb159d7b92b50eadfce793?s=96&d=mm&r=g\",\"caption\":\"Gente de B\u00e1squet\"},\"sameAs\":[\"http:\\\/\\\/gentedebasquet.com.ar\\\/sitio\"],\"url\":\"https:\\\/\\\/gentedebasquet.com.ar\\\/sitio\\\/author\\\/ulises\\\/\"}]}<\/script>\n<!-- \/ Yoast SEO plugin. -->","yoast_head_json":{"title":"Sportivo festej\u00f3 en el 4\u00b0 - Gente de B\u00e1squet","robots":{"index":"index","follow":"follow","max-snippet":"max-snippet:-1","max-image-preview":"max-image-preview:large","max-video-preview":"max-video-preview:-1"},"canonical":"https:\/\/gentedebasquet.com.ar\/sitio\/2016\/07\/15\/sportivo-festejo-en-el-4\/","og_locale":"es_ES","og_type":"article","og_title":"Sportivo festej\u00f3 en el 4\u00b0 - Gente de B\u00e1squet","og_description":"Sportivo venci\u00f3 a Barracas 83-73 en el cuarto encuentro y estir\u00f3 la serie","og_url":"https:\/\/gentedebasquet.com.ar\/sitio\/2016\/07\/15\/sportivo-festejo-en-el-4\/","og_site_name":"Gente de B\u00e1squet","article_published_time":"2016-07-15T03:46:47+00:00","og_image":[{"width":690,"height":319,"url":"https:\/\/gentedebasquet.com.ar\/sitio\/wp-content\/uploads\/2016\/07\/Sportivo-2-2-Barracas.jpg","type":"image\/jpeg"}],"author":"Gente de B\u00e1squet","twitter_card":"summary_large_image","twitter_misc":{"Escrito por":"Gente de B\u00e1squet","Tiempo de lectura":"4 minutos"},"schema":{"@context":"https:\/\/schema.org","@graph":[{"@type":"Article","@id":"https:\/\/gentedebasquet.com.ar\/sitio\/2016\/07\/15\/sportivo-festejo-en-el-4\/#article","isPartOf":{"@id":"https:\/\/gentedebasquet.com.ar\/sitio\/2016\/07\/15\/sportivo-festejo-en-el-4\/"},"author":{"name":"Gente de B\u00e1squet","@id":"https:\/\/gentedebasquet.com.ar\/sitio\/#\/schema\/person\/ca0b63bbb977369988a7bbbdc519943a"},"headline":"Sportivo festej\u00f3 en el 4\u00b0","datePublished":"2016-07-15T03:46:47+00:00","mainEntityOfPage":{"@id":"https:\/\/gentedebasquet.com.ar\/sitio\/2016\/07\/15\/sportivo-festejo-en-el-4\/"},"wordCount":820,"image":{"@id":"https:\/\/gentedebasquet.com.ar\/sitio\/2016\/07\/15\/sportivo-festejo-en-el-4\/#primaryimage"},"thumbnailUrl":"https:\/\/gentedebasquet.com.ar\/sitio\/wp-content\/uploads\/2016\/07\/Sportivo-2-2-Barracas.jpg","keywords":["Barracas","Dami\u00e1n Carci","Joaquin Tuero","Juli\u00e1n Gutt","Mart\u00edn Villoldo","Nicol\u00e1s Mart\u00ednez","Octavio Cancelarich","Sportivo","Yoel Asnaghi"],"articleSection":["Segunda","Slide"],"inLanguage":"es"},{"@type":"WebPage","@id":"https:\/\/gentedebasquet.com.ar\/sitio\/2016\/07\/15\/sportivo-festejo-en-el-4\/","url":"https:\/\/gentedebasquet.com.ar\/sitio\/2016\/07\/15\/sportivo-festejo-en-el-4\/","name":"Sportivo festej\u00f3 en el 4\u00b0 - Gente de B\u00e1squet","isPartOf":{"@id":"https:\/\/gentedebasquet.com.ar\/sitio\/#website"},"primaryImageOfPage":{"@id":"https:\/\/gentedebasquet.com.ar\/sitio\/2016\/07\/15\/sportivo-festejo-en-el-4\/#primaryimage"},"image":{"@id":"https:\/\/gentedebasquet.com.ar\/sitio\/2016\/07\/15\/sportivo-festejo-en-el-4\/#primaryimage"},"thumbnailUrl":"https:\/\/gentedebasquet.com.ar\/sitio\/wp-content\/uploads\/2016\/07\/Sportivo-2-2-Barracas.jpg","datePublished":"2016-07-15T03:46:47+00:00","author":{"@id":"https:\/\/gentedebasquet.com.ar\/sitio\/#\/schema\/person\/ca0b63bbb977369988a7bbbdc519943a"},"breadcrumb":{"@id":"https:\/\/gentedebasquet.com.ar\/sitio\/2016\/07\/15\/sportivo-festejo-en-el-4\/#breadcrumb"},"inLanguage":"es","potentialAction":[{"@type":"ReadAction","target":["https:\/\/gentedebasquet.com.ar\/sitio\/2016\/07\/15\/sportivo-festejo-en-el-4\/"]}]},{"@type":"ImageObject","inLanguage":"es","@id":"https:\/\/gentedebasquet.com.ar\/sitio\/2016\/07\/15\/sportivo-festejo-en-el-4\/#primaryimage","url":"https:\/\/gentedebasquet.com.ar\/sitio\/wp-content\/uploads\/2016\/07\/Sportivo-2-2-Barracas.jpg","contentUrl":"https:\/\/gentedebasquet.com.ar\/sitio\/wp-content\/uploads\/2016\/07\/Sportivo-2-2-Barracas.jpg","width":690,"height":319},{"@type":"BreadcrumbList","@id":"https:\/\/gentedebasquet.com.ar\/sitio\/2016\/07\/15\/sportivo-festejo-en-el-4\/#breadcrumb","itemListElement":[{"@type":"ListItem","position":1,"name":"Portada","item":"https:\/\/gentedebasquet.com.ar\/sitio\/"},{"@type":"ListItem","position":2,"name":"Sportivo festej\u00f3 en el 4\u00b0"}]},{"@type":"WebSite","@id":"https:\/\/gentedebasquet.com.ar\/sitio\/#website","url":"https:\/\/gentedebasquet.com.ar\/sitio\/","name":"Gente de B\u00e1squet","description":"La revista del basquet de Bah\u00eda Blanca","potentialAction":[{"@type":"SearchAction","target":{"@type":"EntryPoint","urlTemplate":"https:\/\/gentedebasquet.com.ar\/sitio\/?s={search_term_string}"},"query-input":{"@type":"PropertyValueSpecification","valueRequired":true,"valueName":"search_term_string"}}],"inLanguage":"es"},{"@type":"Person","@id":"https:\/\/gentedebasquet.com.ar\/sitio\/#\/schema\/person\/ca0b63bbb977369988a7bbbdc519943a","name":"Gente de B\u00e1squet","image":{"@type":"ImageObject","inLanguage":"es","@id":"https:\/\/secure.gravatar.com\/avatar\/7f2c48bdc33b30088f941fb6082e555f2874c98e20cb159d7b92b50eadfce793?s=96&d=mm&r=g","url":"https:\/\/secure.gravatar.com\/avatar\/7f2c48bdc33b30088f941fb6082e555f2874c98e20cb159d7b92b50eadfce793?s=96&d=mm&r=g","contentUrl":"https:\/\/secure.gravatar.com\/avatar\/7f2c48bdc33b30088f941fb6082e555f2874c98e20cb159d7b92b50eadfce793?s=96&d=mm&r=g","caption":"Gente de B\u00e1squet"},"sameAs":["http:\/\/gentedebasquet.com.ar\/sitio"],"url":"https:\/\/gentedebasquet.com.ar\/sitio\/author\/ulises\/"}]}},"_links":{"self":[{"href":"https:\/\/gentedebasquet.com.ar\/sitio\/wp-json\/wp\/v2\/posts\/62069","targetHints":{"allow":["GET"]}}],"collection":[{"href":"https:\/\/gentedebasquet.com.ar\/sitio\/wp-json\/wp\/v2\/posts"}],"about":[{"href":"https:\/\/gentedebasquet.com.ar\/sitio\/wp-json\/wp\/v2\/types\/post"}],"author":[{"embeddable":true,"href":"https:\/\/gentedebasquet.com.ar\/sitio\/wp-json\/wp\/v2\/users\/1"}],"replies":[{"embeddable":true,"href":"https:\/\/gentedebasquet.com.ar\/sitio\/wp-json\/wp\/v2\/comments?post=62069"}],"version-history":[{"count":0,"href":"https:\/\/gentedebasquet.com.ar\/sitio\/wp-json\/wp\/v2\/posts\/62069\/revisions"}],"wp:featuredmedia":[{"embeddable":true,"href":"https:\/\/gentedebasquet.com.ar\/sitio\/wp-json\/wp\/v2\/media\/62079"}],"wp:attachment":[{"href":"https:\/\/gentedebasquet.com.ar\/sitio\/wp-json\/wp\/v2\/media?parent=62069"}],"wp:term":[{"taxonomy":"category","embeddable":true,"href":"https:\/\/gentedebasquet.com.ar\/sitio\/wp-json\/wp\/v2\/categories?post=62069"},{"taxonomy":"post_tag","embeddable":true,"href":"https:\/\/gentedebasquet.com.ar\/sitio\/wp-json\/wp\/v2\/tags?post=62069"}],"curies":[{"name":"wp","href":"https:\/\/api.w.org\/{rel}","templated":true}]}}