{"id":62411,"date":"2016-07-29T15:35:34","date_gmt":"2016-07-29T18:35:34","guid":{"rendered":"http:\/\/www.gentedebasquet.com.ar\/?p=62411"},"modified":"2016-07-29T15:35:34","modified_gmt":"2016-07-29T18:35:34","slug":"garino-a-los-spurs","status":"publish","type":"post","link":"https:\/\/gentedebasquet.com.ar\/sitio\/2016\/07\/29\/garino-a-los-spurs\/","title":{"rendered":"Garino, a los Spurs"},"content":{"rendered":"<p><strong>Hermosa noticia para el b\u00e1squetbol argentino. El alero de la Selecci\u00f3n Nacional Patricio Garino viaj\u00f3 el jueves hacia Estados Unidos y firm\u00f3 contrato con los San Antonio Spurs para comenzar a hacer realidad su sue\u00f1o NBA. Garino llegar\u00e1 el s\u00e1bado a C\u00f3rdoba para reincorporarse a la Selecci\u00f3n Nacional en el S\u00faper 4 La Caja.<\/strong><\/p>\n<p>Las buenas noticias siguen llegando para el b\u00e1squetbol argentino. Luego de conocida la continuidad de Emanuel G\u00ednobili, Luis Scola y Pablo Prigioni en la mejor liga del mundo, m\u00e1s la llegada de Nicol\u00e1s Brussino, se confirm\u00f3 ahora que Patricio Garino firm\u00f3 contrato nada menos que con los San Antonio Spurs, el equipo de Gin\u00f3bili.<\/p>\n<p>Los detalles del contrato no se han dado a conocer pero, en principio, el argentino realizar\u00e1 la pretemporada con el equipo NBA. Posteriormente jugar\u00e1 para el equipo de la NBA Development League (o D-League) de los tejanos, para eventualmente tener minutos con el equipo de la NBA.<\/p>\n<p>Ante tan feliz noticia, el Director T\u00e9cnico de la Selecci\u00f3n Nacional, Sergio Hern\u00e1ndez, autoriz\u00f3 en la jornada del jueves al jugador marplatense para viajar hacia Estados Unidos y concretar la firma de su contrato. Garino se reincorporar\u00e1 a la Selecci\u00f3n Nacional directamente en C\u00f3rdoba, el pr\u00f3ximo s\u00e1bado. Lo que implica que el alero se perder\u00e1 al menos el partido del viernes (ante Croacia) del S\u00faper 4 La Caja que se disputar\u00e1 los d\u00edas 29 y 30 de julio y el 1 de agosto en el S\u00faperdomo Orfeo de la capital cordobesa.<\/p>\n<p>De esta manera, despu\u00e9s de un enorme esfuerzo, incontables horas de vuelo y muchos entrenamientos con distintas franquicias, Patricio Garino comienza a hacer realidad su sue\u00f1o NBA. Desde muy peque\u00f1o supo que su anhelo era jugar al m\u00e1ximo nivel posible, y supo que nada lo acercar\u00eda tanto a ese m\u00e1ximo nivel, como terminar su formaci\u00f3n en los Estados Unidos.<\/p>\n<p>Por ello, siendo apenas un adolecente, dej\u00f3 todo y se aventur\u00f3 a un mundo nuevo. Jug\u00f3 en la prestigiosa secundaria Montverde, la misma a la que fue Ben Simmons (N\u00b01 del \u00faltimo draft), y luego a una buena universidad (George Washington University). No la m\u00e1s prestigiosa que tuvo para elegir, sino la que le ofrec\u00eda las mejores condiciones y posibilidades para desarrollarse. Una inteligente elecci\u00f3n.<\/p>\n<p>Hizo una gran carrera universitaria, mejor\u00f3, fue al campus Portsmouth Invitational, se destac\u00f3, y entren\u00f3 para un gran n\u00famero de equipos NBA. Sigui\u00f3 todos los pasos correctos y hoy puede cosechar sus frutos. Ahora quedar\u00e1 esperar a que se aclare el panorama. Y tengamos, entonces, mayores certezas sobre las condiciones contractuales y el futuro inmediato de Patricio Garino.<\/p>\n<p><strong>Fuente:<\/strong> Diego Garc\u00eda (Prensa CABB).<\/p>\n<p><strong>Foto:<\/strong> Prensa CABB.<\/p>\n","protected":false},"excerpt":{"rendered":"<p>El marplatense viaj\u00f3 a Estados Unidos para firmar el contrato con la franquicia<\/p>\n","protected":false},"author":1,"featured_media":62412,"comment_status":"closed","ping_status":"open","sticky":false,"template":"","format":"standard","meta":{"jnews-multi-image_gallery":[],"jnews_single_post":[],"jnews_primary_category":[],"footnotes":""},"categories":[61,101],"tags":[1337,387],"class_list":["post-62411","post","type-post","status-publish","format-standard","has-post-thumbnail","hentry","category-selecciones-nacionales","category-slide","tag-patricio-garino","tag-san-antonio-spurs"],"yoast_head":"<!-- This site is optimized with the Yoast SEO plugin v27.5 - https:\/\/yoast.com\/product\/yoast-seo-wordpress\/ -->\n<title>Garino, a los Spurs - Gente de B\u00e1squet<\/title>\n<meta name=\"robots\" content=\"index, follow, max-snippet:-1, max-image-preview:large, max-video-preview:-1\" \/>\n<link rel=\"canonical\" href=\"https:\/\/gentedebasquet.com.ar\/sitio\/2016\/07\/29\/garino-a-los-spurs\/\" \/>\n<meta property=\"og:locale\" content=\"es_ES\" \/>\n<meta property=\"og:type\" content=\"article\" \/>\n<meta property=\"og:title\" content=\"Garino, a los Spurs - Gente de B\u00e1squet\" \/>\n<meta property=\"og:description\" content=\"El marplatense viaj\u00f3 a Estados Unidos para firmar el contrato con la franquicia\" \/>\n<meta property=\"og:url\" content=\"https:\/\/gentedebasquet.com.ar\/sitio\/2016\/07\/29\/garino-a-los-spurs\/\" \/>\n<meta property=\"og:site_name\" content=\"Gente de B\u00e1squet\" \/>\n<meta property=\"article:published_time\" content=\"2016-07-29T18:35:34+00:00\" \/>\n<meta property=\"og:image\" content=\"https:\/\/gentedebasquet.com.ar\/sitio\/wp-content\/uploads\/2016\/07\/Garino-Spurs.jpg\" \/>\n\t<meta property=\"og:image:width\" content=\"690\" \/>\n\t<meta property=\"og:image:height\" content=\"319\" \/>\n\t<meta property=\"og:image:type\" content=\"image\/jpeg\" \/>\n<meta name=\"author\" content=\"Gente de B\u00e1squet\" \/>\n<meta name=\"twitter:card\" content=\"summary_large_image\" \/>\n<meta name=\"twitter:label1\" content=\"Escrito por\" \/>\n\t<meta name=\"twitter:data1\" content=\"Gente de B\u00e1squet\" \/>\n\t<meta name=\"twitter:label2\" content=\"Tiempo de lectura\" \/>\n\t<meta name=\"twitter:data2\" content=\"2 minutos\" \/>\n<script type=\"application\/ld+json\" class=\"yoast-schema-graph\">{\"@context\":\"https:\\\/\\\/schema.org\",\"@graph\":[{\"@type\":\"Article\",\"@id\":\"https:\\\/\\\/gentedebasquet.com.ar\\\/sitio\\\/2016\\\/07\\\/29\\\/garino-a-los-spurs\\\/#article\",\"isPartOf\":{\"@id\":\"https:\\\/\\\/gentedebasquet.com.ar\\\/sitio\\\/2016\\\/07\\\/29\\\/garino-a-los-spurs\\\/\"},\"author\":{\"name\":\"Gente de B\u00e1squet\",\"@id\":\"https:\\\/\\\/gentedebasquet.com.ar\\\/sitio\\\/#\\\/schema\\\/person\\\/ca0b63bbb977369988a7bbbdc519943a\"},\"headline\":\"Garino, a los Spurs\",\"datePublished\":\"2016-07-29T18:35:34+00:00\",\"mainEntityOfPage\":{\"@id\":\"https:\\\/\\\/gentedebasquet.com.ar\\\/sitio\\\/2016\\\/07\\\/29\\\/garino-a-los-spurs\\\/\"},\"wordCount\":469,\"image\":{\"@id\":\"https:\\\/\\\/gentedebasquet.com.ar\\\/sitio\\\/2016\\\/07\\\/29\\\/garino-a-los-spurs\\\/#primaryimage\"},\"thumbnailUrl\":\"https:\\\/\\\/gentedebasquet.com.ar\\\/sitio\\\/wp-content\\\/uploads\\\/2016\\\/07\\\/Garino-Spurs.jpg\",\"keywords\":[\"Patricio Garino\",\"San Antonio Spurs\"],\"articleSection\":[\"Selecciones Nacionales\",\"Slide\"],\"inLanguage\":\"es\"},{\"@type\":\"WebPage\",\"@id\":\"https:\\\/\\\/gentedebasquet.com.ar\\\/sitio\\\/2016\\\/07\\\/29\\\/garino-a-los-spurs\\\/\",\"url\":\"https:\\\/\\\/gentedebasquet.com.ar\\\/sitio\\\/2016\\\/07\\\/29\\\/garino-a-los-spurs\\\/\",\"name\":\"Garino, a los Spurs - Gente de B\u00e1squet\",\"isPartOf\":{\"@id\":\"https:\\\/\\\/gentedebasquet.com.ar\\\/sitio\\\/#website\"},\"primaryImageOfPage\":{\"@id\":\"https:\\\/\\\/gentedebasquet.com.ar\\\/sitio\\\/2016\\\/07\\\/29\\\/garino-a-los-spurs\\\/#primaryimage\"},\"image\":{\"@id\":\"https:\\\/\\\/gentedebasquet.com.ar\\\/sitio\\\/2016\\\/07\\\/29\\\/garino-a-los-spurs\\\/#primaryimage\"},\"thumbnailUrl\":\"https:\\\/\\\/gentedebasquet.com.ar\\\/sitio\\\/wp-content\\\/uploads\\\/2016\\\/07\\\/Garino-Spurs.jpg\",\"datePublished\":\"2016-07-29T18:35:34+00:00\",\"author\":{\"@id\":\"https:\\\/\\\/gentedebasquet.com.ar\\\/sitio\\\/#\\\/schema\\\/person\\\/ca0b63bbb977369988a7bbbdc519943a\"},\"breadcrumb\":{\"@id\":\"https:\\\/\\\/gentedebasquet.com.ar\\\/sitio\\\/2016\\\/07\\\/29\\\/garino-a-los-spurs\\\/#breadcrumb\"},\"inLanguage\":\"es\",\"potentialAction\":[{\"@type\":\"ReadAction\",\"target\":[\"https:\\\/\\\/gentedebasquet.com.ar\\\/sitio\\\/2016\\\/07\\\/29\\\/garino-a-los-spurs\\\/\"]}]},{\"@type\":\"ImageObject\",\"inLanguage\":\"es\",\"@id\":\"https:\\\/\\\/gentedebasquet.com.ar\\\/sitio\\\/2016\\\/07\\\/29\\\/garino-a-los-spurs\\\/#primaryimage\",\"url\":\"https:\\\/\\\/gentedebasquet.com.ar\\\/sitio\\\/wp-content\\\/uploads\\\/2016\\\/07\\\/Garino-Spurs.jpg\",\"contentUrl\":\"https:\\\/\\\/gentedebasquet.com.ar\\\/sitio\\\/wp-content\\\/uploads\\\/2016\\\/07\\\/Garino-Spurs.jpg\",\"width\":690,\"height\":319},{\"@type\":\"BreadcrumbList\",\"@id\":\"https:\\\/\\\/gentedebasquet.com.ar\\\/sitio\\\/2016\\\/07\\\/29\\\/garino-a-los-spurs\\\/#breadcrumb\",\"itemListElement\":[{\"@type\":\"ListItem\",\"position\":1,\"name\":\"Portada\",\"item\":\"https:\\\/\\\/gentedebasquet.com.ar\\\/sitio\\\/\"},{\"@type\":\"ListItem\",\"position\":2,\"name\":\"Garino, a los Spurs\"}]},{\"@type\":\"WebSite\",\"@id\":\"https:\\\/\\\/gentedebasquet.com.ar\\\/sitio\\\/#website\",\"url\":\"https:\\\/\\\/gentedebasquet.com.ar\\\/sitio\\\/\",\"name\":\"Gente de B\u00e1squet\",\"description\":\"La revista del basquet de Bah\u00eda Blanca\",\"potentialAction\":[{\"@type\":\"SearchAction\",\"target\":{\"@type\":\"EntryPoint\",\"urlTemplate\":\"https:\\\/\\\/gentedebasquet.com.ar\\\/sitio\\\/?s={search_term_string}\"},\"query-input\":{\"@type\":\"PropertyValueSpecification\",\"valueRequired\":true,\"valueName\":\"search_term_string\"}}],\"inLanguage\":\"es\"},{\"@type\":\"Person\",\"@id\":\"https:\\\/\\\/gentedebasquet.com.ar\\\/sitio\\\/#\\\/schema\\\/person\\\/ca0b63bbb977369988a7bbbdc519943a\",\"name\":\"Gente de B\u00e1squet\",\"image\":{\"@type\":\"ImageObject\",\"inLanguage\":\"es\",\"@id\":\"https:\\\/\\\/secure.gravatar.com\\\/avatar\\\/7f2c48bdc33b30088f941fb6082e555f2874c98e20cb159d7b92b50eadfce793?s=96&d=mm&r=g\",\"url\":\"https:\\\/\\\/secure.gravatar.com\\\/avatar\\\/7f2c48bdc33b30088f941fb6082e555f2874c98e20cb159d7b92b50eadfce793?s=96&d=mm&r=g\",\"contentUrl\":\"https:\\\/\\\/secure.gravatar.com\\\/avatar\\\/7f2c48bdc33b30088f941fb6082e555f2874c98e20cb159d7b92b50eadfce793?s=96&d=mm&r=g\",\"caption\":\"Gente de B\u00e1squet\"},\"sameAs\":[\"http:\\\/\\\/gentedebasquet.com.ar\\\/sitio\"],\"url\":\"https:\\\/\\\/gentedebasquet.com.ar\\\/sitio\\\/author\\\/ulises\\\/\"}]}<\/script>\n<!-- \/ Yoast SEO plugin. -->","yoast_head_json":{"title":"Garino, a los Spurs - Gente de B\u00e1squet","robots":{"index":"index","follow":"follow","max-snippet":"max-snippet:-1","max-image-preview":"max-image-preview:large","max-video-preview":"max-video-preview:-1"},"canonical":"https:\/\/gentedebasquet.com.ar\/sitio\/2016\/07\/29\/garino-a-los-spurs\/","og_locale":"es_ES","og_type":"article","og_title":"Garino, a los Spurs - Gente de B\u00e1squet","og_description":"El marplatense viaj\u00f3 a Estados Unidos para firmar el contrato con la franquicia","og_url":"https:\/\/gentedebasquet.com.ar\/sitio\/2016\/07\/29\/garino-a-los-spurs\/","og_site_name":"Gente de B\u00e1squet","article_published_time":"2016-07-29T18:35:34+00:00","og_image":[{"width":690,"height":319,"url":"https:\/\/gentedebasquet.com.ar\/sitio\/wp-content\/uploads\/2016\/07\/Garino-Spurs.jpg","type":"image\/jpeg"}],"author":"Gente de B\u00e1squet","twitter_card":"summary_large_image","twitter_misc":{"Escrito por":"Gente de B\u00e1squet","Tiempo de lectura":"2 minutos"},"schema":{"@context":"https:\/\/schema.org","@graph":[{"@type":"Article","@id":"https:\/\/gentedebasquet.com.ar\/sitio\/2016\/07\/29\/garino-a-los-spurs\/#article","isPartOf":{"@id":"https:\/\/gentedebasquet.com.ar\/sitio\/2016\/07\/29\/garino-a-los-spurs\/"},"author":{"name":"Gente de B\u00e1squet","@id":"https:\/\/gentedebasquet.com.ar\/sitio\/#\/schema\/person\/ca0b63bbb977369988a7bbbdc519943a"},"headline":"Garino, a los Spurs","datePublished":"2016-07-29T18:35:34+00:00","mainEntityOfPage":{"@id":"https:\/\/gentedebasquet.com.ar\/sitio\/2016\/07\/29\/garino-a-los-spurs\/"},"wordCount":469,"image":{"@id":"https:\/\/gentedebasquet.com.ar\/sitio\/2016\/07\/29\/garino-a-los-spurs\/#primaryimage"},"thumbnailUrl":"https:\/\/gentedebasquet.com.ar\/sitio\/wp-content\/uploads\/2016\/07\/Garino-Spurs.jpg","keywords":["Patricio Garino","San Antonio Spurs"],"articleSection":["Selecciones Nacionales","Slide"],"inLanguage":"es"},{"@type":"WebPage","@id":"https:\/\/gentedebasquet.com.ar\/sitio\/2016\/07\/29\/garino-a-los-spurs\/","url":"https:\/\/gentedebasquet.com.ar\/sitio\/2016\/07\/29\/garino-a-los-spurs\/","name":"Garino, a los Spurs - Gente de B\u00e1squet","isPartOf":{"@id":"https:\/\/gentedebasquet.com.ar\/sitio\/#website"},"primaryImageOfPage":{"@id":"https:\/\/gentedebasquet.com.ar\/sitio\/2016\/07\/29\/garino-a-los-spurs\/#primaryimage"},"image":{"@id":"https:\/\/gentedebasquet.com.ar\/sitio\/2016\/07\/29\/garino-a-los-spurs\/#primaryimage"},"thumbnailUrl":"https:\/\/gentedebasquet.com.ar\/sitio\/wp-content\/uploads\/2016\/07\/Garino-Spurs.jpg","datePublished":"2016-07-29T18:35:34+00:00","author":{"@id":"https:\/\/gentedebasquet.com.ar\/sitio\/#\/schema\/person\/ca0b63bbb977369988a7bbbdc519943a"},"breadcrumb":{"@id":"https:\/\/gentedebasquet.com.ar\/sitio\/2016\/07\/29\/garino-a-los-spurs\/#breadcrumb"},"inLanguage":"es","potentialAction":[{"@type":"ReadAction","target":["https:\/\/gentedebasquet.com.ar\/sitio\/2016\/07\/29\/garino-a-los-spurs\/"]}]},{"@type":"ImageObject","inLanguage":"es","@id":"https:\/\/gentedebasquet.com.ar\/sitio\/2016\/07\/29\/garino-a-los-spurs\/#primaryimage","url":"https:\/\/gentedebasquet.com.ar\/sitio\/wp-content\/uploads\/2016\/07\/Garino-Spurs.jpg","contentUrl":"https:\/\/gentedebasquet.com.ar\/sitio\/wp-content\/uploads\/2016\/07\/Garino-Spurs.jpg","width":690,"height":319},{"@type":"BreadcrumbList","@id":"https:\/\/gentedebasquet.com.ar\/sitio\/2016\/07\/29\/garino-a-los-spurs\/#breadcrumb","itemListElement":[{"@type":"ListItem","position":1,"name":"Portada","item":"https:\/\/gentedebasquet.com.ar\/sitio\/"},{"@type":"ListItem","position":2,"name":"Garino, a los Spurs"}]},{"@type":"WebSite","@id":"https:\/\/gentedebasquet.com.ar\/sitio\/#website","url":"https:\/\/gentedebasquet.com.ar\/sitio\/","name":"Gente de B\u00e1squet","description":"La revista del basquet de Bah\u00eda Blanca","potentialAction":[{"@type":"SearchAction","target":{"@type":"EntryPoint","urlTemplate":"https:\/\/gentedebasquet.com.ar\/sitio\/?s={search_term_string}"},"query-input":{"@type":"PropertyValueSpecification","valueRequired":true,"valueName":"search_term_string"}}],"inLanguage":"es"},{"@type":"Person","@id":"https:\/\/gentedebasquet.com.ar\/sitio\/#\/schema\/person\/ca0b63bbb977369988a7bbbdc519943a","name":"Gente de B\u00e1squet","image":{"@type":"ImageObject","inLanguage":"es","@id":"https:\/\/secure.gravatar.com\/avatar\/7f2c48bdc33b30088f941fb6082e555f2874c98e20cb159d7b92b50eadfce793?s=96&d=mm&r=g","url":"https:\/\/secure.gravatar.com\/avatar\/7f2c48bdc33b30088f941fb6082e555f2874c98e20cb159d7b92b50eadfce793?s=96&d=mm&r=g","contentUrl":"https:\/\/secure.gravatar.com\/avatar\/7f2c48bdc33b30088f941fb6082e555f2874c98e20cb159d7b92b50eadfce793?s=96&d=mm&r=g","caption":"Gente de B\u00e1squet"},"sameAs":["http:\/\/gentedebasquet.com.ar\/sitio"],"url":"https:\/\/gentedebasquet.com.ar\/sitio\/author\/ulises\/"}]}},"_links":{"self":[{"href":"https:\/\/gentedebasquet.com.ar\/sitio\/wp-json\/wp\/v2\/posts\/62411","targetHints":{"allow":["GET"]}}],"collection":[{"href":"https:\/\/gentedebasquet.com.ar\/sitio\/wp-json\/wp\/v2\/posts"}],"about":[{"href":"https:\/\/gentedebasquet.com.ar\/sitio\/wp-json\/wp\/v2\/types\/post"}],"author":[{"embeddable":true,"href":"https:\/\/gentedebasquet.com.ar\/sitio\/wp-json\/wp\/v2\/users\/1"}],"replies":[{"embeddable":true,"href":"https:\/\/gentedebasquet.com.ar\/sitio\/wp-json\/wp\/v2\/comments?post=62411"}],"version-history":[{"count":0,"href":"https:\/\/gentedebasquet.com.ar\/sitio\/wp-json\/wp\/v2\/posts\/62411\/revisions"}],"wp:featuredmedia":[{"embeddable":true,"href":"https:\/\/gentedebasquet.com.ar\/sitio\/wp-json\/wp\/v2\/media\/62412"}],"wp:attachment":[{"href":"https:\/\/gentedebasquet.com.ar\/sitio\/wp-json\/wp\/v2\/media?parent=62411"}],"wp:term":[{"taxonomy":"category","embeddable":true,"href":"https:\/\/gentedebasquet.com.ar\/sitio\/wp-json\/wp\/v2\/categories?post=62411"},{"taxonomy":"post_tag","embeddable":true,"href":"https:\/\/gentedebasquet.com.ar\/sitio\/wp-json\/wp\/v2\/tags?post=62411"}],"curies":[{"name":"wp","href":"https:\/\/api.w.org\/{rel}","templated":true}]}}