{"id":62795,"date":"2016-08-04T23:56:15","date_gmt":"2016-08-05T02:56:15","guid":{"rendered":"http:\/\/www.gentedebasquet.com.ar\/?p=62795"},"modified":"2016-08-04T23:56:15","modified_gmt":"2016-08-05T02:56:15","slug":"oficialmente-santo","status":"publish","type":"post","link":"https:\/\/gentedebasquet.com.ar\/sitio\/2016\/08\/04\/oficialmente-santo\/","title":{"rendered":"Oficialmente Santo"},"content":{"rendered":"<p><strong>En el arranque del torneo Oficial, San Lorenzo obtuvo un buen triunfo como visitante ante Argentino por 75-56.\u00a0 Luciano Fortelli\u00a0 con 13 puntos fue el destacado en el naranja, mientras que en el local no alcanz\u00f3 con la tarea de Lucas Mar\u00edn (15).<\/strong><\/p>\n<p>El Santo impuso el ritmo de juego desde el minuto 0, con una fuerte defensa perimetral que anul\u00f3 a los guardias de Argentino, y encontrando goles en un buen pasaje de Fortelli atacando el aro (6).\u00a0 Si bien el local no pudo generar juego detr\u00e1s de la medialuna, se mantuvo a flote atacando el rebote ofensivo (4) y con los tantos de Alan Gonz\u00e1lez (8) en la pintura (17-23).<\/p>\n<p>Poco cambi\u00f3 el estilo del partido en el 2C.\u00a0 El albiceleste encontr\u00f3 recambio con el ingreso de Luciano Mussini (4) pero continu\u00f3 sin encontrar beneficio en sus perimetrales (apenas 6 puntos entre Bruni y Antonelli, dos triples).\u00a0 Mientras que por su lado, San Lorenzo le deleg\u00f3 la pelota a Mart\u00edn R\u00edos Lodoli bajo el aro, y jugando de espaldas, le dio los puntos suficientes (6) a su equipo para cerrar arriba la primera mitad (28-38).<\/p>\n<p>Un parcial de 8-0 en los primeros 2m30 del 3C pareci\u00f3 liquidar la historia para el naranja, gracias a dos bombazos al hilo (Morando y Hildemann).\u00a0 Pero Mar\u00edn comenz\u00f3 a encestar desde el 1v1 (11 en el per\u00edodo), aunque del otro lado Hildemann respondi\u00f3 atacando siempre por l\u00ednea de fondo (8) y ayud\u00f3 a mantener la holgura en el marcador (41-58).<\/p>\n<p>Si bien el 4C no era necesario a priori, San Lorenzo no baj\u00f3 la intensidad y volvi\u00f3 a secarle la p\u00f3lvora a los perimetrales del local, acerc\u00e1ndose a los veinte puntos de ventaja (56-75) para sellar el triunfo.<\/p>\n<p>&nbsp;<\/p>\n<p>[youtube]https:\/\/youtu.be\/9WFu1jVdtFc[\/youtube]<\/p>\n<p>&nbsp;<\/p>\n<p><strong>S\u00edntesis| Primera Divisi\u00f3n \u2013 Torneo Oficial \u2013 Fecha #1<\/strong><\/p>\n<p><strong>Argentino 56: <\/strong>Mat\u00edas Oyhamburo 5, Lucas Mar\u00edn 15, Bruno Sacomani 0, Alan Gonz\u00e1lez 8 (x), Bruno Mandrini 3 (FI); Luciano Mussini 5, Tom\u00e1s Bruni 10, Emanuel L\u00f3pez 0, I\u00f1aki Errazu 0, Segundo Vasconcello 2, Bruno Aceituno 2, Nicol\u00e1s Antonelli 6.\u00a0 D.T: Mario Errazu.<\/p>\n<p><strong>San Lorenzo 75: <\/strong>Luciano Fortelli 13, Andr\u00e9s Hildemann 11, Mariano Morando 7, Mart\u00edn R\u00edos Lodoli 8, Facundo Goenaga 10 (FI); Augusto Schiebert 0, Juan Cruz Reschini 6, Esteban Benedetti 11, Federico Biggi 2 (x), Nahuel Rizzo 5. D.T: Juan Mart\u00edn Seret.<\/p>\n<p><strong>Parciales: <\/strong>17-23, 28-38, 41-58.<\/p>\n<p><strong>\u00c1rbitros: <\/strong>Sebasti\u00e1n Arcas \u2013 Horacio Sed\u00e1n.<\/p>\n<p><strong>Estadio: <\/strong>Ardubilio Severini.<\/p>\n<p><a class=\"modalf iframe\" title=\"Planilla\" href=\"https:\/\/docs.google.com\/spreadsheets\/d\/1Gim8KCHD6VQaZdI1fhKjABbxsyoFUXNuGaCD6lgoF04\/pubhtml\" target=\"_blank\" rel=\"noopener\">Ver Planilla<\/a><\/p>\n","protected":false},"excerpt":{"rendered":"<p>San Lorenzo comenz\u00f3 con todo el Oficial: venci\u00f3 a Argentino por 75 a 56.<\/p>\n","protected":false},"author":1,"featured_media":62800,"comment_status":"closed","ping_status":"open","sticky":false,"template":"","format":"standard","meta":{"jnews-multi-image_gallery":[],"jnews_single_post":[],"jnews_primary_category":[],"footnotes":""},"categories":[23,101],"tags":[4,313,316,353,315,1350,19],"class_list":["post-62795","post","type-post","status-publish","format-standard","has-post-thumbnail","hentry","category-primera","category-slide","tag-argentino","tag-esteban-benedetti","tag-facundo-goenaga","tag-lucas-marin","tag-luciano-fortelli","tag-luciano-hildemann","tag-san-lorenzo"],"yoast_head":"<!-- This site is optimized with the Yoast SEO plugin v27.5 - https:\/\/yoast.com\/product\/yoast-seo-wordpress\/ -->\n<title>Oficialmente Santo - Gente de B\u00e1squet<\/title>\n<meta name=\"robots\" content=\"index, follow, max-snippet:-1, max-image-preview:large, max-video-preview:-1\" \/>\n<link rel=\"canonical\" href=\"https:\/\/gentedebasquet.com.ar\/sitio\/2016\/08\/04\/oficialmente-santo\/\" \/>\n<meta property=\"og:locale\" content=\"es_ES\" \/>\n<meta property=\"og:type\" content=\"article\" \/>\n<meta property=\"og:title\" content=\"Oficialmente Santo - Gente de B\u00e1squet\" \/>\n<meta property=\"og:description\" content=\"San Lorenzo comenz\u00f3 con todo el Oficial: venci\u00f3 a Argentino por 75 a 56.\" \/>\n<meta property=\"og:url\" content=\"https:\/\/gentedebasquet.com.ar\/sitio\/2016\/08\/04\/oficialmente-santo\/\" \/>\n<meta property=\"og:site_name\" content=\"Gente de B\u00e1squet\" \/>\n<meta property=\"article:published_time\" content=\"2016-08-05T02:56:15+00:00\" \/>\n<meta property=\"og:image\" content=\"https:\/\/gentedebasquet.com.ar\/sitio\/wp-content\/uploads\/2016\/08\/bscap0004.jpg\" \/>\n\t<meta property=\"og:image:width\" content=\"690\" \/>\n\t<meta property=\"og:image:height\" content=\"319\" \/>\n\t<meta property=\"og:image:type\" content=\"image\/jpeg\" \/>\n<meta name=\"author\" content=\"Gente de B\u00e1squet\" \/>\n<meta name=\"twitter:card\" content=\"summary_large_image\" \/>\n<meta name=\"twitter:label1\" content=\"Escrito por\" \/>\n\t<meta name=\"twitter:data1\" content=\"Gente de B\u00e1squet\" \/>\n\t<meta name=\"twitter:label2\" content=\"Tiempo de lectura\" \/>\n\t<meta name=\"twitter:data2\" content=\"2 minutos\" \/>\n<script type=\"application\/ld+json\" class=\"yoast-schema-graph\">{\"@context\":\"https:\\\/\\\/schema.org\",\"@graph\":[{\"@type\":\"Article\",\"@id\":\"https:\\\/\\\/gentedebasquet.com.ar\\\/sitio\\\/2016\\\/08\\\/04\\\/oficialmente-santo\\\/#article\",\"isPartOf\":{\"@id\":\"https:\\\/\\\/gentedebasquet.com.ar\\\/sitio\\\/2016\\\/08\\\/04\\\/oficialmente-santo\\\/\"},\"author\":{\"name\":\"Gente de B\u00e1squet\",\"@id\":\"https:\\\/\\\/gentedebasquet.com.ar\\\/sitio\\\/#\\\/schema\\\/person\\\/ca0b63bbb977369988a7bbbdc519943a\"},\"headline\":\"Oficialmente Santo\",\"datePublished\":\"2016-08-05T02:56:15+00:00\",\"mainEntityOfPage\":{\"@id\":\"https:\\\/\\\/gentedebasquet.com.ar\\\/sitio\\\/2016\\\/08\\\/04\\\/oficialmente-santo\\\/\"},\"wordCount\":393,\"image\":{\"@id\":\"https:\\\/\\\/gentedebasquet.com.ar\\\/sitio\\\/2016\\\/08\\\/04\\\/oficialmente-santo\\\/#primaryimage\"},\"thumbnailUrl\":\"https:\\\/\\\/gentedebasquet.com.ar\\\/sitio\\\/wp-content\\\/uploads\\\/2016\\\/08\\\/bscap0004.jpg\",\"keywords\":[\"Argentino\",\"Esteban Benedetti\",\"Facundo Goenaga\",\"Lucas Mar\u00edn\",\"Luciano Fortelli\",\"Luciano Hildemann\",\"San Lorenzo\"],\"articleSection\":[\"Primera\",\"Slide\"],\"inLanguage\":\"es\"},{\"@type\":\"WebPage\",\"@id\":\"https:\\\/\\\/gentedebasquet.com.ar\\\/sitio\\\/2016\\\/08\\\/04\\\/oficialmente-santo\\\/\",\"url\":\"https:\\\/\\\/gentedebasquet.com.ar\\\/sitio\\\/2016\\\/08\\\/04\\\/oficialmente-santo\\\/\",\"name\":\"Oficialmente Santo - Gente de B\u00e1squet\",\"isPartOf\":{\"@id\":\"https:\\\/\\\/gentedebasquet.com.ar\\\/sitio\\\/#website\"},\"primaryImageOfPage\":{\"@id\":\"https:\\\/\\\/gentedebasquet.com.ar\\\/sitio\\\/2016\\\/08\\\/04\\\/oficialmente-santo\\\/#primaryimage\"},\"image\":{\"@id\":\"https:\\\/\\\/gentedebasquet.com.ar\\\/sitio\\\/2016\\\/08\\\/04\\\/oficialmente-santo\\\/#primaryimage\"},\"thumbnailUrl\":\"https:\\\/\\\/gentedebasquet.com.ar\\\/sitio\\\/wp-content\\\/uploads\\\/2016\\\/08\\\/bscap0004.jpg\",\"datePublished\":\"2016-08-05T02:56:15+00:00\",\"author\":{\"@id\":\"https:\\\/\\\/gentedebasquet.com.ar\\\/sitio\\\/#\\\/schema\\\/person\\\/ca0b63bbb977369988a7bbbdc519943a\"},\"breadcrumb\":{\"@id\":\"https:\\\/\\\/gentedebasquet.com.ar\\\/sitio\\\/2016\\\/08\\\/04\\\/oficialmente-santo\\\/#breadcrumb\"},\"inLanguage\":\"es\",\"potentialAction\":[{\"@type\":\"ReadAction\",\"target\":[\"https:\\\/\\\/gentedebasquet.com.ar\\\/sitio\\\/2016\\\/08\\\/04\\\/oficialmente-santo\\\/\"]}]},{\"@type\":\"ImageObject\",\"inLanguage\":\"es\",\"@id\":\"https:\\\/\\\/gentedebasquet.com.ar\\\/sitio\\\/2016\\\/08\\\/04\\\/oficialmente-santo\\\/#primaryimage\",\"url\":\"https:\\\/\\\/gentedebasquet.com.ar\\\/sitio\\\/wp-content\\\/uploads\\\/2016\\\/08\\\/bscap0004.jpg\",\"contentUrl\":\"https:\\\/\\\/gentedebasquet.com.ar\\\/sitio\\\/wp-content\\\/uploads\\\/2016\\\/08\\\/bscap0004.jpg\",\"width\":690,\"height\":319},{\"@type\":\"BreadcrumbList\",\"@id\":\"https:\\\/\\\/gentedebasquet.com.ar\\\/sitio\\\/2016\\\/08\\\/04\\\/oficialmente-santo\\\/#breadcrumb\",\"itemListElement\":[{\"@type\":\"ListItem\",\"position\":1,\"name\":\"Portada\",\"item\":\"https:\\\/\\\/gentedebasquet.com.ar\\\/sitio\\\/\"},{\"@type\":\"ListItem\",\"position\":2,\"name\":\"Oficialmente Santo\"}]},{\"@type\":\"WebSite\",\"@id\":\"https:\\\/\\\/gentedebasquet.com.ar\\\/sitio\\\/#website\",\"url\":\"https:\\\/\\\/gentedebasquet.com.ar\\\/sitio\\\/\",\"name\":\"Gente de B\u00e1squet\",\"description\":\"La revista del basquet de Bah\u00eda Blanca\",\"potentialAction\":[{\"@type\":\"SearchAction\",\"target\":{\"@type\":\"EntryPoint\",\"urlTemplate\":\"https:\\\/\\\/gentedebasquet.com.ar\\\/sitio\\\/?s={search_term_string}\"},\"query-input\":{\"@type\":\"PropertyValueSpecification\",\"valueRequired\":true,\"valueName\":\"search_term_string\"}}],\"inLanguage\":\"es\"},{\"@type\":\"Person\",\"@id\":\"https:\\\/\\\/gentedebasquet.com.ar\\\/sitio\\\/#\\\/schema\\\/person\\\/ca0b63bbb977369988a7bbbdc519943a\",\"name\":\"Gente de B\u00e1squet\",\"image\":{\"@type\":\"ImageObject\",\"inLanguage\":\"es\",\"@id\":\"https:\\\/\\\/secure.gravatar.com\\\/avatar\\\/7f2c48bdc33b30088f941fb6082e555f2874c98e20cb159d7b92b50eadfce793?s=96&d=mm&r=g\",\"url\":\"https:\\\/\\\/secure.gravatar.com\\\/avatar\\\/7f2c48bdc33b30088f941fb6082e555f2874c98e20cb159d7b92b50eadfce793?s=96&d=mm&r=g\",\"contentUrl\":\"https:\\\/\\\/secure.gravatar.com\\\/avatar\\\/7f2c48bdc33b30088f941fb6082e555f2874c98e20cb159d7b92b50eadfce793?s=96&d=mm&r=g\",\"caption\":\"Gente de B\u00e1squet\"},\"sameAs\":[\"http:\\\/\\\/gentedebasquet.com.ar\\\/sitio\"],\"url\":\"https:\\\/\\\/gentedebasquet.com.ar\\\/sitio\\\/author\\\/ulises\\\/\"}]}<\/script>\n<!-- \/ Yoast SEO plugin. -->","yoast_head_json":{"title":"Oficialmente Santo - Gente de B\u00e1squet","robots":{"index":"index","follow":"follow","max-snippet":"max-snippet:-1","max-image-preview":"max-image-preview:large","max-video-preview":"max-video-preview:-1"},"canonical":"https:\/\/gentedebasquet.com.ar\/sitio\/2016\/08\/04\/oficialmente-santo\/","og_locale":"es_ES","og_type":"article","og_title":"Oficialmente Santo - Gente de B\u00e1squet","og_description":"San Lorenzo comenz\u00f3 con todo el Oficial: venci\u00f3 a Argentino por 75 a 56.","og_url":"https:\/\/gentedebasquet.com.ar\/sitio\/2016\/08\/04\/oficialmente-santo\/","og_site_name":"Gente de B\u00e1squet","article_published_time":"2016-08-05T02:56:15+00:00","og_image":[{"width":690,"height":319,"url":"https:\/\/gentedebasquet.com.ar\/sitio\/wp-content\/uploads\/2016\/08\/bscap0004.jpg","type":"image\/jpeg"}],"author":"Gente de B\u00e1squet","twitter_card":"summary_large_image","twitter_misc":{"Escrito por":"Gente de B\u00e1squet","Tiempo de lectura":"2 minutos"},"schema":{"@context":"https:\/\/schema.org","@graph":[{"@type":"Article","@id":"https:\/\/gentedebasquet.com.ar\/sitio\/2016\/08\/04\/oficialmente-santo\/#article","isPartOf":{"@id":"https:\/\/gentedebasquet.com.ar\/sitio\/2016\/08\/04\/oficialmente-santo\/"},"author":{"name":"Gente de B\u00e1squet","@id":"https:\/\/gentedebasquet.com.ar\/sitio\/#\/schema\/person\/ca0b63bbb977369988a7bbbdc519943a"},"headline":"Oficialmente Santo","datePublished":"2016-08-05T02:56:15+00:00","mainEntityOfPage":{"@id":"https:\/\/gentedebasquet.com.ar\/sitio\/2016\/08\/04\/oficialmente-santo\/"},"wordCount":393,"image":{"@id":"https:\/\/gentedebasquet.com.ar\/sitio\/2016\/08\/04\/oficialmente-santo\/#primaryimage"},"thumbnailUrl":"https:\/\/gentedebasquet.com.ar\/sitio\/wp-content\/uploads\/2016\/08\/bscap0004.jpg","keywords":["Argentino","Esteban Benedetti","Facundo Goenaga","Lucas Mar\u00edn","Luciano Fortelli","Luciano Hildemann","San Lorenzo"],"articleSection":["Primera","Slide"],"inLanguage":"es"},{"@type":"WebPage","@id":"https:\/\/gentedebasquet.com.ar\/sitio\/2016\/08\/04\/oficialmente-santo\/","url":"https:\/\/gentedebasquet.com.ar\/sitio\/2016\/08\/04\/oficialmente-santo\/","name":"Oficialmente Santo - Gente de B\u00e1squet","isPartOf":{"@id":"https:\/\/gentedebasquet.com.ar\/sitio\/#website"},"primaryImageOfPage":{"@id":"https:\/\/gentedebasquet.com.ar\/sitio\/2016\/08\/04\/oficialmente-santo\/#primaryimage"},"image":{"@id":"https:\/\/gentedebasquet.com.ar\/sitio\/2016\/08\/04\/oficialmente-santo\/#primaryimage"},"thumbnailUrl":"https:\/\/gentedebasquet.com.ar\/sitio\/wp-content\/uploads\/2016\/08\/bscap0004.jpg","datePublished":"2016-08-05T02:56:15+00:00","author":{"@id":"https:\/\/gentedebasquet.com.ar\/sitio\/#\/schema\/person\/ca0b63bbb977369988a7bbbdc519943a"},"breadcrumb":{"@id":"https:\/\/gentedebasquet.com.ar\/sitio\/2016\/08\/04\/oficialmente-santo\/#breadcrumb"},"inLanguage":"es","potentialAction":[{"@type":"ReadAction","target":["https:\/\/gentedebasquet.com.ar\/sitio\/2016\/08\/04\/oficialmente-santo\/"]}]},{"@type":"ImageObject","inLanguage":"es","@id":"https:\/\/gentedebasquet.com.ar\/sitio\/2016\/08\/04\/oficialmente-santo\/#primaryimage","url":"https:\/\/gentedebasquet.com.ar\/sitio\/wp-content\/uploads\/2016\/08\/bscap0004.jpg","contentUrl":"https:\/\/gentedebasquet.com.ar\/sitio\/wp-content\/uploads\/2016\/08\/bscap0004.jpg","width":690,"height":319},{"@type":"BreadcrumbList","@id":"https:\/\/gentedebasquet.com.ar\/sitio\/2016\/08\/04\/oficialmente-santo\/#breadcrumb","itemListElement":[{"@type":"ListItem","position":1,"name":"Portada","item":"https:\/\/gentedebasquet.com.ar\/sitio\/"},{"@type":"ListItem","position":2,"name":"Oficialmente Santo"}]},{"@type":"WebSite","@id":"https:\/\/gentedebasquet.com.ar\/sitio\/#website","url":"https:\/\/gentedebasquet.com.ar\/sitio\/","name":"Gente de B\u00e1squet","description":"La revista del basquet de Bah\u00eda Blanca","potentialAction":[{"@type":"SearchAction","target":{"@type":"EntryPoint","urlTemplate":"https:\/\/gentedebasquet.com.ar\/sitio\/?s={search_term_string}"},"query-input":{"@type":"PropertyValueSpecification","valueRequired":true,"valueName":"search_term_string"}}],"inLanguage":"es"},{"@type":"Person","@id":"https:\/\/gentedebasquet.com.ar\/sitio\/#\/schema\/person\/ca0b63bbb977369988a7bbbdc519943a","name":"Gente de B\u00e1squet","image":{"@type":"ImageObject","inLanguage":"es","@id":"https:\/\/secure.gravatar.com\/avatar\/7f2c48bdc33b30088f941fb6082e555f2874c98e20cb159d7b92b50eadfce793?s=96&d=mm&r=g","url":"https:\/\/secure.gravatar.com\/avatar\/7f2c48bdc33b30088f941fb6082e555f2874c98e20cb159d7b92b50eadfce793?s=96&d=mm&r=g","contentUrl":"https:\/\/secure.gravatar.com\/avatar\/7f2c48bdc33b30088f941fb6082e555f2874c98e20cb159d7b92b50eadfce793?s=96&d=mm&r=g","caption":"Gente de B\u00e1squet"},"sameAs":["http:\/\/gentedebasquet.com.ar\/sitio"],"url":"https:\/\/gentedebasquet.com.ar\/sitio\/author\/ulises\/"}]}},"_links":{"self":[{"href":"https:\/\/gentedebasquet.com.ar\/sitio\/wp-json\/wp\/v2\/posts\/62795","targetHints":{"allow":["GET"]}}],"collection":[{"href":"https:\/\/gentedebasquet.com.ar\/sitio\/wp-json\/wp\/v2\/posts"}],"about":[{"href":"https:\/\/gentedebasquet.com.ar\/sitio\/wp-json\/wp\/v2\/types\/post"}],"author":[{"embeddable":true,"href":"https:\/\/gentedebasquet.com.ar\/sitio\/wp-json\/wp\/v2\/users\/1"}],"replies":[{"embeddable":true,"href":"https:\/\/gentedebasquet.com.ar\/sitio\/wp-json\/wp\/v2\/comments?post=62795"}],"version-history":[{"count":0,"href":"https:\/\/gentedebasquet.com.ar\/sitio\/wp-json\/wp\/v2\/posts\/62795\/revisions"}],"wp:featuredmedia":[{"embeddable":true,"href":"https:\/\/gentedebasquet.com.ar\/sitio\/wp-json\/wp\/v2\/media\/62800"}],"wp:attachment":[{"href":"https:\/\/gentedebasquet.com.ar\/sitio\/wp-json\/wp\/v2\/media?parent=62795"}],"wp:term":[{"taxonomy":"category","embeddable":true,"href":"https:\/\/gentedebasquet.com.ar\/sitio\/wp-json\/wp\/v2\/categories?post=62795"},{"taxonomy":"post_tag","embeddable":true,"href":"https:\/\/gentedebasquet.com.ar\/sitio\/wp-json\/wp\/v2\/tags?post=62795"}],"curies":[{"name":"wp","href":"https:\/\/api.w.org\/{rel}","templated":true}]}}