{"id":62871,"date":"2016-08-06T01:02:19","date_gmt":"2016-08-06T04:02:19","guid":{"rendered":"http:\/\/www.gentedebasquet.com.ar\/?p=62871"},"modified":"2016-08-06T01:02:19","modified_gmt":"2016-08-06T04:02:19","slug":"arranque-veloz","status":"publish","type":"post","link":"https:\/\/gentedebasquet.com.ar\/sitio\/2016\/08\/06\/arranque-veloz\/","title":{"rendered":"Arranque Veloz"},"content":{"rendered":"<p><strong>En la apertura del Torneo Oficial, Velocidad y Resistencia se hizo de un duro triunfo\u00a0 en un partido caliente (60 faltas en total) como local sobre Independiente por 89-80.\u00a0 Alan Grill con 22 puntos, Sebasti\u00e1n Susbielles (21) y Cristian Bisterfeld(17 y 15 rebotes) fueron las figuras del conjunto de Mauricio Vago.\u00a0 Por la visita, no alcanz\u00f3 con los 21 de Sebasti\u00e1n Branciforte.<\/strong><\/p>\n<p>Con la fricci\u00f3n que los guardias de ambos equipos propusieron en defensa, el juego interno fue el que predomin\u00f3 en el 1C.\u00a0 Sin generar puntos en sus perimetrales, a Velocidad le tuvo que bastar con la tarea de Bisterfeld en la pintura (4 puntos y 3 rebotes) m\u00e1s Fris\u00f3n (7) conectando desde afuera.\u00a0 Pero quien domin\u00f3 bajo el aro fue Banchero (8) y secundado por \u00c9rcoli desde afuera (5) permiti\u00f3 al Viola cerrar arriba el 1C (16-20).<\/p>\n<p>Pero en el 2C, Velocidad aplic\u00f3 mejor su juego.\u00a0 Alternando defensas zonales (2-3 y 3-2) sec\u00f3 el ataque de Independiente (1-7 de campo en 6m) y corriendo la cancha, con un inspirado Susbielles (10 y 3 asistencias), el local meti\u00f3 parcial de 23-12 sobre el cierre de la primera mitad, para irse arriba al descanso largo (44-40).<\/p>\n<blockquote><p>Entramos un poco blandos en defensa, pero cuando pasamos a defender en zona anulamos el juego perimetral de ellos (por Independiente) y se nos dieron mejores resultados en ataque. \u00a0A pesar del cierre ajustado, la ventaja que sacamos en el 3C nos sirvi\u00f3 para ganar el partido (Mauricio Vago)<\/p><\/blockquote>\n<p>Con la misma t\u00f3nica, Velocidad aprovech\u00f3 un gran pasaje de Grill (10, 2-3 en t3) jugando el 1v1.\u00a0 Independiente hizo fuerza atacando el rebote ofensivo pero no fue eficiente en la l\u00ednea de libres (9-16) ni de campo (4-12) y permiti\u00f3 una importante ventaja al local\u00a0 (60-48).<\/p>\n<p>Pero el Viola no se estir\u00f3 a menos, y castigando desde el per\u00edmetro ( dos triples de \u00c9rcoli y dos de Branciforte) se puso debajo por la m\u00ednima.\u00a0 Aunque luego de esa r\u00e1faga, comenz\u00f3 a perder soldados por cinco faltas (Branciforte y Banchero) y Velocidad, volviendo a la base del 2C (correr y tirar) cont\u00f3 con un enorme cierre de Susbielles en ambos costados (8 puntos con dos triples y 4 rebotes defensivos) y con un par de corridas, el local recuper\u00f3 doble d\u00edgito de ventaja (85-75 a falta de 1m) para asegurarse la victoria.<\/p>\n<p>&nbsp;<\/p>\n<p>[youtube]https:\/\/youtu.be\/p7Ju4C0cBEg[\/youtube]<\/p>\n<p>&nbsp;<\/p>\n<p><strong>S\u00edntesis| Segunda divisi\u00f3n &#8211; Oficial &#8211; Fecha #1<\/strong><\/p>\n<p><strong>Velocidad 89: <\/strong>Sebasti\u00e1n Susbielles 21, Manuel Sacrist\u00e1n 8, Alan Grill 22 (x), Ignacio Fris\u00f3n 17, Cristiam Bisterfeld 17 (x) (FI); Sim\u00f3n Delucchi 0, Leandro Pirul 0, Cristi\u00e1n Garc\u00eda 0, Franco Mastandrea 0, Esteban Richotti 4.\u00a0 D.T: Mauricio Vago.<\/p>\n<p><strong>Independiente 80: <\/strong>Sebasti\u00e1n Branciforte 21 (x), Ignacio \u00c9rcoli 16, Agust\u00edn Almir\u00f3n 11, Mauro Insaurralde 2, Gustavo Banchero 10 (x) (FI); Emiliano Men\u00e9ndez 0 (x), Santiago Ribes 0, Uriel Mart\u00ednez 9 (x) Juan Garc\u00eda 8 (x), Juan Ignacio Scatalini 3.\u00a0 D.T: Mauro Insaurralde.<\/p>\n<p><strong>Parciales: <\/strong>16-20, 44-40, 64-57.<\/p>\n<p><strong>\u00c1rbitros: <\/strong>Eduardo Ferreyra &#8211; Marcelo Gordillo.<\/p>\n<p><strong>Estadio: <\/strong>Pedro\u00a0S\u00e1nchez (Velocidad).<\/p>\n<p><a class=\"modalf iframe\" title=\"Planilla\" href=\"https:\/\/docs.google.com\/spreadsheets\/d\/1BSwI8CEBuDlPgW3vIKwnH4Aau_El6p-1DR-nFrExVAo\/pubhtml\">Ver Planilla<\/a><\/p>\n","protected":false},"excerpt":{"rendered":"<p>Velocidad derrot\u00f3 a Independiente 89 a 80 en el comienzo del Oficial en Segunda.<\/p>\n","protected":false},"author":1,"featured_media":62875,"comment_status":"closed","ping_status":"open","sticky":false,"template":"","format":"standard","meta":{"jnews-multi-image_gallery":[],"jnews_single_post":[],"jnews_primary_category":[],"footnotes":""},"categories":[25,101],"tags":[206,1107,659,12,586,588,21],"class_list":["post-62871","post","type-post","status-publish","format-standard","has-post-thumbnail","hentry","category-segunda","category-slide","tag-alan-grill","tag-cristian-bisterfeld","tag-ignacio-ercoli","tag-independiente","tag-sebastian-branciforte","tag-sebastian-susbielles","tag-velocidad"],"yoast_head":"<!-- This site is optimized with the Yoast SEO plugin v27.5 - https:\/\/yoast.com\/product\/yoast-seo-wordpress\/ -->\n<title>Arranque Veloz - Gente de B\u00e1squet<\/title>\n<meta name=\"robots\" content=\"index, follow, max-snippet:-1, max-image-preview:large, max-video-preview:-1\" \/>\n<link rel=\"canonical\" href=\"http:\/\/gentedebasquet.com.ar\/sitio\/2016\/08\/06\/arranque-veloz\/\" \/>\n<meta property=\"og:locale\" content=\"es_ES\" \/>\n<meta property=\"og:type\" content=\"article\" \/>\n<meta property=\"og:title\" content=\"Arranque Veloz - Gente de B\u00e1squet\" \/>\n<meta property=\"og:description\" content=\"Velocidad derrot\u00f3 a Independiente 89 a 80 en el comienzo del Oficial en Segunda.\" \/>\n<meta property=\"og:url\" content=\"http:\/\/gentedebasquet.com.ar\/sitio\/2016\/08\/06\/arranque-veloz\/\" \/>\n<meta property=\"og:site_name\" content=\"Gente de B\u00e1squet\" \/>\n<meta property=\"article:published_time\" content=\"2016-08-06T04:02:19+00:00\" \/>\n<meta property=\"og:image\" content=\"http:\/\/gentedebasquet.com.ar\/sitio\/wp-content\/uploads\/2016\/08\/Bisterfeld-v-Velocidad.jpg\" \/>\n\t<meta property=\"og:image:width\" content=\"690\" \/>\n\t<meta property=\"og:image:height\" content=\"319\" \/>\n\t<meta property=\"og:image:type\" content=\"image\/jpeg\" \/>\n<meta name=\"author\" content=\"Gente de B\u00e1squet\" \/>\n<meta name=\"twitter:card\" content=\"summary_large_image\" \/>\n<meta name=\"twitter:label1\" content=\"Escrito por\" \/>\n\t<meta name=\"twitter:data1\" content=\"Gente de B\u00e1squet\" \/>\n\t<meta name=\"twitter:label2\" content=\"Tiempo de lectura\" \/>\n\t<meta name=\"twitter:data2\" content=\"2 minutos\" \/>\n<script type=\"application\/ld+json\" class=\"yoast-schema-graph\">{\"@context\":\"https:\\\/\\\/schema.org\",\"@graph\":[{\"@type\":\"Article\",\"@id\":\"http:\\\/\\\/gentedebasquet.com.ar\\\/sitio\\\/2016\\\/08\\\/06\\\/arranque-veloz\\\/#article\",\"isPartOf\":{\"@id\":\"http:\\\/\\\/gentedebasquet.com.ar\\\/sitio\\\/2016\\\/08\\\/06\\\/arranque-veloz\\\/\"},\"author\":{\"name\":\"Gente de B\u00e1squet\",\"@id\":\"https:\\\/\\\/gentedebasquet.com.ar\\\/sitio\\\/#\\\/schema\\\/person\\\/ca0b63bbb977369988a7bbbdc519943a\"},\"headline\":\"Arranque Veloz\",\"datePublished\":\"2016-08-06T04:02:19+00:00\",\"mainEntityOfPage\":{\"@id\":\"http:\\\/\\\/gentedebasquet.com.ar\\\/sitio\\\/2016\\\/08\\\/06\\\/arranque-veloz\\\/\"},\"wordCount\":493,\"image\":{\"@id\":\"http:\\\/\\\/gentedebasquet.com.ar\\\/sitio\\\/2016\\\/08\\\/06\\\/arranque-veloz\\\/#primaryimage\"},\"thumbnailUrl\":\"https:\\\/\\\/gentedebasquet.com.ar\\\/sitio\\\/wp-content\\\/uploads\\\/2016\\\/08\\\/Bisterfeld-v-Velocidad.jpg\",\"keywords\":[\"Alan Grill\",\"Cristian Bisterfeld\",\"Ignacio Ercoli\",\"independiente\",\"Sebasti\u00e1n Branciforte\",\"Sebasti\u00e1n Susbielles\",\"Velocidad\"],\"articleSection\":[\"Segunda\",\"Slide\"],\"inLanguage\":\"es\"},{\"@type\":\"WebPage\",\"@id\":\"http:\\\/\\\/gentedebasquet.com.ar\\\/sitio\\\/2016\\\/08\\\/06\\\/arranque-veloz\\\/\",\"url\":\"http:\\\/\\\/gentedebasquet.com.ar\\\/sitio\\\/2016\\\/08\\\/06\\\/arranque-veloz\\\/\",\"name\":\"Arranque Veloz - Gente de B\u00e1squet\",\"isPartOf\":{\"@id\":\"https:\\\/\\\/gentedebasquet.com.ar\\\/sitio\\\/#website\"},\"primaryImageOfPage\":{\"@id\":\"http:\\\/\\\/gentedebasquet.com.ar\\\/sitio\\\/2016\\\/08\\\/06\\\/arranque-veloz\\\/#primaryimage\"},\"image\":{\"@id\":\"http:\\\/\\\/gentedebasquet.com.ar\\\/sitio\\\/2016\\\/08\\\/06\\\/arranque-veloz\\\/#primaryimage\"},\"thumbnailUrl\":\"https:\\\/\\\/gentedebasquet.com.ar\\\/sitio\\\/wp-content\\\/uploads\\\/2016\\\/08\\\/Bisterfeld-v-Velocidad.jpg\",\"datePublished\":\"2016-08-06T04:02:19+00:00\",\"author\":{\"@id\":\"https:\\\/\\\/gentedebasquet.com.ar\\\/sitio\\\/#\\\/schema\\\/person\\\/ca0b63bbb977369988a7bbbdc519943a\"},\"breadcrumb\":{\"@id\":\"http:\\\/\\\/gentedebasquet.com.ar\\\/sitio\\\/2016\\\/08\\\/06\\\/arranque-veloz\\\/#breadcrumb\"},\"inLanguage\":\"es\",\"potentialAction\":[{\"@type\":\"ReadAction\",\"target\":[\"http:\\\/\\\/gentedebasquet.com.ar\\\/sitio\\\/2016\\\/08\\\/06\\\/arranque-veloz\\\/\"]}]},{\"@type\":\"ImageObject\",\"inLanguage\":\"es\",\"@id\":\"http:\\\/\\\/gentedebasquet.com.ar\\\/sitio\\\/2016\\\/08\\\/06\\\/arranque-veloz\\\/#primaryimage\",\"url\":\"https:\\\/\\\/gentedebasquet.com.ar\\\/sitio\\\/wp-content\\\/uploads\\\/2016\\\/08\\\/Bisterfeld-v-Velocidad.jpg\",\"contentUrl\":\"https:\\\/\\\/gentedebasquet.com.ar\\\/sitio\\\/wp-content\\\/uploads\\\/2016\\\/08\\\/Bisterfeld-v-Velocidad.jpg\",\"width\":690,\"height\":319},{\"@type\":\"BreadcrumbList\",\"@id\":\"http:\\\/\\\/gentedebasquet.com.ar\\\/sitio\\\/2016\\\/08\\\/06\\\/arranque-veloz\\\/#breadcrumb\",\"itemListElement\":[{\"@type\":\"ListItem\",\"position\":1,\"name\":\"Portada\",\"item\":\"https:\\\/\\\/gentedebasquet.com.ar\\\/sitio\\\/\"},{\"@type\":\"ListItem\",\"position\":2,\"name\":\"Arranque Veloz\"}]},{\"@type\":\"WebSite\",\"@id\":\"https:\\\/\\\/gentedebasquet.com.ar\\\/sitio\\\/#website\",\"url\":\"https:\\\/\\\/gentedebasquet.com.ar\\\/sitio\\\/\",\"name\":\"Gente de B\u00e1squet\",\"description\":\"La revista del basquet de Bah\u00eda Blanca\",\"potentialAction\":[{\"@type\":\"SearchAction\",\"target\":{\"@type\":\"EntryPoint\",\"urlTemplate\":\"https:\\\/\\\/gentedebasquet.com.ar\\\/sitio\\\/?s={search_term_string}\"},\"query-input\":{\"@type\":\"PropertyValueSpecification\",\"valueRequired\":true,\"valueName\":\"search_term_string\"}}],\"inLanguage\":\"es\"},{\"@type\":\"Person\",\"@id\":\"https:\\\/\\\/gentedebasquet.com.ar\\\/sitio\\\/#\\\/schema\\\/person\\\/ca0b63bbb977369988a7bbbdc519943a\",\"name\":\"Gente de B\u00e1squet\",\"image\":{\"@type\":\"ImageObject\",\"inLanguage\":\"es\",\"@id\":\"https:\\\/\\\/secure.gravatar.com\\\/avatar\\\/7f2c48bdc33b30088f941fb6082e555f2874c98e20cb159d7b92b50eadfce793?s=96&d=mm&r=g\",\"url\":\"https:\\\/\\\/secure.gravatar.com\\\/avatar\\\/7f2c48bdc33b30088f941fb6082e555f2874c98e20cb159d7b92b50eadfce793?s=96&d=mm&r=g\",\"contentUrl\":\"https:\\\/\\\/secure.gravatar.com\\\/avatar\\\/7f2c48bdc33b30088f941fb6082e555f2874c98e20cb159d7b92b50eadfce793?s=96&d=mm&r=g\",\"caption\":\"Gente de B\u00e1squet\"},\"sameAs\":[\"http:\\\/\\\/gentedebasquet.com.ar\\\/sitio\"],\"url\":\"https:\\\/\\\/gentedebasquet.com.ar\\\/sitio\\\/author\\\/ulises\\\/\"}]}<\/script>\n<!-- \/ Yoast SEO plugin. -->","yoast_head_json":{"title":"Arranque Veloz - Gente de B\u00e1squet","robots":{"index":"index","follow":"follow","max-snippet":"max-snippet:-1","max-image-preview":"max-image-preview:large","max-video-preview":"max-video-preview:-1"},"canonical":"http:\/\/gentedebasquet.com.ar\/sitio\/2016\/08\/06\/arranque-veloz\/","og_locale":"es_ES","og_type":"article","og_title":"Arranque Veloz - Gente de B\u00e1squet","og_description":"Velocidad derrot\u00f3 a Independiente 89 a 80 en el comienzo del Oficial en Segunda.","og_url":"http:\/\/gentedebasquet.com.ar\/sitio\/2016\/08\/06\/arranque-veloz\/","og_site_name":"Gente de B\u00e1squet","article_published_time":"2016-08-06T04:02:19+00:00","og_image":[{"width":690,"height":319,"url":"http:\/\/gentedebasquet.com.ar\/sitio\/wp-content\/uploads\/2016\/08\/Bisterfeld-v-Velocidad.jpg","type":"image\/jpeg"}],"author":"Gente de B\u00e1squet","twitter_card":"summary_large_image","twitter_misc":{"Escrito por":"Gente de B\u00e1squet","Tiempo de lectura":"2 minutos"},"schema":{"@context":"https:\/\/schema.org","@graph":[{"@type":"Article","@id":"http:\/\/gentedebasquet.com.ar\/sitio\/2016\/08\/06\/arranque-veloz\/#article","isPartOf":{"@id":"http:\/\/gentedebasquet.com.ar\/sitio\/2016\/08\/06\/arranque-veloz\/"},"author":{"name":"Gente de B\u00e1squet","@id":"https:\/\/gentedebasquet.com.ar\/sitio\/#\/schema\/person\/ca0b63bbb977369988a7bbbdc519943a"},"headline":"Arranque Veloz","datePublished":"2016-08-06T04:02:19+00:00","mainEntityOfPage":{"@id":"http:\/\/gentedebasquet.com.ar\/sitio\/2016\/08\/06\/arranque-veloz\/"},"wordCount":493,"image":{"@id":"http:\/\/gentedebasquet.com.ar\/sitio\/2016\/08\/06\/arranque-veloz\/#primaryimage"},"thumbnailUrl":"https:\/\/gentedebasquet.com.ar\/sitio\/wp-content\/uploads\/2016\/08\/Bisterfeld-v-Velocidad.jpg","keywords":["Alan Grill","Cristian Bisterfeld","Ignacio Ercoli","independiente","Sebasti\u00e1n Branciforte","Sebasti\u00e1n Susbielles","Velocidad"],"articleSection":["Segunda","Slide"],"inLanguage":"es"},{"@type":"WebPage","@id":"http:\/\/gentedebasquet.com.ar\/sitio\/2016\/08\/06\/arranque-veloz\/","url":"http:\/\/gentedebasquet.com.ar\/sitio\/2016\/08\/06\/arranque-veloz\/","name":"Arranque Veloz - Gente de B\u00e1squet","isPartOf":{"@id":"https:\/\/gentedebasquet.com.ar\/sitio\/#website"},"primaryImageOfPage":{"@id":"http:\/\/gentedebasquet.com.ar\/sitio\/2016\/08\/06\/arranque-veloz\/#primaryimage"},"image":{"@id":"http:\/\/gentedebasquet.com.ar\/sitio\/2016\/08\/06\/arranque-veloz\/#primaryimage"},"thumbnailUrl":"https:\/\/gentedebasquet.com.ar\/sitio\/wp-content\/uploads\/2016\/08\/Bisterfeld-v-Velocidad.jpg","datePublished":"2016-08-06T04:02:19+00:00","author":{"@id":"https:\/\/gentedebasquet.com.ar\/sitio\/#\/schema\/person\/ca0b63bbb977369988a7bbbdc519943a"},"breadcrumb":{"@id":"http:\/\/gentedebasquet.com.ar\/sitio\/2016\/08\/06\/arranque-veloz\/#breadcrumb"},"inLanguage":"es","potentialAction":[{"@type":"ReadAction","target":["http:\/\/gentedebasquet.com.ar\/sitio\/2016\/08\/06\/arranque-veloz\/"]}]},{"@type":"ImageObject","inLanguage":"es","@id":"http:\/\/gentedebasquet.com.ar\/sitio\/2016\/08\/06\/arranque-veloz\/#primaryimage","url":"https:\/\/gentedebasquet.com.ar\/sitio\/wp-content\/uploads\/2016\/08\/Bisterfeld-v-Velocidad.jpg","contentUrl":"https:\/\/gentedebasquet.com.ar\/sitio\/wp-content\/uploads\/2016\/08\/Bisterfeld-v-Velocidad.jpg","width":690,"height":319},{"@type":"BreadcrumbList","@id":"http:\/\/gentedebasquet.com.ar\/sitio\/2016\/08\/06\/arranque-veloz\/#breadcrumb","itemListElement":[{"@type":"ListItem","position":1,"name":"Portada","item":"https:\/\/gentedebasquet.com.ar\/sitio\/"},{"@type":"ListItem","position":2,"name":"Arranque Veloz"}]},{"@type":"WebSite","@id":"https:\/\/gentedebasquet.com.ar\/sitio\/#website","url":"https:\/\/gentedebasquet.com.ar\/sitio\/","name":"Gente de B\u00e1squet","description":"La revista del basquet de Bah\u00eda Blanca","potentialAction":[{"@type":"SearchAction","target":{"@type":"EntryPoint","urlTemplate":"https:\/\/gentedebasquet.com.ar\/sitio\/?s={search_term_string}"},"query-input":{"@type":"PropertyValueSpecification","valueRequired":true,"valueName":"search_term_string"}}],"inLanguage":"es"},{"@type":"Person","@id":"https:\/\/gentedebasquet.com.ar\/sitio\/#\/schema\/person\/ca0b63bbb977369988a7bbbdc519943a","name":"Gente de B\u00e1squet","image":{"@type":"ImageObject","inLanguage":"es","@id":"https:\/\/secure.gravatar.com\/avatar\/7f2c48bdc33b30088f941fb6082e555f2874c98e20cb159d7b92b50eadfce793?s=96&d=mm&r=g","url":"https:\/\/secure.gravatar.com\/avatar\/7f2c48bdc33b30088f941fb6082e555f2874c98e20cb159d7b92b50eadfce793?s=96&d=mm&r=g","contentUrl":"https:\/\/secure.gravatar.com\/avatar\/7f2c48bdc33b30088f941fb6082e555f2874c98e20cb159d7b92b50eadfce793?s=96&d=mm&r=g","caption":"Gente de B\u00e1squet"},"sameAs":["http:\/\/gentedebasquet.com.ar\/sitio"],"url":"https:\/\/gentedebasquet.com.ar\/sitio\/author\/ulises\/"}]}},"_links":{"self":[{"href":"https:\/\/gentedebasquet.com.ar\/sitio\/wp-json\/wp\/v2\/posts\/62871","targetHints":{"allow":["GET"]}}],"collection":[{"href":"https:\/\/gentedebasquet.com.ar\/sitio\/wp-json\/wp\/v2\/posts"}],"about":[{"href":"https:\/\/gentedebasquet.com.ar\/sitio\/wp-json\/wp\/v2\/types\/post"}],"author":[{"embeddable":true,"href":"https:\/\/gentedebasquet.com.ar\/sitio\/wp-json\/wp\/v2\/users\/1"}],"replies":[{"embeddable":true,"href":"https:\/\/gentedebasquet.com.ar\/sitio\/wp-json\/wp\/v2\/comments?post=62871"}],"version-history":[{"count":0,"href":"https:\/\/gentedebasquet.com.ar\/sitio\/wp-json\/wp\/v2\/posts\/62871\/revisions"}],"wp:featuredmedia":[{"embeddable":true,"href":"https:\/\/gentedebasquet.com.ar\/sitio\/wp-json\/wp\/v2\/media\/62875"}],"wp:attachment":[{"href":"https:\/\/gentedebasquet.com.ar\/sitio\/wp-json\/wp\/v2\/media?parent=62871"}],"wp:term":[{"taxonomy":"category","embeddable":true,"href":"https:\/\/gentedebasquet.com.ar\/sitio\/wp-json\/wp\/v2\/categories?post=62871"},{"taxonomy":"post_tag","embeddable":true,"href":"https:\/\/gentedebasquet.com.ar\/sitio\/wp-json\/wp\/v2\/tags?post=62871"}],"curies":[{"name":"wp","href":"https:\/\/api.w.org\/{rel}","templated":true}]}}