{"id":62900,"date":"2016-08-06T13:00:50","date_gmt":"2016-08-06T16:00:50","guid":{"rendered":"http:\/\/www.gentedebasquet.com.ar\/?p=62900"},"modified":"2016-08-06T13:00:50","modified_gmt":"2016-08-06T16:00:50","slug":"montecchia-estamos-todos-ilusionados","status":"publish","type":"post","link":"https:\/\/gentedebasquet.com.ar\/sitio\/2016\/08\/06\/montecchia-estamos-todos-ilusionados\/","title":{"rendered":"\u201cEstamos todos ilusionados\u201d"},"content":{"rendered":"<p><strong>Para los bahienses amantes del b\u00e1squetbol, Alejandro Montecchia es uno de nuestros h\u00e9roes. Cultor del perfil bajo y de pocas palabras, pero todo un Puma. En Atenas 2004 dio la vuelta ol\u00edmpica. Ahora, seguir\u00e1 a la Selecci\u00f3n con todo El Alma por TV.<\/strong><\/p>\n<p>Por estos d\u00edas, todo agosto de 2004 aparece como un fresco recuerdo en la memoria de Alejandro Montecchia, integrante del tr\u00edo bahiense dorado en los Juegos de Atenas. Aunque, indudablemente, aquel domingo 28 signific\u00f3 la gloria.<\/p>\n<p>\u201cLas sensaciones son diferentes. Vienen un mont\u00f3n de recuerdos y la ansiedad ante unos Juegos es muy grande, no s\u00f3lo por el b\u00e1squet\u201d, manifest\u00f3 el Puma (44 a\u00f1os), tambi\u00e9n subcampe\u00f3n mundial en 2002, donde la albiceleste le quit\u00f3 el invicto al Dream Team.<\/p>\n<p>\u201cLo vivo con mucha intensidad y trato de no perderme nada. Obviamente que, para m\u00ed, el b\u00e1squet es lo principal, pero trato de mirar todo lo que pueda\u201d, se sincer\u00f3 el actualmente asistente t\u00e9cnico de Bah\u00eda Basket.<\/p>\n<p><em>-Me imagino que cada a\u00f1o que pasa las im\u00e1genes son m\u00e1s relevantes. \u00bfCu\u00e1les record\u00e1s m\u00e1s?<\/em><\/p>\n<p>&#8211;<strong>El momento que me viene mucho a la mente es cuando est\u00e1 por terminar la final contra Italia. Con Pepe y Manu nos encontramos en la mitad de cancha, ya sabiendo que el oro era nuestro. Es una emoci\u00f3n muy grande. El resto, todo muy confuso, porque fue tanto el shock de querer abrazarme con todos, que realmente hace que te aparezcan flashes que no son recuerdos concretos<\/strong>. Pero pr\u00e1cticamente no retengo nada de eso. Me viene m\u00e1s a la cabeza las im\u00e1genes que uno ve ahora, que lo vivido ah\u00ed. Era todo muy loco (risas). Despu\u00e9s, estar en el podio viendo la bandera subir a lo m\u00e1s alto, m\u00e1s el himno, fue una emoci\u00f3n muy grande.<\/p>\n<p><em>-No hay registros en la historia de tres miembros de un equipo, nacidos en la misma ciudad, que sean medalla de oro.<\/em><\/p>\n<p>-No investigu\u00e9 al respecto, pero s\u00e9 que en el pa\u00eds y en una misma disciplina es muy dif\u00edcil que se repita. Adem\u00e1s, pr\u00e1cticamente, los tres surgidos del mismo club (Bahiense del Norte). Con Manu nos une una linda amistad desde chicos. Fue algo incre\u00edble y so\u00f1ado.<\/p>\n<p><em>-\u00bfViaj\u00e1s a R\u00edo de Janeiro?<\/em><\/p>\n<p>-No, me quedo. No lo program\u00e9. Y como me gusta mucho ver todo, estando all\u00e1 se complica&#8230; Hubiese estado lindo estar ah\u00ed, pero vi\u00e9ndolo por televisi\u00f3n tambi\u00e9n lo disfruto. Igual, una cosa es vivirlo como atleta y otra es estando afuera.<\/p>\n<p><em>-\u00bfC\u00f3mo cre\u00e9s que est\u00e1n los jugadores a horas del debut? Porque seguramente Manu lo estar\u00e1 viviendo de una manera diferente a Brussino, por ejemplo.<\/em><\/p>\n<p>-Seguramente. Manu est\u00e1 disfrutando al m\u00e1ximo de todo, sin perderse detalle porque sabe que es su \u00faltimo Juego. \u00c9l sabe muy bien lo que es vivir dentro de una Villa y las cosas de las que puede nutrirse, de convivir con atletas de otros pa\u00edses, m\u00e1s all\u00e1 de ser una figura notoria a nivel mundial. Ah\u00ed ten\u00e9s acceso a otros atletas y poder conversar con gente como Djokovic, por ejemplo. Y los j\u00f3venes, al ser su primera experiencia, me los imagino con los ojos bien abiertos y tratando de asimilar lo que pasa, porque cada d\u00eda se ve algo nuevo. Son sensaciones encontradas. Tambi\u00e9n deben tener el nerviosismo y la ansiedad de lo que significa representar al pa\u00eds en un juego ol\u00edmpico.<\/p>\n<p><em>-\u00bfTuviste contacto con Gin\u00f3bili en estos \u00faltimos d\u00edas?<\/em><\/p>\n<p>-Intercambiamos alg\u00fan que otro whats app cortito. Le pregunt\u00e9 qu\u00e9 tal estaban despu\u00e9s de los amistosos, suponiendo que las sensaciones del equipo ser\u00edan buenas. Y me respondi\u00f3 que s\u00ed, que eran demasiadas buenas teniendo en cuenta que, hist\u00f3ricamente, en las giras previas no nos iba tan bien y ahora tuvieron buenos resultados. Despu\u00e9s, hablamos sobre si estaba todo en orden en La Villa.<\/p>\n<p><em>-\u00bfEs ideal debutar con Nigeria o hubieras preferido un rival m\u00e1s poderoso?<\/em><\/p>\n<p>-Siempre prefiero un partido dif\u00edcil para empezar, porque te mete en competencia de una. Igualmente, no ser\u00e1 f\u00e1cil Nigeria. No sab\u00e9s c\u00f3mo van a reaccionar y si tienen un d\u00eda inspirado te pueden complicar much\u00edsimo. Son muy atl\u00e9ticos. Hubiese preferido un rival m\u00e1s directo, como Lituania o Croacia. Pero llega la hora de la verdad y se ver\u00e1 c\u00f3mo est\u00e1 el equipo. Los chicos entrar\u00e1n concentrados al cien por cien para que el partido no se complique en ning\u00fan momento. Estamos todos ilusionados con hagan un buen papel.<\/p>\n","protected":false},"excerpt":{"rendered":"<p>Montecchia es palabra autorizada, a horas del debut nacional<\/p>\n","protected":false},"author":51,"featured_media":62908,"comment_status":"closed","ping_status":"open","sticky":false,"template":"","format":"standard","meta":{"jnews-multi-image_gallery":[],"jnews_single_post":[],"jnews_primary_category":[],"footnotes":""},"categories":[1152,61,101],"tags":[169,720],"class_list":["post-62900","post","type-post","status-publish","format-standard","has-post-thumbnail","hentry","category-rio2016","category-selecciones-nacionales","category-slide","tag-alejandro-montecchia","tag-argentina"],"yoast_head":"<!-- This site is optimized with the Yoast SEO plugin v27.5 - https:\/\/yoast.com\/product\/yoast-seo-wordpress\/ -->\n<title>\u201cEstamos todos ilusionados\u201d - Gente de B\u00e1squet<\/title>\n<meta name=\"robots\" content=\"index, follow, max-snippet:-1, max-image-preview:large, max-video-preview:-1\" \/>\n<link rel=\"canonical\" href=\"https:\/\/gentedebasquet.com.ar\/sitio\/2016\/08\/06\/montecchia-estamos-todos-ilusionados\/\" \/>\n<meta property=\"og:locale\" content=\"es_ES\" \/>\n<meta property=\"og:type\" content=\"article\" \/>\n<meta property=\"og:title\" content=\"\u201cEstamos todos ilusionados\u201d - Gente de B\u00e1squet\" \/>\n<meta property=\"og:description\" content=\"Montecchia es palabra autorizada, a horas del debut nacional\" \/>\n<meta property=\"og:url\" content=\"https:\/\/gentedebasquet.com.ar\/sitio\/2016\/08\/06\/montecchia-estamos-todos-ilusionados\/\" \/>\n<meta property=\"og:site_name\" content=\"Gente de B\u00e1squet\" \/>\n<meta property=\"article:published_time\" content=\"2016-08-06T16:00:50+00:00\" \/>\n<meta property=\"og:image\" content=\"https:\/\/gentedebasquet.com.ar\/sitio\/wp-content\/uploads\/2016\/08\/13900868_1142824375761539_1422005636_n.jpg\" \/>\n\t<meta property=\"og:image:width\" content=\"690\" \/>\n\t<meta property=\"og:image:height\" content=\"320\" \/>\n\t<meta property=\"og:image:type\" content=\"image\/jpeg\" \/>\n<meta name=\"author\" content=\"Luciano Mutti\" \/>\n<meta name=\"twitter:card\" content=\"summary_large_image\" \/>\n<meta name=\"twitter:label1\" content=\"Escrito por\" \/>\n\t<meta name=\"twitter:data1\" content=\"Luciano Mutti\" \/>\n\t<meta name=\"twitter:label2\" content=\"Tiempo de lectura\" \/>\n\t<meta name=\"twitter:data2\" content=\"4 minutos\" \/>\n<script type=\"application\/ld+json\" class=\"yoast-schema-graph\">{\"@context\":\"https:\\\/\\\/schema.org\",\"@graph\":[{\"@type\":\"Article\",\"@id\":\"https:\\\/\\\/gentedebasquet.com.ar\\\/sitio\\\/2016\\\/08\\\/06\\\/montecchia-estamos-todos-ilusionados\\\/#article\",\"isPartOf\":{\"@id\":\"https:\\\/\\\/gentedebasquet.com.ar\\\/sitio\\\/2016\\\/08\\\/06\\\/montecchia-estamos-todos-ilusionados\\\/\"},\"author\":{\"name\":\"Luciano Mutti\",\"@id\":\"https:\\\/\\\/gentedebasquet.com.ar\\\/sitio\\\/#\\\/schema\\\/person\\\/f0396ea26034ae88f655b3d4792f5437\"},\"headline\":\"\u201cEstamos todos ilusionados\u201d\",\"datePublished\":\"2016-08-06T16:00:50+00:00\",\"mainEntityOfPage\":{\"@id\":\"https:\\\/\\\/gentedebasquet.com.ar\\\/sitio\\\/2016\\\/08\\\/06\\\/montecchia-estamos-todos-ilusionados\\\/\"},\"wordCount\":795,\"image\":{\"@id\":\"https:\\\/\\\/gentedebasquet.com.ar\\\/sitio\\\/2016\\\/08\\\/06\\\/montecchia-estamos-todos-ilusionados\\\/#primaryimage\"},\"thumbnailUrl\":\"https:\\\/\\\/gentedebasquet.com.ar\\\/sitio\\\/wp-content\\\/uploads\\\/2016\\\/08\\\/13900868_1142824375761539_1422005636_n.jpg\",\"keywords\":[\"Alejandro Montecchia\",\"Argentina\"],\"articleSection\":[\"#Rio2016\",\"Selecciones Nacionales\",\"Slide\"],\"inLanguage\":\"es\"},{\"@type\":\"WebPage\",\"@id\":\"https:\\\/\\\/gentedebasquet.com.ar\\\/sitio\\\/2016\\\/08\\\/06\\\/montecchia-estamos-todos-ilusionados\\\/\",\"url\":\"https:\\\/\\\/gentedebasquet.com.ar\\\/sitio\\\/2016\\\/08\\\/06\\\/montecchia-estamos-todos-ilusionados\\\/\",\"name\":\"\u201cEstamos todos ilusionados\u201d - Gente de B\u00e1squet\",\"isPartOf\":{\"@id\":\"https:\\\/\\\/gentedebasquet.com.ar\\\/sitio\\\/#website\"},\"primaryImageOfPage\":{\"@id\":\"https:\\\/\\\/gentedebasquet.com.ar\\\/sitio\\\/2016\\\/08\\\/06\\\/montecchia-estamos-todos-ilusionados\\\/#primaryimage\"},\"image\":{\"@id\":\"https:\\\/\\\/gentedebasquet.com.ar\\\/sitio\\\/2016\\\/08\\\/06\\\/montecchia-estamos-todos-ilusionados\\\/#primaryimage\"},\"thumbnailUrl\":\"https:\\\/\\\/gentedebasquet.com.ar\\\/sitio\\\/wp-content\\\/uploads\\\/2016\\\/08\\\/13900868_1142824375761539_1422005636_n.jpg\",\"datePublished\":\"2016-08-06T16:00:50+00:00\",\"author\":{\"@id\":\"https:\\\/\\\/gentedebasquet.com.ar\\\/sitio\\\/#\\\/schema\\\/person\\\/f0396ea26034ae88f655b3d4792f5437\"},\"breadcrumb\":{\"@id\":\"https:\\\/\\\/gentedebasquet.com.ar\\\/sitio\\\/2016\\\/08\\\/06\\\/montecchia-estamos-todos-ilusionados\\\/#breadcrumb\"},\"inLanguage\":\"es\",\"potentialAction\":[{\"@type\":\"ReadAction\",\"target\":[\"https:\\\/\\\/gentedebasquet.com.ar\\\/sitio\\\/2016\\\/08\\\/06\\\/montecchia-estamos-todos-ilusionados\\\/\"]}]},{\"@type\":\"ImageObject\",\"inLanguage\":\"es\",\"@id\":\"https:\\\/\\\/gentedebasquet.com.ar\\\/sitio\\\/2016\\\/08\\\/06\\\/montecchia-estamos-todos-ilusionados\\\/#primaryimage\",\"url\":\"https:\\\/\\\/gentedebasquet.com.ar\\\/sitio\\\/wp-content\\\/uploads\\\/2016\\\/08\\\/13900868_1142824375761539_1422005636_n.jpg\",\"contentUrl\":\"https:\\\/\\\/gentedebasquet.com.ar\\\/sitio\\\/wp-content\\\/uploads\\\/2016\\\/08\\\/13900868_1142824375761539_1422005636_n.jpg\",\"width\":690,\"height\":320},{\"@type\":\"BreadcrumbList\",\"@id\":\"https:\\\/\\\/gentedebasquet.com.ar\\\/sitio\\\/2016\\\/08\\\/06\\\/montecchia-estamos-todos-ilusionados\\\/#breadcrumb\",\"itemListElement\":[{\"@type\":\"ListItem\",\"position\":1,\"name\":\"Portada\",\"item\":\"https:\\\/\\\/gentedebasquet.com.ar\\\/sitio\\\/\"},{\"@type\":\"ListItem\",\"position\":2,\"name\":\"\u201cEstamos todos ilusionados\u201d\"}]},{\"@type\":\"WebSite\",\"@id\":\"https:\\\/\\\/gentedebasquet.com.ar\\\/sitio\\\/#website\",\"url\":\"https:\\\/\\\/gentedebasquet.com.ar\\\/sitio\\\/\",\"name\":\"Gente de B\u00e1squet\",\"description\":\"La revista del basquet de Bah\u00eda Blanca\",\"potentialAction\":[{\"@type\":\"SearchAction\",\"target\":{\"@type\":\"EntryPoint\",\"urlTemplate\":\"https:\\\/\\\/gentedebasquet.com.ar\\\/sitio\\\/?s={search_term_string}\"},\"query-input\":{\"@type\":\"PropertyValueSpecification\",\"valueRequired\":true,\"valueName\":\"search_term_string\"}}],\"inLanguage\":\"es\"},{\"@type\":\"Person\",\"@id\":\"https:\\\/\\\/gentedebasquet.com.ar\\\/sitio\\\/#\\\/schema\\\/person\\\/f0396ea26034ae88f655b3d4792f5437\",\"name\":\"Luciano Mutti\",\"image\":{\"@type\":\"ImageObject\",\"inLanguage\":\"es\",\"@id\":\"https:\\\/\\\/secure.gravatar.com\\\/avatar\\\/848a57ae19cdeca5b0b8a1b4daba98abd3b95ef1add01cc5b02ce331e4ea8fd5?s=96&d=mm&r=g\",\"url\":\"https:\\\/\\\/secure.gravatar.com\\\/avatar\\\/848a57ae19cdeca5b0b8a1b4daba98abd3b95ef1add01cc5b02ce331e4ea8fd5?s=96&d=mm&r=g\",\"contentUrl\":\"https:\\\/\\\/secure.gravatar.com\\\/avatar\\\/848a57ae19cdeca5b0b8a1b4daba98abd3b95ef1add01cc5b02ce331e4ea8fd5?s=96&d=mm&r=g\",\"caption\":\"Luciano Mutti\"},\"url\":\"https:\\\/\\\/gentedebasquet.com.ar\\\/sitio\\\/author\\\/luciano-mutti\\\/\"}]}<\/script>\n<!-- \/ Yoast SEO plugin. -->","yoast_head_json":{"title":"\u201cEstamos todos ilusionados\u201d - Gente de B\u00e1squet","robots":{"index":"index","follow":"follow","max-snippet":"max-snippet:-1","max-image-preview":"max-image-preview:large","max-video-preview":"max-video-preview:-1"},"canonical":"https:\/\/gentedebasquet.com.ar\/sitio\/2016\/08\/06\/montecchia-estamos-todos-ilusionados\/","og_locale":"es_ES","og_type":"article","og_title":"\u201cEstamos todos ilusionados\u201d - Gente de B\u00e1squet","og_description":"Montecchia es palabra autorizada, a horas del debut nacional","og_url":"https:\/\/gentedebasquet.com.ar\/sitio\/2016\/08\/06\/montecchia-estamos-todos-ilusionados\/","og_site_name":"Gente de B\u00e1squet","article_published_time":"2016-08-06T16:00:50+00:00","og_image":[{"width":690,"height":320,"url":"https:\/\/gentedebasquet.com.ar\/sitio\/wp-content\/uploads\/2016\/08\/13900868_1142824375761539_1422005636_n.jpg","type":"image\/jpeg"}],"author":"Luciano Mutti","twitter_card":"summary_large_image","twitter_misc":{"Escrito por":"Luciano Mutti","Tiempo de lectura":"4 minutos"},"schema":{"@context":"https:\/\/schema.org","@graph":[{"@type":"Article","@id":"https:\/\/gentedebasquet.com.ar\/sitio\/2016\/08\/06\/montecchia-estamos-todos-ilusionados\/#article","isPartOf":{"@id":"https:\/\/gentedebasquet.com.ar\/sitio\/2016\/08\/06\/montecchia-estamos-todos-ilusionados\/"},"author":{"name":"Luciano Mutti","@id":"https:\/\/gentedebasquet.com.ar\/sitio\/#\/schema\/person\/f0396ea26034ae88f655b3d4792f5437"},"headline":"\u201cEstamos todos ilusionados\u201d","datePublished":"2016-08-06T16:00:50+00:00","mainEntityOfPage":{"@id":"https:\/\/gentedebasquet.com.ar\/sitio\/2016\/08\/06\/montecchia-estamos-todos-ilusionados\/"},"wordCount":795,"image":{"@id":"https:\/\/gentedebasquet.com.ar\/sitio\/2016\/08\/06\/montecchia-estamos-todos-ilusionados\/#primaryimage"},"thumbnailUrl":"https:\/\/gentedebasquet.com.ar\/sitio\/wp-content\/uploads\/2016\/08\/13900868_1142824375761539_1422005636_n.jpg","keywords":["Alejandro Montecchia","Argentina"],"articleSection":["#Rio2016","Selecciones Nacionales","Slide"],"inLanguage":"es"},{"@type":"WebPage","@id":"https:\/\/gentedebasquet.com.ar\/sitio\/2016\/08\/06\/montecchia-estamos-todos-ilusionados\/","url":"https:\/\/gentedebasquet.com.ar\/sitio\/2016\/08\/06\/montecchia-estamos-todos-ilusionados\/","name":"\u201cEstamos todos ilusionados\u201d - Gente de B\u00e1squet","isPartOf":{"@id":"https:\/\/gentedebasquet.com.ar\/sitio\/#website"},"primaryImageOfPage":{"@id":"https:\/\/gentedebasquet.com.ar\/sitio\/2016\/08\/06\/montecchia-estamos-todos-ilusionados\/#primaryimage"},"image":{"@id":"https:\/\/gentedebasquet.com.ar\/sitio\/2016\/08\/06\/montecchia-estamos-todos-ilusionados\/#primaryimage"},"thumbnailUrl":"https:\/\/gentedebasquet.com.ar\/sitio\/wp-content\/uploads\/2016\/08\/13900868_1142824375761539_1422005636_n.jpg","datePublished":"2016-08-06T16:00:50+00:00","author":{"@id":"https:\/\/gentedebasquet.com.ar\/sitio\/#\/schema\/person\/f0396ea26034ae88f655b3d4792f5437"},"breadcrumb":{"@id":"https:\/\/gentedebasquet.com.ar\/sitio\/2016\/08\/06\/montecchia-estamos-todos-ilusionados\/#breadcrumb"},"inLanguage":"es","potentialAction":[{"@type":"ReadAction","target":["https:\/\/gentedebasquet.com.ar\/sitio\/2016\/08\/06\/montecchia-estamos-todos-ilusionados\/"]}]},{"@type":"ImageObject","inLanguage":"es","@id":"https:\/\/gentedebasquet.com.ar\/sitio\/2016\/08\/06\/montecchia-estamos-todos-ilusionados\/#primaryimage","url":"https:\/\/gentedebasquet.com.ar\/sitio\/wp-content\/uploads\/2016\/08\/13900868_1142824375761539_1422005636_n.jpg","contentUrl":"https:\/\/gentedebasquet.com.ar\/sitio\/wp-content\/uploads\/2016\/08\/13900868_1142824375761539_1422005636_n.jpg","width":690,"height":320},{"@type":"BreadcrumbList","@id":"https:\/\/gentedebasquet.com.ar\/sitio\/2016\/08\/06\/montecchia-estamos-todos-ilusionados\/#breadcrumb","itemListElement":[{"@type":"ListItem","position":1,"name":"Portada","item":"https:\/\/gentedebasquet.com.ar\/sitio\/"},{"@type":"ListItem","position":2,"name":"\u201cEstamos todos ilusionados\u201d"}]},{"@type":"WebSite","@id":"https:\/\/gentedebasquet.com.ar\/sitio\/#website","url":"https:\/\/gentedebasquet.com.ar\/sitio\/","name":"Gente de B\u00e1squet","description":"La revista del basquet de Bah\u00eda Blanca","potentialAction":[{"@type":"SearchAction","target":{"@type":"EntryPoint","urlTemplate":"https:\/\/gentedebasquet.com.ar\/sitio\/?s={search_term_string}"},"query-input":{"@type":"PropertyValueSpecification","valueRequired":true,"valueName":"search_term_string"}}],"inLanguage":"es"},{"@type":"Person","@id":"https:\/\/gentedebasquet.com.ar\/sitio\/#\/schema\/person\/f0396ea26034ae88f655b3d4792f5437","name":"Luciano Mutti","image":{"@type":"ImageObject","inLanguage":"es","@id":"https:\/\/secure.gravatar.com\/avatar\/848a57ae19cdeca5b0b8a1b4daba98abd3b95ef1add01cc5b02ce331e4ea8fd5?s=96&d=mm&r=g","url":"https:\/\/secure.gravatar.com\/avatar\/848a57ae19cdeca5b0b8a1b4daba98abd3b95ef1add01cc5b02ce331e4ea8fd5?s=96&d=mm&r=g","contentUrl":"https:\/\/secure.gravatar.com\/avatar\/848a57ae19cdeca5b0b8a1b4daba98abd3b95ef1add01cc5b02ce331e4ea8fd5?s=96&d=mm&r=g","caption":"Luciano Mutti"},"url":"https:\/\/gentedebasquet.com.ar\/sitio\/author\/luciano-mutti\/"}]}},"_links":{"self":[{"href":"https:\/\/gentedebasquet.com.ar\/sitio\/wp-json\/wp\/v2\/posts\/62900","targetHints":{"allow":["GET"]}}],"collection":[{"href":"https:\/\/gentedebasquet.com.ar\/sitio\/wp-json\/wp\/v2\/posts"}],"about":[{"href":"https:\/\/gentedebasquet.com.ar\/sitio\/wp-json\/wp\/v2\/types\/post"}],"author":[{"embeddable":true,"href":"https:\/\/gentedebasquet.com.ar\/sitio\/wp-json\/wp\/v2\/users\/51"}],"replies":[{"embeddable":true,"href":"https:\/\/gentedebasquet.com.ar\/sitio\/wp-json\/wp\/v2\/comments?post=62900"}],"version-history":[{"count":0,"href":"https:\/\/gentedebasquet.com.ar\/sitio\/wp-json\/wp\/v2\/posts\/62900\/revisions"}],"wp:featuredmedia":[{"embeddable":true,"href":"https:\/\/gentedebasquet.com.ar\/sitio\/wp-json\/wp\/v2\/media\/62908"}],"wp:attachment":[{"href":"https:\/\/gentedebasquet.com.ar\/sitio\/wp-json\/wp\/v2\/media?parent=62900"}],"wp:term":[{"taxonomy":"category","embeddable":true,"href":"https:\/\/gentedebasquet.com.ar\/sitio\/wp-json\/wp\/v2\/categories?post=62900"},{"taxonomy":"post_tag","embeddable":true,"href":"https:\/\/gentedebasquet.com.ar\/sitio\/wp-json\/wp\/v2\/tags?post=62900"}],"curies":[{"name":"wp","href":"https:\/\/api.w.org\/{rel}","templated":true}]}}