{"id":62981,"date":"2016-08-10T02:01:41","date_gmt":"2016-08-10T05:01:41","guid":{"rendered":"http:\/\/www.gentedebasquet.com.ar\/?p=62981"},"modified":"2016-08-10T02:01:41","modified_gmt":"2016-08-10T05:01:41","slug":"lo-ataco-con-su-defensa","status":"publish","type":"post","link":"https:\/\/gentedebasquet.com.ar\/sitio\/2016\/08\/10\/lo-ataco-con-su-defensa\/","title":{"rendered":"Lo atac\u00f3 con su defensa"},"content":{"rendered":"<p><strong>La Falda se impuso sobre Sportivo 79 a 57\u00a0en lo que signific\u00f3 su primer encuentro en este torneo Oficial, luego de haber tenido jornada de descanso en la primera fecha. Con una f\u00e9rrea defensa y alternando los momentos ofensivos de cada elemento, supo golpear en los momentos claves para doblegar a un rival que extra\u00f1\u00f3 a Joaqu\u00edn Tuero (dolencia en su rodilla). Federico Vilouta (16, 10 en 2C) y Sebasti\u00e1n Cinti (15, 13 en 3C) fueron los principales anotadores en un elenco que registr\u00f3 cinco jugadores en dobles d\u00edgitos. Mientras que Lucas Iriarte (14) y Mart\u00edn Villoldo (11) fueron los m\u00e1s efectivos por Sportivo.<\/strong><\/p>\n<p>Luego de un intenso arranque de Lucas Iriarte (6), donde Sportivo manej\u00f3 los tiempos de juego; La Falda fue ajustando las defensas, sin permitir rompimientos f\u00e1ciles hacia el cesto. En ataque prioriz\u00f3 el contraataque con Rodr\u00edguez (6) y cuando tuvo que trabajar las ofensivas, Lan (5) fue una alternativa confiable. El rival fue perdiendo solidez y registr\u00f3 4\/20 TC m\u00e1s varias imprecisiones aunque de todas maneras se las ingeni\u00f3 para cerrar al frente el primer chico.<\/p>\n<p>Alternando defensas (zona e individual) pero presionando y doblando el bal\u00f3n en los v\u00e9rtices logr\u00f3 irse armando el escenario que m\u00e1s le conven\u00eda, dado que ante la ausencia de Tuero, su base titular (con una dolencia en su rodilla), a Sportivo le cost\u00f3 encontrar un funcionamiento colectivo similar a lo demostrado en los playoffs. Iriarte (6) sigui\u00f3 siendo la carta m\u00e1s alta que mostr\u00f3 el visitante, aunque sacando r\u00e9dito de su din\u00e1mica; mientras que los ingresos de Vilouta (10) y Gim\u00e9nez (6) en la vereda de enfrente fueron fundamentales para cambiarle la cara a las ofensivas, las que se caracterizaron por una buena circulaci\u00f3n del bal\u00f3n (6 asistencias). En definitiva La Falda quebr\u00f3 a su favor el desarrollo del juego.<\/p>\n<blockquote><p>\u201cLa principal virtud nuestra es que volvimos a ser intensos en defensa, dejando al rival en 57 puntos; ya que ofensivamente anotamos lo que ven\u00edamos produciendo. Somos conscientes que si nos mantenemos fuertes atr\u00e1s tendremos mayores posibilidades de ganar. En lo personal me sent\u00ed muy bien, sin dolor ni molestias f\u00edsicas; aunque ahora tengo que elongar bien ponerme un poco de hielo por prevenci\u00f3n.\u201d (Nicol\u00e1s Leguizam\u00f3n).<\/p><\/blockquote>\n<p>A la vuelta del vestuario Lafa cont\u00f3 con un protagonismo importante de Cinti (13, tir\u00f3 para 15); quien fue la principal apuesta para salir r\u00e1pido de contra ante la baja efectividad del rival desde el per\u00edmetro (1\/6 T3); para manejar la ventaja con tranquilidad. Algo que pudo continuar aceitando en el \u00faltimo cuarto a pesar de las 9 p\u00e9rdidas que registr\u00f3, dado que con las buenas actuaciones de Rodr\u00edguez y Lipinski (5 asistencias) el due\u00f1o de casa pudo circular con gran criterio el bal\u00f3n, alimentando al jugador mejor ubicado. All\u00ed Leguizam\u00f3n (10) calent\u00f3 la mano para dejar sin respuestas a un Sportivo que volvi\u00f3 a registrar bajos porcentajes en sus lanzamientos (3\/14 TC).<\/p>\n<p>&nbsp;<\/p>\n<p>[vimeo]http:\/\/vimeo.com\/ 178288219 [\/vimeo]<\/p>\n<p>&nbsp;<\/p>\n<p><strong>S\u00edntesis |\u00a0<\/strong>Segunda Divisi\u00f3n \u2013 Oficial &#8211; Fecha #1<\/p>\n<p><strong>La Falda 79:<\/strong>\u00a0Juli\u00e1n Rodr\u00edguez 10, Sebasti\u00e1n Cinti 15, Nicol\u00e1s Leguizam\u00f3n 10, Andr\u00e9s Mond\u00f3n 4 y Gustavo Lan 10 (F.I.); Federico Vilouta 16, Manuel Gim\u00e9nez 6, Ramiro Lipinski 3, Federico Gonz\u00e1lez 2, Facundo Apcari\u00e1n 3 y Thom\u00e1s Minnucci 0. DT: Miguel Loffredo.<\/p>\n<p><strong>Sportivo 57:<\/strong>\u00a0Lucas Iriarte 14, Juli\u00e1n Gutt 10, Yoel Asnaghi 8, Mart\u00edn Villoldo 11 y Nicol\u00e1s Mart\u00ednez 3 (F.I.); Facundo Sastre 5, Ferm\u00edn Iriarte 2, Nahuel M\u00e9lida 2, Juan Ignacio Blasco 2, Lucas Santarelli 2 y Lucas Casali 0. DT: Dar\u00edo Valentini.<\/p>\n<p><strong>Parciales:<\/strong>\u00a011-13, 37-29 (26-16), 56-42 (19-13) y 79-57 (23-15).<\/p>\n<p><strong>\u00c1rbitros:<\/strong>\u00a0N\u00e9stor Schernenco y Mariano Enrique.<\/p>\n<p><strong>Estadio:<\/strong>\u00a0La Falda.<\/p>\n<p><a class=\"modalf iframe\" title=\"Planilla\" href=\"https:\/\/docs.google.com\/spreadsheets\/d\/16T1b3eDV3aNnyihDE7hgQCtq2UXHkITbceuBnxU9pFw\/pubhtml\" target=\"_blank\" rel=\"noopener\">Ver Planilla<\/a><\/p>\n<p>&nbsp;<\/p>\n<p><strong>Cambios reglamentarios.<\/strong><\/p>\n<p>Como se dialog\u00f3 en una reuni\u00f3n entre los clubes y la Asociaci\u00f3n, el banco que ocupe en elenco visitante deber\u00e1 ser el que se encuentre ubicado m\u00e1s cercano a los vestuarios. Adem\u00e1s el equipo local tendr\u00e1 que terminar atacando hacia el aro que se encuentre situado su banco de suplentes.<\/p>\n","protected":false},"excerpt":{"rendered":"<p>La Falda se impuso sobre Sportivo 79 a 57 merced a una intensa defensa<\/p>\n","protected":false},"author":1,"featured_media":62982,"comment_status":"closed","ping_status":"open","sticky":false,"template":"","format":"standard","meta":{"jnews-multi-image_gallery":[],"jnews_single_post":[],"jnews_primary_category":[],"footnotes":""},"categories":[25,101],"tags":[303,13,1351,688,227,583],"class_list":["post-62981","post","type-post","status-publish","format-standard","has-post-thumbnail","hentry","category-segunda","category-slide","tag-federico-vilouta","tag-la-falda","tag-lucas-iriarte","tag-martin-villoldo","tag-sebastian-cinti","tag-sportivo"],"yoast_head":"<!-- This site is optimized with the Yoast SEO plugin v27.4 - https:\/\/yoast.com\/product\/yoast-seo-wordpress\/ -->\n<title>Lo atac\u00f3 con su defensa - Gente de B\u00e1squet<\/title>\n<meta name=\"robots\" content=\"index, follow, max-snippet:-1, max-image-preview:large, max-video-preview:-1\" \/>\n<link rel=\"canonical\" href=\"https:\/\/gentedebasquet.com.ar\/sitio\/2016\/08\/10\/lo-ataco-con-su-defensa\/\" \/>\n<meta property=\"og:locale\" content=\"es_ES\" \/>\n<meta property=\"og:type\" content=\"article\" \/>\n<meta property=\"og:title\" content=\"Lo atac\u00f3 con su defensa - Gente de B\u00e1squet\" \/>\n<meta property=\"og:description\" content=\"La Falda se impuso sobre Sportivo 79 a 57 merced a una intensa defensa\" \/>\n<meta property=\"og:url\" content=\"https:\/\/gentedebasquet.com.ar\/sitio\/2016\/08\/10\/lo-ataco-con-su-defensa\/\" \/>\n<meta property=\"og:site_name\" content=\"Gente de B\u00e1squet\" \/>\n<meta property=\"article:published_time\" content=\"2016-08-10T05:01:41+00:00\" \/>\n<meta property=\"og:image\" content=\"https:\/\/gentedebasquet.com.ar\/sitio\/wp-content\/uploads\/2016\/08\/Cinti.jpg\" \/>\n\t<meta property=\"og:image:width\" content=\"690\" \/>\n\t<meta property=\"og:image:height\" content=\"319\" \/>\n\t<meta property=\"og:image:type\" content=\"image\/jpeg\" \/>\n<meta name=\"author\" content=\"Gente de B\u00e1squet\" \/>\n<meta name=\"twitter:card\" content=\"summary_large_image\" \/>\n<meta name=\"twitter:label1\" content=\"Escrito por\" \/>\n\t<meta name=\"twitter:data1\" content=\"Gente de B\u00e1squet\" \/>\n\t<meta name=\"twitter:label2\" content=\"Tiempo de lectura\" \/>\n\t<meta name=\"twitter:data2\" content=\"3 minutos\" \/>\n<script type=\"application\/ld+json\" class=\"yoast-schema-graph\">{\"@context\":\"https:\\\/\\\/schema.org\",\"@graph\":[{\"@type\":\"Article\",\"@id\":\"https:\\\/\\\/gentedebasquet.com.ar\\\/sitio\\\/2016\\\/08\\\/10\\\/lo-ataco-con-su-defensa\\\/#article\",\"isPartOf\":{\"@id\":\"https:\\\/\\\/gentedebasquet.com.ar\\\/sitio\\\/2016\\\/08\\\/10\\\/lo-ataco-con-su-defensa\\\/\"},\"author\":{\"name\":\"Gente de B\u00e1squet\",\"@id\":\"https:\\\/\\\/gentedebasquet.com.ar\\\/sitio\\\/#\\\/schema\\\/person\\\/ca0b63bbb977369988a7bbbdc519943a\"},\"headline\":\"Lo atac\u00f3 con su defensa\",\"datePublished\":\"2016-08-10T05:01:41+00:00\",\"mainEntityOfPage\":{\"@id\":\"https:\\\/\\\/gentedebasquet.com.ar\\\/sitio\\\/2016\\\/08\\\/10\\\/lo-ataco-con-su-defensa\\\/\"},\"wordCount\":666,\"image\":{\"@id\":\"https:\\\/\\\/gentedebasquet.com.ar\\\/sitio\\\/2016\\\/08\\\/10\\\/lo-ataco-con-su-defensa\\\/#primaryimage\"},\"thumbnailUrl\":\"https:\\\/\\\/gentedebasquet.com.ar\\\/sitio\\\/wp-content\\\/uploads\\\/2016\\\/08\\\/Cinti.jpg\",\"keywords\":[\"Federico Vilouta\",\"La Falda\",\"Lucas Iriarte\",\"Mart\u00edn Villoldo\",\"Sebasti\u00e1n Cinti\",\"Sportivo\"],\"articleSection\":[\"Segunda\",\"Slide\"],\"inLanguage\":\"es\"},{\"@type\":\"WebPage\",\"@id\":\"https:\\\/\\\/gentedebasquet.com.ar\\\/sitio\\\/2016\\\/08\\\/10\\\/lo-ataco-con-su-defensa\\\/\",\"url\":\"https:\\\/\\\/gentedebasquet.com.ar\\\/sitio\\\/2016\\\/08\\\/10\\\/lo-ataco-con-su-defensa\\\/\",\"name\":\"Lo atac\u00f3 con su defensa - Gente de B\u00e1squet\",\"isPartOf\":{\"@id\":\"https:\\\/\\\/gentedebasquet.com.ar\\\/sitio\\\/#website\"},\"primaryImageOfPage\":{\"@id\":\"https:\\\/\\\/gentedebasquet.com.ar\\\/sitio\\\/2016\\\/08\\\/10\\\/lo-ataco-con-su-defensa\\\/#primaryimage\"},\"image\":{\"@id\":\"https:\\\/\\\/gentedebasquet.com.ar\\\/sitio\\\/2016\\\/08\\\/10\\\/lo-ataco-con-su-defensa\\\/#primaryimage\"},\"thumbnailUrl\":\"https:\\\/\\\/gentedebasquet.com.ar\\\/sitio\\\/wp-content\\\/uploads\\\/2016\\\/08\\\/Cinti.jpg\",\"datePublished\":\"2016-08-10T05:01:41+00:00\",\"author\":{\"@id\":\"https:\\\/\\\/gentedebasquet.com.ar\\\/sitio\\\/#\\\/schema\\\/person\\\/ca0b63bbb977369988a7bbbdc519943a\"},\"breadcrumb\":{\"@id\":\"https:\\\/\\\/gentedebasquet.com.ar\\\/sitio\\\/2016\\\/08\\\/10\\\/lo-ataco-con-su-defensa\\\/#breadcrumb\"},\"inLanguage\":\"es\",\"potentialAction\":[{\"@type\":\"ReadAction\",\"target\":[\"https:\\\/\\\/gentedebasquet.com.ar\\\/sitio\\\/2016\\\/08\\\/10\\\/lo-ataco-con-su-defensa\\\/\"]}]},{\"@type\":\"ImageObject\",\"inLanguage\":\"es\",\"@id\":\"https:\\\/\\\/gentedebasquet.com.ar\\\/sitio\\\/2016\\\/08\\\/10\\\/lo-ataco-con-su-defensa\\\/#primaryimage\",\"url\":\"https:\\\/\\\/gentedebasquet.com.ar\\\/sitio\\\/wp-content\\\/uploads\\\/2016\\\/08\\\/Cinti.jpg\",\"contentUrl\":\"https:\\\/\\\/gentedebasquet.com.ar\\\/sitio\\\/wp-content\\\/uploads\\\/2016\\\/08\\\/Cinti.jpg\",\"width\":690,\"height\":319},{\"@type\":\"BreadcrumbList\",\"@id\":\"https:\\\/\\\/gentedebasquet.com.ar\\\/sitio\\\/2016\\\/08\\\/10\\\/lo-ataco-con-su-defensa\\\/#breadcrumb\",\"itemListElement\":[{\"@type\":\"ListItem\",\"position\":1,\"name\":\"Portada\",\"item\":\"https:\\\/\\\/gentedebasquet.com.ar\\\/sitio\\\/\"},{\"@type\":\"ListItem\",\"position\":2,\"name\":\"Lo atac\u00f3 con su defensa\"}]},{\"@type\":\"WebSite\",\"@id\":\"https:\\\/\\\/gentedebasquet.com.ar\\\/sitio\\\/#website\",\"url\":\"https:\\\/\\\/gentedebasquet.com.ar\\\/sitio\\\/\",\"name\":\"Gente de B\u00e1squet\",\"description\":\"La revista del basquet de Bah\u00eda Blanca\",\"potentialAction\":[{\"@type\":\"SearchAction\",\"target\":{\"@type\":\"EntryPoint\",\"urlTemplate\":\"https:\\\/\\\/gentedebasquet.com.ar\\\/sitio\\\/?s={search_term_string}\"},\"query-input\":{\"@type\":\"PropertyValueSpecification\",\"valueRequired\":true,\"valueName\":\"search_term_string\"}}],\"inLanguage\":\"es\"},{\"@type\":\"Person\",\"@id\":\"https:\\\/\\\/gentedebasquet.com.ar\\\/sitio\\\/#\\\/schema\\\/person\\\/ca0b63bbb977369988a7bbbdc519943a\",\"name\":\"Gente de B\u00e1squet\",\"image\":{\"@type\":\"ImageObject\",\"inLanguage\":\"es\",\"@id\":\"https:\\\/\\\/secure.gravatar.com\\\/avatar\\\/7f2c48bdc33b30088f941fb6082e555f2874c98e20cb159d7b92b50eadfce793?s=96&d=mm&r=g\",\"url\":\"https:\\\/\\\/secure.gravatar.com\\\/avatar\\\/7f2c48bdc33b30088f941fb6082e555f2874c98e20cb159d7b92b50eadfce793?s=96&d=mm&r=g\",\"contentUrl\":\"https:\\\/\\\/secure.gravatar.com\\\/avatar\\\/7f2c48bdc33b30088f941fb6082e555f2874c98e20cb159d7b92b50eadfce793?s=96&d=mm&r=g\",\"caption\":\"Gente de B\u00e1squet\"},\"sameAs\":[\"http:\\\/\\\/gentedebasquet.com.ar\\\/sitio\"],\"url\":\"https:\\\/\\\/gentedebasquet.com.ar\\\/sitio\\\/author\\\/ulises\\\/\"}]}<\/script>\n<!-- \/ Yoast SEO plugin. -->","yoast_head_json":{"title":"Lo atac\u00f3 con su defensa - Gente de B\u00e1squet","robots":{"index":"index","follow":"follow","max-snippet":"max-snippet:-1","max-image-preview":"max-image-preview:large","max-video-preview":"max-video-preview:-1"},"canonical":"https:\/\/gentedebasquet.com.ar\/sitio\/2016\/08\/10\/lo-ataco-con-su-defensa\/","og_locale":"es_ES","og_type":"article","og_title":"Lo atac\u00f3 con su defensa - Gente de B\u00e1squet","og_description":"La Falda se impuso sobre Sportivo 79 a 57 merced a una intensa defensa","og_url":"https:\/\/gentedebasquet.com.ar\/sitio\/2016\/08\/10\/lo-ataco-con-su-defensa\/","og_site_name":"Gente de B\u00e1squet","article_published_time":"2016-08-10T05:01:41+00:00","og_image":[{"width":690,"height":319,"url":"https:\/\/gentedebasquet.com.ar\/sitio\/wp-content\/uploads\/2016\/08\/Cinti.jpg","type":"image\/jpeg"}],"author":"Gente de B\u00e1squet","twitter_card":"summary_large_image","twitter_misc":{"Escrito por":"Gente de B\u00e1squet","Tiempo de lectura":"3 minutos"},"schema":{"@context":"https:\/\/schema.org","@graph":[{"@type":"Article","@id":"https:\/\/gentedebasquet.com.ar\/sitio\/2016\/08\/10\/lo-ataco-con-su-defensa\/#article","isPartOf":{"@id":"https:\/\/gentedebasquet.com.ar\/sitio\/2016\/08\/10\/lo-ataco-con-su-defensa\/"},"author":{"name":"Gente de B\u00e1squet","@id":"https:\/\/gentedebasquet.com.ar\/sitio\/#\/schema\/person\/ca0b63bbb977369988a7bbbdc519943a"},"headline":"Lo atac\u00f3 con su defensa","datePublished":"2016-08-10T05:01:41+00:00","mainEntityOfPage":{"@id":"https:\/\/gentedebasquet.com.ar\/sitio\/2016\/08\/10\/lo-ataco-con-su-defensa\/"},"wordCount":666,"image":{"@id":"https:\/\/gentedebasquet.com.ar\/sitio\/2016\/08\/10\/lo-ataco-con-su-defensa\/#primaryimage"},"thumbnailUrl":"https:\/\/gentedebasquet.com.ar\/sitio\/wp-content\/uploads\/2016\/08\/Cinti.jpg","keywords":["Federico Vilouta","La Falda","Lucas Iriarte","Mart\u00edn Villoldo","Sebasti\u00e1n Cinti","Sportivo"],"articleSection":["Segunda","Slide"],"inLanguage":"es"},{"@type":"WebPage","@id":"https:\/\/gentedebasquet.com.ar\/sitio\/2016\/08\/10\/lo-ataco-con-su-defensa\/","url":"https:\/\/gentedebasquet.com.ar\/sitio\/2016\/08\/10\/lo-ataco-con-su-defensa\/","name":"Lo atac\u00f3 con su defensa - Gente de B\u00e1squet","isPartOf":{"@id":"https:\/\/gentedebasquet.com.ar\/sitio\/#website"},"primaryImageOfPage":{"@id":"https:\/\/gentedebasquet.com.ar\/sitio\/2016\/08\/10\/lo-ataco-con-su-defensa\/#primaryimage"},"image":{"@id":"https:\/\/gentedebasquet.com.ar\/sitio\/2016\/08\/10\/lo-ataco-con-su-defensa\/#primaryimage"},"thumbnailUrl":"https:\/\/gentedebasquet.com.ar\/sitio\/wp-content\/uploads\/2016\/08\/Cinti.jpg","datePublished":"2016-08-10T05:01:41+00:00","author":{"@id":"https:\/\/gentedebasquet.com.ar\/sitio\/#\/schema\/person\/ca0b63bbb977369988a7bbbdc519943a"},"breadcrumb":{"@id":"https:\/\/gentedebasquet.com.ar\/sitio\/2016\/08\/10\/lo-ataco-con-su-defensa\/#breadcrumb"},"inLanguage":"es","potentialAction":[{"@type":"ReadAction","target":["https:\/\/gentedebasquet.com.ar\/sitio\/2016\/08\/10\/lo-ataco-con-su-defensa\/"]}]},{"@type":"ImageObject","inLanguage":"es","@id":"https:\/\/gentedebasquet.com.ar\/sitio\/2016\/08\/10\/lo-ataco-con-su-defensa\/#primaryimage","url":"https:\/\/gentedebasquet.com.ar\/sitio\/wp-content\/uploads\/2016\/08\/Cinti.jpg","contentUrl":"https:\/\/gentedebasquet.com.ar\/sitio\/wp-content\/uploads\/2016\/08\/Cinti.jpg","width":690,"height":319},{"@type":"BreadcrumbList","@id":"https:\/\/gentedebasquet.com.ar\/sitio\/2016\/08\/10\/lo-ataco-con-su-defensa\/#breadcrumb","itemListElement":[{"@type":"ListItem","position":1,"name":"Portada","item":"https:\/\/gentedebasquet.com.ar\/sitio\/"},{"@type":"ListItem","position":2,"name":"Lo atac\u00f3 con su defensa"}]},{"@type":"WebSite","@id":"https:\/\/gentedebasquet.com.ar\/sitio\/#website","url":"https:\/\/gentedebasquet.com.ar\/sitio\/","name":"Gente de B\u00e1squet","description":"La revista del basquet de Bah\u00eda Blanca","potentialAction":[{"@type":"SearchAction","target":{"@type":"EntryPoint","urlTemplate":"https:\/\/gentedebasquet.com.ar\/sitio\/?s={search_term_string}"},"query-input":{"@type":"PropertyValueSpecification","valueRequired":true,"valueName":"search_term_string"}}],"inLanguage":"es"},{"@type":"Person","@id":"https:\/\/gentedebasquet.com.ar\/sitio\/#\/schema\/person\/ca0b63bbb977369988a7bbbdc519943a","name":"Gente de B\u00e1squet","image":{"@type":"ImageObject","inLanguage":"es","@id":"https:\/\/secure.gravatar.com\/avatar\/7f2c48bdc33b30088f941fb6082e555f2874c98e20cb159d7b92b50eadfce793?s=96&d=mm&r=g","url":"https:\/\/secure.gravatar.com\/avatar\/7f2c48bdc33b30088f941fb6082e555f2874c98e20cb159d7b92b50eadfce793?s=96&d=mm&r=g","contentUrl":"https:\/\/secure.gravatar.com\/avatar\/7f2c48bdc33b30088f941fb6082e555f2874c98e20cb159d7b92b50eadfce793?s=96&d=mm&r=g","caption":"Gente de B\u00e1squet"},"sameAs":["http:\/\/gentedebasquet.com.ar\/sitio"],"url":"https:\/\/gentedebasquet.com.ar\/sitio\/author\/ulises\/"}]}},"_links":{"self":[{"href":"https:\/\/gentedebasquet.com.ar\/sitio\/wp-json\/wp\/v2\/posts\/62981","targetHints":{"allow":["GET"]}}],"collection":[{"href":"https:\/\/gentedebasquet.com.ar\/sitio\/wp-json\/wp\/v2\/posts"}],"about":[{"href":"https:\/\/gentedebasquet.com.ar\/sitio\/wp-json\/wp\/v2\/types\/post"}],"author":[{"embeddable":true,"href":"https:\/\/gentedebasquet.com.ar\/sitio\/wp-json\/wp\/v2\/users\/1"}],"replies":[{"embeddable":true,"href":"https:\/\/gentedebasquet.com.ar\/sitio\/wp-json\/wp\/v2\/comments?post=62981"}],"version-history":[{"count":0,"href":"https:\/\/gentedebasquet.com.ar\/sitio\/wp-json\/wp\/v2\/posts\/62981\/revisions"}],"wp:featuredmedia":[{"embeddable":true,"href":"https:\/\/gentedebasquet.com.ar\/sitio\/wp-json\/wp\/v2\/media\/62982"}],"wp:attachment":[{"href":"https:\/\/gentedebasquet.com.ar\/sitio\/wp-json\/wp\/v2\/media?parent=62981"}],"wp:term":[{"taxonomy":"category","embeddable":true,"href":"https:\/\/gentedebasquet.com.ar\/sitio\/wp-json\/wp\/v2\/categories?post=62981"},{"taxonomy":"post_tag","embeddable":true,"href":"https:\/\/gentedebasquet.com.ar\/sitio\/wp-json\/wp\/v2\/tags?post=62981"}],"curies":[{"name":"wp","href":"https:\/\/api.w.org\/{rel}","templated":true}]}}