{"id":63007,"date":"2016-08-11T23:43:46","date_gmt":"2016-08-12T02:43:46","guid":{"rendered":"http:\/\/www.gentedebasquet.com.ar\/?p=63007"},"modified":"2016-08-11T23:43:46","modified_gmt":"2016-08-12T02:43:46","slug":"con-cristian-a-la-victoria","status":"publish","type":"post","link":"https:\/\/gentedebasquet.com.ar\/sitio\/2016\/08\/11\/con-cristian-a-la-victoria\/","title":{"rendered":"Con Cristian, a la Victoria"},"content":{"rendered":"<p><strong>Olimpo jug\u00f3 su mejor partido en 2016 y venci\u00f3 con contundencia en el Cl\u00e1sico a Estudiantes, por 103-63.\u00a0 Con una enorme actuaci\u00f3n colectiva (22 a 11 en asistencias)\u00a0 y una notable efectividad en triples (12-27, 44%), el aurinegro tuvo a Cristian Miguel (24 puntos, 9 rebotes y 7 asistencias), Cristian Victoria (20, 6-7 en t3) y Jorge Garc\u00eda (19 y 11 tableros) como destacados.\u00a0 En el Albo (sin Jos\u00e9 Guti\u00e9rrez y Joaqu\u00edn\u00a0S\u00e1nchez) no alcanz\u00f3 con lo aportado por Tom\u00e1s Scarpaci (13), Jonathan Thorp y Nicol\u00e1s S\u00e1nchez (12 cada uno).<\/strong><\/p>\n<p><strong>El aurniegro hizo un perfecto 1C<\/strong>, en el que marc\u00f3 el ritmo con el que se desarrollar\u00eda el resto del partido.\u00a0 Con mucha intensidad en defensa y marcando por momentos en zona 2-3, limit\u00f3 el juego de Estudiantes debajo del aro.\u00a0 Saliendo en contragolpe o jugando estacionado, el local siempre busc\u00f3 el pase extra para definir, y cuando fall\u00f3, cont\u00f3 con la enorme presencia de Garc\u00eda en la pintura (7 puntos y 7 rebotes, 4 en ataque) para sacar la primera ventaja (14-26 en 5m27).\u00a0 Estudiantes ajust\u00f3, presion\u00f3 la salida de Olimpo en toda la cancha y tuvo goleo con un par de bombas de Scarpaci.\u00a0 Pero Olimpo continu\u00f3 machacando bajo el aro con Miguel (6) y tuvo un gran reparto de juego (7 asistencias) y merm\u00f3 el ataque del Albo (5-18 de campo) para sacar una importante ventaja al cierre del segmento (29-13).<\/p>\n<p><strong>El conjunto de Dobal mantuvo la misma idea en el 2C<\/strong>.\u00a0 Con Ruesga y Chaves en el per\u00edmetro, el aurinegro continu\u00f3 distribuyendo la pelota (3 asistencias), pero agreg\u00f3 a su ataque la descarga hacia atr\u00e1s de la medialuna, apartado en donde Olimpo liquid\u00f3 el encuentro con el 2C, encestando un enorme 7-12 en triples (%58,3)con tres bombas de un rejuvenecido Victoria y dos de Miguel.\u00a0 Estudiantes comenz\u00f3 a encontrar juego bajo el aro con el ingreso de Thorp (6) y los ataques al aro de Alema\u00f1y (4), pero no tuvo \u00e9xito detr\u00e1s de los 6,75 metros y todo pareci\u00f3 terminado al descanso largo (56-28).<\/p>\n<blockquote><p>Fue un partido bastante at\u00edpico. \u00a0Estudiantes est\u00e1 peleando en la parte alta de la tabla y nosotros estamos en el fondo. \u00a0Pero a ellos le faltaron dos jugadores muy importantes , y nosotros defendimos muy duro y fuimos conscientes en ataque [&#8230;] (<em>El partido pasado contra San Lorenzo te sali\u00f3 un triple incre\u00edble de adentro del aro y hoy te toc\u00f3 meter todo<\/em>) (Risas) \u00a0Si, son partidos. \u00a0Hay d\u00edas en que la met\u00e9s y d\u00edas en que no le peg\u00e1s ni al aro. \u00a0Por suerte hoy pude ayudar a mi equipo.<\/p><\/blockquote>\n<p><strong>Victoria continu\u00f3 encendiendo redes desde larga distancia<\/strong> (2-2) y Garc\u00eda no desaprovech\u00f3 cada 1v1 que le qued\u00f3 saliendo desde el pick en el poste alto para atacar el aro (7).\u00a0 Del otro lado, Estudiantes se vali\u00f3 de la guapeza de Nico S\u00e1nchez (7) yendo hacia la pintura sin importar la falta de altura, pero perdi\u00f3 el goleo de Thorp que hab\u00eda encontrado en el 2C (0-5 de campo).\u00a0 As\u00ed fue que a falta de 4m30 para el final del 3C, Olimpo sentenci\u00f3 la historia (76-36), y a partir de ese punto, todo el resto del partido solo sirvi\u00f3 para llenar la estad\u00edstica.<\/p>\n<p>&nbsp;<\/p>\n<p>[youtube]https:\/\/youtu.be\/pI0WXHLtjaA[\/youtube]<\/p>\n<p><strong>\u00a0<\/strong><\/p>\n<p><strong>S\u00edntesis| Primera Divisi\u00f3n \u2013 Oficial \u2013 Fecha #3<\/strong><\/p>\n<p><strong>Olimpo 103: <\/strong>Juan Ignacio Reiner 7, Cristian Victoria 20, Facundo Arens 11, Cristian Miguel 24, Jorge Garc\u00eda 19 (FI); Agust\u00edn Solom\u00f3n, Mat\u00edas Chaves 8, Franco Ruesga 2, Agust\u00edn S\u00e1nchez 6 (x), Agust\u00edn Pedro 2, Juli\u00e1n Carpenzano 2, Lahuel Silva 2.\u00a0 D.T: Juan Manuel Dobal.<\/p>\n<p><strong>Estudiantes 63: <\/strong>Tom\u00e1s Scarpaci 13, Nicol\u00e1s S\u00e1nchez 12, Leonel Alema\u00f1y 5, Jer\u00f3nimo Mitoire 0, Marcos Fern\u00e1ndez 2 (FI); Jonathan Thorp 12, M\u00e1ximo Tatanchelo 3, Juli\u00e1n Kloster 2, Bruno Ferrandi 5, Nehu\u00e9n Ber\u00f3n 6, Jos\u00e9 Belleggia 3.\u00a0 D.T: Guillermo L\u00f3pez.<\/p>\n<p><strong>Parciales: <\/strong>29-13, 56-28, 84-43.<\/p>\n<p><strong>\u00c1rbitros: <\/strong>Javier S\u00e1nchez \u2013 Sebasti\u00e1n Arcas.<\/p>\n<p><strong>Estadio: <\/strong>Norberto Tom\u00e1s (Olimpo).<\/p>\n<p><a class=\"modalf iframe\" title=\"Planilla\" href=\"https:\/\/docs.google.com\/spreadsheets\/d\/10Bz3k_B3KTuI1i9XveHQMbcHwSlS_bXPgMCt-PwA2_A\/pubhtml\" target=\"_blank\" rel=\"noopener\">Ver Planilla<\/a><\/p>\n","protected":false},"excerpt":{"rendered":"<p>\u00abBocha\u00bb y Miguel fueron clave en la vapuleada de Olimpo sobre Estudiantes: 103 a 63.<\/p>\n","protected":false},"author":1,"featured_media":63008,"comment_status":"closed","ping_status":"open","sticky":false,"template":"","format":"standard","meta":{"jnews-multi-image_gallery":[],"jnews_single_post":[],"jnews_primary_category":[],"footnotes":""},"categories":[23,101],"tags":[261,760,11,741,89,484,16,625],"class_list":["post-63007","post","type-post","status-publish","format-standard","has-post-thumbnail","hentry","category-primera","category-slide","tag-cristian-miguel","tag-cristian-victoria","tag-estudiantes","tag-jonathan-thorp","tag-jorge-garcia","tag-nicolas-sanchez","tag-olimpo","tag-tomas-scarpaci"],"yoast_head":"<!-- This site is optimized with the Yoast SEO plugin v27.5 - https:\/\/yoast.com\/product\/yoast-seo-wordpress\/ -->\n<title>Con Cristian, a la Victoria - Gente de B\u00e1squet<\/title>\n<meta name=\"robots\" content=\"index, follow, max-snippet:-1, max-image-preview:large, max-video-preview:-1\" \/>\n<link rel=\"canonical\" href=\"https:\/\/gentedebasquet.com.ar\/sitio\/2016\/08\/11\/con-cristian-a-la-victoria\/\" \/>\n<meta property=\"og:locale\" content=\"es_ES\" \/>\n<meta property=\"og:type\" content=\"article\" \/>\n<meta property=\"og:title\" content=\"Con Cristian, a la Victoria - Gente de B\u00e1squet\" \/>\n<meta property=\"og:description\" content=\"&quot;Bocha&quot; y Miguel fueron clave en la vapuleada de Olimpo sobre Estudiantes: 103 a 63.\" \/>\n<meta property=\"og:url\" content=\"https:\/\/gentedebasquet.com.ar\/sitio\/2016\/08\/11\/con-cristian-a-la-victoria\/\" \/>\n<meta property=\"og:site_name\" content=\"Gente de B\u00e1squet\" \/>\n<meta property=\"article:published_time\" content=\"2016-08-12T02:43:46+00:00\" \/>\n<meta property=\"og:image\" content=\"https:\/\/gentedebasquet.com.ar\/sitio\/wp-content\/uploads\/2016\/08\/Miguel-v-Estudiantes.jpg\" \/>\n\t<meta property=\"og:image:width\" content=\"690\" \/>\n\t<meta property=\"og:image:height\" content=\"319\" \/>\n\t<meta property=\"og:image:type\" content=\"image\/jpeg\" \/>\n<meta name=\"author\" content=\"Gente de B\u00e1squet\" \/>\n<meta name=\"twitter:card\" content=\"summary_large_image\" \/>\n<meta name=\"twitter:label1\" content=\"Escrito por\" \/>\n\t<meta name=\"twitter:data1\" content=\"Gente de B\u00e1squet\" \/>\n\t<meta name=\"twitter:label2\" content=\"Tiempo de lectura\" \/>\n\t<meta name=\"twitter:data2\" content=\"3 minutos\" \/>\n<script type=\"application\/ld+json\" class=\"yoast-schema-graph\">{\"@context\":\"https:\\\/\\\/schema.org\",\"@graph\":[{\"@type\":\"Article\",\"@id\":\"https:\\\/\\\/gentedebasquet.com.ar\\\/sitio\\\/2016\\\/08\\\/11\\\/con-cristian-a-la-victoria\\\/#article\",\"isPartOf\":{\"@id\":\"https:\\\/\\\/gentedebasquet.com.ar\\\/sitio\\\/2016\\\/08\\\/11\\\/con-cristian-a-la-victoria\\\/\"},\"author\":{\"name\":\"Gente de B\u00e1squet\",\"@id\":\"https:\\\/\\\/gentedebasquet.com.ar\\\/sitio\\\/#\\\/schema\\\/person\\\/ca0b63bbb977369988a7bbbdc519943a\"},\"headline\":\"Con Cristian, a la Victoria\",\"datePublished\":\"2016-08-12T02:43:46+00:00\",\"mainEntityOfPage\":{\"@id\":\"https:\\\/\\\/gentedebasquet.com.ar\\\/sitio\\\/2016\\\/08\\\/11\\\/con-cristian-a-la-victoria\\\/\"},\"wordCount\":649,\"image\":{\"@id\":\"https:\\\/\\\/gentedebasquet.com.ar\\\/sitio\\\/2016\\\/08\\\/11\\\/con-cristian-a-la-victoria\\\/#primaryimage\"},\"thumbnailUrl\":\"https:\\\/\\\/gentedebasquet.com.ar\\\/sitio\\\/wp-content\\\/uploads\\\/2016\\\/08\\\/Miguel-v-Estudiantes.jpg\",\"keywords\":[\"Cristian Miguel\",\"Cristian Victoria\",\"Estudiantes\",\"Jonathan Thorp\",\"Jorge Garc\u00eda\",\"Nicol\u00e1s S\u00e1nchez\",\"Ol\u00edmpo\",\"Tom\u00e1s Scarpaci\"],\"articleSection\":[\"Primera\",\"Slide\"],\"inLanguage\":\"es\"},{\"@type\":\"WebPage\",\"@id\":\"https:\\\/\\\/gentedebasquet.com.ar\\\/sitio\\\/2016\\\/08\\\/11\\\/con-cristian-a-la-victoria\\\/\",\"url\":\"https:\\\/\\\/gentedebasquet.com.ar\\\/sitio\\\/2016\\\/08\\\/11\\\/con-cristian-a-la-victoria\\\/\",\"name\":\"Con Cristian, a la Victoria - Gente de B\u00e1squet\",\"isPartOf\":{\"@id\":\"https:\\\/\\\/gentedebasquet.com.ar\\\/sitio\\\/#website\"},\"primaryImageOfPage\":{\"@id\":\"https:\\\/\\\/gentedebasquet.com.ar\\\/sitio\\\/2016\\\/08\\\/11\\\/con-cristian-a-la-victoria\\\/#primaryimage\"},\"image\":{\"@id\":\"https:\\\/\\\/gentedebasquet.com.ar\\\/sitio\\\/2016\\\/08\\\/11\\\/con-cristian-a-la-victoria\\\/#primaryimage\"},\"thumbnailUrl\":\"https:\\\/\\\/gentedebasquet.com.ar\\\/sitio\\\/wp-content\\\/uploads\\\/2016\\\/08\\\/Miguel-v-Estudiantes.jpg\",\"datePublished\":\"2016-08-12T02:43:46+00:00\",\"author\":{\"@id\":\"https:\\\/\\\/gentedebasquet.com.ar\\\/sitio\\\/#\\\/schema\\\/person\\\/ca0b63bbb977369988a7bbbdc519943a\"},\"breadcrumb\":{\"@id\":\"https:\\\/\\\/gentedebasquet.com.ar\\\/sitio\\\/2016\\\/08\\\/11\\\/con-cristian-a-la-victoria\\\/#breadcrumb\"},\"inLanguage\":\"es\",\"potentialAction\":[{\"@type\":\"ReadAction\",\"target\":[\"https:\\\/\\\/gentedebasquet.com.ar\\\/sitio\\\/2016\\\/08\\\/11\\\/con-cristian-a-la-victoria\\\/\"]}]},{\"@type\":\"ImageObject\",\"inLanguage\":\"es\",\"@id\":\"https:\\\/\\\/gentedebasquet.com.ar\\\/sitio\\\/2016\\\/08\\\/11\\\/con-cristian-a-la-victoria\\\/#primaryimage\",\"url\":\"https:\\\/\\\/gentedebasquet.com.ar\\\/sitio\\\/wp-content\\\/uploads\\\/2016\\\/08\\\/Miguel-v-Estudiantes.jpg\",\"contentUrl\":\"https:\\\/\\\/gentedebasquet.com.ar\\\/sitio\\\/wp-content\\\/uploads\\\/2016\\\/08\\\/Miguel-v-Estudiantes.jpg\",\"width\":690,\"height\":319},{\"@type\":\"BreadcrumbList\",\"@id\":\"https:\\\/\\\/gentedebasquet.com.ar\\\/sitio\\\/2016\\\/08\\\/11\\\/con-cristian-a-la-victoria\\\/#breadcrumb\",\"itemListElement\":[{\"@type\":\"ListItem\",\"position\":1,\"name\":\"Portada\",\"item\":\"https:\\\/\\\/gentedebasquet.com.ar\\\/sitio\\\/\"},{\"@type\":\"ListItem\",\"position\":2,\"name\":\"Con Cristian, a la Victoria\"}]},{\"@type\":\"WebSite\",\"@id\":\"https:\\\/\\\/gentedebasquet.com.ar\\\/sitio\\\/#website\",\"url\":\"https:\\\/\\\/gentedebasquet.com.ar\\\/sitio\\\/\",\"name\":\"Gente de B\u00e1squet\",\"description\":\"La revista del basquet de Bah\u00eda Blanca\",\"potentialAction\":[{\"@type\":\"SearchAction\",\"target\":{\"@type\":\"EntryPoint\",\"urlTemplate\":\"https:\\\/\\\/gentedebasquet.com.ar\\\/sitio\\\/?s={search_term_string}\"},\"query-input\":{\"@type\":\"PropertyValueSpecification\",\"valueRequired\":true,\"valueName\":\"search_term_string\"}}],\"inLanguage\":\"es\"},{\"@type\":\"Person\",\"@id\":\"https:\\\/\\\/gentedebasquet.com.ar\\\/sitio\\\/#\\\/schema\\\/person\\\/ca0b63bbb977369988a7bbbdc519943a\",\"name\":\"Gente de B\u00e1squet\",\"image\":{\"@type\":\"ImageObject\",\"inLanguage\":\"es\",\"@id\":\"https:\\\/\\\/secure.gravatar.com\\\/avatar\\\/7f2c48bdc33b30088f941fb6082e555f2874c98e20cb159d7b92b50eadfce793?s=96&d=mm&r=g\",\"url\":\"https:\\\/\\\/secure.gravatar.com\\\/avatar\\\/7f2c48bdc33b30088f941fb6082e555f2874c98e20cb159d7b92b50eadfce793?s=96&d=mm&r=g\",\"contentUrl\":\"https:\\\/\\\/secure.gravatar.com\\\/avatar\\\/7f2c48bdc33b30088f941fb6082e555f2874c98e20cb159d7b92b50eadfce793?s=96&d=mm&r=g\",\"caption\":\"Gente de B\u00e1squet\"},\"sameAs\":[\"http:\\\/\\\/gentedebasquet.com.ar\\\/sitio\"],\"url\":\"https:\\\/\\\/gentedebasquet.com.ar\\\/sitio\\\/author\\\/ulises\\\/\"}]}<\/script>\n<!-- \/ Yoast SEO plugin. -->","yoast_head_json":{"title":"Con Cristian, a la Victoria - Gente de B\u00e1squet","robots":{"index":"index","follow":"follow","max-snippet":"max-snippet:-1","max-image-preview":"max-image-preview:large","max-video-preview":"max-video-preview:-1"},"canonical":"https:\/\/gentedebasquet.com.ar\/sitio\/2016\/08\/11\/con-cristian-a-la-victoria\/","og_locale":"es_ES","og_type":"article","og_title":"Con Cristian, a la Victoria - Gente de B\u00e1squet","og_description":"\"Bocha\" y Miguel fueron clave en la vapuleada de Olimpo sobre Estudiantes: 103 a 63.","og_url":"https:\/\/gentedebasquet.com.ar\/sitio\/2016\/08\/11\/con-cristian-a-la-victoria\/","og_site_name":"Gente de B\u00e1squet","article_published_time":"2016-08-12T02:43:46+00:00","og_image":[{"width":690,"height":319,"url":"https:\/\/gentedebasquet.com.ar\/sitio\/wp-content\/uploads\/2016\/08\/Miguel-v-Estudiantes.jpg","type":"image\/jpeg"}],"author":"Gente de B\u00e1squet","twitter_card":"summary_large_image","twitter_misc":{"Escrito por":"Gente de B\u00e1squet","Tiempo de lectura":"3 minutos"},"schema":{"@context":"https:\/\/schema.org","@graph":[{"@type":"Article","@id":"https:\/\/gentedebasquet.com.ar\/sitio\/2016\/08\/11\/con-cristian-a-la-victoria\/#article","isPartOf":{"@id":"https:\/\/gentedebasquet.com.ar\/sitio\/2016\/08\/11\/con-cristian-a-la-victoria\/"},"author":{"name":"Gente de B\u00e1squet","@id":"https:\/\/gentedebasquet.com.ar\/sitio\/#\/schema\/person\/ca0b63bbb977369988a7bbbdc519943a"},"headline":"Con Cristian, a la Victoria","datePublished":"2016-08-12T02:43:46+00:00","mainEntityOfPage":{"@id":"https:\/\/gentedebasquet.com.ar\/sitio\/2016\/08\/11\/con-cristian-a-la-victoria\/"},"wordCount":649,"image":{"@id":"https:\/\/gentedebasquet.com.ar\/sitio\/2016\/08\/11\/con-cristian-a-la-victoria\/#primaryimage"},"thumbnailUrl":"https:\/\/gentedebasquet.com.ar\/sitio\/wp-content\/uploads\/2016\/08\/Miguel-v-Estudiantes.jpg","keywords":["Cristian Miguel","Cristian Victoria","Estudiantes","Jonathan Thorp","Jorge Garc\u00eda","Nicol\u00e1s S\u00e1nchez","Ol\u00edmpo","Tom\u00e1s Scarpaci"],"articleSection":["Primera","Slide"],"inLanguage":"es"},{"@type":"WebPage","@id":"https:\/\/gentedebasquet.com.ar\/sitio\/2016\/08\/11\/con-cristian-a-la-victoria\/","url":"https:\/\/gentedebasquet.com.ar\/sitio\/2016\/08\/11\/con-cristian-a-la-victoria\/","name":"Con Cristian, a la Victoria - Gente de B\u00e1squet","isPartOf":{"@id":"https:\/\/gentedebasquet.com.ar\/sitio\/#website"},"primaryImageOfPage":{"@id":"https:\/\/gentedebasquet.com.ar\/sitio\/2016\/08\/11\/con-cristian-a-la-victoria\/#primaryimage"},"image":{"@id":"https:\/\/gentedebasquet.com.ar\/sitio\/2016\/08\/11\/con-cristian-a-la-victoria\/#primaryimage"},"thumbnailUrl":"https:\/\/gentedebasquet.com.ar\/sitio\/wp-content\/uploads\/2016\/08\/Miguel-v-Estudiantes.jpg","datePublished":"2016-08-12T02:43:46+00:00","author":{"@id":"https:\/\/gentedebasquet.com.ar\/sitio\/#\/schema\/person\/ca0b63bbb977369988a7bbbdc519943a"},"breadcrumb":{"@id":"https:\/\/gentedebasquet.com.ar\/sitio\/2016\/08\/11\/con-cristian-a-la-victoria\/#breadcrumb"},"inLanguage":"es","potentialAction":[{"@type":"ReadAction","target":["https:\/\/gentedebasquet.com.ar\/sitio\/2016\/08\/11\/con-cristian-a-la-victoria\/"]}]},{"@type":"ImageObject","inLanguage":"es","@id":"https:\/\/gentedebasquet.com.ar\/sitio\/2016\/08\/11\/con-cristian-a-la-victoria\/#primaryimage","url":"https:\/\/gentedebasquet.com.ar\/sitio\/wp-content\/uploads\/2016\/08\/Miguel-v-Estudiantes.jpg","contentUrl":"https:\/\/gentedebasquet.com.ar\/sitio\/wp-content\/uploads\/2016\/08\/Miguel-v-Estudiantes.jpg","width":690,"height":319},{"@type":"BreadcrumbList","@id":"https:\/\/gentedebasquet.com.ar\/sitio\/2016\/08\/11\/con-cristian-a-la-victoria\/#breadcrumb","itemListElement":[{"@type":"ListItem","position":1,"name":"Portada","item":"https:\/\/gentedebasquet.com.ar\/sitio\/"},{"@type":"ListItem","position":2,"name":"Con Cristian, a la Victoria"}]},{"@type":"WebSite","@id":"https:\/\/gentedebasquet.com.ar\/sitio\/#website","url":"https:\/\/gentedebasquet.com.ar\/sitio\/","name":"Gente de B\u00e1squet","description":"La revista del basquet de Bah\u00eda Blanca","potentialAction":[{"@type":"SearchAction","target":{"@type":"EntryPoint","urlTemplate":"https:\/\/gentedebasquet.com.ar\/sitio\/?s={search_term_string}"},"query-input":{"@type":"PropertyValueSpecification","valueRequired":true,"valueName":"search_term_string"}}],"inLanguage":"es"},{"@type":"Person","@id":"https:\/\/gentedebasquet.com.ar\/sitio\/#\/schema\/person\/ca0b63bbb977369988a7bbbdc519943a","name":"Gente de B\u00e1squet","image":{"@type":"ImageObject","inLanguage":"es","@id":"https:\/\/secure.gravatar.com\/avatar\/7f2c48bdc33b30088f941fb6082e555f2874c98e20cb159d7b92b50eadfce793?s=96&d=mm&r=g","url":"https:\/\/secure.gravatar.com\/avatar\/7f2c48bdc33b30088f941fb6082e555f2874c98e20cb159d7b92b50eadfce793?s=96&d=mm&r=g","contentUrl":"https:\/\/secure.gravatar.com\/avatar\/7f2c48bdc33b30088f941fb6082e555f2874c98e20cb159d7b92b50eadfce793?s=96&d=mm&r=g","caption":"Gente de B\u00e1squet"},"sameAs":["http:\/\/gentedebasquet.com.ar\/sitio"],"url":"https:\/\/gentedebasquet.com.ar\/sitio\/author\/ulises\/"}]}},"_links":{"self":[{"href":"https:\/\/gentedebasquet.com.ar\/sitio\/wp-json\/wp\/v2\/posts\/63007","targetHints":{"allow":["GET"]}}],"collection":[{"href":"https:\/\/gentedebasquet.com.ar\/sitio\/wp-json\/wp\/v2\/posts"}],"about":[{"href":"https:\/\/gentedebasquet.com.ar\/sitio\/wp-json\/wp\/v2\/types\/post"}],"author":[{"embeddable":true,"href":"https:\/\/gentedebasquet.com.ar\/sitio\/wp-json\/wp\/v2\/users\/1"}],"replies":[{"embeddable":true,"href":"https:\/\/gentedebasquet.com.ar\/sitio\/wp-json\/wp\/v2\/comments?post=63007"}],"version-history":[{"count":0,"href":"https:\/\/gentedebasquet.com.ar\/sitio\/wp-json\/wp\/v2\/posts\/63007\/revisions"}],"wp:featuredmedia":[{"embeddable":true,"href":"https:\/\/gentedebasquet.com.ar\/sitio\/wp-json\/wp\/v2\/media\/63008"}],"wp:attachment":[{"href":"https:\/\/gentedebasquet.com.ar\/sitio\/wp-json\/wp\/v2\/media?parent=63007"}],"wp:term":[{"taxonomy":"category","embeddable":true,"href":"https:\/\/gentedebasquet.com.ar\/sitio\/wp-json\/wp\/v2\/categories?post=63007"},{"taxonomy":"post_tag","embeddable":true,"href":"https:\/\/gentedebasquet.com.ar\/sitio\/wp-json\/wp\/v2\/tags?post=63007"}],"curies":[{"name":"wp","href":"https:\/\/api.w.org\/{rel}","templated":true}]}}