{"id":63018,"date":"2016-08-12T00:44:15","date_gmt":"2016-08-12T03:44:15","guid":{"rendered":"http:\/\/www.gentedebasquet.com.ar\/?p=63018"},"modified":"2016-08-12T00:44:15","modified_gmt":"2016-08-12T03:44:15","slug":"retomo-el-rumbo","status":"publish","type":"post","link":"https:\/\/gentedebasquet.com.ar\/sitio\/2016\/08\/12\/retomo-el-rumbo\/","title":{"rendered":"Retom\u00f3 el rumbo"},"content":{"rendered":"<p><strong>Villa Mitre volvi\u00f3 al triunfo tras superar, como visitante, a Argentino por 87-69.\u00a0 El Verde, si bien nunca termin\u00f3 de sentirse c\u00f3modo en cancha, domin\u00f3 el marcador de principio a fin y se impuso en la lucha a\u00e9rea (45 a 21) para quedarse con un partido muy friccionado en el que se pitaron 60 faltas y salieron 7 jugadores por l\u00edmite de infracciones. Mat\u00edas Monteoliva (18) fue el goleador en el Tricolor, que no cont\u00f3 con Marcelo Berdini (contractura \u2013 posterior izq). Adem\u00e1s, hubo buenos aportes de Jos\u00e9 Luis Mart\u00ednez (16 y 15 reb), David Pineda (16) y Germ\u00e1n Andr\u00e9s (13). En el Celeste, Lucas Mar\u00edn (18) fue el m\u00e1s destacado.<\/strong><\/p>\n<p>En el inicio de la noche, Villa Mitre pudo imponer su ritmo. Monteoliva (7) y Andr\u00e9s (5) se hicieron due\u00f1os de la media cancha y a partir de ellos el Verde sac\u00f3 nueve de luz (8-17) con 3m19s por jugar del 1C. Si bien Argentino perdi\u00f3 r\u00e1pidamente a Mar\u00edn, que acumul\u00f3 tres faltas en un poco m\u00e1s de cinco minutos, se las ingeni\u00f3 para meterse en el partido. Mandrini (4) aport\u00f3 abajo del aro, Aceituno (4) tuvo un buen ingreso y capitalizando algunas de las p\u00e9rdidas de su rival (7 en el 1C) se fue cinco abajo al descanso 14-19.<\/p>\n<p>Las bombas de Bruni y Marin, y los puntos arrimados por Segundo Vasconcelo (7) llegando desde atr\u00e1s, le permitieron a Argentino ponerse a tiro en m\u00e1s de una oportunidad (17-19; 29-31). Sin embargo, Villa Mitre siempre tuvo respuestas para mantenerse al frente. Renzi (2 y 6 reb) se faj\u00f3 y carg\u00f3 bien los rebotes, mientras que en ataque alcanz\u00f3 con los triples de Andr\u00e9s (2\/2) y Monteoliva (1\/2) para irse cuatro puntos adelante a los vestuarios: 32-36.<\/p>\n<blockquote><p>Sabemos que el torneo es largo, el otro d\u00eda tuvimos un tropez\u00f3n en casa pero hoy nos pudimos reponer ante un rival que siempre es dif\u00edcil. Al final se termin\u00f3 abriendo el resultado, pero ellos son un equipo que va a presionar arriba, molesta, var\u00edan defensas y te incomodan. La actitud sobre el final es lo que m\u00e1s rescato, nos estaba costando cerrar algunas situaciones de juego y adem\u00e1s nos falta mejorar en otros aspectos (Mat\u00edas Monteoliva).<\/p><\/blockquote>\n<p>Cuando el partido parec\u00eda quebrarse del todo (42-52), el Verde perdi\u00f3 a Andr\u00e9s por dos antideportivas a 4m29s del cierre del 3C. Sin embargo, a partir de ah\u00ed los internos del Tricolor se hicieron cargo del equipo. Entre Mart\u00ednez, Pineda y Bollo combinaron 15 de los 25 puntos del equipo en el segmento y dejaron el resultado 50-61 con diez minutos por jugar. Ya en el \u00faltimo cuarto, con un Pineda (11) preponderante y los buenos acompa\u00f1amientos de Monteoliva (6) y Renzi (4), Villa Mitre termin\u00f3 encontrando una distancia de 18 (69-87) y abrochando la victoria ante un Argentino que cerr\u00f3 con sus pibes y en donde se produjo el debut en primera de Ger\u00f3nimo Rausch.<\/p>\n<p>&nbsp;<\/p>\n<p>[youtube]https:\/\/youtu.be\/ki5sd4q-GB8[\/youtube]<\/p>\n<p>&nbsp;<\/p>\n<p><strong>S\u00edntesis| Primera Divisi\u00f3n \u2013 Oficial \u2013 Fecha #3<\/strong><\/p>\n<p><strong>Argentino 69:<\/strong>\u00a0Mat\u00edas Oyhamburo 5, Lucas Mar\u00edn 18, Bruno Sacomani 8, Alan Gonz\u00e1lez 3, Bruno Mandrini 5 (x) (Fi); Bruno Aceituno 7, Tom\u00e1s Bruni 10 (x), Segundo Vasconcelo 11, Fausto Vasconcelo 2 (x), Ger\u00f3nimo Rausch 0, Tom\u00e1s Lacana 0 y Emanuel L\u00f3pez 0. DT: Mario Errazu.<\/p>\n<p><strong>Villa Mitre 87:\u00a0<\/strong>Mat\u00edas Monteoliva 18, Germ\u00e1n Andr\u00e9s 13 (x), Gast\u00f3n Diomedi 6 (x), David Pineda 16 (x), Javier Bollo 8 (x) (Fi); Jos\u00e9 Luis Mart\u00ednez 16, Fernando Alfonso 2, Nicol\u00e1s Renzi 8 y Mat\u00edas Mailo 0.\u00a0 DT: Ariel Ugolini.<\/p>\n<p><strong>Parciales:\u00a0<\/strong>14-19, 32-36 (18-17), 50-61 (18-25) y 69-87 (19-26).<\/p>\n<p><strong>\u00c1rbitros:\u00a0<\/strong>Miguel Firpo \u2013 Marjorie Stuardo.<\/p>\n<p><strong>Estadio:\u00a0<\/strong>Ardubilio Severini (Argentino).<\/p>\n<p><a class=\"modalf iframe\" title=\"Planilla\" href=\"https:\/\/docs.google.com\/spreadsheets\/d\/1Bg1ay0jGefAK4fqFLzDCFYsd_8uNGJ2D1tHOmup0atQ\/pubhtml?gid=542552640&amp;single=true\" target=\"_blank\" rel=\"noopener\">Ver Planilla<\/a><\/p>\n","protected":false},"excerpt":{"rendered":"<p>Villa Mitre retorn\u00f3 al \u00e9xito tras vencer a Argentino en el Ardubilio Severini por 87-69 <\/p>\n","protected":false},"author":1,"featured_media":63019,"comment_status":"closed","ping_status":"open","sticky":false,"template":"","format":"standard","meta":{"jnews-multi-image_gallery":[],"jnews_single_post":[],"jnews_primary_category":[],"footnotes":""},"categories":[23,101],"tags":[4,228,237,285,353,663,22],"class_list":["post-63018","post","type-post","status-publish","format-standard","has-post-thumbnail","hentry","category-primera","category-slide","tag-argentino","tag-david-pineda","tag-german-andres","tag-jose-luis-martinez","tag-lucas-marin","tag-matias-monteoliva","tag-villa-mitre"],"yoast_head":"<!-- This site is optimized with the Yoast SEO plugin v27.5 - https:\/\/yoast.com\/product\/yoast-seo-wordpress\/ -->\n<title>Retom\u00f3 el rumbo - Gente de B\u00e1squet<\/title>\n<meta name=\"robots\" content=\"index, follow, max-snippet:-1, max-image-preview:large, max-video-preview:-1\" \/>\n<link rel=\"canonical\" href=\"https:\/\/gentedebasquet.com.ar\/sitio\/2016\/08\/12\/retomo-el-rumbo\/\" \/>\n<meta property=\"og:locale\" content=\"es_ES\" \/>\n<meta property=\"og:type\" content=\"article\" \/>\n<meta property=\"og:title\" content=\"Retom\u00f3 el rumbo - Gente de B\u00e1squet\" \/>\n<meta property=\"og:description\" content=\"Villa Mitre retorn\u00f3 al \u00e9xito tras vencer a Argentino en el Ardubilio Severini por 87-69\" \/>\n<meta property=\"og:url\" content=\"https:\/\/gentedebasquet.com.ar\/sitio\/2016\/08\/12\/retomo-el-rumbo\/\" \/>\n<meta property=\"og:site_name\" content=\"Gente de B\u00e1squet\" \/>\n<meta property=\"article:published_time\" content=\"2016-08-12T03:44:15+00:00\" \/>\n<meta property=\"og:image\" content=\"https:\/\/gentedebasquet.com.ar\/sitio\/wp-content\/uploads\/2016\/08\/DSC_0047.jpg\" \/>\n\t<meta property=\"og:image:width\" content=\"690\" \/>\n\t<meta property=\"og:image:height\" content=\"319\" \/>\n\t<meta property=\"og:image:type\" content=\"image\/jpeg\" \/>\n<meta name=\"author\" content=\"Gente de B\u00e1squet\" \/>\n<meta name=\"twitter:card\" content=\"summary_large_image\" \/>\n<meta name=\"twitter:label1\" content=\"Escrito por\" \/>\n\t<meta name=\"twitter:data1\" content=\"Gente de B\u00e1squet\" \/>\n\t<meta name=\"twitter:label2\" content=\"Tiempo de lectura\" \/>\n\t<meta name=\"twitter:data2\" content=\"3 minutos\" \/>\n<script type=\"application\/ld+json\" class=\"yoast-schema-graph\">{\"@context\":\"https:\\\/\\\/schema.org\",\"@graph\":[{\"@type\":\"Article\",\"@id\":\"https:\\\/\\\/gentedebasquet.com.ar\\\/sitio\\\/2016\\\/08\\\/12\\\/retomo-el-rumbo\\\/#article\",\"isPartOf\":{\"@id\":\"https:\\\/\\\/gentedebasquet.com.ar\\\/sitio\\\/2016\\\/08\\\/12\\\/retomo-el-rumbo\\\/\"},\"author\":{\"name\":\"Gente de B\u00e1squet\",\"@id\":\"https:\\\/\\\/gentedebasquet.com.ar\\\/sitio\\\/#\\\/schema\\\/person\\\/ca0b63bbb977369988a7bbbdc519943a\"},\"headline\":\"Retom\u00f3 el rumbo\",\"datePublished\":\"2016-08-12T03:44:15+00:00\",\"mainEntityOfPage\":{\"@id\":\"https:\\\/\\\/gentedebasquet.com.ar\\\/sitio\\\/2016\\\/08\\\/12\\\/retomo-el-rumbo\\\/\"},\"wordCount\":604,\"image\":{\"@id\":\"https:\\\/\\\/gentedebasquet.com.ar\\\/sitio\\\/2016\\\/08\\\/12\\\/retomo-el-rumbo\\\/#primaryimage\"},\"thumbnailUrl\":\"https:\\\/\\\/gentedebasquet.com.ar\\\/sitio\\\/wp-content\\\/uploads\\\/2016\\\/08\\\/DSC_0047.jpg\",\"keywords\":[\"Argentino\",\"David Pineda\",\"Germ\u00e1n Andr\u00e9s\",\"Jos\u00e9 Luis Mart\u00ednez\",\"Lucas Mar\u00edn\",\"Mat\u00edas Monteoliva\",\"Villa Mitre\"],\"articleSection\":[\"Primera\",\"Slide\"],\"inLanguage\":\"es\"},{\"@type\":\"WebPage\",\"@id\":\"https:\\\/\\\/gentedebasquet.com.ar\\\/sitio\\\/2016\\\/08\\\/12\\\/retomo-el-rumbo\\\/\",\"url\":\"https:\\\/\\\/gentedebasquet.com.ar\\\/sitio\\\/2016\\\/08\\\/12\\\/retomo-el-rumbo\\\/\",\"name\":\"Retom\u00f3 el rumbo - Gente de B\u00e1squet\",\"isPartOf\":{\"@id\":\"https:\\\/\\\/gentedebasquet.com.ar\\\/sitio\\\/#website\"},\"primaryImageOfPage\":{\"@id\":\"https:\\\/\\\/gentedebasquet.com.ar\\\/sitio\\\/2016\\\/08\\\/12\\\/retomo-el-rumbo\\\/#primaryimage\"},\"image\":{\"@id\":\"https:\\\/\\\/gentedebasquet.com.ar\\\/sitio\\\/2016\\\/08\\\/12\\\/retomo-el-rumbo\\\/#primaryimage\"},\"thumbnailUrl\":\"https:\\\/\\\/gentedebasquet.com.ar\\\/sitio\\\/wp-content\\\/uploads\\\/2016\\\/08\\\/DSC_0047.jpg\",\"datePublished\":\"2016-08-12T03:44:15+00:00\",\"author\":{\"@id\":\"https:\\\/\\\/gentedebasquet.com.ar\\\/sitio\\\/#\\\/schema\\\/person\\\/ca0b63bbb977369988a7bbbdc519943a\"},\"breadcrumb\":{\"@id\":\"https:\\\/\\\/gentedebasquet.com.ar\\\/sitio\\\/2016\\\/08\\\/12\\\/retomo-el-rumbo\\\/#breadcrumb\"},\"inLanguage\":\"es\",\"potentialAction\":[{\"@type\":\"ReadAction\",\"target\":[\"https:\\\/\\\/gentedebasquet.com.ar\\\/sitio\\\/2016\\\/08\\\/12\\\/retomo-el-rumbo\\\/\"]}]},{\"@type\":\"ImageObject\",\"inLanguage\":\"es\",\"@id\":\"https:\\\/\\\/gentedebasquet.com.ar\\\/sitio\\\/2016\\\/08\\\/12\\\/retomo-el-rumbo\\\/#primaryimage\",\"url\":\"https:\\\/\\\/gentedebasquet.com.ar\\\/sitio\\\/wp-content\\\/uploads\\\/2016\\\/08\\\/DSC_0047.jpg\",\"contentUrl\":\"https:\\\/\\\/gentedebasquet.com.ar\\\/sitio\\\/wp-content\\\/uploads\\\/2016\\\/08\\\/DSC_0047.jpg\",\"width\":690,\"height\":319},{\"@type\":\"BreadcrumbList\",\"@id\":\"https:\\\/\\\/gentedebasquet.com.ar\\\/sitio\\\/2016\\\/08\\\/12\\\/retomo-el-rumbo\\\/#breadcrumb\",\"itemListElement\":[{\"@type\":\"ListItem\",\"position\":1,\"name\":\"Portada\",\"item\":\"https:\\\/\\\/gentedebasquet.com.ar\\\/sitio\\\/\"},{\"@type\":\"ListItem\",\"position\":2,\"name\":\"Retom\u00f3 el rumbo\"}]},{\"@type\":\"WebSite\",\"@id\":\"https:\\\/\\\/gentedebasquet.com.ar\\\/sitio\\\/#website\",\"url\":\"https:\\\/\\\/gentedebasquet.com.ar\\\/sitio\\\/\",\"name\":\"Gente de B\u00e1squet\",\"description\":\"La revista del basquet de Bah\u00eda Blanca\",\"potentialAction\":[{\"@type\":\"SearchAction\",\"target\":{\"@type\":\"EntryPoint\",\"urlTemplate\":\"https:\\\/\\\/gentedebasquet.com.ar\\\/sitio\\\/?s={search_term_string}\"},\"query-input\":{\"@type\":\"PropertyValueSpecification\",\"valueRequired\":true,\"valueName\":\"search_term_string\"}}],\"inLanguage\":\"es\"},{\"@type\":\"Person\",\"@id\":\"https:\\\/\\\/gentedebasquet.com.ar\\\/sitio\\\/#\\\/schema\\\/person\\\/ca0b63bbb977369988a7bbbdc519943a\",\"name\":\"Gente de B\u00e1squet\",\"image\":{\"@type\":\"ImageObject\",\"inLanguage\":\"es\",\"@id\":\"https:\\\/\\\/secure.gravatar.com\\\/avatar\\\/7f2c48bdc33b30088f941fb6082e555f2874c98e20cb159d7b92b50eadfce793?s=96&d=mm&r=g\",\"url\":\"https:\\\/\\\/secure.gravatar.com\\\/avatar\\\/7f2c48bdc33b30088f941fb6082e555f2874c98e20cb159d7b92b50eadfce793?s=96&d=mm&r=g\",\"contentUrl\":\"https:\\\/\\\/secure.gravatar.com\\\/avatar\\\/7f2c48bdc33b30088f941fb6082e555f2874c98e20cb159d7b92b50eadfce793?s=96&d=mm&r=g\",\"caption\":\"Gente de B\u00e1squet\"},\"sameAs\":[\"http:\\\/\\\/gentedebasquet.com.ar\\\/sitio\"],\"url\":\"https:\\\/\\\/gentedebasquet.com.ar\\\/sitio\\\/author\\\/ulises\\\/\"}]}<\/script>\n<!-- \/ Yoast SEO plugin. -->","yoast_head_json":{"title":"Retom\u00f3 el rumbo - Gente de B\u00e1squet","robots":{"index":"index","follow":"follow","max-snippet":"max-snippet:-1","max-image-preview":"max-image-preview:large","max-video-preview":"max-video-preview:-1"},"canonical":"https:\/\/gentedebasquet.com.ar\/sitio\/2016\/08\/12\/retomo-el-rumbo\/","og_locale":"es_ES","og_type":"article","og_title":"Retom\u00f3 el rumbo - Gente de B\u00e1squet","og_description":"Villa Mitre retorn\u00f3 al \u00e9xito tras vencer a Argentino en el Ardubilio Severini por 87-69","og_url":"https:\/\/gentedebasquet.com.ar\/sitio\/2016\/08\/12\/retomo-el-rumbo\/","og_site_name":"Gente de B\u00e1squet","article_published_time":"2016-08-12T03:44:15+00:00","og_image":[{"width":690,"height":319,"url":"https:\/\/gentedebasquet.com.ar\/sitio\/wp-content\/uploads\/2016\/08\/DSC_0047.jpg","type":"image\/jpeg"}],"author":"Gente de B\u00e1squet","twitter_card":"summary_large_image","twitter_misc":{"Escrito por":"Gente de B\u00e1squet","Tiempo de lectura":"3 minutos"},"schema":{"@context":"https:\/\/schema.org","@graph":[{"@type":"Article","@id":"https:\/\/gentedebasquet.com.ar\/sitio\/2016\/08\/12\/retomo-el-rumbo\/#article","isPartOf":{"@id":"https:\/\/gentedebasquet.com.ar\/sitio\/2016\/08\/12\/retomo-el-rumbo\/"},"author":{"name":"Gente de B\u00e1squet","@id":"https:\/\/gentedebasquet.com.ar\/sitio\/#\/schema\/person\/ca0b63bbb977369988a7bbbdc519943a"},"headline":"Retom\u00f3 el rumbo","datePublished":"2016-08-12T03:44:15+00:00","mainEntityOfPage":{"@id":"https:\/\/gentedebasquet.com.ar\/sitio\/2016\/08\/12\/retomo-el-rumbo\/"},"wordCount":604,"image":{"@id":"https:\/\/gentedebasquet.com.ar\/sitio\/2016\/08\/12\/retomo-el-rumbo\/#primaryimage"},"thumbnailUrl":"https:\/\/gentedebasquet.com.ar\/sitio\/wp-content\/uploads\/2016\/08\/DSC_0047.jpg","keywords":["Argentino","David Pineda","Germ\u00e1n Andr\u00e9s","Jos\u00e9 Luis Mart\u00ednez","Lucas Mar\u00edn","Mat\u00edas Monteoliva","Villa Mitre"],"articleSection":["Primera","Slide"],"inLanguage":"es"},{"@type":"WebPage","@id":"https:\/\/gentedebasquet.com.ar\/sitio\/2016\/08\/12\/retomo-el-rumbo\/","url":"https:\/\/gentedebasquet.com.ar\/sitio\/2016\/08\/12\/retomo-el-rumbo\/","name":"Retom\u00f3 el rumbo - Gente de B\u00e1squet","isPartOf":{"@id":"https:\/\/gentedebasquet.com.ar\/sitio\/#website"},"primaryImageOfPage":{"@id":"https:\/\/gentedebasquet.com.ar\/sitio\/2016\/08\/12\/retomo-el-rumbo\/#primaryimage"},"image":{"@id":"https:\/\/gentedebasquet.com.ar\/sitio\/2016\/08\/12\/retomo-el-rumbo\/#primaryimage"},"thumbnailUrl":"https:\/\/gentedebasquet.com.ar\/sitio\/wp-content\/uploads\/2016\/08\/DSC_0047.jpg","datePublished":"2016-08-12T03:44:15+00:00","author":{"@id":"https:\/\/gentedebasquet.com.ar\/sitio\/#\/schema\/person\/ca0b63bbb977369988a7bbbdc519943a"},"breadcrumb":{"@id":"https:\/\/gentedebasquet.com.ar\/sitio\/2016\/08\/12\/retomo-el-rumbo\/#breadcrumb"},"inLanguage":"es","potentialAction":[{"@type":"ReadAction","target":["https:\/\/gentedebasquet.com.ar\/sitio\/2016\/08\/12\/retomo-el-rumbo\/"]}]},{"@type":"ImageObject","inLanguage":"es","@id":"https:\/\/gentedebasquet.com.ar\/sitio\/2016\/08\/12\/retomo-el-rumbo\/#primaryimage","url":"https:\/\/gentedebasquet.com.ar\/sitio\/wp-content\/uploads\/2016\/08\/DSC_0047.jpg","contentUrl":"https:\/\/gentedebasquet.com.ar\/sitio\/wp-content\/uploads\/2016\/08\/DSC_0047.jpg","width":690,"height":319},{"@type":"BreadcrumbList","@id":"https:\/\/gentedebasquet.com.ar\/sitio\/2016\/08\/12\/retomo-el-rumbo\/#breadcrumb","itemListElement":[{"@type":"ListItem","position":1,"name":"Portada","item":"https:\/\/gentedebasquet.com.ar\/sitio\/"},{"@type":"ListItem","position":2,"name":"Retom\u00f3 el rumbo"}]},{"@type":"WebSite","@id":"https:\/\/gentedebasquet.com.ar\/sitio\/#website","url":"https:\/\/gentedebasquet.com.ar\/sitio\/","name":"Gente de B\u00e1squet","description":"La revista del basquet de Bah\u00eda Blanca","potentialAction":[{"@type":"SearchAction","target":{"@type":"EntryPoint","urlTemplate":"https:\/\/gentedebasquet.com.ar\/sitio\/?s={search_term_string}"},"query-input":{"@type":"PropertyValueSpecification","valueRequired":true,"valueName":"search_term_string"}}],"inLanguage":"es"},{"@type":"Person","@id":"https:\/\/gentedebasquet.com.ar\/sitio\/#\/schema\/person\/ca0b63bbb977369988a7bbbdc519943a","name":"Gente de B\u00e1squet","image":{"@type":"ImageObject","inLanguage":"es","@id":"https:\/\/secure.gravatar.com\/avatar\/7f2c48bdc33b30088f941fb6082e555f2874c98e20cb159d7b92b50eadfce793?s=96&d=mm&r=g","url":"https:\/\/secure.gravatar.com\/avatar\/7f2c48bdc33b30088f941fb6082e555f2874c98e20cb159d7b92b50eadfce793?s=96&d=mm&r=g","contentUrl":"https:\/\/secure.gravatar.com\/avatar\/7f2c48bdc33b30088f941fb6082e555f2874c98e20cb159d7b92b50eadfce793?s=96&d=mm&r=g","caption":"Gente de B\u00e1squet"},"sameAs":["http:\/\/gentedebasquet.com.ar\/sitio"],"url":"https:\/\/gentedebasquet.com.ar\/sitio\/author\/ulises\/"}]}},"_links":{"self":[{"href":"https:\/\/gentedebasquet.com.ar\/sitio\/wp-json\/wp\/v2\/posts\/63018","targetHints":{"allow":["GET"]}}],"collection":[{"href":"https:\/\/gentedebasquet.com.ar\/sitio\/wp-json\/wp\/v2\/posts"}],"about":[{"href":"https:\/\/gentedebasquet.com.ar\/sitio\/wp-json\/wp\/v2\/types\/post"}],"author":[{"embeddable":true,"href":"https:\/\/gentedebasquet.com.ar\/sitio\/wp-json\/wp\/v2\/users\/1"}],"replies":[{"embeddable":true,"href":"https:\/\/gentedebasquet.com.ar\/sitio\/wp-json\/wp\/v2\/comments?post=63018"}],"version-history":[{"count":0,"href":"https:\/\/gentedebasquet.com.ar\/sitio\/wp-json\/wp\/v2\/posts\/63018\/revisions"}],"wp:featuredmedia":[{"embeddable":true,"href":"https:\/\/gentedebasquet.com.ar\/sitio\/wp-json\/wp\/v2\/media\/63019"}],"wp:attachment":[{"href":"https:\/\/gentedebasquet.com.ar\/sitio\/wp-json\/wp\/v2\/media?parent=63018"}],"wp:term":[{"taxonomy":"category","embeddable":true,"href":"https:\/\/gentedebasquet.com.ar\/sitio\/wp-json\/wp\/v2\/categories?post=63018"},{"taxonomy":"post_tag","embeddable":true,"href":"https:\/\/gentedebasquet.com.ar\/sitio\/wp-json\/wp\/v2\/tags?post=63018"}],"curies":[{"name":"wp","href":"https:\/\/api.w.org\/{rel}","templated":true}]}}