{"id":6304,"date":"2012-08-28T18:31:25","date_gmt":"2012-08-28T21:31:25","guid":{"rendered":"http:\/\/www.gentedebasquet.com.ar\/?p=6304"},"modified":"2012-08-28T18:31:25","modified_gmt":"2012-08-28T21:31:25","slug":"estudiantes-se-presento-en-sociedad","status":"publish","type":"post","link":"https:\/\/gentedebasquet.com.ar\/sitio\/2012\/08\/28\/estudiantes-se-presento-en-sociedad\/","title":{"rendered":"Estudiantes se present\u00f3 en sociedad"},"content":{"rendered":"<p><a href=\"http:\/\/www.gentedebasquet.com.ar\/wp-content\/uploads\/2012\/08\/WBE1.jpg\"><img decoding=\"async\" class=\"size-full wp-image-6307 aligncenter\" src=\"http:\/\/www.gentedebasquet.com.ar\/wp-content\/uploads\/2012\/08\/WBE1.jpg\" alt=\"\" \/><\/a><\/p>\n<p><strong><em>Weber Bah\u00eda Estudiantes hizo su presentaci\u00f3n oficial de cara a la temporada de Liga Nacional 2012-13 que se avecina. La conferencia, realizada en Coodimat, cont\u00f3 con la presencia de todo el plantel ligero, la prensa local y la novedad de la realizaci\u00f3n del Streaming online por el que se pudo observar en vivo dicha conferencia desde cualquier parte del mundo.<!--more--> <\/em><\/strong><\/p>\n<p>Si hay algo que le faltaba al proyecto de Weber Bah\u00eda Estudiantes, m\u00e1s all\u00e1 de los logros deportivos, era la posibilidad de realizar la conferencia de prensa a trav\u00e9s de Streaming para que se pudiera observar en vivo desde cualquier punto del mundo, y eso se logr\u00f3 en la ma\u00f1ana de hoy en la que el equipo de Estudiantes, liderado por \u201cPepe\u201d S\u00e1nchez, Juan Espil (Director Deportivo), Lucas Faggiano (Capit\u00e1n del equipo), Pablo Coleffi (Director T\u00e9cnico), Luis Amore (Dirigente de Estudiantes) y Gustavo Bevilacqua (Intendente de la Ciudad) manifestaron sus intensiones para esta nueva Liga.<\/p>\n<p>\u201c<em>Es un proyecto ambicioso que le interesa a la Municipalidad de Bah\u00eda Blanca porque deja reflejado lo que es la Ciudad. Todos los Bahienses deben llevar puesta la camiseta de Weber Bah\u00eda Estudiantes<\/em>\u201d, sentenci\u00f3 Gustavo Bevilacqua, intendente interino.<\/p>\n<p>El proyecto, que comenz\u00f3 con Jos\u00e9 Luis Pisani como DT, recorrer\u00e1 ya su tercer a\u00f1o y en esta ocasi\u00f3n tendr\u00e1 la cara de Pablo Coleffi como el Coach de Bah\u00eda Estudiantes: \u201c<em>Quiero agradecerles a \u201cPepe\u201d (S\u00e1nchez) y a Juan (Espil) por darme la oportunidad y la responsabilidad de llevar al equipo identificado con la Ciudad. Sabemos que ser\u00e1 un a\u00f1o muy duro, pero debemos poner esfuerzo y orgullo para superar cada obst\u00e1culo<\/em>\u201d, sentenci\u00f3 el flamante de DT.<\/p>\n<p>A su vez, el ex jugador y ahora nuevo Director Deportivo Juan Alberto Espil confi\u00f3 que se encuentra \u201c<em>ilusionado y contento con el equipo que se form\u00f3<\/em>\u201d y que para que las cosas marchen sobre rieles \u201c<em>la ecuaci\u00f3n deber\u00e1 ser ACTITUD + TRABAJO+ COMPROMISO<\/em>\u201d.<\/p>\n<p>Por su parte, y a la hora de analizar la nueva plantilla alba, \u201cPepe\u201d S\u00e1nchez sostuvo: \u201c<em>Creo que hicimos un equipo a la medida de lo que busc\u00e1bamos. Es un equipo como para ir a la guerra, que siempre va a mostrar actitud. Estamos dando un salto de calidad importante respecto del plantel del a\u00f1o pasado, m\u00e1s all\u00e1 de no tener grandes figuras<\/em>\u201d.<\/p>\n<p>\u201c<em>Es un orgullo enorme ser el Capit\u00e1n de este equipo. Se que ser\u00e1 una responsabilidad grande, pero lo asumo con alegr\u00eda y compromiso porque soy de Bah\u00eda y jugu\u00e9 siempre en Estudiantes<\/em>\u201d, afirm\u00f3 el nuevo capit\u00e1n albo, Lucas Faggiano, que reemplazar\u00e1 a Espil.<\/p>\n<p>A la hora de hablar y analizar a la organizaci\u00f3n Bah\u00eda Basket, Coleffi indic\u00f3: \u201c<em>Se trabaja con mucho profesionalismo y amor. Es un orgullo estar ac\u00e1 y espero que los chicos sepan donde, c\u00f3mo y porque estamos ac\u00e1<\/em>\u201d.<br \/>\nA su vez Luis Amore, dirigente del Club Estudiantes, explic\u00f3: \u201c<em>Estamos muy contentos de que Pepe este en el Club y muy agradecidos. Es una organizaci\u00f3n que trabaja mucho y queremos que Estudiantes crezca en la medida que lo haga el proyecto tambi\u00e9n<\/em>\u201d.<\/p>\n<p>En el turno de clarificar los objetivos para la temporada 2012\/13 S\u00e1nchez indic\u00f3: \u201c<em>Decir que queremos llegar a Semifinales ser\u00eda apresurarnos un tanto en los objetivos, aunque la posibilidad de llegar a esa instancia tampoco est\u00e1 muy lejana<\/em>\u201d. Y agreg\u00f3: \u201c<em>Si la gente nos pone presi\u00f3n de mejorar es porque interesa lo que estamos haciendo. Cada a\u00f1o es una ilusi\u00f3n que se renueva para cumplir objetivos. Estamos en un proceso de construcci\u00f3n y estoy seguro de que esto va para adelante<\/em>\u201d.<\/p>\n<p>&nbsp;<\/p>\n<p>&nbsp;<\/p>\n<p>&nbsp;<\/p>\n","protected":false},"excerpt":{"rendered":"<p>Weber Bah\u00eda Estudiantes hizo su presentaci\u00f3n oficial de cara a la temporada de Liga Nacional 2012-13 que se avecina. La conferencia, realizada en Coodimat, cont\u00f3 con la presencia de todo el plantel ligero, la prensa local y la novedad de la realizaci\u00f3n del Streaming online por el que se pudo observar en vivo dicha conferencia [&hellip;]<\/p>\n","protected":false},"author":5,"featured_media":0,"comment_status":"open","ping_status":"open","sticky":false,"template":"","format":"standard","meta":{"jnews-multi-image_gallery":[],"jnews_single_post":[],"jnews_primary_category":[],"footnotes":""},"categories":[43,39],"tags":[],"class_list":["post-6304","post","type-post","status-publish","format-standard","hentry","category-la-liga","category-nacional"],"yoast_head":"<!-- This site is optimized with the Yoast SEO plugin v27.5 - https:\/\/yoast.com\/product\/yoast-seo-wordpress\/ -->\n<title>Estudiantes se present\u00f3 en sociedad - Gente de B\u00e1squet<\/title>\n<meta name=\"robots\" content=\"index, follow, max-snippet:-1, max-image-preview:large, max-video-preview:-1\" \/>\n<link rel=\"canonical\" href=\"https:\/\/gentedebasquet.com.ar\/sitio\/2012\/08\/28\/estudiantes-se-presento-en-sociedad\/\" \/>\n<meta property=\"og:locale\" content=\"es_ES\" \/>\n<meta property=\"og:type\" content=\"article\" \/>\n<meta property=\"og:title\" content=\"Estudiantes se present\u00f3 en sociedad - Gente de B\u00e1squet\" \/>\n<meta property=\"og:description\" content=\"Weber Bah\u00eda Estudiantes hizo su presentaci\u00f3n oficial de cara a la temporada de Liga Nacional 2012-13 que se avecina. La conferencia, realizada en Coodimat, cont\u00f3 con la presencia de todo el plantel ligero, la prensa local y la novedad de la realizaci\u00f3n del Streaming online por el que se pudo observar en vivo dicha conferencia [&hellip;]\" \/>\n<meta property=\"og:url\" content=\"https:\/\/gentedebasquet.com.ar\/sitio\/2012\/08\/28\/estudiantes-se-presento-en-sociedad\/\" \/>\n<meta property=\"og:site_name\" content=\"Gente de B\u00e1squet\" \/>\n<meta property=\"article:published_time\" content=\"2012-08-28T21:31:25+00:00\" \/>\n<meta property=\"og:image\" content=\"http:\/\/www.gentedebasquet.com.ar\/wp-content\/uploads\/2012\/08\/WBE1.jpg\" \/>\n<meta name=\"author\" content=\"Mati Ortiz\" \/>\n<meta name=\"twitter:card\" content=\"summary_large_image\" \/>\n<meta name=\"twitter:label1\" content=\"Escrito por\" \/>\n\t<meta name=\"twitter:data1\" content=\"Mati Ortiz\" \/>\n\t<meta name=\"twitter:label2\" content=\"Tiempo de lectura\" \/>\n\t<meta name=\"twitter:data2\" content=\"3 minutos\" \/>\n<script type=\"application\/ld+json\" class=\"yoast-schema-graph\">{\"@context\":\"https:\\\/\\\/schema.org\",\"@graph\":[{\"@type\":\"Article\",\"@id\":\"https:\\\/\\\/gentedebasquet.com.ar\\\/sitio\\\/2012\\\/08\\\/28\\\/estudiantes-se-presento-en-sociedad\\\/#article\",\"isPartOf\":{\"@id\":\"https:\\\/\\\/gentedebasquet.com.ar\\\/sitio\\\/2012\\\/08\\\/28\\\/estudiantes-se-presento-en-sociedad\\\/\"},\"author\":{\"name\":\"Mati Ortiz\",\"@id\":\"http:\\\/\\\/gentedebasquet.com.ar\\\/sitio\\\/#\\\/schema\\\/person\\\/bdfda4f76826a67711ffbc5c019867b1\"},\"headline\":\"Estudiantes se present\u00f3 en sociedad\",\"datePublished\":\"2012-08-28T21:31:25+00:00\",\"mainEntityOfPage\":{\"@id\":\"https:\\\/\\\/gentedebasquet.com.ar\\\/sitio\\\/2012\\\/08\\\/28\\\/estudiantes-se-presento-en-sociedad\\\/\"},\"wordCount\":626,\"commentCount\":0,\"image\":{\"@id\":\"https:\\\/\\\/gentedebasquet.com.ar\\\/sitio\\\/2012\\\/08\\\/28\\\/estudiantes-se-presento-en-sociedad\\\/#primaryimage\"},\"thumbnailUrl\":\"http:\\\/\\\/www.gentedebasquet.com.ar\\\/wp-content\\\/uploads\\\/2012\\\/08\\\/WBE1.jpg\",\"articleSection\":[\"Liga Nacional\",\"Nacional\"],\"inLanguage\":\"es\",\"potentialAction\":[{\"@type\":\"CommentAction\",\"name\":\"Comment\",\"target\":[\"https:\\\/\\\/gentedebasquet.com.ar\\\/sitio\\\/2012\\\/08\\\/28\\\/estudiantes-se-presento-en-sociedad\\\/#respond\"]}]},{\"@type\":\"WebPage\",\"@id\":\"https:\\\/\\\/gentedebasquet.com.ar\\\/sitio\\\/2012\\\/08\\\/28\\\/estudiantes-se-presento-en-sociedad\\\/\",\"url\":\"https:\\\/\\\/gentedebasquet.com.ar\\\/sitio\\\/2012\\\/08\\\/28\\\/estudiantes-se-presento-en-sociedad\\\/\",\"name\":\"Estudiantes se present\u00f3 en sociedad - Gente de B\u00e1squet\",\"isPartOf\":{\"@id\":\"http:\\\/\\\/gentedebasquet.com.ar\\\/sitio\\\/#website\"},\"primaryImageOfPage\":{\"@id\":\"https:\\\/\\\/gentedebasquet.com.ar\\\/sitio\\\/2012\\\/08\\\/28\\\/estudiantes-se-presento-en-sociedad\\\/#primaryimage\"},\"image\":{\"@id\":\"https:\\\/\\\/gentedebasquet.com.ar\\\/sitio\\\/2012\\\/08\\\/28\\\/estudiantes-se-presento-en-sociedad\\\/#primaryimage\"},\"thumbnailUrl\":\"http:\\\/\\\/www.gentedebasquet.com.ar\\\/wp-content\\\/uploads\\\/2012\\\/08\\\/WBE1.jpg\",\"datePublished\":\"2012-08-28T21:31:25+00:00\",\"author\":{\"@id\":\"http:\\\/\\\/gentedebasquet.com.ar\\\/sitio\\\/#\\\/schema\\\/person\\\/bdfda4f76826a67711ffbc5c019867b1\"},\"breadcrumb\":{\"@id\":\"https:\\\/\\\/gentedebasquet.com.ar\\\/sitio\\\/2012\\\/08\\\/28\\\/estudiantes-se-presento-en-sociedad\\\/#breadcrumb\"},\"inLanguage\":\"es\",\"potentialAction\":[{\"@type\":\"ReadAction\",\"target\":[\"https:\\\/\\\/gentedebasquet.com.ar\\\/sitio\\\/2012\\\/08\\\/28\\\/estudiantes-se-presento-en-sociedad\\\/\"]}]},{\"@type\":\"ImageObject\",\"inLanguage\":\"es\",\"@id\":\"https:\\\/\\\/gentedebasquet.com.ar\\\/sitio\\\/2012\\\/08\\\/28\\\/estudiantes-se-presento-en-sociedad\\\/#primaryimage\",\"url\":\"http:\\\/\\\/www.gentedebasquet.com.ar\\\/wp-content\\\/uploads\\\/2012\\\/08\\\/WBE1.jpg\",\"contentUrl\":\"http:\\\/\\\/www.gentedebasquet.com.ar\\\/wp-content\\\/uploads\\\/2012\\\/08\\\/WBE1.jpg\"},{\"@type\":\"BreadcrumbList\",\"@id\":\"https:\\\/\\\/gentedebasquet.com.ar\\\/sitio\\\/2012\\\/08\\\/28\\\/estudiantes-se-presento-en-sociedad\\\/#breadcrumb\",\"itemListElement\":[{\"@type\":\"ListItem\",\"position\":1,\"name\":\"Portada\",\"item\":\"http:\\\/\\\/gentedebasquet.com.ar\\\/sitio\\\/\"},{\"@type\":\"ListItem\",\"position\":2,\"name\":\"Estudiantes se present\u00f3 en sociedad\"}]},{\"@type\":\"WebSite\",\"@id\":\"http:\\\/\\\/gentedebasquet.com.ar\\\/sitio\\\/#website\",\"url\":\"http:\\\/\\\/gentedebasquet.com.ar\\\/sitio\\\/\",\"name\":\"Gente de B\u00e1squet\",\"description\":\"La revista del basquet de Bah\u00eda Blanca\",\"potentialAction\":[{\"@type\":\"SearchAction\",\"target\":{\"@type\":\"EntryPoint\",\"urlTemplate\":\"http:\\\/\\\/gentedebasquet.com.ar\\\/sitio\\\/?s={search_term_string}\"},\"query-input\":{\"@type\":\"PropertyValueSpecification\",\"valueRequired\":true,\"valueName\":\"search_term_string\"}}],\"inLanguage\":\"es\"},{\"@type\":\"Person\",\"@id\":\"http:\\\/\\\/gentedebasquet.com.ar\\\/sitio\\\/#\\\/schema\\\/person\\\/bdfda4f76826a67711ffbc5c019867b1\",\"name\":\"Mati Ortiz\",\"image\":{\"@type\":\"ImageObject\",\"inLanguage\":\"es\",\"@id\":\"https:\\\/\\\/secure.gravatar.com\\\/avatar\\\/639f103875d0262257ad455ccde7a9fdf5a890a827f0e877d951e4fb1b0906e5?s=96&d=mm&r=g\",\"url\":\"https:\\\/\\\/secure.gravatar.com\\\/avatar\\\/639f103875d0262257ad455ccde7a9fdf5a890a827f0e877d951e4fb1b0906e5?s=96&d=mm&r=g\",\"contentUrl\":\"https:\\\/\\\/secure.gravatar.com\\\/avatar\\\/639f103875d0262257ad455ccde7a9fdf5a890a827f0e877d951e4fb1b0906e5?s=96&d=mm&r=g\",\"caption\":\"Mati Ortiz\"},\"url\":\"https:\\\/\\\/gentedebasquet.com.ar\\\/sitio\\\/author\\\/mati-ortiz\\\/\"}]}<\/script>\n<!-- \/ Yoast SEO plugin. -->","yoast_head_json":{"title":"Estudiantes se present\u00f3 en sociedad - Gente de B\u00e1squet","robots":{"index":"index","follow":"follow","max-snippet":"max-snippet:-1","max-image-preview":"max-image-preview:large","max-video-preview":"max-video-preview:-1"},"canonical":"https:\/\/gentedebasquet.com.ar\/sitio\/2012\/08\/28\/estudiantes-se-presento-en-sociedad\/","og_locale":"es_ES","og_type":"article","og_title":"Estudiantes se present\u00f3 en sociedad - Gente de B\u00e1squet","og_description":"Weber Bah\u00eda Estudiantes hizo su presentaci\u00f3n oficial de cara a la temporada de Liga Nacional 2012-13 que se avecina. La conferencia, realizada en Coodimat, cont\u00f3 con la presencia de todo el plantel ligero, la prensa local y la novedad de la realizaci\u00f3n del Streaming online por el que se pudo observar en vivo dicha conferencia [&hellip;]","og_url":"https:\/\/gentedebasquet.com.ar\/sitio\/2012\/08\/28\/estudiantes-se-presento-en-sociedad\/","og_site_name":"Gente de B\u00e1squet","article_published_time":"2012-08-28T21:31:25+00:00","og_image":[{"url":"http:\/\/www.gentedebasquet.com.ar\/wp-content\/uploads\/2012\/08\/WBE1.jpg","type":"","width":"","height":""}],"author":"Mati Ortiz","twitter_card":"summary_large_image","twitter_misc":{"Escrito por":"Mati Ortiz","Tiempo de lectura":"3 minutos"},"schema":{"@context":"https:\/\/schema.org","@graph":[{"@type":"Article","@id":"https:\/\/gentedebasquet.com.ar\/sitio\/2012\/08\/28\/estudiantes-se-presento-en-sociedad\/#article","isPartOf":{"@id":"https:\/\/gentedebasquet.com.ar\/sitio\/2012\/08\/28\/estudiantes-se-presento-en-sociedad\/"},"author":{"name":"Mati Ortiz","@id":"http:\/\/gentedebasquet.com.ar\/sitio\/#\/schema\/person\/bdfda4f76826a67711ffbc5c019867b1"},"headline":"Estudiantes se present\u00f3 en sociedad","datePublished":"2012-08-28T21:31:25+00:00","mainEntityOfPage":{"@id":"https:\/\/gentedebasquet.com.ar\/sitio\/2012\/08\/28\/estudiantes-se-presento-en-sociedad\/"},"wordCount":626,"commentCount":0,"image":{"@id":"https:\/\/gentedebasquet.com.ar\/sitio\/2012\/08\/28\/estudiantes-se-presento-en-sociedad\/#primaryimage"},"thumbnailUrl":"http:\/\/www.gentedebasquet.com.ar\/wp-content\/uploads\/2012\/08\/WBE1.jpg","articleSection":["Liga Nacional","Nacional"],"inLanguage":"es","potentialAction":[{"@type":"CommentAction","name":"Comment","target":["https:\/\/gentedebasquet.com.ar\/sitio\/2012\/08\/28\/estudiantes-se-presento-en-sociedad\/#respond"]}]},{"@type":"WebPage","@id":"https:\/\/gentedebasquet.com.ar\/sitio\/2012\/08\/28\/estudiantes-se-presento-en-sociedad\/","url":"https:\/\/gentedebasquet.com.ar\/sitio\/2012\/08\/28\/estudiantes-se-presento-en-sociedad\/","name":"Estudiantes se present\u00f3 en sociedad - Gente de B\u00e1squet","isPartOf":{"@id":"http:\/\/gentedebasquet.com.ar\/sitio\/#website"},"primaryImageOfPage":{"@id":"https:\/\/gentedebasquet.com.ar\/sitio\/2012\/08\/28\/estudiantes-se-presento-en-sociedad\/#primaryimage"},"image":{"@id":"https:\/\/gentedebasquet.com.ar\/sitio\/2012\/08\/28\/estudiantes-se-presento-en-sociedad\/#primaryimage"},"thumbnailUrl":"http:\/\/www.gentedebasquet.com.ar\/wp-content\/uploads\/2012\/08\/WBE1.jpg","datePublished":"2012-08-28T21:31:25+00:00","author":{"@id":"http:\/\/gentedebasquet.com.ar\/sitio\/#\/schema\/person\/bdfda4f76826a67711ffbc5c019867b1"},"breadcrumb":{"@id":"https:\/\/gentedebasquet.com.ar\/sitio\/2012\/08\/28\/estudiantes-se-presento-en-sociedad\/#breadcrumb"},"inLanguage":"es","potentialAction":[{"@type":"ReadAction","target":["https:\/\/gentedebasquet.com.ar\/sitio\/2012\/08\/28\/estudiantes-se-presento-en-sociedad\/"]}]},{"@type":"ImageObject","inLanguage":"es","@id":"https:\/\/gentedebasquet.com.ar\/sitio\/2012\/08\/28\/estudiantes-se-presento-en-sociedad\/#primaryimage","url":"http:\/\/www.gentedebasquet.com.ar\/wp-content\/uploads\/2012\/08\/WBE1.jpg","contentUrl":"http:\/\/www.gentedebasquet.com.ar\/wp-content\/uploads\/2012\/08\/WBE1.jpg"},{"@type":"BreadcrumbList","@id":"https:\/\/gentedebasquet.com.ar\/sitio\/2012\/08\/28\/estudiantes-se-presento-en-sociedad\/#breadcrumb","itemListElement":[{"@type":"ListItem","position":1,"name":"Portada","item":"http:\/\/gentedebasquet.com.ar\/sitio\/"},{"@type":"ListItem","position":2,"name":"Estudiantes se present\u00f3 en sociedad"}]},{"@type":"WebSite","@id":"http:\/\/gentedebasquet.com.ar\/sitio\/#website","url":"http:\/\/gentedebasquet.com.ar\/sitio\/","name":"Gente de B\u00e1squet","description":"La revista del basquet de Bah\u00eda Blanca","potentialAction":[{"@type":"SearchAction","target":{"@type":"EntryPoint","urlTemplate":"http:\/\/gentedebasquet.com.ar\/sitio\/?s={search_term_string}"},"query-input":{"@type":"PropertyValueSpecification","valueRequired":true,"valueName":"search_term_string"}}],"inLanguage":"es"},{"@type":"Person","@id":"http:\/\/gentedebasquet.com.ar\/sitio\/#\/schema\/person\/bdfda4f76826a67711ffbc5c019867b1","name":"Mati Ortiz","image":{"@type":"ImageObject","inLanguage":"es","@id":"https:\/\/secure.gravatar.com\/avatar\/639f103875d0262257ad455ccde7a9fdf5a890a827f0e877d951e4fb1b0906e5?s=96&d=mm&r=g","url":"https:\/\/secure.gravatar.com\/avatar\/639f103875d0262257ad455ccde7a9fdf5a890a827f0e877d951e4fb1b0906e5?s=96&d=mm&r=g","contentUrl":"https:\/\/secure.gravatar.com\/avatar\/639f103875d0262257ad455ccde7a9fdf5a890a827f0e877d951e4fb1b0906e5?s=96&d=mm&r=g","caption":"Mati Ortiz"},"url":"https:\/\/gentedebasquet.com.ar\/sitio\/author\/mati-ortiz\/"}]}},"_links":{"self":[{"href":"https:\/\/gentedebasquet.com.ar\/sitio\/wp-json\/wp\/v2\/posts\/6304","targetHints":{"allow":["GET"]}}],"collection":[{"href":"https:\/\/gentedebasquet.com.ar\/sitio\/wp-json\/wp\/v2\/posts"}],"about":[{"href":"https:\/\/gentedebasquet.com.ar\/sitio\/wp-json\/wp\/v2\/types\/post"}],"author":[{"embeddable":true,"href":"https:\/\/gentedebasquet.com.ar\/sitio\/wp-json\/wp\/v2\/users\/5"}],"replies":[{"embeddable":true,"href":"https:\/\/gentedebasquet.com.ar\/sitio\/wp-json\/wp\/v2\/comments?post=6304"}],"version-history":[{"count":0,"href":"https:\/\/gentedebasquet.com.ar\/sitio\/wp-json\/wp\/v2\/posts\/6304\/revisions"}],"wp:attachment":[{"href":"https:\/\/gentedebasquet.com.ar\/sitio\/wp-json\/wp\/v2\/media?parent=6304"}],"wp:term":[{"taxonomy":"category","embeddable":true,"href":"https:\/\/gentedebasquet.com.ar\/sitio\/wp-json\/wp\/v2\/categories?post=6304"},{"taxonomy":"post_tag","embeddable":true,"href":"https:\/\/gentedebasquet.com.ar\/sitio\/wp-json\/wp\/v2\/tags?post=6304"}],"curies":[{"name":"wp","href":"https:\/\/api.w.org\/{rel}","templated":true}]}}