{"id":63071,"date":"2016-08-12T23:58:31","date_gmt":"2016-08-13T02:58:31","guid":{"rendered":"http:\/\/www.gentedebasquet.com.ar\/?p=63071"},"modified":"2016-08-12T23:58:31","modified_gmt":"2016-08-13T02:58:31","slug":"la-otra-cara","status":"publish","type":"post","link":"https:\/\/gentedebasquet.com.ar\/sitio\/2016\/08\/12\/la-otra-cara\/","title":{"rendered":"La otra cara"},"content":{"rendered":"<p><strong>Velocidad revirti\u00f3 la imagen dejada en gran parte del partido anterior y venci\u00f3 92-75 a La Falda como local. Con un gran 3C en defensa, Velo destrab\u00f3 un encuentro que hasta el momento era parejo, lleg\u00f3 a sacar 20 de luz (84-64) y lo cerr\u00f3 c\u00f3modamente. Alan Grill (24, 17 reb y 4 tapas) junto a Sebasti\u00e1n Susbielles (22) fueron las grandes figuras de la noche en el ganador, que no cont\u00f3 con Ignacio Fris\u00f3n (Contractura \u2013 gemelo der). Adem\u00e1s hubo un gran aporte de Franco Mastrandrea (18). En Lafa, que no tuvo a Manuel Gim\u00e9nez (anginas), no alcanz\u00f3 con lo hecho por Federico Vilouta (18) y Juli\u00e1n Rodriguez (17).<\/strong><\/p>\n<p><strong>\u00a0<\/strong>La Falda fue quien arranc\u00f3 mejor pisado. Con Juli\u00e1n Rodriguez (3) manejando los hilos en la media cancha, Vilouta (7) ejecutando y Lan (8 \u2013 2\/2 T3) entonado con los tiros externos, la visita escap\u00f3 10-17 a 3m44s del cierre del 1C. Aunque Velocidad r\u00e1pidamente se meti\u00f3 en juego. Grill (4 y 7 reb) se rasp\u00f3 debajo de los tableros y entre Susbielles (8) y Sacristan (5) encabezaron las ofensivas para no perder terreno en el resultado (19-23).<\/p>\n<p>Ya en el 2C, todo fue distinto. Tras el descanso corto, Velo sali\u00f3 renovado, carg\u00f3 mejor el rebote defensivo (13) y encontr\u00f3 variantes ofensivas en su banco de relevos. A la regularidad de Grill (8), se sumaron Mastrandrea (8) y tambi\u00e9n Delluchi (4) primero para pasar a comandar el marcador (32-31 a 5m57s) y luego para sacar nueve de distancia (41-32) con 3m50s en el reloj. Si bien La Falda no goz\u00f3 de buenos porcentajes (2\/6 T3 \u2013 3\/12 T2) y le cost\u00f3 encontrar fluidez en ofensiva, se las ingenio para irse al descanso largo solo seis abajo (46-40). Lo hecho por Vilouta (5) y las bombas de Cinti y Lan colaboraron con la causa.<\/p>\n<blockquote><p>Defendiendo siempre podemos atacar mejor, m\u00e1s c\u00f3modo y con tiros m\u00e1s abiertos. Hoy pudimos corregir cosas en defensa individual que el otro partido hicimos muy mal, fue por eso que 9 de Julio nos sac\u00f3 25 y despu\u00e9s tuvimos que remar desde atr\u00e1s. Era importante ganar hoy por lo hecho en el partido pasado y tambi\u00e9n para sacarse la espina de los playoffs, pero ya est\u00e1, a eso hay que dejarlo atr\u00e1s. Hoy hicimos un buen partido, aunque hay que mejorar lo de las perdidas y desconcentraciones que tenemos en algunos momentos que nos terminan complicando (Alan Grill).<\/p><\/blockquote>\n<p>En la vuelta al juego fue cuando comenz\u00f3 a quebrarse el partido. El conjunto de Mauricio Vago ajust\u00f3 atr\u00e1s y se apoy\u00f3 en las labores ofensivas de Mastrandrea (9) y Grill (6) para irse 16 puntos arriba (71-55) al \u00faltimo periodo. A pesar de cargar bien el rebote ofensivo (7) y tener segundas chances, los de Miguel Loffredo no afinaron su punter\u00eda (0\/5 T3 \u2013 5\/16 T2) y solo encontraron vida en las manos de Cinti (4) y Miguel (4). Ya en el \u00faltimo cuarto, Velo super\u00f3 con \u00e9xito la presi\u00f3n defensiva de su rival en toda la cancha y con Susbielles (10) siendo determinante encontr\u00f3 la m\u00e1xima brecha de la noche (84-64) a 4m27s del final. Luego, solo rest\u00f3 tiempo para ver las tapas de Grill y los puntos de Rodr\u00edguez (12) que terminaron decorando el resultado.<\/p>\n<p>&nbsp;<\/p>\n<p>[youtube]https:\/\/youtu.be\/8obOiSDjuII[\/youtube]<\/p>\n<p>&nbsp;<\/p>\n<p><strong>S\u00edntesis|<\/strong>\u00a0Segunda Divisi\u00f3n \u2013 Oficial \u2013 Fecha #3<\/p>\n<p><strong>Velocidad y Resistencia 92:<\/strong>\u00a0Sebasti\u00e1n Susbielles 22, Manuel Sacrist\u00e1n 12, Alan Grill 24, Cristian Garc\u00eda 4, Cristian Bisterfeld 2 (Fi); Sim\u00f3n Delluchi 10, Franco Mastrandrea 18, Esteban Richotti 0, Lautaro Pirul 0 y Esteban Uyua 0. DT: Mauricio Vago.<\/p>\n<p><strong>La Falda 75:<\/strong>\u00a0Juli\u00e1n Rodr\u00edguez 17, Sebasti\u00e1n Cinti 10, Federico Vilouta 18, Andr\u00e9s Mond\u00f3n 7 y Gustavo Lan 12 (Fi); Nicol\u00e1s Leguizam\u00f3n 3, Martin Miguel 5, Federico Gonz\u00e1lez 1, Facundo Apcari\u00e1n 0 y Ramiro Lipinski 2. DT: Miguel Loffredo.<\/p>\n<p><strong>Parciales:<\/strong>\u00a019-23, 46-40 (27-17), 71-55 (25-15) y 92-75 (21-20).<\/p>\n<p><strong>\u00c1rbitros:<\/strong>\u00a0Alejandro Go\u00f1i \u2013 Lucas Andr\u00e9s.<\/p>\n<p><strong>Estadio:<\/strong>\u00a0Pedro S\u00e1nchez (Velocidad y Resistencia).<\/p>\n<p><a class=\"modalf iframe\" title=\"Planilla\" href=\"https:\/\/docs.google.com\/spreadsheets\/d\/1TGDRWzz1ZZcnJG0YFCw-x6DiRh8O0wthQU820YxlvHI\/pubhtml?gid=133689653&amp;single=true\" target=\"_blank\" rel=\"noopener\">Ver Planilla<\/a><\/p>\n","protected":false},"excerpt":{"rendered":"<p>Velocidad revirti\u00f3 la imagen del partido pasado y venci\u00f3 a La Falda por 92-75<\/p>\n","protected":false},"author":1,"featured_media":63072,"comment_status":"closed","ping_status":"open","sticky":false,"template":"","format":"standard","meta":{"jnews-multi-image_gallery":[],"jnews_single_post":[],"jnews_primary_category":[],"footnotes":""},"categories":[25,101],"tags":[206,303,1259,1253,13,588,589],"class_list":["post-63071","post","type-post","status-publish","format-standard","has-post-thumbnail","hentry","category-segunda","category-slide","tag-alan-grill","tag-federico-vilouta","tag-franco-mastrandrea","tag-julian-rodriguez","tag-la-falda","tag-sebastian-susbielles","tag-velocidad-y-resistencia"],"yoast_head":"<!-- This site is optimized with the Yoast SEO plugin v27.4 - https:\/\/yoast.com\/product\/yoast-seo-wordpress\/ -->\n<title>La otra cara - Gente de B\u00e1squet<\/title>\n<meta name=\"robots\" content=\"index, follow, max-snippet:-1, max-image-preview:large, max-video-preview:-1\" \/>\n<link rel=\"canonical\" href=\"https:\/\/gentedebasquet.com.ar\/sitio\/2016\/08\/12\/la-otra-cara\/\" \/>\n<meta property=\"og:locale\" content=\"es_ES\" \/>\n<meta property=\"og:type\" content=\"article\" \/>\n<meta property=\"og:title\" content=\"La otra cara - Gente de B\u00e1squet\" \/>\n<meta property=\"og:description\" content=\"Velocidad revirti\u00f3 la imagen del partido pasado y venci\u00f3 a La Falda por 92-75\" \/>\n<meta property=\"og:url\" content=\"https:\/\/gentedebasquet.com.ar\/sitio\/2016\/08\/12\/la-otra-cara\/\" \/>\n<meta property=\"og:site_name\" content=\"Gente de B\u00e1squet\" \/>\n<meta property=\"article:published_time\" content=\"2016-08-13T02:58:31+00:00\" \/>\n<meta property=\"og:image\" content=\"https:\/\/gentedebasquet.com.ar\/sitio\/wp-content\/uploads\/2016\/08\/DSC_0029.jpg\" \/>\n\t<meta property=\"og:image:width\" content=\"690\" \/>\n\t<meta property=\"og:image:height\" content=\"319\" \/>\n\t<meta property=\"og:image:type\" content=\"image\/jpeg\" \/>\n<meta name=\"author\" content=\"Gente de B\u00e1squet\" \/>\n<meta name=\"twitter:card\" content=\"summary_large_image\" \/>\n<meta name=\"twitter:label1\" content=\"Escrito por\" \/>\n\t<meta name=\"twitter:data1\" content=\"Gente de B\u00e1squet\" \/>\n\t<meta name=\"twitter:label2\" content=\"Tiempo de lectura\" \/>\n\t<meta name=\"twitter:data2\" content=\"3 minutos\" \/>\n<script type=\"application\/ld+json\" class=\"yoast-schema-graph\">{\"@context\":\"https:\\\/\\\/schema.org\",\"@graph\":[{\"@type\":\"Article\",\"@id\":\"https:\\\/\\\/gentedebasquet.com.ar\\\/sitio\\\/2016\\\/08\\\/12\\\/la-otra-cara\\\/#article\",\"isPartOf\":{\"@id\":\"https:\\\/\\\/gentedebasquet.com.ar\\\/sitio\\\/2016\\\/08\\\/12\\\/la-otra-cara\\\/\"},\"author\":{\"name\":\"Gente de B\u00e1squet\",\"@id\":\"https:\\\/\\\/gentedebasquet.com.ar\\\/sitio\\\/#\\\/schema\\\/person\\\/ca0b63bbb977369988a7bbbdc519943a\"},\"headline\":\"La otra cara\",\"datePublished\":\"2016-08-13T02:58:31+00:00\",\"mainEntityOfPage\":{\"@id\":\"https:\\\/\\\/gentedebasquet.com.ar\\\/sitio\\\/2016\\\/08\\\/12\\\/la-otra-cara\\\/\"},\"wordCount\":637,\"image\":{\"@id\":\"https:\\\/\\\/gentedebasquet.com.ar\\\/sitio\\\/2016\\\/08\\\/12\\\/la-otra-cara\\\/#primaryimage\"},\"thumbnailUrl\":\"https:\\\/\\\/gentedebasquet.com.ar\\\/sitio\\\/wp-content\\\/uploads\\\/2016\\\/08\\\/DSC_0029.jpg\",\"keywords\":[\"Alan Grill\",\"Federico Vilouta\",\"Franco Mastrandrea\",\"Juli\u00e1n Rodr\u00edguez\",\"La Falda\",\"Sebasti\u00e1n Susbielles\",\"Velocidad y Resistencia\"],\"articleSection\":[\"Segunda\",\"Slide\"],\"inLanguage\":\"es\"},{\"@type\":\"WebPage\",\"@id\":\"https:\\\/\\\/gentedebasquet.com.ar\\\/sitio\\\/2016\\\/08\\\/12\\\/la-otra-cara\\\/\",\"url\":\"https:\\\/\\\/gentedebasquet.com.ar\\\/sitio\\\/2016\\\/08\\\/12\\\/la-otra-cara\\\/\",\"name\":\"La otra cara - Gente de B\u00e1squet\",\"isPartOf\":{\"@id\":\"https:\\\/\\\/gentedebasquet.com.ar\\\/sitio\\\/#website\"},\"primaryImageOfPage\":{\"@id\":\"https:\\\/\\\/gentedebasquet.com.ar\\\/sitio\\\/2016\\\/08\\\/12\\\/la-otra-cara\\\/#primaryimage\"},\"image\":{\"@id\":\"https:\\\/\\\/gentedebasquet.com.ar\\\/sitio\\\/2016\\\/08\\\/12\\\/la-otra-cara\\\/#primaryimage\"},\"thumbnailUrl\":\"https:\\\/\\\/gentedebasquet.com.ar\\\/sitio\\\/wp-content\\\/uploads\\\/2016\\\/08\\\/DSC_0029.jpg\",\"datePublished\":\"2016-08-13T02:58:31+00:00\",\"author\":{\"@id\":\"https:\\\/\\\/gentedebasquet.com.ar\\\/sitio\\\/#\\\/schema\\\/person\\\/ca0b63bbb977369988a7bbbdc519943a\"},\"breadcrumb\":{\"@id\":\"https:\\\/\\\/gentedebasquet.com.ar\\\/sitio\\\/2016\\\/08\\\/12\\\/la-otra-cara\\\/#breadcrumb\"},\"inLanguage\":\"es\",\"potentialAction\":[{\"@type\":\"ReadAction\",\"target\":[\"https:\\\/\\\/gentedebasquet.com.ar\\\/sitio\\\/2016\\\/08\\\/12\\\/la-otra-cara\\\/\"]}]},{\"@type\":\"ImageObject\",\"inLanguage\":\"es\",\"@id\":\"https:\\\/\\\/gentedebasquet.com.ar\\\/sitio\\\/2016\\\/08\\\/12\\\/la-otra-cara\\\/#primaryimage\",\"url\":\"https:\\\/\\\/gentedebasquet.com.ar\\\/sitio\\\/wp-content\\\/uploads\\\/2016\\\/08\\\/DSC_0029.jpg\",\"contentUrl\":\"https:\\\/\\\/gentedebasquet.com.ar\\\/sitio\\\/wp-content\\\/uploads\\\/2016\\\/08\\\/DSC_0029.jpg\",\"width\":690,\"height\":319},{\"@type\":\"BreadcrumbList\",\"@id\":\"https:\\\/\\\/gentedebasquet.com.ar\\\/sitio\\\/2016\\\/08\\\/12\\\/la-otra-cara\\\/#breadcrumb\",\"itemListElement\":[{\"@type\":\"ListItem\",\"position\":1,\"name\":\"Portada\",\"item\":\"https:\\\/\\\/gentedebasquet.com.ar\\\/sitio\\\/\"},{\"@type\":\"ListItem\",\"position\":2,\"name\":\"La otra cara\"}]},{\"@type\":\"WebSite\",\"@id\":\"https:\\\/\\\/gentedebasquet.com.ar\\\/sitio\\\/#website\",\"url\":\"https:\\\/\\\/gentedebasquet.com.ar\\\/sitio\\\/\",\"name\":\"Gente de B\u00e1squet\",\"description\":\"La revista del basquet de Bah\u00eda Blanca\",\"potentialAction\":[{\"@type\":\"SearchAction\",\"target\":{\"@type\":\"EntryPoint\",\"urlTemplate\":\"https:\\\/\\\/gentedebasquet.com.ar\\\/sitio\\\/?s={search_term_string}\"},\"query-input\":{\"@type\":\"PropertyValueSpecification\",\"valueRequired\":true,\"valueName\":\"search_term_string\"}}],\"inLanguage\":\"es\"},{\"@type\":\"Person\",\"@id\":\"https:\\\/\\\/gentedebasquet.com.ar\\\/sitio\\\/#\\\/schema\\\/person\\\/ca0b63bbb977369988a7bbbdc519943a\",\"name\":\"Gente de B\u00e1squet\",\"image\":{\"@type\":\"ImageObject\",\"inLanguage\":\"es\",\"@id\":\"https:\\\/\\\/secure.gravatar.com\\\/avatar\\\/7f2c48bdc33b30088f941fb6082e555f2874c98e20cb159d7b92b50eadfce793?s=96&d=mm&r=g\",\"url\":\"https:\\\/\\\/secure.gravatar.com\\\/avatar\\\/7f2c48bdc33b30088f941fb6082e555f2874c98e20cb159d7b92b50eadfce793?s=96&d=mm&r=g\",\"contentUrl\":\"https:\\\/\\\/secure.gravatar.com\\\/avatar\\\/7f2c48bdc33b30088f941fb6082e555f2874c98e20cb159d7b92b50eadfce793?s=96&d=mm&r=g\",\"caption\":\"Gente de B\u00e1squet\"},\"sameAs\":[\"http:\\\/\\\/gentedebasquet.com.ar\\\/sitio\"],\"url\":\"https:\\\/\\\/gentedebasquet.com.ar\\\/sitio\\\/author\\\/ulises\\\/\"}]}<\/script>\n<!-- \/ Yoast SEO plugin. -->","yoast_head_json":{"title":"La otra cara - Gente de B\u00e1squet","robots":{"index":"index","follow":"follow","max-snippet":"max-snippet:-1","max-image-preview":"max-image-preview:large","max-video-preview":"max-video-preview:-1"},"canonical":"https:\/\/gentedebasquet.com.ar\/sitio\/2016\/08\/12\/la-otra-cara\/","og_locale":"es_ES","og_type":"article","og_title":"La otra cara - Gente de B\u00e1squet","og_description":"Velocidad revirti\u00f3 la imagen del partido pasado y venci\u00f3 a La Falda por 92-75","og_url":"https:\/\/gentedebasquet.com.ar\/sitio\/2016\/08\/12\/la-otra-cara\/","og_site_name":"Gente de B\u00e1squet","article_published_time":"2016-08-13T02:58:31+00:00","og_image":[{"width":690,"height":319,"url":"https:\/\/gentedebasquet.com.ar\/sitio\/wp-content\/uploads\/2016\/08\/DSC_0029.jpg","type":"image\/jpeg"}],"author":"Gente de B\u00e1squet","twitter_card":"summary_large_image","twitter_misc":{"Escrito por":"Gente de B\u00e1squet","Tiempo de lectura":"3 minutos"},"schema":{"@context":"https:\/\/schema.org","@graph":[{"@type":"Article","@id":"https:\/\/gentedebasquet.com.ar\/sitio\/2016\/08\/12\/la-otra-cara\/#article","isPartOf":{"@id":"https:\/\/gentedebasquet.com.ar\/sitio\/2016\/08\/12\/la-otra-cara\/"},"author":{"name":"Gente de B\u00e1squet","@id":"https:\/\/gentedebasquet.com.ar\/sitio\/#\/schema\/person\/ca0b63bbb977369988a7bbbdc519943a"},"headline":"La otra cara","datePublished":"2016-08-13T02:58:31+00:00","mainEntityOfPage":{"@id":"https:\/\/gentedebasquet.com.ar\/sitio\/2016\/08\/12\/la-otra-cara\/"},"wordCount":637,"image":{"@id":"https:\/\/gentedebasquet.com.ar\/sitio\/2016\/08\/12\/la-otra-cara\/#primaryimage"},"thumbnailUrl":"https:\/\/gentedebasquet.com.ar\/sitio\/wp-content\/uploads\/2016\/08\/DSC_0029.jpg","keywords":["Alan Grill","Federico Vilouta","Franco Mastrandrea","Juli\u00e1n Rodr\u00edguez","La Falda","Sebasti\u00e1n Susbielles","Velocidad y Resistencia"],"articleSection":["Segunda","Slide"],"inLanguage":"es"},{"@type":"WebPage","@id":"https:\/\/gentedebasquet.com.ar\/sitio\/2016\/08\/12\/la-otra-cara\/","url":"https:\/\/gentedebasquet.com.ar\/sitio\/2016\/08\/12\/la-otra-cara\/","name":"La otra cara - Gente de B\u00e1squet","isPartOf":{"@id":"https:\/\/gentedebasquet.com.ar\/sitio\/#website"},"primaryImageOfPage":{"@id":"https:\/\/gentedebasquet.com.ar\/sitio\/2016\/08\/12\/la-otra-cara\/#primaryimage"},"image":{"@id":"https:\/\/gentedebasquet.com.ar\/sitio\/2016\/08\/12\/la-otra-cara\/#primaryimage"},"thumbnailUrl":"https:\/\/gentedebasquet.com.ar\/sitio\/wp-content\/uploads\/2016\/08\/DSC_0029.jpg","datePublished":"2016-08-13T02:58:31+00:00","author":{"@id":"https:\/\/gentedebasquet.com.ar\/sitio\/#\/schema\/person\/ca0b63bbb977369988a7bbbdc519943a"},"breadcrumb":{"@id":"https:\/\/gentedebasquet.com.ar\/sitio\/2016\/08\/12\/la-otra-cara\/#breadcrumb"},"inLanguage":"es","potentialAction":[{"@type":"ReadAction","target":["https:\/\/gentedebasquet.com.ar\/sitio\/2016\/08\/12\/la-otra-cara\/"]}]},{"@type":"ImageObject","inLanguage":"es","@id":"https:\/\/gentedebasquet.com.ar\/sitio\/2016\/08\/12\/la-otra-cara\/#primaryimage","url":"https:\/\/gentedebasquet.com.ar\/sitio\/wp-content\/uploads\/2016\/08\/DSC_0029.jpg","contentUrl":"https:\/\/gentedebasquet.com.ar\/sitio\/wp-content\/uploads\/2016\/08\/DSC_0029.jpg","width":690,"height":319},{"@type":"BreadcrumbList","@id":"https:\/\/gentedebasquet.com.ar\/sitio\/2016\/08\/12\/la-otra-cara\/#breadcrumb","itemListElement":[{"@type":"ListItem","position":1,"name":"Portada","item":"https:\/\/gentedebasquet.com.ar\/sitio\/"},{"@type":"ListItem","position":2,"name":"La otra cara"}]},{"@type":"WebSite","@id":"https:\/\/gentedebasquet.com.ar\/sitio\/#website","url":"https:\/\/gentedebasquet.com.ar\/sitio\/","name":"Gente de B\u00e1squet","description":"La revista del basquet de Bah\u00eda Blanca","potentialAction":[{"@type":"SearchAction","target":{"@type":"EntryPoint","urlTemplate":"https:\/\/gentedebasquet.com.ar\/sitio\/?s={search_term_string}"},"query-input":{"@type":"PropertyValueSpecification","valueRequired":true,"valueName":"search_term_string"}}],"inLanguage":"es"},{"@type":"Person","@id":"https:\/\/gentedebasquet.com.ar\/sitio\/#\/schema\/person\/ca0b63bbb977369988a7bbbdc519943a","name":"Gente de B\u00e1squet","image":{"@type":"ImageObject","inLanguage":"es","@id":"https:\/\/secure.gravatar.com\/avatar\/7f2c48bdc33b30088f941fb6082e555f2874c98e20cb159d7b92b50eadfce793?s=96&d=mm&r=g","url":"https:\/\/secure.gravatar.com\/avatar\/7f2c48bdc33b30088f941fb6082e555f2874c98e20cb159d7b92b50eadfce793?s=96&d=mm&r=g","contentUrl":"https:\/\/secure.gravatar.com\/avatar\/7f2c48bdc33b30088f941fb6082e555f2874c98e20cb159d7b92b50eadfce793?s=96&d=mm&r=g","caption":"Gente de B\u00e1squet"},"sameAs":["http:\/\/gentedebasquet.com.ar\/sitio"],"url":"https:\/\/gentedebasquet.com.ar\/sitio\/author\/ulises\/"}]}},"_links":{"self":[{"href":"https:\/\/gentedebasquet.com.ar\/sitio\/wp-json\/wp\/v2\/posts\/63071","targetHints":{"allow":["GET"]}}],"collection":[{"href":"https:\/\/gentedebasquet.com.ar\/sitio\/wp-json\/wp\/v2\/posts"}],"about":[{"href":"https:\/\/gentedebasquet.com.ar\/sitio\/wp-json\/wp\/v2\/types\/post"}],"author":[{"embeddable":true,"href":"https:\/\/gentedebasquet.com.ar\/sitio\/wp-json\/wp\/v2\/users\/1"}],"replies":[{"embeddable":true,"href":"https:\/\/gentedebasquet.com.ar\/sitio\/wp-json\/wp\/v2\/comments?post=63071"}],"version-history":[{"count":0,"href":"https:\/\/gentedebasquet.com.ar\/sitio\/wp-json\/wp\/v2\/posts\/63071\/revisions"}],"wp:featuredmedia":[{"embeddable":true,"href":"https:\/\/gentedebasquet.com.ar\/sitio\/wp-json\/wp\/v2\/media\/63072"}],"wp:attachment":[{"href":"https:\/\/gentedebasquet.com.ar\/sitio\/wp-json\/wp\/v2\/media?parent=63071"}],"wp:term":[{"taxonomy":"category","embeddable":true,"href":"https:\/\/gentedebasquet.com.ar\/sitio\/wp-json\/wp\/v2\/categories?post=63071"},{"taxonomy":"post_tag","embeddable":true,"href":"https:\/\/gentedebasquet.com.ar\/sitio\/wp-json\/wp\/v2\/tags?post=63071"}],"curies":[{"name":"wp","href":"https:\/\/api.w.org\/{rel}","templated":true}]}}