{"id":63476,"date":"2016-08-26T00:08:00","date_gmt":"2016-08-26T03:08:00","guid":{"rendered":"http:\/\/www.gentedebasquet.com.ar\/?p=63476"},"modified":"2016-08-26T00:08:00","modified_gmt":"2016-08-26T03:08:00","slug":"aprovecho-las-bajas","status":"publish","type":"post","link":"https:\/\/gentedebasquet.com.ar\/sitio\/2016\/08\/26\/aprovecho-las-bajas\/","title":{"rendered":"Aprovech\u00f3 las bajas"},"content":{"rendered":"<p><strong>Olimpo aprovech\u00f3 las ausencias de un diezmado Alem (sin Foulkes, Rotta y Starc) para derrotarlo por 89-75. <a href=\"http:\/\/www.gentedebasquet.com.ar\/le-tiro-un-miguelito\/\" target=\"_blank\" rel=\"noopener\">Como el d\u00eda lunes ante El Nacional<\/a>, Cristian Miguel, de enorme presente, fue la figura del aurinegro: 25 puntos, 11 rebotes y 7 asistencias, escoltado por Mat\u00edas Chaves (16).\u00a0 En el verdirrojo, no alcanz\u00f3 con lo producido por Santiago Torre (21 y 6 pases gol) y Walter Gigena (17).<\/strong><\/p>\n<p><strong>Con atrapes a la salida de Alem en toda la cancha, <\/strong>Olimpo le impuso el ritmo de juego al verdirrojo, presionando la transici\u00f3n y reagrup\u00e1ndose de forma eficiente en defensa, forz\u00e1ndolo a cargar contra el aro.\u00a0 Con el pick and roll en el eje de cancha como principal arma ofensiva, y con Miguel (5) calentando redes temprano en el marcador, el aurinegro cerr\u00f3 arriba el 1C, aprovechando tambi\u00e9n una clara superioridad en los viajes a la l\u00ednea: 8-11 contra el 4-9 de su rival.<\/p>\n<p><strong>Alem busc\u00f3 a Banegas activamente en el poste bajo<\/strong>, pero la doble marca aurinegra sobre el interno lo merm\u00f3 en ataque, por lo que Torre (5) decidi\u00f3 jugar la individual en varias ocasiones.\u00a0 Pero Olimpo, manteniendo la misma t\u00e1ctica en ambos costados, y con un enorme segmento de Miguel jugando el pick and roll (11 puntos y 4 asistencias), cerr\u00f3 la primera mitad a tan solo un punto de los veinte de ventaja (47-28).<\/p>\n<p><strong>Olimpo a\u00f1adi\u00f3 mayor volumen de pases a su ofensiva<\/strong> <strong>en la reanudaci\u00f3n<\/strong>, pobl\u00f3 de gente su propio aro anulando los accesos a Alem, y con un enorme segmento desde larga distancia (5-7) sac\u00f3 la m\u00e1xima ventaja de la noche a su rival: 25 (70-45).\u00a0 No obstante, la visita comenz\u00f3 a obtener buenas paradas defensivas, con much\u00edsima presi\u00f3n de Torre y Gigena.\u00a0 Justamente entre ellos se combinaron 11 puntos (incluyendo un bombazo de Gigena desde media cancha contra el tablero, sobre la chicharra) en los \u00faltimos 2m48 del 3C, ante un aurinegro sin respuestas, que fue una gran envi\u00f3n an\u00edmico para el conjunto de Paquito \u00c1lvarez.<\/p>\n<p><strong>Pero la p\u00e9rdida de Banegas por quinta falta personal<\/strong> le volvi\u00f3 a hacer el partido cuesta arriba a Alem.\u00a0 Sin embargo, y a pesar de no contar con un interno natural por los \u00faltimos 9m del partido, el verdirrojo, con Torre (7) embistiendo el aro, y los hermanos Priore conectando desde los laterales (2-2 en t3), lleg\u00f3 a anular el doble d\u00edgito de ventaja de Olimpo (77-68) promediando el 4C.\u00a0 No obstante, un enorme cierre de Valent\u00edn Bettiga en ambos costados de la cancha (dos tapones en defensa, 5 puntos, incluyendo un triple decisivo a falta de 2m) fue suficiente para que Olimpo se asegure el triunfo.<\/p>\n<p>&nbsp;<\/p>\n<p>[youtube]https:\/\/youtu.be\/eGgtX-SQ7Ts[\/youtube]<\/p>\n<p>&nbsp;<\/p>\n<p><strong>S\u00edntesis| Primera Divisi\u00f3n \u2013 Torneo Oficial \u2013 Fecha # 7<\/strong><\/p>\n<p><strong>Olimpo 89: <\/strong>Franco Ruesga 9, Cristian Victoria 8, Facundo Arens 8, Cristian Miguel 25, Agust\u00edn S\u00e1nchez 6 (FI); Joaqu\u00edn Godio 0, Juan Ignacio Reiner 0 (x), Mat\u00edas Chaves 16, Valent\u00edn Bettiga 9, Lahuel Silva 8.\u00a0 D.T: Juan Manuel Dobal.<\/p>\n<p><strong>Alem 75:<\/strong> Santiago Torre 21, Augusto Priore 14, Walter Gigena 17 (x), Juan Ignacio Diomedi 2, Herman Banegas 13 (x) (FI); Genaro Priore 8, Juan Manuel Bicondoa 0.\u00a0 D.T: Alejandro \u00c1lvarez.<\/p>\n<p><strong>Parciales: <\/strong>20-13, 47-28, 71-56<\/p>\n<p><strong>\u00c1rbitros: <\/strong>Eduardo Ferreyra \u2013 Emanuel S\u00e1nchez.<\/p>\n<p><strong>Estadio: <\/strong>Norberto Tom\u00e1s (Olimpo).<\/p>\n<p><a class=\"modalf iframe\" title=\"Planilla\" href=\"https:\/\/docs.google.com\/spreadsheets\/d\/15pUVqGrK-W-DwB_gxhKkk8hOjaIhzSJK2ymIHqb1Jl4\/pubhtml\" target=\"_blank\" rel=\"noopener\">Ver Planilla<\/a><\/p>\n","protected":false},"excerpt":{"rendered":"<p>Olimpo venci\u00f3 a un incompleto Alem  por 89-75<\/p>\n","protected":false},"author":1,"featured_media":63477,"comment_status":"closed","ping_status":"open","sticky":false,"template":"","format":"standard","meta":{"jnews-multi-image_gallery":[],"jnews_single_post":[],"jnews_primary_category":[],"footnotes":""},"categories":[23,101],"tags":[3,261,51,16,604,302],"class_list":["post-63476","post","type-post","status-publish","format-standard","has-post-thumbnail","hentry","category-primera","category-slide","tag-alem","tag-cristian-miguel","tag-matias-chaves","tag-olimpo","tag-santiago-torre","tag-walter-gigena"],"yoast_head":"<!-- This site is optimized with the Yoast SEO plugin v27.5 - https:\/\/yoast.com\/product\/yoast-seo-wordpress\/ -->\n<title>Aprovech\u00f3 las bajas - Gente de B\u00e1squet<\/title>\n<meta name=\"robots\" content=\"index, follow, max-snippet:-1, max-image-preview:large, max-video-preview:-1\" \/>\n<link rel=\"canonical\" href=\"https:\/\/gentedebasquet.com.ar\/sitio\/2016\/08\/26\/aprovecho-las-bajas\/\" \/>\n<meta property=\"og:locale\" content=\"es_ES\" \/>\n<meta property=\"og:type\" content=\"article\" \/>\n<meta property=\"og:title\" content=\"Aprovech\u00f3 las bajas - Gente de B\u00e1squet\" \/>\n<meta property=\"og:description\" content=\"Olimpo venci\u00f3 a un incompleto Alem por 89-75\" \/>\n<meta property=\"og:url\" content=\"https:\/\/gentedebasquet.com.ar\/sitio\/2016\/08\/26\/aprovecho-las-bajas\/\" \/>\n<meta property=\"og:site_name\" content=\"Gente de B\u00e1squet\" \/>\n<meta property=\"article:published_time\" content=\"2016-08-26T03:08:00+00:00\" \/>\n<meta property=\"og:image\" content=\"https:\/\/gentedebasquet.com.ar\/sitio\/wp-content\/uploads\/2016\/08\/bscap0004-1.jpg\" \/>\n\t<meta property=\"og:image:width\" content=\"690\" \/>\n\t<meta property=\"og:image:height\" content=\"319\" \/>\n\t<meta property=\"og:image:type\" content=\"image\/jpeg\" \/>\n<meta name=\"author\" content=\"Gente de B\u00e1squet\" \/>\n<meta name=\"twitter:card\" content=\"summary_large_image\" \/>\n<meta name=\"twitter:label1\" content=\"Escrito por\" \/>\n\t<meta name=\"twitter:data1\" content=\"Gente de B\u00e1squet\" \/>\n\t<meta name=\"twitter:label2\" content=\"Tiempo de lectura\" \/>\n\t<meta name=\"twitter:data2\" content=\"3 minutos\" \/>\n<script type=\"application\/ld+json\" class=\"yoast-schema-graph\">{\"@context\":\"https:\\\/\\\/schema.org\",\"@graph\":[{\"@type\":\"Article\",\"@id\":\"https:\\\/\\\/gentedebasquet.com.ar\\\/sitio\\\/2016\\\/08\\\/26\\\/aprovecho-las-bajas\\\/#article\",\"isPartOf\":{\"@id\":\"https:\\\/\\\/gentedebasquet.com.ar\\\/sitio\\\/2016\\\/08\\\/26\\\/aprovecho-las-bajas\\\/\"},\"author\":{\"name\":\"Gente de B\u00e1squet\",\"@id\":\"https:\\\/\\\/gentedebasquet.com.ar\\\/sitio\\\/#\\\/schema\\\/person\\\/ca0b63bbb977369988a7bbbdc519943a\"},\"headline\":\"Aprovech\u00f3 las bajas\",\"datePublished\":\"2016-08-26T03:08:00+00:00\",\"mainEntityOfPage\":{\"@id\":\"https:\\\/\\\/gentedebasquet.com.ar\\\/sitio\\\/2016\\\/08\\\/26\\\/aprovecho-las-bajas\\\/\"},\"wordCount\":534,\"image\":{\"@id\":\"https:\\\/\\\/gentedebasquet.com.ar\\\/sitio\\\/2016\\\/08\\\/26\\\/aprovecho-las-bajas\\\/#primaryimage\"},\"thumbnailUrl\":\"https:\\\/\\\/gentedebasquet.com.ar\\\/sitio\\\/wp-content\\\/uploads\\\/2016\\\/08\\\/bscap0004-1.jpg\",\"keywords\":[\"Alem\",\"Cristian Miguel\",\"Mat\u00edas Chaves\",\"Ol\u00edmpo\",\"Santiago Torre\",\"Walter Gigena\"],\"articleSection\":[\"Primera\",\"Slide\"],\"inLanguage\":\"es\"},{\"@type\":\"WebPage\",\"@id\":\"https:\\\/\\\/gentedebasquet.com.ar\\\/sitio\\\/2016\\\/08\\\/26\\\/aprovecho-las-bajas\\\/\",\"url\":\"https:\\\/\\\/gentedebasquet.com.ar\\\/sitio\\\/2016\\\/08\\\/26\\\/aprovecho-las-bajas\\\/\",\"name\":\"Aprovech\u00f3 las bajas - Gente de B\u00e1squet\",\"isPartOf\":{\"@id\":\"https:\\\/\\\/gentedebasquet.com.ar\\\/sitio\\\/#website\"},\"primaryImageOfPage\":{\"@id\":\"https:\\\/\\\/gentedebasquet.com.ar\\\/sitio\\\/2016\\\/08\\\/26\\\/aprovecho-las-bajas\\\/#primaryimage\"},\"image\":{\"@id\":\"https:\\\/\\\/gentedebasquet.com.ar\\\/sitio\\\/2016\\\/08\\\/26\\\/aprovecho-las-bajas\\\/#primaryimage\"},\"thumbnailUrl\":\"https:\\\/\\\/gentedebasquet.com.ar\\\/sitio\\\/wp-content\\\/uploads\\\/2016\\\/08\\\/bscap0004-1.jpg\",\"datePublished\":\"2016-08-26T03:08:00+00:00\",\"author\":{\"@id\":\"https:\\\/\\\/gentedebasquet.com.ar\\\/sitio\\\/#\\\/schema\\\/person\\\/ca0b63bbb977369988a7bbbdc519943a\"},\"breadcrumb\":{\"@id\":\"https:\\\/\\\/gentedebasquet.com.ar\\\/sitio\\\/2016\\\/08\\\/26\\\/aprovecho-las-bajas\\\/#breadcrumb\"},\"inLanguage\":\"es\",\"potentialAction\":[{\"@type\":\"ReadAction\",\"target\":[\"https:\\\/\\\/gentedebasquet.com.ar\\\/sitio\\\/2016\\\/08\\\/26\\\/aprovecho-las-bajas\\\/\"]}]},{\"@type\":\"ImageObject\",\"inLanguage\":\"es\",\"@id\":\"https:\\\/\\\/gentedebasquet.com.ar\\\/sitio\\\/2016\\\/08\\\/26\\\/aprovecho-las-bajas\\\/#primaryimage\",\"url\":\"https:\\\/\\\/gentedebasquet.com.ar\\\/sitio\\\/wp-content\\\/uploads\\\/2016\\\/08\\\/bscap0004-1.jpg\",\"contentUrl\":\"https:\\\/\\\/gentedebasquet.com.ar\\\/sitio\\\/wp-content\\\/uploads\\\/2016\\\/08\\\/bscap0004-1.jpg\",\"width\":690,\"height\":319},{\"@type\":\"BreadcrumbList\",\"@id\":\"https:\\\/\\\/gentedebasquet.com.ar\\\/sitio\\\/2016\\\/08\\\/26\\\/aprovecho-las-bajas\\\/#breadcrumb\",\"itemListElement\":[{\"@type\":\"ListItem\",\"position\":1,\"name\":\"Portada\",\"item\":\"https:\\\/\\\/gentedebasquet.com.ar\\\/sitio\\\/\"},{\"@type\":\"ListItem\",\"position\":2,\"name\":\"Aprovech\u00f3 las bajas\"}]},{\"@type\":\"WebSite\",\"@id\":\"https:\\\/\\\/gentedebasquet.com.ar\\\/sitio\\\/#website\",\"url\":\"https:\\\/\\\/gentedebasquet.com.ar\\\/sitio\\\/\",\"name\":\"Gente de B\u00e1squet\",\"description\":\"La revista del basquet de Bah\u00eda Blanca\",\"potentialAction\":[{\"@type\":\"SearchAction\",\"target\":{\"@type\":\"EntryPoint\",\"urlTemplate\":\"https:\\\/\\\/gentedebasquet.com.ar\\\/sitio\\\/?s={search_term_string}\"},\"query-input\":{\"@type\":\"PropertyValueSpecification\",\"valueRequired\":true,\"valueName\":\"search_term_string\"}}],\"inLanguage\":\"es\"},{\"@type\":\"Person\",\"@id\":\"https:\\\/\\\/gentedebasquet.com.ar\\\/sitio\\\/#\\\/schema\\\/person\\\/ca0b63bbb977369988a7bbbdc519943a\",\"name\":\"Gente de B\u00e1squet\",\"image\":{\"@type\":\"ImageObject\",\"inLanguage\":\"es\",\"@id\":\"https:\\\/\\\/secure.gravatar.com\\\/avatar\\\/7f2c48bdc33b30088f941fb6082e555f2874c98e20cb159d7b92b50eadfce793?s=96&d=mm&r=g\",\"url\":\"https:\\\/\\\/secure.gravatar.com\\\/avatar\\\/7f2c48bdc33b30088f941fb6082e555f2874c98e20cb159d7b92b50eadfce793?s=96&d=mm&r=g\",\"contentUrl\":\"https:\\\/\\\/secure.gravatar.com\\\/avatar\\\/7f2c48bdc33b30088f941fb6082e555f2874c98e20cb159d7b92b50eadfce793?s=96&d=mm&r=g\",\"caption\":\"Gente de B\u00e1squet\"},\"sameAs\":[\"http:\\\/\\\/gentedebasquet.com.ar\\\/sitio\"],\"url\":\"https:\\\/\\\/gentedebasquet.com.ar\\\/sitio\\\/author\\\/ulises\\\/\"}]}<\/script>\n<!-- \/ Yoast SEO plugin. -->","yoast_head_json":{"title":"Aprovech\u00f3 las bajas - Gente de B\u00e1squet","robots":{"index":"index","follow":"follow","max-snippet":"max-snippet:-1","max-image-preview":"max-image-preview:large","max-video-preview":"max-video-preview:-1"},"canonical":"https:\/\/gentedebasquet.com.ar\/sitio\/2016\/08\/26\/aprovecho-las-bajas\/","og_locale":"es_ES","og_type":"article","og_title":"Aprovech\u00f3 las bajas - Gente de B\u00e1squet","og_description":"Olimpo venci\u00f3 a un incompleto Alem por 89-75","og_url":"https:\/\/gentedebasquet.com.ar\/sitio\/2016\/08\/26\/aprovecho-las-bajas\/","og_site_name":"Gente de B\u00e1squet","article_published_time":"2016-08-26T03:08:00+00:00","og_image":[{"width":690,"height":319,"url":"https:\/\/gentedebasquet.com.ar\/sitio\/wp-content\/uploads\/2016\/08\/bscap0004-1.jpg","type":"image\/jpeg"}],"author":"Gente de B\u00e1squet","twitter_card":"summary_large_image","twitter_misc":{"Escrito por":"Gente de B\u00e1squet","Tiempo de lectura":"3 minutos"},"schema":{"@context":"https:\/\/schema.org","@graph":[{"@type":"Article","@id":"https:\/\/gentedebasquet.com.ar\/sitio\/2016\/08\/26\/aprovecho-las-bajas\/#article","isPartOf":{"@id":"https:\/\/gentedebasquet.com.ar\/sitio\/2016\/08\/26\/aprovecho-las-bajas\/"},"author":{"name":"Gente de B\u00e1squet","@id":"https:\/\/gentedebasquet.com.ar\/sitio\/#\/schema\/person\/ca0b63bbb977369988a7bbbdc519943a"},"headline":"Aprovech\u00f3 las bajas","datePublished":"2016-08-26T03:08:00+00:00","mainEntityOfPage":{"@id":"https:\/\/gentedebasquet.com.ar\/sitio\/2016\/08\/26\/aprovecho-las-bajas\/"},"wordCount":534,"image":{"@id":"https:\/\/gentedebasquet.com.ar\/sitio\/2016\/08\/26\/aprovecho-las-bajas\/#primaryimage"},"thumbnailUrl":"https:\/\/gentedebasquet.com.ar\/sitio\/wp-content\/uploads\/2016\/08\/bscap0004-1.jpg","keywords":["Alem","Cristian Miguel","Mat\u00edas Chaves","Ol\u00edmpo","Santiago Torre","Walter Gigena"],"articleSection":["Primera","Slide"],"inLanguage":"es"},{"@type":"WebPage","@id":"https:\/\/gentedebasquet.com.ar\/sitio\/2016\/08\/26\/aprovecho-las-bajas\/","url":"https:\/\/gentedebasquet.com.ar\/sitio\/2016\/08\/26\/aprovecho-las-bajas\/","name":"Aprovech\u00f3 las bajas - Gente de B\u00e1squet","isPartOf":{"@id":"https:\/\/gentedebasquet.com.ar\/sitio\/#website"},"primaryImageOfPage":{"@id":"https:\/\/gentedebasquet.com.ar\/sitio\/2016\/08\/26\/aprovecho-las-bajas\/#primaryimage"},"image":{"@id":"https:\/\/gentedebasquet.com.ar\/sitio\/2016\/08\/26\/aprovecho-las-bajas\/#primaryimage"},"thumbnailUrl":"https:\/\/gentedebasquet.com.ar\/sitio\/wp-content\/uploads\/2016\/08\/bscap0004-1.jpg","datePublished":"2016-08-26T03:08:00+00:00","author":{"@id":"https:\/\/gentedebasquet.com.ar\/sitio\/#\/schema\/person\/ca0b63bbb977369988a7bbbdc519943a"},"breadcrumb":{"@id":"https:\/\/gentedebasquet.com.ar\/sitio\/2016\/08\/26\/aprovecho-las-bajas\/#breadcrumb"},"inLanguage":"es","potentialAction":[{"@type":"ReadAction","target":["https:\/\/gentedebasquet.com.ar\/sitio\/2016\/08\/26\/aprovecho-las-bajas\/"]}]},{"@type":"ImageObject","inLanguage":"es","@id":"https:\/\/gentedebasquet.com.ar\/sitio\/2016\/08\/26\/aprovecho-las-bajas\/#primaryimage","url":"https:\/\/gentedebasquet.com.ar\/sitio\/wp-content\/uploads\/2016\/08\/bscap0004-1.jpg","contentUrl":"https:\/\/gentedebasquet.com.ar\/sitio\/wp-content\/uploads\/2016\/08\/bscap0004-1.jpg","width":690,"height":319},{"@type":"BreadcrumbList","@id":"https:\/\/gentedebasquet.com.ar\/sitio\/2016\/08\/26\/aprovecho-las-bajas\/#breadcrumb","itemListElement":[{"@type":"ListItem","position":1,"name":"Portada","item":"https:\/\/gentedebasquet.com.ar\/sitio\/"},{"@type":"ListItem","position":2,"name":"Aprovech\u00f3 las bajas"}]},{"@type":"WebSite","@id":"https:\/\/gentedebasquet.com.ar\/sitio\/#website","url":"https:\/\/gentedebasquet.com.ar\/sitio\/","name":"Gente de B\u00e1squet","description":"La revista del basquet de Bah\u00eda Blanca","potentialAction":[{"@type":"SearchAction","target":{"@type":"EntryPoint","urlTemplate":"https:\/\/gentedebasquet.com.ar\/sitio\/?s={search_term_string}"},"query-input":{"@type":"PropertyValueSpecification","valueRequired":true,"valueName":"search_term_string"}}],"inLanguage":"es"},{"@type":"Person","@id":"https:\/\/gentedebasquet.com.ar\/sitio\/#\/schema\/person\/ca0b63bbb977369988a7bbbdc519943a","name":"Gente de B\u00e1squet","image":{"@type":"ImageObject","inLanguage":"es","@id":"https:\/\/secure.gravatar.com\/avatar\/7f2c48bdc33b30088f941fb6082e555f2874c98e20cb159d7b92b50eadfce793?s=96&d=mm&r=g","url":"https:\/\/secure.gravatar.com\/avatar\/7f2c48bdc33b30088f941fb6082e555f2874c98e20cb159d7b92b50eadfce793?s=96&d=mm&r=g","contentUrl":"https:\/\/secure.gravatar.com\/avatar\/7f2c48bdc33b30088f941fb6082e555f2874c98e20cb159d7b92b50eadfce793?s=96&d=mm&r=g","caption":"Gente de B\u00e1squet"},"sameAs":["http:\/\/gentedebasquet.com.ar\/sitio"],"url":"https:\/\/gentedebasquet.com.ar\/sitio\/author\/ulises\/"}]}},"_links":{"self":[{"href":"https:\/\/gentedebasquet.com.ar\/sitio\/wp-json\/wp\/v2\/posts\/63476","targetHints":{"allow":["GET"]}}],"collection":[{"href":"https:\/\/gentedebasquet.com.ar\/sitio\/wp-json\/wp\/v2\/posts"}],"about":[{"href":"https:\/\/gentedebasquet.com.ar\/sitio\/wp-json\/wp\/v2\/types\/post"}],"author":[{"embeddable":true,"href":"https:\/\/gentedebasquet.com.ar\/sitio\/wp-json\/wp\/v2\/users\/1"}],"replies":[{"embeddable":true,"href":"https:\/\/gentedebasquet.com.ar\/sitio\/wp-json\/wp\/v2\/comments?post=63476"}],"version-history":[{"count":0,"href":"https:\/\/gentedebasquet.com.ar\/sitio\/wp-json\/wp\/v2\/posts\/63476\/revisions"}],"wp:featuredmedia":[{"embeddable":true,"href":"https:\/\/gentedebasquet.com.ar\/sitio\/wp-json\/wp\/v2\/media\/63477"}],"wp:attachment":[{"href":"https:\/\/gentedebasquet.com.ar\/sitio\/wp-json\/wp\/v2\/media?parent=63476"}],"wp:term":[{"taxonomy":"category","embeddable":true,"href":"https:\/\/gentedebasquet.com.ar\/sitio\/wp-json\/wp\/v2\/categories?post=63476"},{"taxonomy":"post_tag","embeddable":true,"href":"https:\/\/gentedebasquet.com.ar\/sitio\/wp-json\/wp\/v2\/tags?post=63476"}],"curies":[{"name":"wp","href":"https:\/\/api.w.org\/{rel}","templated":true}]}}