{"id":63729,"date":"2016-07-29T15:08:30","date_gmt":"2016-07-29T18:08:30","guid":{"rendered":"http:\/\/www.gentedebasquet.com.ar\/?p=63729"},"modified":"2016-07-29T15:08:30","modified_gmt":"2016-07-29T18:08:30","slug":"torres-tendra-una-oportunidad-de-liga","status":"publish","type":"post","link":"https:\/\/gentedebasquet.com.ar\/sitio\/2016\/07\/29\/torres-tendra-una-oportunidad-de-liga\/","title":{"rendered":"Torres tendr\u00e1 una oportunidad"},"content":{"rendered":"<p><strong>Tras conseguir el ascenso hace poco m\u00e1s de un mes, la dirigencia de Hispano Americano confirm\u00f3 que\u00a0participar\u00e1 de la\u00a0Liga Nacional 2016\/17. En R\u00edo Gallegos aseguraron la continuidad del entrenador Bernardo Murphy, el perimetral Sebasti\u00e1n Mignani y el bahiense Gonzalo Torres.<\/strong><\/p>\n<p>Luego de tener un rol protag\u00f3nico en las finales del TNA ante Barrio Parque, Gonzalo Torres renov\u00f3 su contrato con Hispano Americano de R\u00edo Gallegos para afrontar la pr\u00f3xima Liga.<\/p>\n<p>Mart\u00edn L\u00f3pez, integrante de la subcomisi\u00f3n de b\u00e1squet, anunci\u00f3\u00a0la renovaci\u00f3n del bahiense en una conferencia de prensa: \u00abQuiero confirmar que el t\u00e9cnico va a ser Bernardo Murphy, fue la primera ficha que nos interesaba incorporar. Lo hemos cerrado hace muy poco tiempo. Se sigui\u00f3 con los jugadores que Bernardo nos va disponiendo, de los que quer\u00eda que volvieran. Est\u00e1 la ficha de Sebasti\u00e1n Mignani que tambi\u00e9n est\u00e1 confirmada y la de Gonzalo Torres. Tenemos los derechos formativos que es el 50 % que ahora pasar\u00eda al 75 % por haber venido como Sub 21 en su momento\u00bb.<\/p>\n<p>Ser\u00e1 la tercera temporada del interno en el conjunto sure\u00f1o, tras disputar las ediciones 2014\/15 y 2015\/16 del TNA.<\/p>\n<p><strong>Foto:<\/strong> DeporTV.<\/p>\n","protected":false},"excerpt":{"rendered":"<p>Gonzalo fue confirmado como uno de los U23 de Hispano para la pr\u00f3xima LNB<\/p>\n","protected":false},"author":1,"featured_media":63731,"comment_status":"closed","ping_status":"open","sticky":false,"template":"","format":"standard","meta":{"jnews-multi-image_gallery":[],"jnews_single_post":[],"jnews_primary_category":[],"footnotes":""},"categories":[34,43,39],"tags":[132,1126,78],"class_list":["post-63729","post","type-post","status-publish","format-standard","has-post-thumbnail","hentry","category-bahienses-afuera","category-la-liga","category-nacional","tag-gonzalo-torres","tag-hispano-americano","tag-lnb"],"yoast_head":"<!-- This site is optimized with the Yoast SEO plugin v27.5 - https:\/\/yoast.com\/product\/yoast-seo-wordpress\/ -->\n<title>Torres tendr\u00e1 una oportunidad - Gente de B\u00e1squet<\/title>\n<meta name=\"robots\" content=\"index, follow, max-snippet:-1, max-image-preview:large, max-video-preview:-1\" \/>\n<link rel=\"canonical\" href=\"https:\/\/gentedebasquet.com.ar\/sitio\/2016\/07\/29\/torres-tendra-una-oportunidad-de-liga\/\" \/>\n<meta property=\"og:locale\" content=\"es_ES\" \/>\n<meta property=\"og:type\" content=\"article\" \/>\n<meta property=\"og:title\" content=\"Torres tendr\u00e1 una oportunidad - Gente de B\u00e1squet\" \/>\n<meta property=\"og:description\" content=\"Gonzalo fue confirmado como uno de los U23 de Hispano para la pr\u00f3xima LNB\" \/>\n<meta property=\"og:url\" content=\"https:\/\/gentedebasquet.com.ar\/sitio\/2016\/07\/29\/torres-tendra-una-oportunidad-de-liga\/\" \/>\n<meta property=\"og:site_name\" content=\"Gente de B\u00e1squet\" \/>\n<meta property=\"article:published_time\" content=\"2016-07-29T18:08:30+00:00\" \/>\n<meta property=\"og:image\" content=\"https:\/\/gentedebasquet.com.ar\/sitio\/wp-content\/uploads\/2016\/09\/Gonzalo-Torres.jpg\" \/>\n\t<meta property=\"og:image:width\" content=\"690\" \/>\n\t<meta property=\"og:image:height\" content=\"319\" \/>\n\t<meta property=\"og:image:type\" content=\"image\/jpeg\" \/>\n<meta name=\"author\" content=\"Gente de B\u00e1squet\" \/>\n<meta name=\"twitter:card\" content=\"summary_large_image\" \/>\n<meta name=\"twitter:label1\" content=\"Escrito por\" \/>\n\t<meta name=\"twitter:data1\" content=\"Gente de B\u00e1squet\" \/>\n\t<meta name=\"twitter:label2\" content=\"Tiempo de lectura\" \/>\n\t<meta name=\"twitter:data2\" content=\"1 minuto\" \/>\n<script type=\"application\/ld+json\" class=\"yoast-schema-graph\">{\"@context\":\"https:\\\/\\\/schema.org\",\"@graph\":[{\"@type\":\"Article\",\"@id\":\"https:\\\/\\\/gentedebasquet.com.ar\\\/sitio\\\/2016\\\/07\\\/29\\\/torres-tendra-una-oportunidad-de-liga\\\/#article\",\"isPartOf\":{\"@id\":\"https:\\\/\\\/gentedebasquet.com.ar\\\/sitio\\\/2016\\\/07\\\/29\\\/torres-tendra-una-oportunidad-de-liga\\\/\"},\"author\":{\"name\":\"Gente de B\u00e1squet\",\"@id\":\"https:\\\/\\\/gentedebasquet.com.ar\\\/sitio\\\/#\\\/schema\\\/person\\\/ca0b63bbb977369988a7bbbdc519943a\"},\"headline\":\"Torres tendr\u00e1 una oportunidad\",\"datePublished\":\"2016-07-29T18:08:30+00:00\",\"mainEntityOfPage\":{\"@id\":\"https:\\\/\\\/gentedebasquet.com.ar\\\/sitio\\\/2016\\\/07\\\/29\\\/torres-tendra-una-oportunidad-de-liga\\\/\"},\"wordCount\":204,\"image\":{\"@id\":\"https:\\\/\\\/gentedebasquet.com.ar\\\/sitio\\\/2016\\\/07\\\/29\\\/torres-tendra-una-oportunidad-de-liga\\\/#primaryimage\"},\"thumbnailUrl\":\"https:\\\/\\\/gentedebasquet.com.ar\\\/sitio\\\/wp-content\\\/uploads\\\/2016\\\/09\\\/Gonzalo-Torres.jpg\",\"keywords\":[\"Gonzalo Torres\",\"Hispano Americano\",\"LNB\"],\"articleSection\":[\"Bahienses Afuera\",\"Liga Nacional\",\"Nacional\"],\"inLanguage\":\"es\"},{\"@type\":\"WebPage\",\"@id\":\"https:\\\/\\\/gentedebasquet.com.ar\\\/sitio\\\/2016\\\/07\\\/29\\\/torres-tendra-una-oportunidad-de-liga\\\/\",\"url\":\"https:\\\/\\\/gentedebasquet.com.ar\\\/sitio\\\/2016\\\/07\\\/29\\\/torres-tendra-una-oportunidad-de-liga\\\/\",\"name\":\"Torres tendr\u00e1 una oportunidad - Gente de B\u00e1squet\",\"isPartOf\":{\"@id\":\"https:\\\/\\\/gentedebasquet.com.ar\\\/sitio\\\/#website\"},\"primaryImageOfPage\":{\"@id\":\"https:\\\/\\\/gentedebasquet.com.ar\\\/sitio\\\/2016\\\/07\\\/29\\\/torres-tendra-una-oportunidad-de-liga\\\/#primaryimage\"},\"image\":{\"@id\":\"https:\\\/\\\/gentedebasquet.com.ar\\\/sitio\\\/2016\\\/07\\\/29\\\/torres-tendra-una-oportunidad-de-liga\\\/#primaryimage\"},\"thumbnailUrl\":\"https:\\\/\\\/gentedebasquet.com.ar\\\/sitio\\\/wp-content\\\/uploads\\\/2016\\\/09\\\/Gonzalo-Torres.jpg\",\"datePublished\":\"2016-07-29T18:08:30+00:00\",\"author\":{\"@id\":\"https:\\\/\\\/gentedebasquet.com.ar\\\/sitio\\\/#\\\/schema\\\/person\\\/ca0b63bbb977369988a7bbbdc519943a\"},\"breadcrumb\":{\"@id\":\"https:\\\/\\\/gentedebasquet.com.ar\\\/sitio\\\/2016\\\/07\\\/29\\\/torres-tendra-una-oportunidad-de-liga\\\/#breadcrumb\"},\"inLanguage\":\"es\",\"potentialAction\":[{\"@type\":\"ReadAction\",\"target\":[\"https:\\\/\\\/gentedebasquet.com.ar\\\/sitio\\\/2016\\\/07\\\/29\\\/torres-tendra-una-oportunidad-de-liga\\\/\"]}]},{\"@type\":\"ImageObject\",\"inLanguage\":\"es\",\"@id\":\"https:\\\/\\\/gentedebasquet.com.ar\\\/sitio\\\/2016\\\/07\\\/29\\\/torres-tendra-una-oportunidad-de-liga\\\/#primaryimage\",\"url\":\"https:\\\/\\\/gentedebasquet.com.ar\\\/sitio\\\/wp-content\\\/uploads\\\/2016\\\/09\\\/Gonzalo-Torres.jpg\",\"contentUrl\":\"https:\\\/\\\/gentedebasquet.com.ar\\\/sitio\\\/wp-content\\\/uploads\\\/2016\\\/09\\\/Gonzalo-Torres.jpg\",\"width\":690,\"height\":319},{\"@type\":\"BreadcrumbList\",\"@id\":\"https:\\\/\\\/gentedebasquet.com.ar\\\/sitio\\\/2016\\\/07\\\/29\\\/torres-tendra-una-oportunidad-de-liga\\\/#breadcrumb\",\"itemListElement\":[{\"@type\":\"ListItem\",\"position\":1,\"name\":\"Portada\",\"item\":\"https:\\\/\\\/gentedebasquet.com.ar\\\/sitio\\\/\"},{\"@type\":\"ListItem\",\"position\":2,\"name\":\"Torres tendr\u00e1 una oportunidad\"}]},{\"@type\":\"WebSite\",\"@id\":\"https:\\\/\\\/gentedebasquet.com.ar\\\/sitio\\\/#website\",\"url\":\"https:\\\/\\\/gentedebasquet.com.ar\\\/sitio\\\/\",\"name\":\"Gente de B\u00e1squet\",\"description\":\"La revista del basquet de Bah\u00eda Blanca\",\"potentialAction\":[{\"@type\":\"SearchAction\",\"target\":{\"@type\":\"EntryPoint\",\"urlTemplate\":\"https:\\\/\\\/gentedebasquet.com.ar\\\/sitio\\\/?s={search_term_string}\"},\"query-input\":{\"@type\":\"PropertyValueSpecification\",\"valueRequired\":true,\"valueName\":\"search_term_string\"}}],\"inLanguage\":\"es\"},{\"@type\":\"Person\",\"@id\":\"https:\\\/\\\/gentedebasquet.com.ar\\\/sitio\\\/#\\\/schema\\\/person\\\/ca0b63bbb977369988a7bbbdc519943a\",\"name\":\"Gente de B\u00e1squet\",\"image\":{\"@type\":\"ImageObject\",\"inLanguage\":\"es\",\"@id\":\"https:\\\/\\\/secure.gravatar.com\\\/avatar\\\/7f2c48bdc33b30088f941fb6082e555f2874c98e20cb159d7b92b50eadfce793?s=96&d=mm&r=g\",\"url\":\"https:\\\/\\\/secure.gravatar.com\\\/avatar\\\/7f2c48bdc33b30088f941fb6082e555f2874c98e20cb159d7b92b50eadfce793?s=96&d=mm&r=g\",\"contentUrl\":\"https:\\\/\\\/secure.gravatar.com\\\/avatar\\\/7f2c48bdc33b30088f941fb6082e555f2874c98e20cb159d7b92b50eadfce793?s=96&d=mm&r=g\",\"caption\":\"Gente de B\u00e1squet\"},\"sameAs\":[\"http:\\\/\\\/gentedebasquet.com.ar\\\/sitio\"],\"url\":\"https:\\\/\\\/gentedebasquet.com.ar\\\/sitio\\\/author\\\/ulises\\\/\"}]}<\/script>\n<!-- \/ Yoast SEO plugin. -->","yoast_head_json":{"title":"Torres tendr\u00e1 una oportunidad - Gente de B\u00e1squet","robots":{"index":"index","follow":"follow","max-snippet":"max-snippet:-1","max-image-preview":"max-image-preview:large","max-video-preview":"max-video-preview:-1"},"canonical":"https:\/\/gentedebasquet.com.ar\/sitio\/2016\/07\/29\/torres-tendra-una-oportunidad-de-liga\/","og_locale":"es_ES","og_type":"article","og_title":"Torres tendr\u00e1 una oportunidad - Gente de B\u00e1squet","og_description":"Gonzalo fue confirmado como uno de los U23 de Hispano para la pr\u00f3xima LNB","og_url":"https:\/\/gentedebasquet.com.ar\/sitio\/2016\/07\/29\/torres-tendra-una-oportunidad-de-liga\/","og_site_name":"Gente de B\u00e1squet","article_published_time":"2016-07-29T18:08:30+00:00","og_image":[{"width":690,"height":319,"url":"https:\/\/gentedebasquet.com.ar\/sitio\/wp-content\/uploads\/2016\/09\/Gonzalo-Torres.jpg","type":"image\/jpeg"}],"author":"Gente de B\u00e1squet","twitter_card":"summary_large_image","twitter_misc":{"Escrito por":"Gente de B\u00e1squet","Tiempo de lectura":"1 minuto"},"schema":{"@context":"https:\/\/schema.org","@graph":[{"@type":"Article","@id":"https:\/\/gentedebasquet.com.ar\/sitio\/2016\/07\/29\/torres-tendra-una-oportunidad-de-liga\/#article","isPartOf":{"@id":"https:\/\/gentedebasquet.com.ar\/sitio\/2016\/07\/29\/torres-tendra-una-oportunidad-de-liga\/"},"author":{"name":"Gente de B\u00e1squet","@id":"https:\/\/gentedebasquet.com.ar\/sitio\/#\/schema\/person\/ca0b63bbb977369988a7bbbdc519943a"},"headline":"Torres tendr\u00e1 una oportunidad","datePublished":"2016-07-29T18:08:30+00:00","mainEntityOfPage":{"@id":"https:\/\/gentedebasquet.com.ar\/sitio\/2016\/07\/29\/torres-tendra-una-oportunidad-de-liga\/"},"wordCount":204,"image":{"@id":"https:\/\/gentedebasquet.com.ar\/sitio\/2016\/07\/29\/torres-tendra-una-oportunidad-de-liga\/#primaryimage"},"thumbnailUrl":"https:\/\/gentedebasquet.com.ar\/sitio\/wp-content\/uploads\/2016\/09\/Gonzalo-Torres.jpg","keywords":["Gonzalo Torres","Hispano Americano","LNB"],"articleSection":["Bahienses Afuera","Liga Nacional","Nacional"],"inLanguage":"es"},{"@type":"WebPage","@id":"https:\/\/gentedebasquet.com.ar\/sitio\/2016\/07\/29\/torres-tendra-una-oportunidad-de-liga\/","url":"https:\/\/gentedebasquet.com.ar\/sitio\/2016\/07\/29\/torres-tendra-una-oportunidad-de-liga\/","name":"Torres tendr\u00e1 una oportunidad - Gente de B\u00e1squet","isPartOf":{"@id":"https:\/\/gentedebasquet.com.ar\/sitio\/#website"},"primaryImageOfPage":{"@id":"https:\/\/gentedebasquet.com.ar\/sitio\/2016\/07\/29\/torres-tendra-una-oportunidad-de-liga\/#primaryimage"},"image":{"@id":"https:\/\/gentedebasquet.com.ar\/sitio\/2016\/07\/29\/torres-tendra-una-oportunidad-de-liga\/#primaryimage"},"thumbnailUrl":"https:\/\/gentedebasquet.com.ar\/sitio\/wp-content\/uploads\/2016\/09\/Gonzalo-Torres.jpg","datePublished":"2016-07-29T18:08:30+00:00","author":{"@id":"https:\/\/gentedebasquet.com.ar\/sitio\/#\/schema\/person\/ca0b63bbb977369988a7bbbdc519943a"},"breadcrumb":{"@id":"https:\/\/gentedebasquet.com.ar\/sitio\/2016\/07\/29\/torres-tendra-una-oportunidad-de-liga\/#breadcrumb"},"inLanguage":"es","potentialAction":[{"@type":"ReadAction","target":["https:\/\/gentedebasquet.com.ar\/sitio\/2016\/07\/29\/torres-tendra-una-oportunidad-de-liga\/"]}]},{"@type":"ImageObject","inLanguage":"es","@id":"https:\/\/gentedebasquet.com.ar\/sitio\/2016\/07\/29\/torres-tendra-una-oportunidad-de-liga\/#primaryimage","url":"https:\/\/gentedebasquet.com.ar\/sitio\/wp-content\/uploads\/2016\/09\/Gonzalo-Torres.jpg","contentUrl":"https:\/\/gentedebasquet.com.ar\/sitio\/wp-content\/uploads\/2016\/09\/Gonzalo-Torres.jpg","width":690,"height":319},{"@type":"BreadcrumbList","@id":"https:\/\/gentedebasquet.com.ar\/sitio\/2016\/07\/29\/torres-tendra-una-oportunidad-de-liga\/#breadcrumb","itemListElement":[{"@type":"ListItem","position":1,"name":"Portada","item":"https:\/\/gentedebasquet.com.ar\/sitio\/"},{"@type":"ListItem","position":2,"name":"Torres tendr\u00e1 una oportunidad"}]},{"@type":"WebSite","@id":"https:\/\/gentedebasquet.com.ar\/sitio\/#website","url":"https:\/\/gentedebasquet.com.ar\/sitio\/","name":"Gente de B\u00e1squet","description":"La revista del basquet de Bah\u00eda Blanca","potentialAction":[{"@type":"SearchAction","target":{"@type":"EntryPoint","urlTemplate":"https:\/\/gentedebasquet.com.ar\/sitio\/?s={search_term_string}"},"query-input":{"@type":"PropertyValueSpecification","valueRequired":true,"valueName":"search_term_string"}}],"inLanguage":"es"},{"@type":"Person","@id":"https:\/\/gentedebasquet.com.ar\/sitio\/#\/schema\/person\/ca0b63bbb977369988a7bbbdc519943a","name":"Gente de B\u00e1squet","image":{"@type":"ImageObject","inLanguage":"es","@id":"https:\/\/secure.gravatar.com\/avatar\/7f2c48bdc33b30088f941fb6082e555f2874c98e20cb159d7b92b50eadfce793?s=96&d=mm&r=g","url":"https:\/\/secure.gravatar.com\/avatar\/7f2c48bdc33b30088f941fb6082e555f2874c98e20cb159d7b92b50eadfce793?s=96&d=mm&r=g","contentUrl":"https:\/\/secure.gravatar.com\/avatar\/7f2c48bdc33b30088f941fb6082e555f2874c98e20cb159d7b92b50eadfce793?s=96&d=mm&r=g","caption":"Gente de B\u00e1squet"},"sameAs":["http:\/\/gentedebasquet.com.ar\/sitio"],"url":"https:\/\/gentedebasquet.com.ar\/sitio\/author\/ulises\/"}]}},"_links":{"self":[{"href":"https:\/\/gentedebasquet.com.ar\/sitio\/wp-json\/wp\/v2\/posts\/63729","targetHints":{"allow":["GET"]}}],"collection":[{"href":"https:\/\/gentedebasquet.com.ar\/sitio\/wp-json\/wp\/v2\/posts"}],"about":[{"href":"https:\/\/gentedebasquet.com.ar\/sitio\/wp-json\/wp\/v2\/types\/post"}],"author":[{"embeddable":true,"href":"https:\/\/gentedebasquet.com.ar\/sitio\/wp-json\/wp\/v2\/users\/1"}],"replies":[{"embeddable":true,"href":"https:\/\/gentedebasquet.com.ar\/sitio\/wp-json\/wp\/v2\/comments?post=63729"}],"version-history":[{"count":0,"href":"https:\/\/gentedebasquet.com.ar\/sitio\/wp-json\/wp\/v2\/posts\/63729\/revisions"}],"wp:featuredmedia":[{"embeddable":true,"href":"https:\/\/gentedebasquet.com.ar\/sitio\/wp-json\/wp\/v2\/media\/63731"}],"wp:attachment":[{"href":"https:\/\/gentedebasquet.com.ar\/sitio\/wp-json\/wp\/v2\/media?parent=63729"}],"wp:term":[{"taxonomy":"category","embeddable":true,"href":"https:\/\/gentedebasquet.com.ar\/sitio\/wp-json\/wp\/v2\/categories?post=63729"},{"taxonomy":"post_tag","embeddable":true,"href":"https:\/\/gentedebasquet.com.ar\/sitio\/wp-json\/wp\/v2\/tags?post=63729"}],"curies":[{"name":"wp","href":"https:\/\/api.w.org\/{rel}","templated":true}]}}