{"id":63847,"date":"2016-09-03T23:28:44","date_gmt":"2016-09-04T02:28:44","guid":{"rendered":"http:\/\/www.gentedebasquet.com.ar\/?p=63847"},"modified":"2016-09-03T23:28:44","modified_gmt":"2016-09-04T02:28:44","slug":"representantes-bahienses","status":"publish","type":"post","link":"https:\/\/gentedebasquet.com.ar\/sitio\/2016\/09\/03\/representantes-bahienses\/","title":{"rendered":"Representantes bahienses"},"content":{"rendered":"<p><strong>Nueve horas ininterrumpidas de b\u00e1squetbol constituyeron el marco ideal de la etapa bahiense del Tour CABB 3\u00d73, que se desarroll\u00f3 \u00edntegramente en el estadio Osvaldo Casanova del club Estudiantes.\u00a0El certamen cont\u00f3 con la participaci\u00f3n de 25 equipos, que pugnaron por clasificar a la instancia final que se llevar\u00e1 en la Ciudad Aut\u00f3noma de Buenos Aires el s\u00e1bado 17 de septiembre, de la que saldr\u00e1n los representantes de Argentina en el World Tour a desarrollarse en la Ciudad de M\u00e9xico, entre el 24 y el 25 de septiembre.<\/strong><\/p>\n<p>La mayor cantidad de inscriptos se registr\u00f3 en la rama masculina de la<strong> categor\u00eda U16<\/strong>, donde pudieron verse encuentros de muy buen nivel t\u00e9cnico, como el cotejo definitorio, donde se enfrentaron equipos conformados por ocho de los mejores exponentes con que cuenta nuestra ciudad en esa divisional.<\/p>\n<p>La apasionante definici\u00f3n estuvo a cargo de<em> Face to face<\/em>, integrado por <strong>Mateo Fern\u00e1ndez Solari, Juan Cruz Marini, Juli\u00e1n Kloster y Alan Prost<\/strong>, que super\u00f3 por apretado 12 a 11 a <em>Olimpo<\/em> (Franco Pallotti, Fausto Ruesga, Ramiro Catal\u00e1 y Emanuel L\u00f3pez).<\/p>\n<p><img decoding=\"async\" class=\"aligncenter size-full wp-image-63848\" src=\"http:\/\/www.gentedebasquet.com.ar\/wp-content\/uploads\/2016\/09\/3x3-U16.jpg\" alt=\"3x3 U16\" width=\"640\" height=\"440\" srcset=\"https:\/\/gentedebasquet.com.ar\/sitio\/wp-content\/uploads\/2016\/09\/3x3-U16.jpg 640w, https:\/\/gentedebasquet.com.ar\/sitio\/wp-content\/uploads\/2016\/09\/3x3-U16-300x206.jpg 300w\" sizes=\"(max-width: 640px) 100vw, 640px\" \/><\/p>\n<p>Olimpo pudo haber forzado la pr\u00f3rroga por intermedio de Franco Pallotti, quien dispuso dos lanzamientos con el tiempo pr\u00e1cticamente cumplido, pero s\u00f3lo cristaliz\u00f3 el segundo, decretando el triunfo de<em> Face to face<\/em>, que tuvo en Juan Cruz Marini a su figura excluyente.<\/p>\n<p>En semifinales,<em> Face to face<\/em>\u00a0dobleg\u00f3 por 21 a 12 a <em>Napost\u00e1<\/em> (Guido Muzi, Nicol\u00e1s Bianciotti, Luca Fiorello y Mariano Herrero), que qued\u00f3 ubicado en el tercer puesto, mientras que <em>Olimpo<\/em> dej\u00f3 en el camino a <em>4 de 9<\/em> (Manuel Costa, Sebasti\u00e1n Villegas, Santiago Boy\u00e9 y Francisco Amerio), por 15 a 9.<\/p>\n<p>En la <strong>rama masculina, categor\u00eda Libres<\/strong>, el triunfo le correspondi\u00f3 al equipo <em>El Talism\u00e1n<\/em>, conformado por los experimentados hermanos <strong>Mariano y Mauro Trellini, Dami\u00e1n Carci y Sebasti\u00e1n Mart\u00ednez<\/strong>, quienes vencieron en la final a <em>Pedro Luro<\/em> (Federico Vidal, Andr\u00e9s Schvachsa, Pablo Acu\u00f1a y Dami\u00e1n Baigorria), por 16 a 10.<\/p>\n<p><img decoding=\"async\" class=\"aligncenter size-full wp-image-63850\" src=\"http:\/\/www.gentedebasquet.com.ar\/wp-content\/uploads\/2016\/09\/3x3-Mayores.jpg\" alt=\"3x3 Mayores\" width=\"640\" height=\"440\" srcset=\"https:\/\/gentedebasquet.com.ar\/sitio\/wp-content\/uploads\/2016\/09\/3x3-Mayores.jpg 640w, https:\/\/gentedebasquet.com.ar\/sitio\/wp-content\/uploads\/2016\/09\/3x3-Mayores-300x206.jpg 300w\" sizes=\"(max-width: 640px) 100vw, 640px\" \/><\/p>\n<p>En tanto, en la <strong>categor\u00eda Libres femenino<\/strong> clasific\u00f3 el conjunto de <em>Independiente<\/em> (<strong>Nadia Vrizz, Josefina Calvento, Marianella Pye y Mar\u00eda Bel\u00e9n Tombessi<\/strong>), \u00fanico equipo anotado, mientras que en <strong>U16<\/strong> de la misma rama, tambi\u00e9n pas\u00f3 a la instancia el elenco Viola, conformado por <strong>Lucila Go\u00f1i, Mar\u00eda Victoria P\u00e9rez, Nicolle Abelda\u00f1o y Agustina T\u00e9vez<\/strong>, que venci\u00f3 en el partido decisivo a <em>Ecave<\/em> (Victoria Mart\u00edn Sahagun, Carmela Dehumara Trujillo, Alondra Gonz\u00e1lez y Mar\u00eda Emilia Fern\u00e1ndez Palmieri), por 6 a 4.<\/p>\n<p><img decoding=\"async\" class=\"aligncenter size-full wp-image-63849\" src=\"http:\/\/www.gentedebasquet.com.ar\/wp-content\/uploads\/2016\/09\/3x3-Femenino.jpg\" alt=\"3x3 Femenino\" width=\"640\" height=\"440\" srcset=\"https:\/\/gentedebasquet.com.ar\/sitio\/wp-content\/uploads\/2016\/09\/3x3-Femenino.jpg 640w, https:\/\/gentedebasquet.com.ar\/sitio\/wp-content\/uploads\/2016\/09\/3x3-Femenino-300x206.jpg 300w\" sizes=\"(max-width: 640px) 100vw, 640px\" \/><\/p>\n<p>La jornada a puro b\u00e1squet se complet\u00f3 con encuentros de integrantes de divisiones menores, resultando vencedor <em>Team Green<\/em> (Emiliano Dambolena, Joaqu\u00edn Gerbaudo, Francisco L\u00f3pez y Enzo Ferrara), seguido por <em>Black Night<\/em> (Pedro Villar, Juan Mart\u00edn Ag\u00fcero, Lucas Lucanera y Ramiro Ayala Torales), <em>Los mini del albo<\/em> (Marco Allerborn, Tom\u00e1s Bellendier, Ignacio Alvarado y Mateo Giovino), <em>Gorilas de Napo<\/em> (Nicol\u00e1s Guerrero, Manuel Palma, Gregorio Barsky y Santiago Mayer) y <em>The cross over<\/em>\u00a0 (Lautaro Ocampo, M\u00e1ximo Larralde, Felipe Ten\u00edas y Dami\u00e1n Hait).<\/p>\n<p><img decoding=\"async\" class=\"aligncenter size-full wp-image-63851\" src=\"http:\/\/www.gentedebasquet.com.ar\/wp-content\/uploads\/2016\/09\/3x3-Menores.jpg\" alt=\"3x3 Menores\" width=\"640\" height=\"440\" srcset=\"https:\/\/gentedebasquet.com.ar\/sitio\/wp-content\/uploads\/2016\/09\/3x3-Menores.jpg 640w, https:\/\/gentedebasquet.com.ar\/sitio\/wp-content\/uploads\/2016\/09\/3x3-Menores-300x206.jpg 300w\" sizes=\"(max-width: 640px) 100vw, 640px\" \/><\/p>\n<p><strong>Fuente:<\/strong> Prensa ABB.<\/p>\n<p><strong>Fotos:<\/strong> Prensa ABB, Mauro Trelini y Nadia Vrizz.<\/p>\n","protected":false},"excerpt":{"rendered":"<p>Un total de 25 equipos participaron de la etapa local del Tour CABB 3&#215;3<\/p>\n","protected":false},"author":1,"featured_media":63852,"comment_status":"closed","ping_status":"open","sticky":false,"template":"","format":"standard","meta":{"jnews-multi-image_gallery":[],"jnews_single_post":[],"jnews_primary_category":[],"footnotes":""},"categories":[24,101],"tags":[699],"class_list":["post-63847","post","type-post","status-publish","format-standard","has-post-thumbnail","hentry","category-overtime","category-slide","tag-3x3-fiba"],"yoast_head":"<!-- This site is optimized with the Yoast SEO plugin v27.5 - https:\/\/yoast.com\/product\/yoast-seo-wordpress\/ -->\n<title>Representantes bahienses - Gente de B\u00e1squet<\/title>\n<meta name=\"robots\" content=\"index, follow, max-snippet:-1, max-image-preview:large, max-video-preview:-1\" \/>\n<link rel=\"canonical\" href=\"https:\/\/gentedebasquet.com.ar\/sitio\/2016\/09\/03\/representantes-bahienses\/\" \/>\n<meta property=\"og:locale\" content=\"es_ES\" \/>\n<meta property=\"og:type\" content=\"article\" \/>\n<meta property=\"og:title\" content=\"Representantes bahienses - Gente de B\u00e1squet\" \/>\n<meta property=\"og:description\" content=\"Un total de 25 equipos participaron de la etapa local del Tour CABB 3x3\" \/>\n<meta property=\"og:url\" content=\"https:\/\/gentedebasquet.com.ar\/sitio\/2016\/09\/03\/representantes-bahienses\/\" \/>\n<meta property=\"og:site_name\" content=\"Gente de B\u00e1squet\" \/>\n<meta property=\"article:published_time\" content=\"2016-09-04T02:28:44+00:00\" \/>\n<meta property=\"og:image\" content=\"https:\/\/gentedebasquet.com.ar\/sitio\/wp-content\/uploads\/2016\/09\/3x3-Trellini.jpg\" \/>\n\t<meta property=\"og:image:width\" content=\"690\" \/>\n\t<meta property=\"og:image:height\" content=\"319\" \/>\n\t<meta property=\"og:image:type\" content=\"image\/jpeg\" \/>\n<meta name=\"author\" content=\"Gente de B\u00e1squet\" \/>\n<meta name=\"twitter:card\" content=\"summary_large_image\" \/>\n<meta name=\"twitter:label1\" content=\"Escrito por\" \/>\n\t<meta name=\"twitter:data1\" content=\"Gente de B\u00e1squet\" \/>\n\t<meta name=\"twitter:label2\" content=\"Tiempo de lectura\" \/>\n\t<meta name=\"twitter:data2\" content=\"3 minutos\" \/>\n<script type=\"application\/ld+json\" class=\"yoast-schema-graph\">{\"@context\":\"https:\\\/\\\/schema.org\",\"@graph\":[{\"@type\":\"Article\",\"@id\":\"https:\\\/\\\/gentedebasquet.com.ar\\\/sitio\\\/2016\\\/09\\\/03\\\/representantes-bahienses\\\/#article\",\"isPartOf\":{\"@id\":\"https:\\\/\\\/gentedebasquet.com.ar\\\/sitio\\\/2016\\\/09\\\/03\\\/representantes-bahienses\\\/\"},\"author\":{\"name\":\"Gente de B\u00e1squet\",\"@id\":\"https:\\\/\\\/gentedebasquet.com.ar\\\/sitio\\\/#\\\/schema\\\/person\\\/ca0b63bbb977369988a7bbbdc519943a\"},\"headline\":\"Representantes bahienses\",\"datePublished\":\"2016-09-04T02:28:44+00:00\",\"mainEntityOfPage\":{\"@id\":\"https:\\\/\\\/gentedebasquet.com.ar\\\/sitio\\\/2016\\\/09\\\/03\\\/representantes-bahienses\\\/\"},\"wordCount\":521,\"image\":{\"@id\":\"https:\\\/\\\/gentedebasquet.com.ar\\\/sitio\\\/2016\\\/09\\\/03\\\/representantes-bahienses\\\/#primaryimage\"},\"thumbnailUrl\":\"https:\\\/\\\/gentedebasquet.com.ar\\\/sitio\\\/wp-content\\\/uploads\\\/2016\\\/09\\\/3x3-Trellini.jpg\",\"keywords\":[\"3x3 FIBA\"],\"articleSection\":[\"#Overtime\",\"Slide\"],\"inLanguage\":\"es\"},{\"@type\":\"WebPage\",\"@id\":\"https:\\\/\\\/gentedebasquet.com.ar\\\/sitio\\\/2016\\\/09\\\/03\\\/representantes-bahienses\\\/\",\"url\":\"https:\\\/\\\/gentedebasquet.com.ar\\\/sitio\\\/2016\\\/09\\\/03\\\/representantes-bahienses\\\/\",\"name\":\"Representantes bahienses - Gente de B\u00e1squet\",\"isPartOf\":{\"@id\":\"https:\\\/\\\/gentedebasquet.com.ar\\\/sitio\\\/#website\"},\"primaryImageOfPage\":{\"@id\":\"https:\\\/\\\/gentedebasquet.com.ar\\\/sitio\\\/2016\\\/09\\\/03\\\/representantes-bahienses\\\/#primaryimage\"},\"image\":{\"@id\":\"https:\\\/\\\/gentedebasquet.com.ar\\\/sitio\\\/2016\\\/09\\\/03\\\/representantes-bahienses\\\/#primaryimage\"},\"thumbnailUrl\":\"https:\\\/\\\/gentedebasquet.com.ar\\\/sitio\\\/wp-content\\\/uploads\\\/2016\\\/09\\\/3x3-Trellini.jpg\",\"datePublished\":\"2016-09-04T02:28:44+00:00\",\"author\":{\"@id\":\"https:\\\/\\\/gentedebasquet.com.ar\\\/sitio\\\/#\\\/schema\\\/person\\\/ca0b63bbb977369988a7bbbdc519943a\"},\"breadcrumb\":{\"@id\":\"https:\\\/\\\/gentedebasquet.com.ar\\\/sitio\\\/2016\\\/09\\\/03\\\/representantes-bahienses\\\/#breadcrumb\"},\"inLanguage\":\"es\",\"potentialAction\":[{\"@type\":\"ReadAction\",\"target\":[\"https:\\\/\\\/gentedebasquet.com.ar\\\/sitio\\\/2016\\\/09\\\/03\\\/representantes-bahienses\\\/\"]}]},{\"@type\":\"ImageObject\",\"inLanguage\":\"es\",\"@id\":\"https:\\\/\\\/gentedebasquet.com.ar\\\/sitio\\\/2016\\\/09\\\/03\\\/representantes-bahienses\\\/#primaryimage\",\"url\":\"https:\\\/\\\/gentedebasquet.com.ar\\\/sitio\\\/wp-content\\\/uploads\\\/2016\\\/09\\\/3x3-Trellini.jpg\",\"contentUrl\":\"https:\\\/\\\/gentedebasquet.com.ar\\\/sitio\\\/wp-content\\\/uploads\\\/2016\\\/09\\\/3x3-Trellini.jpg\",\"width\":690,\"height\":319},{\"@type\":\"BreadcrumbList\",\"@id\":\"https:\\\/\\\/gentedebasquet.com.ar\\\/sitio\\\/2016\\\/09\\\/03\\\/representantes-bahienses\\\/#breadcrumb\",\"itemListElement\":[{\"@type\":\"ListItem\",\"position\":1,\"name\":\"Portada\",\"item\":\"https:\\\/\\\/gentedebasquet.com.ar\\\/sitio\\\/\"},{\"@type\":\"ListItem\",\"position\":2,\"name\":\"Representantes bahienses\"}]},{\"@type\":\"WebSite\",\"@id\":\"https:\\\/\\\/gentedebasquet.com.ar\\\/sitio\\\/#website\",\"url\":\"https:\\\/\\\/gentedebasquet.com.ar\\\/sitio\\\/\",\"name\":\"Gente de B\u00e1squet\",\"description\":\"La revista del basquet de Bah\u00eda Blanca\",\"potentialAction\":[{\"@type\":\"SearchAction\",\"target\":{\"@type\":\"EntryPoint\",\"urlTemplate\":\"https:\\\/\\\/gentedebasquet.com.ar\\\/sitio\\\/?s={search_term_string}\"},\"query-input\":{\"@type\":\"PropertyValueSpecification\",\"valueRequired\":true,\"valueName\":\"search_term_string\"}}],\"inLanguage\":\"es\"},{\"@type\":\"Person\",\"@id\":\"https:\\\/\\\/gentedebasquet.com.ar\\\/sitio\\\/#\\\/schema\\\/person\\\/ca0b63bbb977369988a7bbbdc519943a\",\"name\":\"Gente de B\u00e1squet\",\"image\":{\"@type\":\"ImageObject\",\"inLanguage\":\"es\",\"@id\":\"https:\\\/\\\/secure.gravatar.com\\\/avatar\\\/7f2c48bdc33b30088f941fb6082e555f2874c98e20cb159d7b92b50eadfce793?s=96&d=mm&r=g\",\"url\":\"https:\\\/\\\/secure.gravatar.com\\\/avatar\\\/7f2c48bdc33b30088f941fb6082e555f2874c98e20cb159d7b92b50eadfce793?s=96&d=mm&r=g\",\"contentUrl\":\"https:\\\/\\\/secure.gravatar.com\\\/avatar\\\/7f2c48bdc33b30088f941fb6082e555f2874c98e20cb159d7b92b50eadfce793?s=96&d=mm&r=g\",\"caption\":\"Gente de B\u00e1squet\"},\"sameAs\":[\"http:\\\/\\\/gentedebasquet.com.ar\\\/sitio\"],\"url\":\"https:\\\/\\\/gentedebasquet.com.ar\\\/sitio\\\/author\\\/ulises\\\/\"}]}<\/script>\n<!-- \/ Yoast SEO plugin. -->","yoast_head_json":{"title":"Representantes bahienses - Gente de B\u00e1squet","robots":{"index":"index","follow":"follow","max-snippet":"max-snippet:-1","max-image-preview":"max-image-preview:large","max-video-preview":"max-video-preview:-1"},"canonical":"https:\/\/gentedebasquet.com.ar\/sitio\/2016\/09\/03\/representantes-bahienses\/","og_locale":"es_ES","og_type":"article","og_title":"Representantes bahienses - Gente de B\u00e1squet","og_description":"Un total de 25 equipos participaron de la etapa local del Tour CABB 3x3","og_url":"https:\/\/gentedebasquet.com.ar\/sitio\/2016\/09\/03\/representantes-bahienses\/","og_site_name":"Gente de B\u00e1squet","article_published_time":"2016-09-04T02:28:44+00:00","og_image":[{"width":690,"height":319,"url":"https:\/\/gentedebasquet.com.ar\/sitio\/wp-content\/uploads\/2016\/09\/3x3-Trellini.jpg","type":"image\/jpeg"}],"author":"Gente de B\u00e1squet","twitter_card":"summary_large_image","twitter_misc":{"Escrito por":"Gente de B\u00e1squet","Tiempo de lectura":"3 minutos"},"schema":{"@context":"https:\/\/schema.org","@graph":[{"@type":"Article","@id":"https:\/\/gentedebasquet.com.ar\/sitio\/2016\/09\/03\/representantes-bahienses\/#article","isPartOf":{"@id":"https:\/\/gentedebasquet.com.ar\/sitio\/2016\/09\/03\/representantes-bahienses\/"},"author":{"name":"Gente de B\u00e1squet","@id":"https:\/\/gentedebasquet.com.ar\/sitio\/#\/schema\/person\/ca0b63bbb977369988a7bbbdc519943a"},"headline":"Representantes bahienses","datePublished":"2016-09-04T02:28:44+00:00","mainEntityOfPage":{"@id":"https:\/\/gentedebasquet.com.ar\/sitio\/2016\/09\/03\/representantes-bahienses\/"},"wordCount":521,"image":{"@id":"https:\/\/gentedebasquet.com.ar\/sitio\/2016\/09\/03\/representantes-bahienses\/#primaryimage"},"thumbnailUrl":"https:\/\/gentedebasquet.com.ar\/sitio\/wp-content\/uploads\/2016\/09\/3x3-Trellini.jpg","keywords":["3x3 FIBA"],"articleSection":["#Overtime","Slide"],"inLanguage":"es"},{"@type":"WebPage","@id":"https:\/\/gentedebasquet.com.ar\/sitio\/2016\/09\/03\/representantes-bahienses\/","url":"https:\/\/gentedebasquet.com.ar\/sitio\/2016\/09\/03\/representantes-bahienses\/","name":"Representantes bahienses - Gente de B\u00e1squet","isPartOf":{"@id":"https:\/\/gentedebasquet.com.ar\/sitio\/#website"},"primaryImageOfPage":{"@id":"https:\/\/gentedebasquet.com.ar\/sitio\/2016\/09\/03\/representantes-bahienses\/#primaryimage"},"image":{"@id":"https:\/\/gentedebasquet.com.ar\/sitio\/2016\/09\/03\/representantes-bahienses\/#primaryimage"},"thumbnailUrl":"https:\/\/gentedebasquet.com.ar\/sitio\/wp-content\/uploads\/2016\/09\/3x3-Trellini.jpg","datePublished":"2016-09-04T02:28:44+00:00","author":{"@id":"https:\/\/gentedebasquet.com.ar\/sitio\/#\/schema\/person\/ca0b63bbb977369988a7bbbdc519943a"},"breadcrumb":{"@id":"https:\/\/gentedebasquet.com.ar\/sitio\/2016\/09\/03\/representantes-bahienses\/#breadcrumb"},"inLanguage":"es","potentialAction":[{"@type":"ReadAction","target":["https:\/\/gentedebasquet.com.ar\/sitio\/2016\/09\/03\/representantes-bahienses\/"]}]},{"@type":"ImageObject","inLanguage":"es","@id":"https:\/\/gentedebasquet.com.ar\/sitio\/2016\/09\/03\/representantes-bahienses\/#primaryimage","url":"https:\/\/gentedebasquet.com.ar\/sitio\/wp-content\/uploads\/2016\/09\/3x3-Trellini.jpg","contentUrl":"https:\/\/gentedebasquet.com.ar\/sitio\/wp-content\/uploads\/2016\/09\/3x3-Trellini.jpg","width":690,"height":319},{"@type":"BreadcrumbList","@id":"https:\/\/gentedebasquet.com.ar\/sitio\/2016\/09\/03\/representantes-bahienses\/#breadcrumb","itemListElement":[{"@type":"ListItem","position":1,"name":"Portada","item":"https:\/\/gentedebasquet.com.ar\/sitio\/"},{"@type":"ListItem","position":2,"name":"Representantes bahienses"}]},{"@type":"WebSite","@id":"https:\/\/gentedebasquet.com.ar\/sitio\/#website","url":"https:\/\/gentedebasquet.com.ar\/sitio\/","name":"Gente de B\u00e1squet","description":"La revista del basquet de Bah\u00eda Blanca","potentialAction":[{"@type":"SearchAction","target":{"@type":"EntryPoint","urlTemplate":"https:\/\/gentedebasquet.com.ar\/sitio\/?s={search_term_string}"},"query-input":{"@type":"PropertyValueSpecification","valueRequired":true,"valueName":"search_term_string"}}],"inLanguage":"es"},{"@type":"Person","@id":"https:\/\/gentedebasquet.com.ar\/sitio\/#\/schema\/person\/ca0b63bbb977369988a7bbbdc519943a","name":"Gente de B\u00e1squet","image":{"@type":"ImageObject","inLanguage":"es","@id":"https:\/\/secure.gravatar.com\/avatar\/7f2c48bdc33b30088f941fb6082e555f2874c98e20cb159d7b92b50eadfce793?s=96&d=mm&r=g","url":"https:\/\/secure.gravatar.com\/avatar\/7f2c48bdc33b30088f941fb6082e555f2874c98e20cb159d7b92b50eadfce793?s=96&d=mm&r=g","contentUrl":"https:\/\/secure.gravatar.com\/avatar\/7f2c48bdc33b30088f941fb6082e555f2874c98e20cb159d7b92b50eadfce793?s=96&d=mm&r=g","caption":"Gente de B\u00e1squet"},"sameAs":["http:\/\/gentedebasquet.com.ar\/sitio"],"url":"https:\/\/gentedebasquet.com.ar\/sitio\/author\/ulises\/"}]}},"_links":{"self":[{"href":"https:\/\/gentedebasquet.com.ar\/sitio\/wp-json\/wp\/v2\/posts\/63847","targetHints":{"allow":["GET"]}}],"collection":[{"href":"https:\/\/gentedebasquet.com.ar\/sitio\/wp-json\/wp\/v2\/posts"}],"about":[{"href":"https:\/\/gentedebasquet.com.ar\/sitio\/wp-json\/wp\/v2\/types\/post"}],"author":[{"embeddable":true,"href":"https:\/\/gentedebasquet.com.ar\/sitio\/wp-json\/wp\/v2\/users\/1"}],"replies":[{"embeddable":true,"href":"https:\/\/gentedebasquet.com.ar\/sitio\/wp-json\/wp\/v2\/comments?post=63847"}],"version-history":[{"count":0,"href":"https:\/\/gentedebasquet.com.ar\/sitio\/wp-json\/wp\/v2\/posts\/63847\/revisions"}],"wp:featuredmedia":[{"embeddable":true,"href":"https:\/\/gentedebasquet.com.ar\/sitio\/wp-json\/wp\/v2\/media\/63852"}],"wp:attachment":[{"href":"https:\/\/gentedebasquet.com.ar\/sitio\/wp-json\/wp\/v2\/media?parent=63847"}],"wp:term":[{"taxonomy":"category","embeddable":true,"href":"https:\/\/gentedebasquet.com.ar\/sitio\/wp-json\/wp\/v2\/categories?post=63847"},{"taxonomy":"post_tag","embeddable":true,"href":"https:\/\/gentedebasquet.com.ar\/sitio\/wp-json\/wp\/v2\/tags?post=63847"}],"curies":[{"name":"wp","href":"https:\/\/api.w.org\/{rel}","templated":true}]}}