{"id":63934,"date":"2016-09-06T22:55:43","date_gmt":"2016-09-07T01:55:43","guid":{"rendered":"http:\/\/www.gentedebasquet.com.ar\/?p=63934"},"modified":"2016-09-06T22:55:43","modified_gmt":"2016-09-07T01:55:43","slug":"se-tomo-un-te","status":"publish","type":"post","link":"https:\/\/gentedebasquet.com.ar\/sitio\/2016\/09\/06\/se-tomo-un-te\/","title":{"rendered":"Se tom\u00f3 un t\u00e9"},"content":{"rendered":"<p><strong>Barracas derrot\u00f3 como visitante a Comercial por 81 a 53. El equipo de Palumbo entr\u00f3 frio (2-8 en 5m), pero r\u00e1pidamente encamin\u00f3 el 1C (17-15) y estableci\u00f3 un parcial de 22-2 en 8.30m del 2C que rompi\u00f3 el partido. Cancellarich (27, 11\/16 T2, 5\/7 T1, + 12 reb, + 3 as + 5 rob) y Carci (22 + 6 reb + 5 as) fueron los abanderados (22 entre ambos en el 2C) de un elenco que cont\u00f3 con el goleo de Massa (11, 3\/7 T3) y S. Mart\u00ednez (10). En el due\u00f1o de casa, el m\u00e1ximo anotador fue R. Riviere (12, 2\/3 T3).<\/strong><\/p>\n<p>De arranque Comercial mostr\u00f3 su mejor cara, defendi\u00f3 duro secando y sacando a su rival (minuto de Palumbo en 3.22 minutos de juego), y con la determinaci\u00f3n de Achaerandio y Vallejos yendo para adentro m\u00e1s los puntos desde la l\u00ednea, comandaba el tanteador (8-2 a 5.32) llegando a la mitad del per\u00edodo. Pese a seguir batallando y sumando mediante la lucha de Fern\u00e1ndez (5, 5\/6 T1), el nulo gol exterior y los errores en el traslado (6) le costaron caro al \u2018Puerto\u2019 que vio como Barracas se meti\u00f3 r\u00e1pido en el partido: Tras iniciar fr\u00edo (0\/7 TC y 4 p\u00e9rdidas) y perder a Carci por los 6 minutos restantes del 1C (golpe en la nariz), \u2018El Bosque\u2019 se acomod\u00f3 ofensivamente con Mart\u00ednez (7) como bandera y Canchellarich (4) d\u00e1ndole un ritmo m\u00e1s a los ataques visitantes, para llevarse el primer cuarto 17 a 15.<\/p>\n<p>Ya en el segundo per\u00edodo, la visita hizo valer su jerarqu\u00eda y liquid\u00f3 la historia mostrando autoridad mediante su media cancha, porque Carci (10, 2T3, 4\/5 T1) volvi\u00f3 agresivo para el aro y Cancellarich (9, 4\/4 T2) se hizo un picnic atacando el cesto para que Barracas establezca un parcial de 22-2 que quebr\u00f3 la historia (39-17 a falta de 1.30m) merced al mal momento de un Comercial (1\/10 TC, 7 p\u00e9rdidas) que se vio avasallado. Una bomba de Riviere y la carga al rebote ofensivo le dio algo de vida al local en el cierre, pero no lo pudo aprovechar (1\/8 T1) desde la l\u00ednea y Cancellarich (cerr\u00f3 con 12, 5\/5 T2, 2\/4 T1) puso +19 a su elenco camino a los vestuarios: 42-23.<\/p>\n<blockquote><p>Nos cost\u00f3 un poco, sab\u00edamos que ellos iban a jugar agresivo, despu\u00e9s lo pudimos quebrar corriendo y defendiendo bien. Siempre hay que jugar al 100%, no te podes confiar, al principio salimos relajados y estaban ah\u00ed (Octavio Cancellarich).<\/p><\/blockquote>\n<p>Tras el descanso largo, Comercial volvi\u00f3 a jugar de igual a igual, se amig\u00f3 con el aro y gracias a la aparici\u00f3n de Pollio (6) pesando en la pintura y los triples de Vallejos (6) daba lucha (55-39 a 4m), pero Barracas sigui\u00f3 con su libreto: Carci (8, 4\/5 T2) apel\u00f3 a su buena mano, Cancellarich (7) se mantuvo\u00a0incontrolable por su poder atl\u00e9tico y Massa (6) se sum\u00f3 con un par de bombas para que \u2018El Bosque&#8217; cierre mejor el 3C y se llegue al \u00faltimo cuarto arriba 67 a 41. Hasta que salieron de la cancha, la doble base visitante sigui\u00f3 machacando (4 para cada uno) en un partido que finaliz\u00f3 con las bancas en el parquet y con resultado puesto desde el segundo cuarto.<\/p>\n<p>&nbsp;<\/p>\n<p>[vimeo]http:\/\/vimeo.com\/181729673[\/vimeo]<\/p>\n<p>&nbsp;<\/p>\n<p><strong>S\u00edntesis| Segunda Divisi\u00f3n \u2013 Oficial \u2013 Fecha #10<\/strong><\/p>\n<p><strong>Comercial 53<\/strong>: Jano Duca 0, Nicol\u00e1s Vallejos 11, Ramiro Riviere 12, Nicol\u00e1s Fern\u00e1ndez 5, Ramiro Achaerandio 5 (FI); Ignacio D\u00edaz 6, Emiliano De La Torre 0, Pablo Pollio 10, Juan Pedro Maurizzi 4. DT: Hern\u00e1n Magistrini.<\/p>\n<p><strong>Barracas 81:<\/strong>\u00a0Dami\u00e1n Carci 22, Sebasti\u00e1n Mart\u00ednez 10, Mariano Trellini 1, Joaqu\u00edn Gonz\u00e1lez 4, C\u00e9sar Massa 11 (FI); Claudio S\u00e1nchez 0, Octavio Cancellarich 27, Octavio Quispe 0, Gabriel De La Torre 2, Joaqu\u00edn Masetti 0, Juli\u00e1n Carminatti 4, Tom\u00e1s Mart\u00ednez 0. D.T: Juan Sergio Palumbo.<\/p>\n<p><strong>Parciales:<\/strong>\u00a015-17, 23-42 (8-25), 41-67 (18-25), 53-81 (12-14).<\/p>\n<p><strong>\u00c1rbitros:<\/strong>\u00a0Marjorie Stuardo \u2013 Mauro Reyes.<\/p>\n<p><strong>Estadio:<\/strong>\u00a0Osvaldo Giorgetti (Puerto Comercial).<\/p>\n<p><a class=\"modalf iframe\" title=\"Planilla\" href=\"https:\/\/docs.google.com\/spreadsheets\/d\/1xkNqkPueLo6fzhRTiyFbdCtWl0gKxxqQbJs-MzEiZjA\/pubhtml?gid=1368785255&amp;single=true\" target=\"_blank\" rel=\"noopener\">Ver Planilla<\/a><\/p>\n","protected":false},"excerpt":{"rendered":"<p>Tras 5m dubitativos, Barracas impuso su jerarqu\u00eda en el Puerto: 81-53 a Comercial<\/p>\n","protected":false},"author":1,"featured_media":63936,"comment_status":"closed","ping_status":"open","sticky":false,"template":"","format":"standard","meta":{"jnews-multi-image_gallery":[],"jnews_single_post":[],"jnews_primary_category":[],"footnotes":""},"categories":[25,101],"tags":[6,250,7,527,1268,1369,254],"class_list":["post-63934","post","type-post","status-publish","format-standard","has-post-thumbnail","hentry","category-segunda","category-slide","tag-barracas-central","tag-cesar-massa","tag-comercial","tag-damian-carci","tag-octavio-cancellarich","tag-ramiro-riviere","tag-sebastian-martinez"],"yoast_head":"<!-- This site is optimized with the Yoast SEO plugin v27.4 - https:\/\/yoast.com\/product\/yoast-seo-wordpress\/ -->\n<title>Se tom\u00f3 un t\u00e9 - Gente de B\u00e1squet<\/title>\n<meta name=\"robots\" content=\"index, follow, max-snippet:-1, max-image-preview:large, max-video-preview:-1\" \/>\n<link rel=\"canonical\" href=\"https:\/\/gentedebasquet.com.ar\/sitio\/2016\/09\/06\/se-tomo-un-te\/\" \/>\n<meta property=\"og:locale\" content=\"es_ES\" \/>\n<meta property=\"og:type\" content=\"article\" \/>\n<meta property=\"og:title\" content=\"Se tom\u00f3 un t\u00e9 - Gente de B\u00e1squet\" \/>\n<meta property=\"og:description\" content=\"Tras 5m dubitativos, Barracas impuso su jerarqu\u00eda en el Puerto: 81-53 a Comercial\" \/>\n<meta property=\"og:url\" content=\"https:\/\/gentedebasquet.com.ar\/sitio\/2016\/09\/06\/se-tomo-un-te\/\" \/>\n<meta property=\"og:site_name\" content=\"Gente de B\u00e1squet\" \/>\n<meta property=\"article:published_time\" content=\"2016-09-07T01:55:43+00:00\" \/>\n<meta property=\"og:image\" content=\"https:\/\/gentedebasquet.com.ar\/sitio\/wp-content\/uploads\/2016\/09\/BAR1.jpg\" \/>\n\t<meta property=\"og:image:width\" content=\"690\" \/>\n\t<meta property=\"og:image:height\" content=\"319\" \/>\n\t<meta property=\"og:image:type\" content=\"image\/jpeg\" \/>\n<meta name=\"author\" content=\"Gente de B\u00e1squet\" \/>\n<meta name=\"twitter:card\" content=\"summary_large_image\" \/>\n<meta name=\"twitter:label1\" content=\"Escrito por\" \/>\n\t<meta name=\"twitter:data1\" content=\"Gente de B\u00e1squet\" \/>\n\t<meta name=\"twitter:label2\" content=\"Tiempo de lectura\" \/>\n\t<meta name=\"twitter:data2\" content=\"3 minutos\" \/>\n<script type=\"application\/ld+json\" class=\"yoast-schema-graph\">{\"@context\":\"https:\\\/\\\/schema.org\",\"@graph\":[{\"@type\":\"Article\",\"@id\":\"https:\\\/\\\/gentedebasquet.com.ar\\\/sitio\\\/2016\\\/09\\\/06\\\/se-tomo-un-te\\\/#article\",\"isPartOf\":{\"@id\":\"https:\\\/\\\/gentedebasquet.com.ar\\\/sitio\\\/2016\\\/09\\\/06\\\/se-tomo-un-te\\\/\"},\"author\":{\"name\":\"Gente de B\u00e1squet\",\"@id\":\"https:\\\/\\\/gentedebasquet.com.ar\\\/sitio\\\/#\\\/schema\\\/person\\\/ca0b63bbb977369988a7bbbdc519943a\"},\"headline\":\"Se tom\u00f3 un t\u00e9\",\"datePublished\":\"2016-09-07T01:55:43+00:00\",\"mainEntityOfPage\":{\"@id\":\"https:\\\/\\\/gentedebasquet.com.ar\\\/sitio\\\/2016\\\/09\\\/06\\\/se-tomo-un-te\\\/\"},\"wordCount\":618,\"image\":{\"@id\":\"https:\\\/\\\/gentedebasquet.com.ar\\\/sitio\\\/2016\\\/09\\\/06\\\/se-tomo-un-te\\\/#primaryimage\"},\"thumbnailUrl\":\"https:\\\/\\\/gentedebasquet.com.ar\\\/sitio\\\/wp-content\\\/uploads\\\/2016\\\/09\\\/BAR1.jpg\",\"keywords\":[\"Barracas Central\",\"C\u00e9sar Massa\",\"Comercial\",\"Dami\u00e1n Carci\",\"Octavio Cancellarich\",\"Ramiro Riviere\",\"Sebasti\u00e1n Mart\u00ednez\"],\"articleSection\":[\"Segunda\",\"Slide\"],\"inLanguage\":\"es\"},{\"@type\":\"WebPage\",\"@id\":\"https:\\\/\\\/gentedebasquet.com.ar\\\/sitio\\\/2016\\\/09\\\/06\\\/se-tomo-un-te\\\/\",\"url\":\"https:\\\/\\\/gentedebasquet.com.ar\\\/sitio\\\/2016\\\/09\\\/06\\\/se-tomo-un-te\\\/\",\"name\":\"Se tom\u00f3 un t\u00e9 - Gente de B\u00e1squet\",\"isPartOf\":{\"@id\":\"https:\\\/\\\/gentedebasquet.com.ar\\\/sitio\\\/#website\"},\"primaryImageOfPage\":{\"@id\":\"https:\\\/\\\/gentedebasquet.com.ar\\\/sitio\\\/2016\\\/09\\\/06\\\/se-tomo-un-te\\\/#primaryimage\"},\"image\":{\"@id\":\"https:\\\/\\\/gentedebasquet.com.ar\\\/sitio\\\/2016\\\/09\\\/06\\\/se-tomo-un-te\\\/#primaryimage\"},\"thumbnailUrl\":\"https:\\\/\\\/gentedebasquet.com.ar\\\/sitio\\\/wp-content\\\/uploads\\\/2016\\\/09\\\/BAR1.jpg\",\"datePublished\":\"2016-09-07T01:55:43+00:00\",\"author\":{\"@id\":\"https:\\\/\\\/gentedebasquet.com.ar\\\/sitio\\\/#\\\/schema\\\/person\\\/ca0b63bbb977369988a7bbbdc519943a\"},\"breadcrumb\":{\"@id\":\"https:\\\/\\\/gentedebasquet.com.ar\\\/sitio\\\/2016\\\/09\\\/06\\\/se-tomo-un-te\\\/#breadcrumb\"},\"inLanguage\":\"es\",\"potentialAction\":[{\"@type\":\"ReadAction\",\"target\":[\"https:\\\/\\\/gentedebasquet.com.ar\\\/sitio\\\/2016\\\/09\\\/06\\\/se-tomo-un-te\\\/\"]}]},{\"@type\":\"ImageObject\",\"inLanguage\":\"es\",\"@id\":\"https:\\\/\\\/gentedebasquet.com.ar\\\/sitio\\\/2016\\\/09\\\/06\\\/se-tomo-un-te\\\/#primaryimage\",\"url\":\"https:\\\/\\\/gentedebasquet.com.ar\\\/sitio\\\/wp-content\\\/uploads\\\/2016\\\/09\\\/BAR1.jpg\",\"contentUrl\":\"https:\\\/\\\/gentedebasquet.com.ar\\\/sitio\\\/wp-content\\\/uploads\\\/2016\\\/09\\\/BAR1.jpg\",\"width\":690,\"height\":319},{\"@type\":\"BreadcrumbList\",\"@id\":\"https:\\\/\\\/gentedebasquet.com.ar\\\/sitio\\\/2016\\\/09\\\/06\\\/se-tomo-un-te\\\/#breadcrumb\",\"itemListElement\":[{\"@type\":\"ListItem\",\"position\":1,\"name\":\"Portada\",\"item\":\"https:\\\/\\\/gentedebasquet.com.ar\\\/sitio\\\/\"},{\"@type\":\"ListItem\",\"position\":2,\"name\":\"Se tom\u00f3 un t\u00e9\"}]},{\"@type\":\"WebSite\",\"@id\":\"https:\\\/\\\/gentedebasquet.com.ar\\\/sitio\\\/#website\",\"url\":\"https:\\\/\\\/gentedebasquet.com.ar\\\/sitio\\\/\",\"name\":\"Gente de B\u00e1squet\",\"description\":\"La revista del basquet de Bah\u00eda Blanca\",\"potentialAction\":[{\"@type\":\"SearchAction\",\"target\":{\"@type\":\"EntryPoint\",\"urlTemplate\":\"https:\\\/\\\/gentedebasquet.com.ar\\\/sitio\\\/?s={search_term_string}\"},\"query-input\":{\"@type\":\"PropertyValueSpecification\",\"valueRequired\":true,\"valueName\":\"search_term_string\"}}],\"inLanguage\":\"es\"},{\"@type\":\"Person\",\"@id\":\"https:\\\/\\\/gentedebasquet.com.ar\\\/sitio\\\/#\\\/schema\\\/person\\\/ca0b63bbb977369988a7bbbdc519943a\",\"name\":\"Gente de B\u00e1squet\",\"image\":{\"@type\":\"ImageObject\",\"inLanguage\":\"es\",\"@id\":\"https:\\\/\\\/secure.gravatar.com\\\/avatar\\\/7f2c48bdc33b30088f941fb6082e555f2874c98e20cb159d7b92b50eadfce793?s=96&d=mm&r=g\",\"url\":\"https:\\\/\\\/secure.gravatar.com\\\/avatar\\\/7f2c48bdc33b30088f941fb6082e555f2874c98e20cb159d7b92b50eadfce793?s=96&d=mm&r=g\",\"contentUrl\":\"https:\\\/\\\/secure.gravatar.com\\\/avatar\\\/7f2c48bdc33b30088f941fb6082e555f2874c98e20cb159d7b92b50eadfce793?s=96&d=mm&r=g\",\"caption\":\"Gente de B\u00e1squet\"},\"sameAs\":[\"http:\\\/\\\/gentedebasquet.com.ar\\\/sitio\"],\"url\":\"https:\\\/\\\/gentedebasquet.com.ar\\\/sitio\\\/author\\\/ulises\\\/\"}]}<\/script>\n<!-- \/ Yoast SEO plugin. -->","yoast_head_json":{"title":"Se tom\u00f3 un t\u00e9 - Gente de B\u00e1squet","robots":{"index":"index","follow":"follow","max-snippet":"max-snippet:-1","max-image-preview":"max-image-preview:large","max-video-preview":"max-video-preview:-1"},"canonical":"https:\/\/gentedebasquet.com.ar\/sitio\/2016\/09\/06\/se-tomo-un-te\/","og_locale":"es_ES","og_type":"article","og_title":"Se tom\u00f3 un t\u00e9 - Gente de B\u00e1squet","og_description":"Tras 5m dubitativos, Barracas impuso su jerarqu\u00eda en el Puerto: 81-53 a Comercial","og_url":"https:\/\/gentedebasquet.com.ar\/sitio\/2016\/09\/06\/se-tomo-un-te\/","og_site_name":"Gente de B\u00e1squet","article_published_time":"2016-09-07T01:55:43+00:00","og_image":[{"width":690,"height":319,"url":"https:\/\/gentedebasquet.com.ar\/sitio\/wp-content\/uploads\/2016\/09\/BAR1.jpg","type":"image\/jpeg"}],"author":"Gente de B\u00e1squet","twitter_card":"summary_large_image","twitter_misc":{"Escrito por":"Gente de B\u00e1squet","Tiempo de lectura":"3 minutos"},"schema":{"@context":"https:\/\/schema.org","@graph":[{"@type":"Article","@id":"https:\/\/gentedebasquet.com.ar\/sitio\/2016\/09\/06\/se-tomo-un-te\/#article","isPartOf":{"@id":"https:\/\/gentedebasquet.com.ar\/sitio\/2016\/09\/06\/se-tomo-un-te\/"},"author":{"name":"Gente de B\u00e1squet","@id":"https:\/\/gentedebasquet.com.ar\/sitio\/#\/schema\/person\/ca0b63bbb977369988a7bbbdc519943a"},"headline":"Se tom\u00f3 un t\u00e9","datePublished":"2016-09-07T01:55:43+00:00","mainEntityOfPage":{"@id":"https:\/\/gentedebasquet.com.ar\/sitio\/2016\/09\/06\/se-tomo-un-te\/"},"wordCount":618,"image":{"@id":"https:\/\/gentedebasquet.com.ar\/sitio\/2016\/09\/06\/se-tomo-un-te\/#primaryimage"},"thumbnailUrl":"https:\/\/gentedebasquet.com.ar\/sitio\/wp-content\/uploads\/2016\/09\/BAR1.jpg","keywords":["Barracas Central","C\u00e9sar Massa","Comercial","Dami\u00e1n Carci","Octavio Cancellarich","Ramiro Riviere","Sebasti\u00e1n Mart\u00ednez"],"articleSection":["Segunda","Slide"],"inLanguage":"es"},{"@type":"WebPage","@id":"https:\/\/gentedebasquet.com.ar\/sitio\/2016\/09\/06\/se-tomo-un-te\/","url":"https:\/\/gentedebasquet.com.ar\/sitio\/2016\/09\/06\/se-tomo-un-te\/","name":"Se tom\u00f3 un t\u00e9 - Gente de B\u00e1squet","isPartOf":{"@id":"https:\/\/gentedebasquet.com.ar\/sitio\/#website"},"primaryImageOfPage":{"@id":"https:\/\/gentedebasquet.com.ar\/sitio\/2016\/09\/06\/se-tomo-un-te\/#primaryimage"},"image":{"@id":"https:\/\/gentedebasquet.com.ar\/sitio\/2016\/09\/06\/se-tomo-un-te\/#primaryimage"},"thumbnailUrl":"https:\/\/gentedebasquet.com.ar\/sitio\/wp-content\/uploads\/2016\/09\/BAR1.jpg","datePublished":"2016-09-07T01:55:43+00:00","author":{"@id":"https:\/\/gentedebasquet.com.ar\/sitio\/#\/schema\/person\/ca0b63bbb977369988a7bbbdc519943a"},"breadcrumb":{"@id":"https:\/\/gentedebasquet.com.ar\/sitio\/2016\/09\/06\/se-tomo-un-te\/#breadcrumb"},"inLanguage":"es","potentialAction":[{"@type":"ReadAction","target":["https:\/\/gentedebasquet.com.ar\/sitio\/2016\/09\/06\/se-tomo-un-te\/"]}]},{"@type":"ImageObject","inLanguage":"es","@id":"https:\/\/gentedebasquet.com.ar\/sitio\/2016\/09\/06\/se-tomo-un-te\/#primaryimage","url":"https:\/\/gentedebasquet.com.ar\/sitio\/wp-content\/uploads\/2016\/09\/BAR1.jpg","contentUrl":"https:\/\/gentedebasquet.com.ar\/sitio\/wp-content\/uploads\/2016\/09\/BAR1.jpg","width":690,"height":319},{"@type":"BreadcrumbList","@id":"https:\/\/gentedebasquet.com.ar\/sitio\/2016\/09\/06\/se-tomo-un-te\/#breadcrumb","itemListElement":[{"@type":"ListItem","position":1,"name":"Portada","item":"https:\/\/gentedebasquet.com.ar\/sitio\/"},{"@type":"ListItem","position":2,"name":"Se tom\u00f3 un t\u00e9"}]},{"@type":"WebSite","@id":"https:\/\/gentedebasquet.com.ar\/sitio\/#website","url":"https:\/\/gentedebasquet.com.ar\/sitio\/","name":"Gente de B\u00e1squet","description":"La revista del basquet de Bah\u00eda Blanca","potentialAction":[{"@type":"SearchAction","target":{"@type":"EntryPoint","urlTemplate":"https:\/\/gentedebasquet.com.ar\/sitio\/?s={search_term_string}"},"query-input":{"@type":"PropertyValueSpecification","valueRequired":true,"valueName":"search_term_string"}}],"inLanguage":"es"},{"@type":"Person","@id":"https:\/\/gentedebasquet.com.ar\/sitio\/#\/schema\/person\/ca0b63bbb977369988a7bbbdc519943a","name":"Gente de B\u00e1squet","image":{"@type":"ImageObject","inLanguage":"es","@id":"https:\/\/secure.gravatar.com\/avatar\/7f2c48bdc33b30088f941fb6082e555f2874c98e20cb159d7b92b50eadfce793?s=96&d=mm&r=g","url":"https:\/\/secure.gravatar.com\/avatar\/7f2c48bdc33b30088f941fb6082e555f2874c98e20cb159d7b92b50eadfce793?s=96&d=mm&r=g","contentUrl":"https:\/\/secure.gravatar.com\/avatar\/7f2c48bdc33b30088f941fb6082e555f2874c98e20cb159d7b92b50eadfce793?s=96&d=mm&r=g","caption":"Gente de B\u00e1squet"},"sameAs":["http:\/\/gentedebasquet.com.ar\/sitio"],"url":"https:\/\/gentedebasquet.com.ar\/sitio\/author\/ulises\/"}]}},"_links":{"self":[{"href":"https:\/\/gentedebasquet.com.ar\/sitio\/wp-json\/wp\/v2\/posts\/63934","targetHints":{"allow":["GET"]}}],"collection":[{"href":"https:\/\/gentedebasquet.com.ar\/sitio\/wp-json\/wp\/v2\/posts"}],"about":[{"href":"https:\/\/gentedebasquet.com.ar\/sitio\/wp-json\/wp\/v2\/types\/post"}],"author":[{"embeddable":true,"href":"https:\/\/gentedebasquet.com.ar\/sitio\/wp-json\/wp\/v2\/users\/1"}],"replies":[{"embeddable":true,"href":"https:\/\/gentedebasquet.com.ar\/sitio\/wp-json\/wp\/v2\/comments?post=63934"}],"version-history":[{"count":0,"href":"https:\/\/gentedebasquet.com.ar\/sitio\/wp-json\/wp\/v2\/posts\/63934\/revisions"}],"wp:featuredmedia":[{"embeddable":true,"href":"https:\/\/gentedebasquet.com.ar\/sitio\/wp-json\/wp\/v2\/media\/63936"}],"wp:attachment":[{"href":"https:\/\/gentedebasquet.com.ar\/sitio\/wp-json\/wp\/v2\/media?parent=63934"}],"wp:term":[{"taxonomy":"category","embeddable":true,"href":"https:\/\/gentedebasquet.com.ar\/sitio\/wp-json\/wp\/v2\/categories?post=63934"},{"taxonomy":"post_tag","embeddable":true,"href":"https:\/\/gentedebasquet.com.ar\/sitio\/wp-json\/wp\/v2\/tags?post=63934"}],"curies":[{"name":"wp","href":"https:\/\/api.w.org\/{rel}","templated":true}]}}