{"id":63989,"date":"2016-09-08T23:30:53","date_gmt":"2016-09-09T02:30:53","guid":{"rendered":"http:\/\/www.gentedebasquet.com.ar\/?p=63989"},"modified":"2016-09-08T23:30:53","modified_gmt":"2016-09-09T02:30:53","slug":"una-semana-redonda","status":"publish","type":"post","link":"https:\/\/gentedebasquet.com.ar\/sitio\/2016\/09\/08\/una-semana-redonda\/","title":{"rendered":"Una semana redonda"},"content":{"rendered":"<p><strong><a href=\"http:\/\/www.gentedebasquet.com.ar\/examen-aprobado\/\" target=\"_blank\" rel=\"noopener\">Luego de\u00a0el gran triunfo del d\u00eda lunes ante Bahiense<\/a>, Estudiantes volvi\u00f3 a cantar victoria, esta vez como local ante El Nacional y con holgura: 89-67.\u00a0 De cinco jugadores que contabilizaron doble d\u00edgito de anotaci\u00f3n en el albo, se destacaron Leonel Alema\u00f1y y Jer\u00f3nimo Mitoire, ambos con 17 puntos.\u00a0 En el celeste, no alcanz\u00f3 con los enormes partidos de Franco Amigo (20) y Pomar Garbarino (16 y 11 rebotes).<\/strong><\/p>\n<p><strong>Desde el minuto cero, <\/strong>Estudiantes sorprendi\u00f3 a El Nacional con una presi\u00f3n en zona 2-1-2 con tres bases como iniciales (Guti\u00e9rrez, S\u00e1nchez y Scarpaci) que pr\u00e1cticamente le anul\u00f3 la transici\u00f3n ofensiva y le provoc\u00f3 numerosas p\u00e9rdidas (6).\u00a0 Con Jos\u00e9 Guti\u00e9rrez jugando el 1v1 y repartiendo juego (7 puntos y 3 asistencias en el 1C), solo le fue cuesti\u00f3n de minutos a El Albo ponerse encima en el marcador por doble d\u00edgito (22-11) a pesar del trabajo de Franco Amigo en el poste bajo (6).<\/p>\n<p><strong>Seis puntos al hilo de Mitoire saltando desde la banca<\/strong> le dieron a el local ventaja de 21 puntos (32-11) r\u00e1pidamente en el arranque del 2C (8m11).\u00a0 Sin embargo, El Nacional comenz\u00f3 a encontrar algunos huecos en la defensa alba, merced a la zona press, y pudo trabajar mejor el poste bajo con Garbarino (8 y 4 rebotes, tres en ataque que derivaron en 4 puntos en segunda chance) y limar un poco la brecha (39-23). A\u00fan as\u00ed, el recambio de Alema\u00f1y (4) atacando el aro y una bomba de Scarpaci depositaron a Estudiantes con el partido casi liquidado al descanso largo (49-27).<\/p>\n<p><strong>No obstante, El Nacional le dio una dosis\u00a0de su propia medicina al Albo<\/strong> en la reanudaci\u00f3n del encuentro, y le plant\u00f3 una presi\u00f3n en zona 2-2-1 que se reagrup\u00f3 en\u00a0 defensa zonal 3-2, y ahora fue Estudiantes el que sufri\u00f3 con el manejo de la pelota (5 p\u00e9rdidas).\u00a0 Nuevamente, la presencia de Garbarino en la pintura (7 puntos) m\u00e1s una mejor efectividad detr\u00e1s de la l\u00ednea de 6,75 metros (2-5), le permiti\u00f3 a la visita firmar un parcial de 17-4 promediando el 3C, que lo devolvi\u00f3 al partido (53-44).\u00a0 Pero de nuevo, la insistencia de Alema\u00f1y (6) cargando hacia el aro y poni\u00e9ndose a la par de sus compa\u00f1eros en defensa (2 robos que finaliz\u00f3 en contragolpe) le dieron ox\u00edgeno a su equipo, y m\u00e1s otra bomba de Scarpaci sobre el cierre del per\u00edodo, Estudiantes de nuevo se coloc\u00f3 en posici\u00f3n para dar el tiro de gracia (69-53).<\/p>\n<p><strong>Y el estaca final para El Nacional lleg\u00f3 en el arranque del 4C,<\/strong> cuando Nico S\u00e1nchez, con un en\u00e9rgico pasaje\u00a0(un triple y una bandeja en contragolpe m\u00e1s bonus) le devolvi\u00f3 a Estudiantes m\u00e1s de 20 puntos de ventaja (75-53) en apenas un minuto.\u00a0 Y el resto es historia.<\/p>\n<p>&nbsp;<\/p>\n<p>[youtube]https:\/\/youtu.be\/9SsCrPKr_X0[\/youtube]<\/p>\n<p><strong>\u00a0<\/strong><\/p>\n<p><strong>S\u00edntesis| Primera Divisi\u00f3n \u2013 Torneo Oficial \u00a0\u2013 Fecha #11 <\/strong><\/p>\n<p><strong>Estudiantes 89: <\/strong>Nicol\u00e1s S\u00e1nchez 16, Tom\u00e1s Scarpaci 16, Jos\u00e9 Guti\u00e9rrez 11, Marcos Fern\u00e1ndez 6, Jonathan Thorp 6 (FI); Leonel Alema\u00f1y 17, Maximiliano Tatanchelo 0, Agust\u00edn Salas 0, Jer\u00f3nimo Mitoire 17, Nehu\u00e9n Ber\u00f3n 0.\u00a0 D.T: Guillermo L\u00f3pez.<\/p>\n<p><strong>El Nacional 67: <\/strong>Gonzalo Etchepare 4, Lucas Chaves 14, Franco Amigo 20, Francisco Hoffman 2, Pomar Garbarino 16 (FI); Mariano Blanche 0, Fausto De Paoli 3, Mateo Murphy 0, St\u00e9fano Barba 2, Esteban Arteaga 4, Emiliano Iraola 0, Ferm\u00edn Garmendia 2.\u00a0 D.T: Juan Andr\u00e9s Garc\u00eda.<\/p>\n<p><strong>Parciales: <\/strong>22-11, 49-27, 69-53.<\/p>\n<p><strong>\u00c1rbitros: <\/strong>Horacio Sed\u00e1n \u2013 Lucas Paulete.<\/p>\n<p><strong>Estadio: <\/strong>Osvaldo Casanova.<\/p>\n<p><a class=\"modalf iframe\" title=\"Planilla\" href=\"https:\/\/docs.google.com\/spreadsheets\/d\/1s6RfvNRXBfxSq5-46gQu2ie22_SoZLlinK9dlte6nLc\/pubhtml\" target=\"_blank\" rel=\"noopener\">Ver Planilla<\/a><\/p>\n","protected":false},"excerpt":{"rendered":"<p>Tras vencer a Bahiense, Estudiantes derrot\u00f3 con holgura a El Nacional por 89 a 67<\/p>\n","protected":false},"author":1,"featured_media":63990,"comment_status":"closed","ping_status":"open","sticky":false,"template":"","format":"standard","meta":{"jnews-multi-image_gallery":[],"jnews_single_post":[],"jnews_primary_category":[],"footnotes":""},"categories":[23,101],"tags":[9,11,223,766,289,484,616,625],"class_list":["post-63989","post","type-post","status-publish","format-standard","has-post-thumbnail","hentry","category-primera","category-slide","tag-el-nacional","tag-estudiantes","tag-franco-amigo","tag-jeronimo-mitoire","tag-leonel-alemany","tag-nicolas-sanchez","tag-pomar-garbarino","tag-tomas-scarpaci"],"yoast_head":"<!-- This site is optimized with the Yoast SEO plugin v27.5 - https:\/\/yoast.com\/product\/yoast-seo-wordpress\/ -->\n<title>Una semana redonda - Gente de B\u00e1squet<\/title>\n<meta name=\"robots\" content=\"index, follow, max-snippet:-1, max-image-preview:large, max-video-preview:-1\" \/>\n<link rel=\"canonical\" href=\"https:\/\/gentedebasquet.com.ar\/sitio\/2016\/09\/08\/una-semana-redonda\/\" \/>\n<meta property=\"og:locale\" content=\"es_ES\" \/>\n<meta property=\"og:type\" content=\"article\" \/>\n<meta property=\"og:title\" content=\"Una semana redonda - Gente de B\u00e1squet\" \/>\n<meta property=\"og:description\" content=\"Tras vencer a Bahiense, Estudiantes derrot\u00f3 con holgura a El Nacional por 89 a 67\" \/>\n<meta property=\"og:url\" content=\"https:\/\/gentedebasquet.com.ar\/sitio\/2016\/09\/08\/una-semana-redonda\/\" \/>\n<meta property=\"og:site_name\" content=\"Gente de B\u00e1squet\" \/>\n<meta property=\"article:published_time\" content=\"2016-09-09T02:30:53+00:00\" \/>\n<meta property=\"og:image\" content=\"https:\/\/gentedebasquet.com.ar\/sitio\/wp-content\/uploads\/2016\/09\/bscap0000-1.jpg\" \/>\n\t<meta property=\"og:image:width\" content=\"690\" \/>\n\t<meta property=\"og:image:height\" content=\"319\" \/>\n\t<meta property=\"og:image:type\" content=\"image\/jpeg\" \/>\n<meta name=\"author\" content=\"Gente de B\u00e1squet\" \/>\n<meta name=\"twitter:card\" content=\"summary_large_image\" \/>\n<meta name=\"twitter:label1\" content=\"Escrito por\" \/>\n\t<meta name=\"twitter:data1\" content=\"Gente de B\u00e1squet\" \/>\n\t<meta name=\"twitter:label2\" content=\"Tiempo de lectura\" \/>\n\t<meta name=\"twitter:data2\" content=\"3 minutos\" \/>\n<script type=\"application\/ld+json\" class=\"yoast-schema-graph\">{\"@context\":\"https:\\\/\\\/schema.org\",\"@graph\":[{\"@type\":\"Article\",\"@id\":\"https:\\\/\\\/gentedebasquet.com.ar\\\/sitio\\\/2016\\\/09\\\/08\\\/una-semana-redonda\\\/#article\",\"isPartOf\":{\"@id\":\"https:\\\/\\\/gentedebasquet.com.ar\\\/sitio\\\/2016\\\/09\\\/08\\\/una-semana-redonda\\\/\"},\"author\":{\"name\":\"Gente de B\u00e1squet\",\"@id\":\"https:\\\/\\\/gentedebasquet.com.ar\\\/sitio\\\/#\\\/schema\\\/person\\\/ca0b63bbb977369988a7bbbdc519943a\"},\"headline\":\"Una semana redonda\",\"datePublished\":\"2016-09-09T02:30:53+00:00\",\"mainEntityOfPage\":{\"@id\":\"https:\\\/\\\/gentedebasquet.com.ar\\\/sitio\\\/2016\\\/09\\\/08\\\/una-semana-redonda\\\/\"},\"wordCount\":579,\"image\":{\"@id\":\"https:\\\/\\\/gentedebasquet.com.ar\\\/sitio\\\/2016\\\/09\\\/08\\\/una-semana-redonda\\\/#primaryimage\"},\"thumbnailUrl\":\"https:\\\/\\\/gentedebasquet.com.ar\\\/sitio\\\/wp-content\\\/uploads\\\/2016\\\/09\\\/bscap0000-1.jpg\",\"keywords\":[\"El Nacional\",\"Estudiantes\",\"Franco Amigo\",\"Jer\u00f3nimo Mitoire\",\"Leonel Alema\u00f1y\",\"Nicol\u00e1s S\u00e1nchez\",\"pomar garbarino\",\"Tom\u00e1s Scarpaci\"],\"articleSection\":[\"Primera\",\"Slide\"],\"inLanguage\":\"es\"},{\"@type\":\"WebPage\",\"@id\":\"https:\\\/\\\/gentedebasquet.com.ar\\\/sitio\\\/2016\\\/09\\\/08\\\/una-semana-redonda\\\/\",\"url\":\"https:\\\/\\\/gentedebasquet.com.ar\\\/sitio\\\/2016\\\/09\\\/08\\\/una-semana-redonda\\\/\",\"name\":\"Una semana redonda - Gente de B\u00e1squet\",\"isPartOf\":{\"@id\":\"https:\\\/\\\/gentedebasquet.com.ar\\\/sitio\\\/#website\"},\"primaryImageOfPage\":{\"@id\":\"https:\\\/\\\/gentedebasquet.com.ar\\\/sitio\\\/2016\\\/09\\\/08\\\/una-semana-redonda\\\/#primaryimage\"},\"image\":{\"@id\":\"https:\\\/\\\/gentedebasquet.com.ar\\\/sitio\\\/2016\\\/09\\\/08\\\/una-semana-redonda\\\/#primaryimage\"},\"thumbnailUrl\":\"https:\\\/\\\/gentedebasquet.com.ar\\\/sitio\\\/wp-content\\\/uploads\\\/2016\\\/09\\\/bscap0000-1.jpg\",\"datePublished\":\"2016-09-09T02:30:53+00:00\",\"author\":{\"@id\":\"https:\\\/\\\/gentedebasquet.com.ar\\\/sitio\\\/#\\\/schema\\\/person\\\/ca0b63bbb977369988a7bbbdc519943a\"},\"breadcrumb\":{\"@id\":\"https:\\\/\\\/gentedebasquet.com.ar\\\/sitio\\\/2016\\\/09\\\/08\\\/una-semana-redonda\\\/#breadcrumb\"},\"inLanguage\":\"es\",\"potentialAction\":[{\"@type\":\"ReadAction\",\"target\":[\"https:\\\/\\\/gentedebasquet.com.ar\\\/sitio\\\/2016\\\/09\\\/08\\\/una-semana-redonda\\\/\"]}]},{\"@type\":\"ImageObject\",\"inLanguage\":\"es\",\"@id\":\"https:\\\/\\\/gentedebasquet.com.ar\\\/sitio\\\/2016\\\/09\\\/08\\\/una-semana-redonda\\\/#primaryimage\",\"url\":\"https:\\\/\\\/gentedebasquet.com.ar\\\/sitio\\\/wp-content\\\/uploads\\\/2016\\\/09\\\/bscap0000-1.jpg\",\"contentUrl\":\"https:\\\/\\\/gentedebasquet.com.ar\\\/sitio\\\/wp-content\\\/uploads\\\/2016\\\/09\\\/bscap0000-1.jpg\",\"width\":690,\"height\":319},{\"@type\":\"BreadcrumbList\",\"@id\":\"https:\\\/\\\/gentedebasquet.com.ar\\\/sitio\\\/2016\\\/09\\\/08\\\/una-semana-redonda\\\/#breadcrumb\",\"itemListElement\":[{\"@type\":\"ListItem\",\"position\":1,\"name\":\"Portada\",\"item\":\"https:\\\/\\\/gentedebasquet.com.ar\\\/sitio\\\/\"},{\"@type\":\"ListItem\",\"position\":2,\"name\":\"Una semana redonda\"}]},{\"@type\":\"WebSite\",\"@id\":\"https:\\\/\\\/gentedebasquet.com.ar\\\/sitio\\\/#website\",\"url\":\"https:\\\/\\\/gentedebasquet.com.ar\\\/sitio\\\/\",\"name\":\"Gente de B\u00e1squet\",\"description\":\"La revista del basquet de Bah\u00eda Blanca\",\"potentialAction\":[{\"@type\":\"SearchAction\",\"target\":{\"@type\":\"EntryPoint\",\"urlTemplate\":\"https:\\\/\\\/gentedebasquet.com.ar\\\/sitio\\\/?s={search_term_string}\"},\"query-input\":{\"@type\":\"PropertyValueSpecification\",\"valueRequired\":true,\"valueName\":\"search_term_string\"}}],\"inLanguage\":\"es\"},{\"@type\":\"Person\",\"@id\":\"https:\\\/\\\/gentedebasquet.com.ar\\\/sitio\\\/#\\\/schema\\\/person\\\/ca0b63bbb977369988a7bbbdc519943a\",\"name\":\"Gente de B\u00e1squet\",\"image\":{\"@type\":\"ImageObject\",\"inLanguage\":\"es\",\"@id\":\"https:\\\/\\\/secure.gravatar.com\\\/avatar\\\/7f2c48bdc33b30088f941fb6082e555f2874c98e20cb159d7b92b50eadfce793?s=96&d=mm&r=g\",\"url\":\"https:\\\/\\\/secure.gravatar.com\\\/avatar\\\/7f2c48bdc33b30088f941fb6082e555f2874c98e20cb159d7b92b50eadfce793?s=96&d=mm&r=g\",\"contentUrl\":\"https:\\\/\\\/secure.gravatar.com\\\/avatar\\\/7f2c48bdc33b30088f941fb6082e555f2874c98e20cb159d7b92b50eadfce793?s=96&d=mm&r=g\",\"caption\":\"Gente de B\u00e1squet\"},\"sameAs\":[\"http:\\\/\\\/gentedebasquet.com.ar\\\/sitio\"],\"url\":\"https:\\\/\\\/gentedebasquet.com.ar\\\/sitio\\\/author\\\/ulises\\\/\"}]}<\/script>\n<!-- \/ Yoast SEO plugin. -->","yoast_head_json":{"title":"Una semana redonda - Gente de B\u00e1squet","robots":{"index":"index","follow":"follow","max-snippet":"max-snippet:-1","max-image-preview":"max-image-preview:large","max-video-preview":"max-video-preview:-1"},"canonical":"https:\/\/gentedebasquet.com.ar\/sitio\/2016\/09\/08\/una-semana-redonda\/","og_locale":"es_ES","og_type":"article","og_title":"Una semana redonda - Gente de B\u00e1squet","og_description":"Tras vencer a Bahiense, Estudiantes derrot\u00f3 con holgura a El Nacional por 89 a 67","og_url":"https:\/\/gentedebasquet.com.ar\/sitio\/2016\/09\/08\/una-semana-redonda\/","og_site_name":"Gente de B\u00e1squet","article_published_time":"2016-09-09T02:30:53+00:00","og_image":[{"width":690,"height":319,"url":"https:\/\/gentedebasquet.com.ar\/sitio\/wp-content\/uploads\/2016\/09\/bscap0000-1.jpg","type":"image\/jpeg"}],"author":"Gente de B\u00e1squet","twitter_card":"summary_large_image","twitter_misc":{"Escrito por":"Gente de B\u00e1squet","Tiempo de lectura":"3 minutos"},"schema":{"@context":"https:\/\/schema.org","@graph":[{"@type":"Article","@id":"https:\/\/gentedebasquet.com.ar\/sitio\/2016\/09\/08\/una-semana-redonda\/#article","isPartOf":{"@id":"https:\/\/gentedebasquet.com.ar\/sitio\/2016\/09\/08\/una-semana-redonda\/"},"author":{"name":"Gente de B\u00e1squet","@id":"https:\/\/gentedebasquet.com.ar\/sitio\/#\/schema\/person\/ca0b63bbb977369988a7bbbdc519943a"},"headline":"Una semana redonda","datePublished":"2016-09-09T02:30:53+00:00","mainEntityOfPage":{"@id":"https:\/\/gentedebasquet.com.ar\/sitio\/2016\/09\/08\/una-semana-redonda\/"},"wordCount":579,"image":{"@id":"https:\/\/gentedebasquet.com.ar\/sitio\/2016\/09\/08\/una-semana-redonda\/#primaryimage"},"thumbnailUrl":"https:\/\/gentedebasquet.com.ar\/sitio\/wp-content\/uploads\/2016\/09\/bscap0000-1.jpg","keywords":["El Nacional","Estudiantes","Franco Amigo","Jer\u00f3nimo Mitoire","Leonel Alema\u00f1y","Nicol\u00e1s S\u00e1nchez","pomar garbarino","Tom\u00e1s Scarpaci"],"articleSection":["Primera","Slide"],"inLanguage":"es"},{"@type":"WebPage","@id":"https:\/\/gentedebasquet.com.ar\/sitio\/2016\/09\/08\/una-semana-redonda\/","url":"https:\/\/gentedebasquet.com.ar\/sitio\/2016\/09\/08\/una-semana-redonda\/","name":"Una semana redonda - Gente de B\u00e1squet","isPartOf":{"@id":"https:\/\/gentedebasquet.com.ar\/sitio\/#website"},"primaryImageOfPage":{"@id":"https:\/\/gentedebasquet.com.ar\/sitio\/2016\/09\/08\/una-semana-redonda\/#primaryimage"},"image":{"@id":"https:\/\/gentedebasquet.com.ar\/sitio\/2016\/09\/08\/una-semana-redonda\/#primaryimage"},"thumbnailUrl":"https:\/\/gentedebasquet.com.ar\/sitio\/wp-content\/uploads\/2016\/09\/bscap0000-1.jpg","datePublished":"2016-09-09T02:30:53+00:00","author":{"@id":"https:\/\/gentedebasquet.com.ar\/sitio\/#\/schema\/person\/ca0b63bbb977369988a7bbbdc519943a"},"breadcrumb":{"@id":"https:\/\/gentedebasquet.com.ar\/sitio\/2016\/09\/08\/una-semana-redonda\/#breadcrumb"},"inLanguage":"es","potentialAction":[{"@type":"ReadAction","target":["https:\/\/gentedebasquet.com.ar\/sitio\/2016\/09\/08\/una-semana-redonda\/"]}]},{"@type":"ImageObject","inLanguage":"es","@id":"https:\/\/gentedebasquet.com.ar\/sitio\/2016\/09\/08\/una-semana-redonda\/#primaryimage","url":"https:\/\/gentedebasquet.com.ar\/sitio\/wp-content\/uploads\/2016\/09\/bscap0000-1.jpg","contentUrl":"https:\/\/gentedebasquet.com.ar\/sitio\/wp-content\/uploads\/2016\/09\/bscap0000-1.jpg","width":690,"height":319},{"@type":"BreadcrumbList","@id":"https:\/\/gentedebasquet.com.ar\/sitio\/2016\/09\/08\/una-semana-redonda\/#breadcrumb","itemListElement":[{"@type":"ListItem","position":1,"name":"Portada","item":"https:\/\/gentedebasquet.com.ar\/sitio\/"},{"@type":"ListItem","position":2,"name":"Una semana redonda"}]},{"@type":"WebSite","@id":"https:\/\/gentedebasquet.com.ar\/sitio\/#website","url":"https:\/\/gentedebasquet.com.ar\/sitio\/","name":"Gente de B\u00e1squet","description":"La revista del basquet de Bah\u00eda Blanca","potentialAction":[{"@type":"SearchAction","target":{"@type":"EntryPoint","urlTemplate":"https:\/\/gentedebasquet.com.ar\/sitio\/?s={search_term_string}"},"query-input":{"@type":"PropertyValueSpecification","valueRequired":true,"valueName":"search_term_string"}}],"inLanguage":"es"},{"@type":"Person","@id":"https:\/\/gentedebasquet.com.ar\/sitio\/#\/schema\/person\/ca0b63bbb977369988a7bbbdc519943a","name":"Gente de B\u00e1squet","image":{"@type":"ImageObject","inLanguage":"es","@id":"https:\/\/secure.gravatar.com\/avatar\/7f2c48bdc33b30088f941fb6082e555f2874c98e20cb159d7b92b50eadfce793?s=96&d=mm&r=g","url":"https:\/\/secure.gravatar.com\/avatar\/7f2c48bdc33b30088f941fb6082e555f2874c98e20cb159d7b92b50eadfce793?s=96&d=mm&r=g","contentUrl":"https:\/\/secure.gravatar.com\/avatar\/7f2c48bdc33b30088f941fb6082e555f2874c98e20cb159d7b92b50eadfce793?s=96&d=mm&r=g","caption":"Gente de B\u00e1squet"},"sameAs":["http:\/\/gentedebasquet.com.ar\/sitio"],"url":"https:\/\/gentedebasquet.com.ar\/sitio\/author\/ulises\/"}]}},"_links":{"self":[{"href":"https:\/\/gentedebasquet.com.ar\/sitio\/wp-json\/wp\/v2\/posts\/63989","targetHints":{"allow":["GET"]}}],"collection":[{"href":"https:\/\/gentedebasquet.com.ar\/sitio\/wp-json\/wp\/v2\/posts"}],"about":[{"href":"https:\/\/gentedebasquet.com.ar\/sitio\/wp-json\/wp\/v2\/types\/post"}],"author":[{"embeddable":true,"href":"https:\/\/gentedebasquet.com.ar\/sitio\/wp-json\/wp\/v2\/users\/1"}],"replies":[{"embeddable":true,"href":"https:\/\/gentedebasquet.com.ar\/sitio\/wp-json\/wp\/v2\/comments?post=63989"}],"version-history":[{"count":0,"href":"https:\/\/gentedebasquet.com.ar\/sitio\/wp-json\/wp\/v2\/posts\/63989\/revisions"}],"wp:featuredmedia":[{"embeddable":true,"href":"https:\/\/gentedebasquet.com.ar\/sitio\/wp-json\/wp\/v2\/media\/63990"}],"wp:attachment":[{"href":"https:\/\/gentedebasquet.com.ar\/sitio\/wp-json\/wp\/v2\/media?parent=63989"}],"wp:term":[{"taxonomy":"category","embeddable":true,"href":"https:\/\/gentedebasquet.com.ar\/sitio\/wp-json\/wp\/v2\/categories?post=63989"},{"taxonomy":"post_tag","embeddable":true,"href":"https:\/\/gentedebasquet.com.ar\/sitio\/wp-json\/wp\/v2\/tags?post=63989"}],"curies":[{"name":"wp","href":"https:\/\/api.w.org\/{rel}","templated":true}]}}