{"id":64006,"date":"2016-09-08T23:20:53","date_gmt":"2016-09-09T02:20:53","guid":{"rendered":"http:\/\/www.gentedebasquet.com.ar\/?p=64006"},"modified":"2016-09-08T23:20:53","modified_gmt":"2016-09-09T02:20:53","slug":"el-alma-naranja-de-sanlo","status":"publish","type":"post","link":"https:\/\/gentedebasquet.com.ar\/sitio\/2016\/09\/08\/el-alma-naranja-de-sanlo\/","title":{"rendered":"El alma Naranja de Sanlo"},"content":{"rendered":"<p><strong>Dej\u00f3 atr\u00e1s una racha negra de 8 ca\u00eddas en fila frente a Alem. Triunf\u00f3 en buena ley, estando siempre al frente en el marcador y mostrando mucha actitud y sacrificio. El \u00faltimo cuarto se lo adjudic\u00f3 por 26-12 y coron\u00f3 la victoria por 78 a 60.<\/strong><\/p>\n<p>Muy atr\u00e1s hab\u00eda quedado aquel 8 de agosto, cuando San Lorenzo dio cuenta de Olimpo (72-66). De all\u00ed en adelante, sufri\u00f3 solamente malas noticias durante un mes. \u00a1Fueron ocho traspi\u00e9s consecutivos!<\/p>\n<p>Hasta ayer, cuando se dio el gusto de terminar vapuleando a Leandro Alem, en el Avecilla, por 78 a 60 desplegando su juego con el cuchillo entre los dientes y consciente de lo valioso que significa cada punto para el Naranja a esta altura del campeonato.<\/p>\n<p>Con esa premisa salt\u00f3 al campo y en apenas tres minutos se despach\u00f3 con un soberbio \u00a113-1!, con Fortelli en llamas y aprovechando que el verdirrojo se dedic\u00f3 m\u00e1s a protestarle a los \u00e1rbitros. De todos modos, cuando Alem se calm\u00f3 y se reorden\u00f3, equilibr\u00f3 el tr\u00e1mite v\u00eda Santi Torre (3-3 t2 y 3-3 t1).<\/p>\n<p>As\u00ed, cerr\u00f3 el cuarto inicial apenas 21-18 por detr\u00e1s.<\/p>\n<p>Ya en el siguiente per\u00edodo, el hu\u00e9sped le disput\u00f3 la supremac\u00eda al due\u00f1o de casa, a\u00f1adi\u00e9ndose a Torre tanto Juani Diomedi (5) como Juan Pablo Rotta, quien mediante un triple coloc\u00f3 a uno a Alem (35-34), con 1m54s por disputar del primer tiempo. En San Lorenzo, la ofensiva comenzaba a monopolizarla R\u00edos Lodoli (11).<\/p>\n<p>Bajo la misma t\u00f3nica de paridad se desarroll\u00f3 el tercer segmento.<\/p>\n<p>Por el anfitri\u00f3n, ya no hubo tanta prolijidad ni efectividad. Por el visitante, Augusto Priore logr\u00f3 empatar en 44 tras un triple y con 4m por disputar. La aparici\u00f3n de Mariano Morando fue bienvenida para el due\u00f1o de casa, que ingres\u00f3 con renta de cuatro al \u00faltimo lapso (52-48).<\/p>\n<blockquote><p>El otro d\u00eda tocamos fondo cuando perdimos contra El Nacional y nos pas\u00f3. Por eso, la de hoy (por ayer) sab\u00edamos que era una de las \u00faltimas cartas que nos jug\u00e1bamos para seguir mirando para arriba y no para abajo. Y eso, a principios de a\u00f1o, no era lo planificado. Por suerte, volvi\u00f3 a aparecer el alma, las ganas, la garra y la entrega del que sea\u00a0 nosotros. Volvimos a hacer un equipo. El que \u00e9ramos antes. Por suerte ganamos, sacamos la cara, esperamos volver a prendernos y a seguir rem\u00e1ndola. Tenemos tres partidos claves en casa: contra Argentino, Estrella y Pueyrred\u00f3n, que s\u00ed o s\u00ed hay que ganar para despegar del fondo y volver a mirar para arriba, que era para lo que nos hab\u00edamos preparado (Nahuel Diez)<\/p><\/blockquote>\n<p>Y el quiebre definitorio, se produjo en los albores nom\u00e1s.<\/p>\n<p>Porque, recostado en zona, San Lorenzo pudo recuperar bolas y asegurar su cristal, am\u00e9n que adelante comenz\u00f3 a prevalecer la enjundia de Nahuel Diez. Entonces, el local se alej\u00f3 54-48 en 20 segundos y 58-50 en 1m40s, para posteriormente estirar la ventaja a 10 (63-53), en 3m09s.<\/p>\n<p>Result\u00f3 el momento en el que el Naranja se solt\u00f3, Reschini se la birl\u00f3 a Torre y abroch\u00f3 acci\u00f3n de 2+1, R\u00edos Lodoli clav\u00f3 otra bomba, Goenaga cumpli\u00f3 con su tirito de frente y Diez se gan\u00f3 el pan, yendo al piso a recuperar pelotas o sellando acciones con tiros cortos. Enfrente, la desorientaci\u00f3n ya estaba de manifiesto y hasta Paquito Alvarez hizo volar su silla en un tiempo muerto, en claro acto de disconformidad para con sus dirigidos\u2026<\/p>\n<p>La obra de arte la firmaron tanto R\u00edos Lodoli como Fortelli, con sendos bombazos que establecieron la m\u00e1xima de 76-57, a 1m37s del pitazo final.<\/p>\n<p>El alma naranja de Sanlo est\u00e1 de vuelta.<\/p>\n<p>Y va por m\u00e1s\u2026<\/p>\n<p>&nbsp;<\/p>\n<p><strong>S\u00edntesis| <\/strong>Primera Divisi\u00f3n \u2013 Torneo Oficial \u00a0\u2013 Fecha #11<\/p>\n<p><strong>San Lorenzo 78:<\/strong> Luciano Fortelli 19, Mariano Morando 9, Federico Biggi 4, Mart\u00edn R\u00edos Lodoli 21, Facundo Goenaga 8, fi; Nahuel Rizzo 2, Juan Cruz Reschini 7, Esteban Benedetti, Nahuel Diez 8 y Andr\u00e9s Hildemann 0. DT: Juan Mart\u00edn Seret.<\/p>\n<p><strong>L.N. Alem 60: <\/strong>Santiago Torre 17, Augusto Priore 3, Juan Pablo Rotta 10, Juan Ignacio Diomedi 12, Herman Banegas 9, fi; Walter Gigena 9 y Genaro Priore 0. DT: Alejandro Alvarez.<\/p>\n<p><strong>Parciales:<\/strong> 21-18; 36-34 (15-16), 52-48 (16-14) y 78-60 (26-12).<\/p>\n<p><strong>Arbitros:<\/strong> Eduardo Ferreyra \u2013 Luis De Marchi.<\/p>\n<p><strong>Estadio:<\/strong> Rom\u00e1n Avecilla (San Lorenzo).<\/p>\n<p><a href=\"https:\/\/docs.google.com\/spreadsheets\/d\/13-XpywYE9yqbd0-PloVd8T1ugf2idC4l5P6xxzJlDR8\/pubhtml\" target=\"_blank\" rel=\"noopener\">Ver planilla<\/a><\/p>\n","protected":false},"excerpt":{"rendered":"<p>Festej\u00f3 despu\u00e9s de un mes, al someter a Leandro Alem por 78 a 60<\/p>\n","protected":false},"author":51,"featured_media":63994,"comment_status":"closed","ping_status":"open","sticky":false,"template":"","format":"standard","meta":{"jnews-multi-image_gallery":[],"jnews_single_post":[],"jnews_primary_category":[],"footnotes":""},"categories":[23,101],"tags":[316,550,761,48,612,315,225,732,19,604],"class_list":["post-64006","post","type-post","status-publish","format-standard","has-post-thumbnail","hentry","category-primera","category-slide","tag-facundo-goenaga","tag-juan-cruz-reschini","tag-juan-ignacio-diomedi","tag-juan-pablo-rotta","tag-leandro-n-alem","tag-luciano-fortelli","tag-martin-rios-lodoli","tag-nahuel-diez","tag-san-lorenzo","tag-santiago-torre"],"yoast_head":"<!-- This site is optimized with the Yoast SEO plugin v27.4 - https:\/\/yoast.com\/product\/yoast-seo-wordpress\/ -->\n<title>El alma Naranja de Sanlo - Gente de B\u00e1squet<\/title>\n<meta name=\"robots\" content=\"index, follow, max-snippet:-1, max-image-preview:large, max-video-preview:-1\" \/>\n<link rel=\"canonical\" href=\"https:\/\/gentedebasquet.com.ar\/sitio\/2016\/09\/08\/el-alma-naranja-de-sanlo\/\" \/>\n<meta property=\"og:locale\" content=\"es_ES\" \/>\n<meta property=\"og:type\" content=\"article\" \/>\n<meta property=\"og:title\" content=\"El alma Naranja de Sanlo - Gente de B\u00e1squet\" \/>\n<meta property=\"og:description\" content=\"Festej\u00f3 despu\u00e9s de un mes, al someter a Leandro Alem por 78 a 60\" \/>\n<meta property=\"og:url\" content=\"https:\/\/gentedebasquet.com.ar\/sitio\/2016\/09\/08\/el-alma-naranja-de-sanlo\/\" \/>\n<meta property=\"og:site_name\" content=\"Gente de B\u00e1squet\" \/>\n<meta property=\"article:published_time\" content=\"2016-09-09T02:20:53+00:00\" \/>\n<meta property=\"og:image\" content=\"https:\/\/gentedebasquet.com.ar\/sitio\/wp-content\/uploads\/2016\/09\/San-Lorenzo-Alem.jpg\" \/>\n\t<meta property=\"og:image:width\" content=\"690\" \/>\n\t<meta property=\"og:image:height\" content=\"319\" \/>\n\t<meta property=\"og:image:type\" content=\"image\/jpeg\" \/>\n<meta name=\"author\" content=\"Luciano Mutti\" \/>\n<meta name=\"twitter:card\" content=\"summary_large_image\" \/>\n<meta name=\"twitter:label1\" content=\"Escrito por\" \/>\n\t<meta name=\"twitter:data1\" content=\"Luciano Mutti\" \/>\n\t<meta name=\"twitter:label2\" content=\"Tiempo de lectura\" \/>\n\t<meta name=\"twitter:data2\" content=\"4 minutos\" \/>\n<script type=\"application\/ld+json\" class=\"yoast-schema-graph\">{\"@context\":\"https:\\\/\\\/schema.org\",\"@graph\":[{\"@type\":\"Article\",\"@id\":\"https:\\\/\\\/gentedebasquet.com.ar\\\/sitio\\\/2016\\\/09\\\/08\\\/el-alma-naranja-de-sanlo\\\/#article\",\"isPartOf\":{\"@id\":\"https:\\\/\\\/gentedebasquet.com.ar\\\/sitio\\\/2016\\\/09\\\/08\\\/el-alma-naranja-de-sanlo\\\/\"},\"author\":{\"name\":\"Luciano Mutti\",\"@id\":\"http:\\\/\\\/gentedebasquet.com.ar\\\/sitio\\\/#\\\/schema\\\/person\\\/f0396ea26034ae88f655b3d4792f5437\"},\"headline\":\"El alma Naranja de Sanlo\",\"datePublished\":\"2016-09-09T02:20:53+00:00\",\"mainEntityOfPage\":{\"@id\":\"https:\\\/\\\/gentedebasquet.com.ar\\\/sitio\\\/2016\\\/09\\\/08\\\/el-alma-naranja-de-sanlo\\\/\"},\"wordCount\":725,\"image\":{\"@id\":\"https:\\\/\\\/gentedebasquet.com.ar\\\/sitio\\\/2016\\\/09\\\/08\\\/el-alma-naranja-de-sanlo\\\/#primaryimage\"},\"thumbnailUrl\":\"https:\\\/\\\/gentedebasquet.com.ar\\\/sitio\\\/wp-content\\\/uploads\\\/2016\\\/09\\\/San-Lorenzo-Alem.jpg\",\"keywords\":[\"Facundo Goenaga\",\"Juan Cruz Reschini\",\"Juan Ignacio Diomedi\",\"Juan Pablo Rotta\",\"Leandro N. Alem\",\"Luciano Fortelli\",\"Mart\u00edn R\u00edos Lodoli\",\"Nahuel Diez\",\"San Lorenzo\",\"Santiago Torre\"],\"articleSection\":[\"Primera\",\"Slide\"],\"inLanguage\":\"es\"},{\"@type\":\"WebPage\",\"@id\":\"https:\\\/\\\/gentedebasquet.com.ar\\\/sitio\\\/2016\\\/09\\\/08\\\/el-alma-naranja-de-sanlo\\\/\",\"url\":\"https:\\\/\\\/gentedebasquet.com.ar\\\/sitio\\\/2016\\\/09\\\/08\\\/el-alma-naranja-de-sanlo\\\/\",\"name\":\"El alma Naranja de Sanlo - Gente de B\u00e1squet\",\"isPartOf\":{\"@id\":\"http:\\\/\\\/gentedebasquet.com.ar\\\/sitio\\\/#website\"},\"primaryImageOfPage\":{\"@id\":\"https:\\\/\\\/gentedebasquet.com.ar\\\/sitio\\\/2016\\\/09\\\/08\\\/el-alma-naranja-de-sanlo\\\/#primaryimage\"},\"image\":{\"@id\":\"https:\\\/\\\/gentedebasquet.com.ar\\\/sitio\\\/2016\\\/09\\\/08\\\/el-alma-naranja-de-sanlo\\\/#primaryimage\"},\"thumbnailUrl\":\"https:\\\/\\\/gentedebasquet.com.ar\\\/sitio\\\/wp-content\\\/uploads\\\/2016\\\/09\\\/San-Lorenzo-Alem.jpg\",\"datePublished\":\"2016-09-09T02:20:53+00:00\",\"author\":{\"@id\":\"http:\\\/\\\/gentedebasquet.com.ar\\\/sitio\\\/#\\\/schema\\\/person\\\/f0396ea26034ae88f655b3d4792f5437\"},\"breadcrumb\":{\"@id\":\"https:\\\/\\\/gentedebasquet.com.ar\\\/sitio\\\/2016\\\/09\\\/08\\\/el-alma-naranja-de-sanlo\\\/#breadcrumb\"},\"inLanguage\":\"es\",\"potentialAction\":[{\"@type\":\"ReadAction\",\"target\":[\"https:\\\/\\\/gentedebasquet.com.ar\\\/sitio\\\/2016\\\/09\\\/08\\\/el-alma-naranja-de-sanlo\\\/\"]}]},{\"@type\":\"ImageObject\",\"inLanguage\":\"es\",\"@id\":\"https:\\\/\\\/gentedebasquet.com.ar\\\/sitio\\\/2016\\\/09\\\/08\\\/el-alma-naranja-de-sanlo\\\/#primaryimage\",\"url\":\"https:\\\/\\\/gentedebasquet.com.ar\\\/sitio\\\/wp-content\\\/uploads\\\/2016\\\/09\\\/San-Lorenzo-Alem.jpg\",\"contentUrl\":\"https:\\\/\\\/gentedebasquet.com.ar\\\/sitio\\\/wp-content\\\/uploads\\\/2016\\\/09\\\/San-Lorenzo-Alem.jpg\",\"width\":690,\"height\":319},{\"@type\":\"BreadcrumbList\",\"@id\":\"https:\\\/\\\/gentedebasquet.com.ar\\\/sitio\\\/2016\\\/09\\\/08\\\/el-alma-naranja-de-sanlo\\\/#breadcrumb\",\"itemListElement\":[{\"@type\":\"ListItem\",\"position\":1,\"name\":\"Portada\",\"item\":\"http:\\\/\\\/gentedebasquet.com.ar\\\/sitio\\\/\"},{\"@type\":\"ListItem\",\"position\":2,\"name\":\"El alma Naranja de Sanlo\"}]},{\"@type\":\"WebSite\",\"@id\":\"http:\\\/\\\/gentedebasquet.com.ar\\\/sitio\\\/#website\",\"url\":\"http:\\\/\\\/gentedebasquet.com.ar\\\/sitio\\\/\",\"name\":\"Gente de B\u00e1squet\",\"description\":\"La revista del basquet de Bah\u00eda Blanca\",\"potentialAction\":[{\"@type\":\"SearchAction\",\"target\":{\"@type\":\"EntryPoint\",\"urlTemplate\":\"http:\\\/\\\/gentedebasquet.com.ar\\\/sitio\\\/?s={search_term_string}\"},\"query-input\":{\"@type\":\"PropertyValueSpecification\",\"valueRequired\":true,\"valueName\":\"search_term_string\"}}],\"inLanguage\":\"es\"},{\"@type\":\"Person\",\"@id\":\"http:\\\/\\\/gentedebasquet.com.ar\\\/sitio\\\/#\\\/schema\\\/person\\\/f0396ea26034ae88f655b3d4792f5437\",\"name\":\"Luciano Mutti\",\"image\":{\"@type\":\"ImageObject\",\"inLanguage\":\"es\",\"@id\":\"https:\\\/\\\/secure.gravatar.com\\\/avatar\\\/848a57ae19cdeca5b0b8a1b4daba98abd3b95ef1add01cc5b02ce331e4ea8fd5?s=96&d=mm&r=g\",\"url\":\"https:\\\/\\\/secure.gravatar.com\\\/avatar\\\/848a57ae19cdeca5b0b8a1b4daba98abd3b95ef1add01cc5b02ce331e4ea8fd5?s=96&d=mm&r=g\",\"contentUrl\":\"https:\\\/\\\/secure.gravatar.com\\\/avatar\\\/848a57ae19cdeca5b0b8a1b4daba98abd3b95ef1add01cc5b02ce331e4ea8fd5?s=96&d=mm&r=g\",\"caption\":\"Luciano Mutti\"},\"url\":\"https:\\\/\\\/gentedebasquet.com.ar\\\/sitio\\\/author\\\/luciano-mutti\\\/\"}]}<\/script>\n<!-- \/ Yoast SEO plugin. -->","yoast_head_json":{"title":"El alma Naranja de Sanlo - Gente de B\u00e1squet","robots":{"index":"index","follow":"follow","max-snippet":"max-snippet:-1","max-image-preview":"max-image-preview:large","max-video-preview":"max-video-preview:-1"},"canonical":"https:\/\/gentedebasquet.com.ar\/sitio\/2016\/09\/08\/el-alma-naranja-de-sanlo\/","og_locale":"es_ES","og_type":"article","og_title":"El alma Naranja de Sanlo - Gente de B\u00e1squet","og_description":"Festej\u00f3 despu\u00e9s de un mes, al someter a Leandro Alem por 78 a 60","og_url":"https:\/\/gentedebasquet.com.ar\/sitio\/2016\/09\/08\/el-alma-naranja-de-sanlo\/","og_site_name":"Gente de B\u00e1squet","article_published_time":"2016-09-09T02:20:53+00:00","og_image":[{"width":690,"height":319,"url":"https:\/\/gentedebasquet.com.ar\/sitio\/wp-content\/uploads\/2016\/09\/San-Lorenzo-Alem.jpg","type":"image\/jpeg"}],"author":"Luciano Mutti","twitter_card":"summary_large_image","twitter_misc":{"Escrito por":"Luciano Mutti","Tiempo de lectura":"4 minutos"},"schema":{"@context":"https:\/\/schema.org","@graph":[{"@type":"Article","@id":"https:\/\/gentedebasquet.com.ar\/sitio\/2016\/09\/08\/el-alma-naranja-de-sanlo\/#article","isPartOf":{"@id":"https:\/\/gentedebasquet.com.ar\/sitio\/2016\/09\/08\/el-alma-naranja-de-sanlo\/"},"author":{"name":"Luciano Mutti","@id":"http:\/\/gentedebasquet.com.ar\/sitio\/#\/schema\/person\/f0396ea26034ae88f655b3d4792f5437"},"headline":"El alma Naranja de Sanlo","datePublished":"2016-09-09T02:20:53+00:00","mainEntityOfPage":{"@id":"https:\/\/gentedebasquet.com.ar\/sitio\/2016\/09\/08\/el-alma-naranja-de-sanlo\/"},"wordCount":725,"image":{"@id":"https:\/\/gentedebasquet.com.ar\/sitio\/2016\/09\/08\/el-alma-naranja-de-sanlo\/#primaryimage"},"thumbnailUrl":"https:\/\/gentedebasquet.com.ar\/sitio\/wp-content\/uploads\/2016\/09\/San-Lorenzo-Alem.jpg","keywords":["Facundo Goenaga","Juan Cruz Reschini","Juan Ignacio Diomedi","Juan Pablo Rotta","Leandro N. Alem","Luciano Fortelli","Mart\u00edn R\u00edos Lodoli","Nahuel Diez","San Lorenzo","Santiago Torre"],"articleSection":["Primera","Slide"],"inLanguage":"es"},{"@type":"WebPage","@id":"https:\/\/gentedebasquet.com.ar\/sitio\/2016\/09\/08\/el-alma-naranja-de-sanlo\/","url":"https:\/\/gentedebasquet.com.ar\/sitio\/2016\/09\/08\/el-alma-naranja-de-sanlo\/","name":"El alma Naranja de Sanlo - Gente de B\u00e1squet","isPartOf":{"@id":"http:\/\/gentedebasquet.com.ar\/sitio\/#website"},"primaryImageOfPage":{"@id":"https:\/\/gentedebasquet.com.ar\/sitio\/2016\/09\/08\/el-alma-naranja-de-sanlo\/#primaryimage"},"image":{"@id":"https:\/\/gentedebasquet.com.ar\/sitio\/2016\/09\/08\/el-alma-naranja-de-sanlo\/#primaryimage"},"thumbnailUrl":"https:\/\/gentedebasquet.com.ar\/sitio\/wp-content\/uploads\/2016\/09\/San-Lorenzo-Alem.jpg","datePublished":"2016-09-09T02:20:53+00:00","author":{"@id":"http:\/\/gentedebasquet.com.ar\/sitio\/#\/schema\/person\/f0396ea26034ae88f655b3d4792f5437"},"breadcrumb":{"@id":"https:\/\/gentedebasquet.com.ar\/sitio\/2016\/09\/08\/el-alma-naranja-de-sanlo\/#breadcrumb"},"inLanguage":"es","potentialAction":[{"@type":"ReadAction","target":["https:\/\/gentedebasquet.com.ar\/sitio\/2016\/09\/08\/el-alma-naranja-de-sanlo\/"]}]},{"@type":"ImageObject","inLanguage":"es","@id":"https:\/\/gentedebasquet.com.ar\/sitio\/2016\/09\/08\/el-alma-naranja-de-sanlo\/#primaryimage","url":"https:\/\/gentedebasquet.com.ar\/sitio\/wp-content\/uploads\/2016\/09\/San-Lorenzo-Alem.jpg","contentUrl":"https:\/\/gentedebasquet.com.ar\/sitio\/wp-content\/uploads\/2016\/09\/San-Lorenzo-Alem.jpg","width":690,"height":319},{"@type":"BreadcrumbList","@id":"https:\/\/gentedebasquet.com.ar\/sitio\/2016\/09\/08\/el-alma-naranja-de-sanlo\/#breadcrumb","itemListElement":[{"@type":"ListItem","position":1,"name":"Portada","item":"http:\/\/gentedebasquet.com.ar\/sitio\/"},{"@type":"ListItem","position":2,"name":"El alma Naranja de Sanlo"}]},{"@type":"WebSite","@id":"http:\/\/gentedebasquet.com.ar\/sitio\/#website","url":"http:\/\/gentedebasquet.com.ar\/sitio\/","name":"Gente de B\u00e1squet","description":"La revista del basquet de Bah\u00eda Blanca","potentialAction":[{"@type":"SearchAction","target":{"@type":"EntryPoint","urlTemplate":"http:\/\/gentedebasquet.com.ar\/sitio\/?s={search_term_string}"},"query-input":{"@type":"PropertyValueSpecification","valueRequired":true,"valueName":"search_term_string"}}],"inLanguage":"es"},{"@type":"Person","@id":"http:\/\/gentedebasquet.com.ar\/sitio\/#\/schema\/person\/f0396ea26034ae88f655b3d4792f5437","name":"Luciano Mutti","image":{"@type":"ImageObject","inLanguage":"es","@id":"https:\/\/secure.gravatar.com\/avatar\/848a57ae19cdeca5b0b8a1b4daba98abd3b95ef1add01cc5b02ce331e4ea8fd5?s=96&d=mm&r=g","url":"https:\/\/secure.gravatar.com\/avatar\/848a57ae19cdeca5b0b8a1b4daba98abd3b95ef1add01cc5b02ce331e4ea8fd5?s=96&d=mm&r=g","contentUrl":"https:\/\/secure.gravatar.com\/avatar\/848a57ae19cdeca5b0b8a1b4daba98abd3b95ef1add01cc5b02ce331e4ea8fd5?s=96&d=mm&r=g","caption":"Luciano Mutti"},"url":"https:\/\/gentedebasquet.com.ar\/sitio\/author\/luciano-mutti\/"}]}},"_links":{"self":[{"href":"https:\/\/gentedebasquet.com.ar\/sitio\/wp-json\/wp\/v2\/posts\/64006","targetHints":{"allow":["GET"]}}],"collection":[{"href":"https:\/\/gentedebasquet.com.ar\/sitio\/wp-json\/wp\/v2\/posts"}],"about":[{"href":"https:\/\/gentedebasquet.com.ar\/sitio\/wp-json\/wp\/v2\/types\/post"}],"author":[{"embeddable":true,"href":"https:\/\/gentedebasquet.com.ar\/sitio\/wp-json\/wp\/v2\/users\/51"}],"replies":[{"embeddable":true,"href":"https:\/\/gentedebasquet.com.ar\/sitio\/wp-json\/wp\/v2\/comments?post=64006"}],"version-history":[{"count":0,"href":"https:\/\/gentedebasquet.com.ar\/sitio\/wp-json\/wp\/v2\/posts\/64006\/revisions"}],"wp:featuredmedia":[{"embeddable":true,"href":"https:\/\/gentedebasquet.com.ar\/sitio\/wp-json\/wp\/v2\/media\/63994"}],"wp:attachment":[{"href":"https:\/\/gentedebasquet.com.ar\/sitio\/wp-json\/wp\/v2\/media?parent=64006"}],"wp:term":[{"taxonomy":"category","embeddable":true,"href":"https:\/\/gentedebasquet.com.ar\/sitio\/wp-json\/wp\/v2\/categories?post=64006"},{"taxonomy":"post_tag","embeddable":true,"href":"https:\/\/gentedebasquet.com.ar\/sitio\/wp-json\/wp\/v2\/tags?post=64006"}],"curies":[{"name":"wp","href":"https:\/\/api.w.org\/{rel}","templated":true}]}}