{"id":64200,"date":"2016-09-13T23:30:23","date_gmt":"2016-09-14T02:30:23","guid":{"rendered":"http:\/\/www.gentedebasquet.com.ar\/?p=64200"},"modified":"2016-09-13T23:30:23","modified_gmt":"2016-09-14T02:30:23","slug":"apunta-alto","status":"publish","type":"post","link":"https:\/\/gentedebasquet.com.ar\/sitio\/2016\/09\/13\/apunta-alto\/","title":{"rendered":"Apunta alto"},"content":{"rendered":"<p><strong>Barracas infl\u00f3 el pecho y venci\u00f3 a Independiente por 77-62 en el Hermanos Barral. El conjunto del bosque fue paciente y con una gran labor defensiva en el 4C (solo permiti\u00f3 9 puntos) termin\u00f3 destrabando el partido para volver a lo m\u00e1s alto de la tabla de posiciones junto a Pacifico. En el elenco de Juan Sergio Palumbo, que puso a cuatro jugadores en dos d\u00edgitos de puntos, Mariano Trellini (22 \u2013 4\/5 T2) y Octavio Cancellarich (17 \u2013 6\/7 T2) fueron los m\u00e1s destacados. Mientras que en el Viola sobresalieron Gustavo Banchero (21) e Ignacio Ercoli (14).<\/strong><\/p>\n<p>Apoy\u00e1ndose en el tridente ofensivo compuesto por Horvath (10 \u2013 4\/5 TC), Banchero (6 \u2013 3\/4 T2) y Almir\u00f3n (5 \u2013 2\/2 TC) y gracias a sus buenos porcentajes, Independiente comenz\u00f3 derecho la noche hasta que empez\u00f3 a padecer con las p\u00e9rdidas (6). A partir de lo hecho por Mart\u00ednez (8 \u2013 4 reb &#8211; 3 rec), quien marc\u00f3 el camino, y luego Trellini (6), Barracas respondi\u00f3 y se fue abajo por la m\u00ednima al primer descanso (23-22).<\/p>\n<p>Justamente Trellini (11) calent\u00f3 la mano en el inicio del 2C y con tres bombas casi consecutivas lo dej\u00f3 al frente al visitante 27-31 a 5m45s del final de la primera parte. Sin embargo, el Viola reaccion\u00f3 r\u00e1pido y sacando r\u00e9ditos ya sea de lo aportado por Almir\u00f3n (4) en el per\u00edmetro o con Banchero (5) en la pintura, estableci\u00f3 un pasaje de 10-0 y pas\u00f3 a ganar 37-31. No obstante, siguiendo con las rachas, el Bosque lo cerr\u00f3 mejor y tras un 8-2 nivel\u00f3 las cosas de cara al entretiempo (39-39).<\/p>\n<blockquote><p>Independiente siempre es complicado, porque por nombres tiene un plantel para estar m\u00e1s arriba, por eso hoy era un desaf\u00edo importante para nosotros. El partido fue parejo y lo pudimos sacar adelante ajustando un poquito en defensa. Tambi\u00e9n tuvimos paciencia, nosotros en definitiva con los jugadores de experiencia que tenemos, mientras nos mantengamos en partido, sabemos que en alg\u00fan momento alguno va a aparecer, por eso tenemos que estar tranquilos. Hay que ganar y mirar lo nuestro, hicimos bien en no relajarnos despu\u00e9s de conseguir el primer torneo. Esto es ir partido a partido porque queda poco y cuando nos demos cuenta vamos a estar en los playoffs (Mariano Trellini).<\/p><\/blockquote>\n<p>En la vuelta al juego, el tr\u00e1mite continu\u00f3 con la misma paridad. Banchero (8) y Ercoli (4) fueron las banderas ofensivas del Viola, mientras que Cancellarich (10) fue la manija de su equipo para cerrar el tercer periodo en tablas nuevamente (53-53).<\/p>\n<p>Ya en el \u00faltimo cuarto se dio el quiebre del encuentro. Los de Palumbo ajustaron en defensa y a partir de ah\u00ed empezaron a torcer la balanza hacia su favor. El conjunto del Bosque permiti\u00f3 tan solo 9 puntos de su rival y en ataque las cosas fueron fluyendo solas. Massa (7) y Carci (5), que no ven\u00edan teniendo un buen partido, aparecieron en escena en el momento justo y con dos bombas terminaron de sentenciar la historia. Barracas lleg\u00f3 a tener 16 de luz, cerr\u00f3 el partido c\u00f3modo y apunta alto, se trep\u00f3 nuevamente a la cima de la tabla junto a Pacifico tras su ca\u00edda frente a 9 de Julio.<\/p>\n<p>&nbsp;<\/p>\n<p>[youtube]https:\/\/youtu.be\/hjD7aE6Ag88[\/youtube]<\/p>\n<p>&nbsp;<\/p>\n<p><strong>S\u00edntesis\u00a0|\u00a0<\/strong>Segunda Divisi\u00f3n \u2013 Oficial \u2013 Fecha #12<\/p>\n<p><strong>Independiente 62:\u00a0<\/strong>Juli\u00e1n Horvath 10, Agust\u00edn Almir\u00f3n 11, Ignacio Ercoli 14, Juan Garc\u00eda 1, Gustavo Banchero 21 (Fi); Sebasti\u00e1n Branciforte 0, Emiliano Men\u00e9ndez 2 y Uriel Mart\u00ednez 3. DT: Javier Musumeci.<\/p>\n<p><strong>Barracas 77:<\/strong>\u00a0Dami\u00e1n Carci 9, Sebasti\u00e1n Mart\u00ednez 10, Mariano Trellini 22, Joaqu\u00edn Gonz\u00e1lez 2, Mariano Nu\u00f1ez 4 (Fi); Cesar Massa 11, Octavio Cancellarich 17 y Mauro Montanaro 2. DT: Juan Sergio Palumbo.<\/p>\n<p><strong>Parciales:<\/strong>\u00a023-22, 39-39 (16-17), 53-53 (14-14) y 62-77 (9-24).<\/p>\n<p><strong>Arbitros:<\/strong>\u00a0Eduardo Ferreyra \u2013 Lucas Andr\u00e9s.<\/p>\n<p><strong>Estadio:<\/strong>\u00a0Hermanos Barral (Independiente).<\/p>\n<p><a class=\"modalf iframe\" title=\"Planilla\" href=\"https:\/\/docs.google.com\/spreadsheets\/d\/1Xl1oBW5oUKiGmnzkCDdTRpC7QGgDhsmV0ZSa9Q5nJ8o\/pubhtml?gid=742704116&amp;single=true\" target=\"_blank\" rel=\"noopener\">Ver Planilla<\/a><\/p>\n","protected":false},"excerpt":{"rendered":"<p>Barracas hizo bien los deberes: venci\u00f3 77-62 a Independiente y est\u00e1 otra es l\u00edder<\/p>\n","protected":false},"author":1,"featured_media":64202,"comment_status":"closed","ping_status":"open","sticky":false,"template":"","format":"standard","meta":{"jnews-multi-image_gallery":[],"jnews_single_post":[],"jnews_primary_category":[],"footnotes":""},"categories":[25,101],"tags":[333,620,659,12,619,1268],"class_list":["post-64200","post","type-post","status-publish","format-standard","has-post-thumbnail","hentry","category-segunda","category-slide","tag-barracas","tag-gustavo-banchero","tag-ignacio-ercoli","tag-independiente","tag-mariano-trellini","tag-octavio-cancellarich"],"yoast_head":"<!-- This site is optimized with the Yoast SEO plugin v27.5 - https:\/\/yoast.com\/product\/yoast-seo-wordpress\/ -->\n<title>Apunta alto - Gente de B\u00e1squet<\/title>\n<meta name=\"robots\" content=\"index, follow, max-snippet:-1, max-image-preview:large, max-video-preview:-1\" \/>\n<link rel=\"canonical\" href=\"https:\/\/gentedebasquet.com.ar\/sitio\/2016\/09\/13\/apunta-alto\/\" \/>\n<meta property=\"og:locale\" content=\"es_ES\" \/>\n<meta property=\"og:type\" content=\"article\" \/>\n<meta property=\"og:title\" content=\"Apunta alto - Gente de B\u00e1squet\" \/>\n<meta property=\"og:description\" content=\"Barracas hizo bien los deberes: venci\u00f3 77-62 a Independiente y est\u00e1 otra es l\u00edder\" \/>\n<meta property=\"og:url\" content=\"https:\/\/gentedebasquet.com.ar\/sitio\/2016\/09\/13\/apunta-alto\/\" \/>\n<meta property=\"og:site_name\" content=\"Gente de B\u00e1squet\" \/>\n<meta property=\"article:published_time\" content=\"2016-09-14T02:30:23+00:00\" \/>\n<meta property=\"og:image\" content=\"https:\/\/gentedebasquet.com.ar\/sitio\/wp-content\/uploads\/2016\/09\/DSC_0041.jpg\" \/>\n\t<meta property=\"og:image:width\" content=\"690\" \/>\n\t<meta property=\"og:image:height\" content=\"319\" \/>\n\t<meta property=\"og:image:type\" content=\"image\/jpeg\" \/>\n<meta name=\"author\" content=\"Gente de B\u00e1squet\" \/>\n<meta name=\"twitter:card\" content=\"summary_large_image\" \/>\n<meta name=\"twitter:label1\" content=\"Escrito por\" \/>\n\t<meta name=\"twitter:data1\" content=\"Gente de B\u00e1squet\" \/>\n\t<meta name=\"twitter:label2\" content=\"Tiempo de lectura\" \/>\n\t<meta name=\"twitter:data2\" content=\"3 minutos\" \/>\n<script type=\"application\/ld+json\" class=\"yoast-schema-graph\">{\"@context\":\"https:\\\/\\\/schema.org\",\"@graph\":[{\"@type\":\"Article\",\"@id\":\"https:\\\/\\\/gentedebasquet.com.ar\\\/sitio\\\/2016\\\/09\\\/13\\\/apunta-alto\\\/#article\",\"isPartOf\":{\"@id\":\"https:\\\/\\\/gentedebasquet.com.ar\\\/sitio\\\/2016\\\/09\\\/13\\\/apunta-alto\\\/\"},\"author\":{\"name\":\"Gente de B\u00e1squet\",\"@id\":\"https:\\\/\\\/gentedebasquet.com.ar\\\/sitio\\\/#\\\/schema\\\/person\\\/ca0b63bbb977369988a7bbbdc519943a\"},\"headline\":\"Apunta alto\",\"datePublished\":\"2016-09-14T02:30:23+00:00\",\"mainEntityOfPage\":{\"@id\":\"https:\\\/\\\/gentedebasquet.com.ar\\\/sitio\\\/2016\\\/09\\\/13\\\/apunta-alto\\\/\"},\"wordCount\":617,\"image\":{\"@id\":\"https:\\\/\\\/gentedebasquet.com.ar\\\/sitio\\\/2016\\\/09\\\/13\\\/apunta-alto\\\/#primaryimage\"},\"thumbnailUrl\":\"https:\\\/\\\/gentedebasquet.com.ar\\\/sitio\\\/wp-content\\\/uploads\\\/2016\\\/09\\\/DSC_0041.jpg\",\"keywords\":[\"Barracas\",\"Gustavo Banchero\",\"Ignacio Ercoli\",\"independiente\",\"Mariano Trellini\",\"Octavio Cancellarich\"],\"articleSection\":[\"Segunda\",\"Slide\"],\"inLanguage\":\"es\"},{\"@type\":\"WebPage\",\"@id\":\"https:\\\/\\\/gentedebasquet.com.ar\\\/sitio\\\/2016\\\/09\\\/13\\\/apunta-alto\\\/\",\"url\":\"https:\\\/\\\/gentedebasquet.com.ar\\\/sitio\\\/2016\\\/09\\\/13\\\/apunta-alto\\\/\",\"name\":\"Apunta alto - Gente de B\u00e1squet\",\"isPartOf\":{\"@id\":\"https:\\\/\\\/gentedebasquet.com.ar\\\/sitio\\\/#website\"},\"primaryImageOfPage\":{\"@id\":\"https:\\\/\\\/gentedebasquet.com.ar\\\/sitio\\\/2016\\\/09\\\/13\\\/apunta-alto\\\/#primaryimage\"},\"image\":{\"@id\":\"https:\\\/\\\/gentedebasquet.com.ar\\\/sitio\\\/2016\\\/09\\\/13\\\/apunta-alto\\\/#primaryimage\"},\"thumbnailUrl\":\"https:\\\/\\\/gentedebasquet.com.ar\\\/sitio\\\/wp-content\\\/uploads\\\/2016\\\/09\\\/DSC_0041.jpg\",\"datePublished\":\"2016-09-14T02:30:23+00:00\",\"author\":{\"@id\":\"https:\\\/\\\/gentedebasquet.com.ar\\\/sitio\\\/#\\\/schema\\\/person\\\/ca0b63bbb977369988a7bbbdc519943a\"},\"breadcrumb\":{\"@id\":\"https:\\\/\\\/gentedebasquet.com.ar\\\/sitio\\\/2016\\\/09\\\/13\\\/apunta-alto\\\/#breadcrumb\"},\"inLanguage\":\"es\",\"potentialAction\":[{\"@type\":\"ReadAction\",\"target\":[\"https:\\\/\\\/gentedebasquet.com.ar\\\/sitio\\\/2016\\\/09\\\/13\\\/apunta-alto\\\/\"]}]},{\"@type\":\"ImageObject\",\"inLanguage\":\"es\",\"@id\":\"https:\\\/\\\/gentedebasquet.com.ar\\\/sitio\\\/2016\\\/09\\\/13\\\/apunta-alto\\\/#primaryimage\",\"url\":\"https:\\\/\\\/gentedebasquet.com.ar\\\/sitio\\\/wp-content\\\/uploads\\\/2016\\\/09\\\/DSC_0041.jpg\",\"contentUrl\":\"https:\\\/\\\/gentedebasquet.com.ar\\\/sitio\\\/wp-content\\\/uploads\\\/2016\\\/09\\\/DSC_0041.jpg\",\"width\":690,\"height\":319},{\"@type\":\"BreadcrumbList\",\"@id\":\"https:\\\/\\\/gentedebasquet.com.ar\\\/sitio\\\/2016\\\/09\\\/13\\\/apunta-alto\\\/#breadcrumb\",\"itemListElement\":[{\"@type\":\"ListItem\",\"position\":1,\"name\":\"Portada\",\"item\":\"https:\\\/\\\/gentedebasquet.com.ar\\\/sitio\\\/\"},{\"@type\":\"ListItem\",\"position\":2,\"name\":\"Apunta alto\"}]},{\"@type\":\"WebSite\",\"@id\":\"https:\\\/\\\/gentedebasquet.com.ar\\\/sitio\\\/#website\",\"url\":\"https:\\\/\\\/gentedebasquet.com.ar\\\/sitio\\\/\",\"name\":\"Gente de B\u00e1squet\",\"description\":\"La revista del basquet de Bah\u00eda Blanca\",\"potentialAction\":[{\"@type\":\"SearchAction\",\"target\":{\"@type\":\"EntryPoint\",\"urlTemplate\":\"https:\\\/\\\/gentedebasquet.com.ar\\\/sitio\\\/?s={search_term_string}\"},\"query-input\":{\"@type\":\"PropertyValueSpecification\",\"valueRequired\":true,\"valueName\":\"search_term_string\"}}],\"inLanguage\":\"es\"},{\"@type\":\"Person\",\"@id\":\"https:\\\/\\\/gentedebasquet.com.ar\\\/sitio\\\/#\\\/schema\\\/person\\\/ca0b63bbb977369988a7bbbdc519943a\",\"name\":\"Gente de B\u00e1squet\",\"image\":{\"@type\":\"ImageObject\",\"inLanguage\":\"es\",\"@id\":\"https:\\\/\\\/secure.gravatar.com\\\/avatar\\\/7f2c48bdc33b30088f941fb6082e555f2874c98e20cb159d7b92b50eadfce793?s=96&d=mm&r=g\",\"url\":\"https:\\\/\\\/secure.gravatar.com\\\/avatar\\\/7f2c48bdc33b30088f941fb6082e555f2874c98e20cb159d7b92b50eadfce793?s=96&d=mm&r=g\",\"contentUrl\":\"https:\\\/\\\/secure.gravatar.com\\\/avatar\\\/7f2c48bdc33b30088f941fb6082e555f2874c98e20cb159d7b92b50eadfce793?s=96&d=mm&r=g\",\"caption\":\"Gente de B\u00e1squet\"},\"sameAs\":[\"http:\\\/\\\/gentedebasquet.com.ar\\\/sitio\"],\"url\":\"https:\\\/\\\/gentedebasquet.com.ar\\\/sitio\\\/author\\\/ulises\\\/\"}]}<\/script>\n<!-- \/ Yoast SEO plugin. -->","yoast_head_json":{"title":"Apunta alto - Gente de B\u00e1squet","robots":{"index":"index","follow":"follow","max-snippet":"max-snippet:-1","max-image-preview":"max-image-preview:large","max-video-preview":"max-video-preview:-1"},"canonical":"https:\/\/gentedebasquet.com.ar\/sitio\/2016\/09\/13\/apunta-alto\/","og_locale":"es_ES","og_type":"article","og_title":"Apunta alto - Gente de B\u00e1squet","og_description":"Barracas hizo bien los deberes: venci\u00f3 77-62 a Independiente y est\u00e1 otra es l\u00edder","og_url":"https:\/\/gentedebasquet.com.ar\/sitio\/2016\/09\/13\/apunta-alto\/","og_site_name":"Gente de B\u00e1squet","article_published_time":"2016-09-14T02:30:23+00:00","og_image":[{"width":690,"height":319,"url":"https:\/\/gentedebasquet.com.ar\/sitio\/wp-content\/uploads\/2016\/09\/DSC_0041.jpg","type":"image\/jpeg"}],"author":"Gente de B\u00e1squet","twitter_card":"summary_large_image","twitter_misc":{"Escrito por":"Gente de B\u00e1squet","Tiempo de lectura":"3 minutos"},"schema":{"@context":"https:\/\/schema.org","@graph":[{"@type":"Article","@id":"https:\/\/gentedebasquet.com.ar\/sitio\/2016\/09\/13\/apunta-alto\/#article","isPartOf":{"@id":"https:\/\/gentedebasquet.com.ar\/sitio\/2016\/09\/13\/apunta-alto\/"},"author":{"name":"Gente de B\u00e1squet","@id":"https:\/\/gentedebasquet.com.ar\/sitio\/#\/schema\/person\/ca0b63bbb977369988a7bbbdc519943a"},"headline":"Apunta alto","datePublished":"2016-09-14T02:30:23+00:00","mainEntityOfPage":{"@id":"https:\/\/gentedebasquet.com.ar\/sitio\/2016\/09\/13\/apunta-alto\/"},"wordCount":617,"image":{"@id":"https:\/\/gentedebasquet.com.ar\/sitio\/2016\/09\/13\/apunta-alto\/#primaryimage"},"thumbnailUrl":"https:\/\/gentedebasquet.com.ar\/sitio\/wp-content\/uploads\/2016\/09\/DSC_0041.jpg","keywords":["Barracas","Gustavo Banchero","Ignacio Ercoli","independiente","Mariano Trellini","Octavio Cancellarich"],"articleSection":["Segunda","Slide"],"inLanguage":"es"},{"@type":"WebPage","@id":"https:\/\/gentedebasquet.com.ar\/sitio\/2016\/09\/13\/apunta-alto\/","url":"https:\/\/gentedebasquet.com.ar\/sitio\/2016\/09\/13\/apunta-alto\/","name":"Apunta alto - Gente de B\u00e1squet","isPartOf":{"@id":"https:\/\/gentedebasquet.com.ar\/sitio\/#website"},"primaryImageOfPage":{"@id":"https:\/\/gentedebasquet.com.ar\/sitio\/2016\/09\/13\/apunta-alto\/#primaryimage"},"image":{"@id":"https:\/\/gentedebasquet.com.ar\/sitio\/2016\/09\/13\/apunta-alto\/#primaryimage"},"thumbnailUrl":"https:\/\/gentedebasquet.com.ar\/sitio\/wp-content\/uploads\/2016\/09\/DSC_0041.jpg","datePublished":"2016-09-14T02:30:23+00:00","author":{"@id":"https:\/\/gentedebasquet.com.ar\/sitio\/#\/schema\/person\/ca0b63bbb977369988a7bbbdc519943a"},"breadcrumb":{"@id":"https:\/\/gentedebasquet.com.ar\/sitio\/2016\/09\/13\/apunta-alto\/#breadcrumb"},"inLanguage":"es","potentialAction":[{"@type":"ReadAction","target":["https:\/\/gentedebasquet.com.ar\/sitio\/2016\/09\/13\/apunta-alto\/"]}]},{"@type":"ImageObject","inLanguage":"es","@id":"https:\/\/gentedebasquet.com.ar\/sitio\/2016\/09\/13\/apunta-alto\/#primaryimage","url":"https:\/\/gentedebasquet.com.ar\/sitio\/wp-content\/uploads\/2016\/09\/DSC_0041.jpg","contentUrl":"https:\/\/gentedebasquet.com.ar\/sitio\/wp-content\/uploads\/2016\/09\/DSC_0041.jpg","width":690,"height":319},{"@type":"BreadcrumbList","@id":"https:\/\/gentedebasquet.com.ar\/sitio\/2016\/09\/13\/apunta-alto\/#breadcrumb","itemListElement":[{"@type":"ListItem","position":1,"name":"Portada","item":"https:\/\/gentedebasquet.com.ar\/sitio\/"},{"@type":"ListItem","position":2,"name":"Apunta alto"}]},{"@type":"WebSite","@id":"https:\/\/gentedebasquet.com.ar\/sitio\/#website","url":"https:\/\/gentedebasquet.com.ar\/sitio\/","name":"Gente de B\u00e1squet","description":"La revista del basquet de Bah\u00eda Blanca","potentialAction":[{"@type":"SearchAction","target":{"@type":"EntryPoint","urlTemplate":"https:\/\/gentedebasquet.com.ar\/sitio\/?s={search_term_string}"},"query-input":{"@type":"PropertyValueSpecification","valueRequired":true,"valueName":"search_term_string"}}],"inLanguage":"es"},{"@type":"Person","@id":"https:\/\/gentedebasquet.com.ar\/sitio\/#\/schema\/person\/ca0b63bbb977369988a7bbbdc519943a","name":"Gente de B\u00e1squet","image":{"@type":"ImageObject","inLanguage":"es","@id":"https:\/\/secure.gravatar.com\/avatar\/7f2c48bdc33b30088f941fb6082e555f2874c98e20cb159d7b92b50eadfce793?s=96&d=mm&r=g","url":"https:\/\/secure.gravatar.com\/avatar\/7f2c48bdc33b30088f941fb6082e555f2874c98e20cb159d7b92b50eadfce793?s=96&d=mm&r=g","contentUrl":"https:\/\/secure.gravatar.com\/avatar\/7f2c48bdc33b30088f941fb6082e555f2874c98e20cb159d7b92b50eadfce793?s=96&d=mm&r=g","caption":"Gente de B\u00e1squet"},"sameAs":["http:\/\/gentedebasquet.com.ar\/sitio"],"url":"https:\/\/gentedebasquet.com.ar\/sitio\/author\/ulises\/"}]}},"_links":{"self":[{"href":"https:\/\/gentedebasquet.com.ar\/sitio\/wp-json\/wp\/v2\/posts\/64200","targetHints":{"allow":["GET"]}}],"collection":[{"href":"https:\/\/gentedebasquet.com.ar\/sitio\/wp-json\/wp\/v2\/posts"}],"about":[{"href":"https:\/\/gentedebasquet.com.ar\/sitio\/wp-json\/wp\/v2\/types\/post"}],"author":[{"embeddable":true,"href":"https:\/\/gentedebasquet.com.ar\/sitio\/wp-json\/wp\/v2\/users\/1"}],"replies":[{"embeddable":true,"href":"https:\/\/gentedebasquet.com.ar\/sitio\/wp-json\/wp\/v2\/comments?post=64200"}],"version-history":[{"count":0,"href":"https:\/\/gentedebasquet.com.ar\/sitio\/wp-json\/wp\/v2\/posts\/64200\/revisions"}],"wp:featuredmedia":[{"embeddable":true,"href":"https:\/\/gentedebasquet.com.ar\/sitio\/wp-json\/wp\/v2\/media\/64202"}],"wp:attachment":[{"href":"https:\/\/gentedebasquet.com.ar\/sitio\/wp-json\/wp\/v2\/media?parent=64200"}],"wp:term":[{"taxonomy":"category","embeddable":true,"href":"https:\/\/gentedebasquet.com.ar\/sitio\/wp-json\/wp\/v2\/categories?post=64200"},{"taxonomy":"post_tag","embeddable":true,"href":"https:\/\/gentedebasquet.com.ar\/sitio\/wp-json\/wp\/v2\/tags?post=64200"}],"curies":[{"name":"wp","href":"https:\/\/api.w.org\/{rel}","templated":true}]}}