{"id":64211,"date":"2016-09-13T23:50:08","date_gmt":"2016-09-14T02:50:08","guid":{"rendered":"http:\/\/www.gentedebasquet.com.ar\/?p=64211"},"modified":"2016-09-13T23:50:08","modified_gmt":"2016-09-14T02:50:08","slug":"classic-4x4","status":"publish","type":"post","link":"https:\/\/gentedebasquet.com.ar\/sitio\/2016\/09\/13\/classic-4x4\/","title":{"rendered":"Classic 4&#215;4"},"content":{"rendered":"<p><strong>Nueve de Julio derrot\u00f3 en casa a Pac\u00edfico por 85 a 73, sigue invicto en el cl\u00e1sico y sum\u00f3 una unidad clave pensando en la tabla del Oficial y la Acumulada. Tras un inicio favorable al \u2018Verde\u2019 (16-4 en 5.37m), el local se acomod\u00f3 al ritmo fren\u00e9tico de un cambiante 1T, y apostando al triple (15\/41 T3) dentro de una ofensiva fluida y solidaria (19 asistencias en 28 canastas), entr\u00f3 +10 al 4C y cerr\u00f3 con tranquilidad. El ganador puso a cinco jugadores en dos d\u00edgitos: Lucchetti (20, 3\/8 T3), Bonaguro (18 + 11 rebotes), Pena (15, 4\/10 T3), Badano (11) y Ticozzi (11). La visita dependi\u00f3 demasiado del tridente compuesto por Meneses (22 + 6 reb + 6 as), Larrandart (20, 8\/14 T2) y Marini (15, 3\/4 T3).<\/strong><\/p>\n<p>Pac\u00edfico entr\u00f3 con una misi\u00f3n, imponer un ritmo intenso y avasallar a su rival, algo que aprob\u00f3 con creces: Atacando el aro con mucha decisi\u00f3n de la mano de Larrandart (7) y Meneses (4), sac\u00f3 12 de luz (16-4) en 5.37 minutos, aprovechando que el due\u00f1o de casa no encontraba el cesto (0\/5 T3, 2\/7 T2). Pero 3 p\u00e9rdidas casi de manera consecutiva y la falta de gol exterior le costaron caro al visitante, lo que le permiti\u00f3 a 9 de Julio volver al juego inmediatamente: Los internos aseguraron el rebote defensivo y por primera vez en la noche el local manej\u00f3 el tr\u00e1mite, los triples aparecieron (acert\u00f3 4\/5 T3 en ese pasaje) con Pena (8) y Lucchetti (5) tirando del carro para que, parcial de 15-2 mediante, los de Iannamico pasen al frente (19-18 a 1.15), m\u00e1s all\u00e1 que Larrandart (termin\u00f3 10) cerr\u00f3 un enorme 1C que dej\u00f3 a la visita al mando: 23-22.<\/p>\n<p>El envi\u00f3n le permiti\u00f3 al \u2018Verde\u2019 volver a escaparse (32-25 a 7.52m) gracias a un efectivo pasaje (1\/1 T3, 2\/2 T2, 2\/2 T1) donde logr\u00f3 correr la cancha. Y m\u00e1s all\u00e1 que las bombas de Marini (6, 2\/2 T3) mantuvieron al frente a su equipo en buena parte del segmento, Pac\u00edfico empez\u00f3 a chocar (3\/13 T2) ante la defensa rival y cedi\u00f3 el control del partido. Con los vaivenes que indica apostar al tiro externo (4\/13 T3 en el 2C), 9 de Julio encontr\u00f3 otros aspectos del juego para poder imponerse, atac\u00f3 el tablero ajeno (5), sum\u00f3 con Bonaguro (7) en la pintura y arrim\u00f3 desde la l\u00ednea v\u00eda Lucchetti (5\/6 T1) para cerrar mejor, con racha de 12-2, e irse a los vestuarios ganando 45 a 38.<\/p>\n<blockquote><p>Ven\u00edamos de la derrota con Velocidad y nos propusimos que este partido sirva para levantar, porque era el puntero y el cl\u00e1sico del barrio. Ellos arrancaron tremendos, nos pasaron por arriba, y eso nos toc\u00f3 el orgullo; despu\u00e9s se nos abri\u00f3 el aro y a base de triples y buena movilidad de pelota lo sacamos adelante. Se vive de otra manera, si no nos cruzamos en playoffs este es mi \u00faltimo, no s\u00e9 si el a\u00f1o que viene voy a jugar, as\u00ed que lo jugu\u00e9 con un nudo en la garganta. Estos partidos son hermosos, lo primero que pens\u00e9 cuando arregl\u00e9, era que iba a jugar contra Pac\u00edfico. Me estoy adaptando, hace 8 meses que no juego y vine a dar una mano, todav\u00eda no estoy ni a un 80% de lo que puedo dar y no s\u00e9 si voy a llegar a un buen nivel, pero estoy disfrutando de otra manera. El festejo el l\u00f3gico, porque es un punto y medio, hoy uno duerme m\u00e1s tranquilo, posiblemente sea el \u00faltimo y no lo quer\u00eda perder. \u00a0(Gonzalo Badano).<\/p><\/blockquote>\n<p>Con m\u00e1s paciencia y pas\u00e1ndose mejor el bal\u00f3n, 9 de Julio escap\u00f3 por 12 (54-42 en 4m) gracias a la buena mano de Lucchetti (5) y al oficio de Bonaguro (2 + 4 reb) y Mallemaci (2 + 2 as), frente a un visitante sin respuestas (inici\u00f3 1\/6 TC). Aunque sufri\u00f3 detr\u00e1s de 6.75 (1\/6 T3), Pac\u00edfico mostr\u00f3 signos de vida gracias a la aparici\u00f3n de Meneses (4\/4 T1) en la conducci\u00f3n, ya que conect\u00f3 con un Larrandart (6) intratable con el lanzamiento de media distancia que le permiti\u00f3 al \u2018Verde\u2019 acortar a 4 (55-51 a 3.25), pero Bonaguro (7) sigui\u00f3 machacando y el due\u00f1o de casa entr\u00f3 +10 al \u00faltimo per\u00edodo: 63-53.<\/p>\n<p>El crecimiento de Meneses (8 de los primeros 10 de su equipo en el 4C) sigui\u00f3 su marcha, pero el base no encontr\u00f3 socios, y el local le dio el golpe final masacr\u00e1ndolo a puro triple (4\/6 T3, 4 autores diferentes), con buen movimiento de bal\u00f3n y un ritmo m\u00e1s en ofensiva gracias al importante ingreso de Pordomingo. El propio Meneses (cerr\u00f3 con 12) sigui\u00f3 agresivo para el aro pero la historia estaba juzgada, 9 de Julio dio una muestra de car\u00e1cter, se llev\u00f3 un nuevo cl\u00e1sico y sigue prendido en la tabla del Oficial y en la Acumulada.<\/p>\n<p>&nbsp;<\/p>\n<p>[vimeo]http:\/\/vimeo.com\/182644432[\/vimeo]<\/p>\n<p>&nbsp;<\/p>\n<p><strong>S\u00edntesis<\/strong>\u00a0| Segunda Divisi\u00f3n &#8211; Oficial &#8211; Fecha #12<\/p>\n<p><strong>9 de Julio 85:<\/strong>\u00a0Agust\u00edn Pena 15, Lucas Lucchetti 20, Gonzalo Badano 11, Guillermo Mallemaci 4, Francisco Bonaguro 18 (FI); Juli\u00e1n Turcato 3, Mariano Ticozzi 11, Ezequiel Pordomingo 3, Alan Prost 0.\u00a0DT Andr\u00e9s Iannamico.<\/p>\n<p><strong>Pac\u00edfico 73:<\/strong>\u00a0Ezequiel Meneses 22, Fernando Bonino 2, Juan Cruz Marini 15, Joaqu\u00edn Larrandart 20, Mauricio Gonz\u00e1lez 3 (FI); Branco Salvatori 5, Juan Franco Di Meglio 0, Nicol\u00e1s Vera 4, Emmanuel Kloster 0, Facundo Wattson 2, Daniel De Batista 0. DT: Mart\u00edn Luis.<\/p>\n<p><strong>Parciales:<\/strong>\u00a022-23, 45-38 (23-15), 63-53 (18-15), 85-73 (22-20).<\/p>\n<p><strong>\u00c1rbitros:<\/strong>\u00a0Nestor Schernenco\u2013 Alejandro Ramallo.<\/p>\n<p><strong>Estadio:<\/strong>\u00a0N\u00e9stor Damiani (9 de Julio).<\/p>\n<p><a class=\"modalf iframe\" title=\"Planilla\" href=\"https:\/\/docs.google.com\/spreadsheets\/d\/1YsvxQnoq8L0g5tSf3wXhFjrL8grHJgLLIwoM7dAaNI0\/pubhtml?gid=817346093&amp;single=true\" target=\"_blank\" rel=\"noopener\">Ver Planilla<\/a><\/p>\n","protected":false},"excerpt":{"rendered":"<p>El modelo 2016 de 9 de Julio sigue invicto ante Pac\u00edfico: esta vez fue 85 a 73<\/p>\n","protected":false},"author":1,"featured_media":64198,"comment_status":"closed","ping_status":"open","sticky":false,"template":"","format":"standard","meta":{"jnews-multi-image_gallery":[],"jnews_single_post":[],"jnews_primary_category":[],"footnotes":""},"categories":[25,101],"tags":[2,1141,607,460,327,211,309,361,1352,17],"class_list":["post-64211","post","type-post","status-publish","format-standard","has-post-thumbnail","hentry","category-segunda","category-slide","tag-9dejulio","tag-agustin-pena","tag-ezequiel-meneses","tag-francisco-bonaguro","tag-gonzalo-badano","tag-joaquin-larrandart","tag-juan-cruz-marini","tag-lucas-lucchetti","tag-mariano-ticozzi","tag-pacifico"],"yoast_head":"<!-- This site is optimized with the Yoast SEO plugin v27.4 - https:\/\/yoast.com\/product\/yoast-seo-wordpress\/ -->\n<title>Classic 4x4 - Gente de B\u00e1squet<\/title>\n<meta name=\"robots\" content=\"index, follow, max-snippet:-1, max-image-preview:large, max-video-preview:-1\" \/>\n<link rel=\"canonical\" href=\"https:\/\/gentedebasquet.com.ar\/sitio\/2016\/09\/13\/classic-4x4\/\" \/>\n<meta property=\"og:locale\" content=\"es_ES\" \/>\n<meta property=\"og:type\" content=\"article\" \/>\n<meta property=\"og:title\" content=\"Classic 4x4 - Gente de B\u00e1squet\" \/>\n<meta property=\"og:description\" content=\"El modelo 2016 de 9 de Julio sigue invicto ante Pac\u00edfico: esta vez fue 85 a 73\" \/>\n<meta property=\"og:url\" content=\"https:\/\/gentedebasquet.com.ar\/sitio\/2016\/09\/13\/classic-4x4\/\" \/>\n<meta property=\"og:site_name\" content=\"Gente de B\u00e1squet\" \/>\n<meta property=\"article:published_time\" content=\"2016-09-14T02:50:08+00:00\" \/>\n<meta property=\"og:image\" content=\"https:\/\/gentedebasquet.com.ar\/sitio\/wp-content\/uploads\/2016\/09\/9-de-Julio-Pacifico-Badano.jpg\" \/>\n\t<meta property=\"og:image:width\" content=\"690\" \/>\n\t<meta property=\"og:image:height\" content=\"319\" \/>\n\t<meta property=\"og:image:type\" content=\"image\/jpeg\" \/>\n<meta name=\"author\" content=\"Gente de B\u00e1squet\" \/>\n<meta name=\"twitter:card\" content=\"summary_large_image\" \/>\n<meta name=\"twitter:label1\" content=\"Escrito por\" \/>\n\t<meta name=\"twitter:data1\" content=\"Gente de B\u00e1squet\" \/>\n\t<meta name=\"twitter:label2\" content=\"Tiempo de lectura\" \/>\n\t<meta name=\"twitter:data2\" content=\"4 minutos\" \/>\n<script type=\"application\/ld+json\" class=\"yoast-schema-graph\">{\"@context\":\"https:\\\/\\\/schema.org\",\"@graph\":[{\"@type\":\"Article\",\"@id\":\"https:\\\/\\\/gentedebasquet.com.ar\\\/sitio\\\/2016\\\/09\\\/13\\\/classic-4x4\\\/#article\",\"isPartOf\":{\"@id\":\"https:\\\/\\\/gentedebasquet.com.ar\\\/sitio\\\/2016\\\/09\\\/13\\\/classic-4x4\\\/\"},\"author\":{\"name\":\"Gente de B\u00e1squet\",\"@id\":\"https:\\\/\\\/gentedebasquet.com.ar\\\/sitio\\\/#\\\/schema\\\/person\\\/ca0b63bbb977369988a7bbbdc519943a\"},\"headline\":\"Classic 4&#215;4\",\"datePublished\":\"2016-09-14T02:50:08+00:00\",\"mainEntityOfPage\":{\"@id\":\"https:\\\/\\\/gentedebasquet.com.ar\\\/sitio\\\/2016\\\/09\\\/13\\\/classic-4x4\\\/\"},\"wordCount\":867,\"image\":{\"@id\":\"https:\\\/\\\/gentedebasquet.com.ar\\\/sitio\\\/2016\\\/09\\\/13\\\/classic-4x4\\\/#primaryimage\"},\"thumbnailUrl\":\"https:\\\/\\\/gentedebasquet.com.ar\\\/sitio\\\/wp-content\\\/uploads\\\/2016\\\/09\\\/9-de-Julio-Pacifico-Badano.jpg\",\"keywords\":[\"9 de Julio\",\"Agust\u00edn Pena\",\"Ezequiel Meneses\",\"Francisco Bonaguro\",\"Gonzalo Badano\",\"Joaqu\u00edn Larrandart\",\"Juan Cruz Marini\",\"Lucas Lucchetti\",\"Mariano Ticozzi\",\"Pacifico\"],\"articleSection\":[\"Segunda\",\"Slide\"],\"inLanguage\":\"es\"},{\"@type\":\"WebPage\",\"@id\":\"https:\\\/\\\/gentedebasquet.com.ar\\\/sitio\\\/2016\\\/09\\\/13\\\/classic-4x4\\\/\",\"url\":\"https:\\\/\\\/gentedebasquet.com.ar\\\/sitio\\\/2016\\\/09\\\/13\\\/classic-4x4\\\/\",\"name\":\"Classic 4x4 - Gente de B\u00e1squet\",\"isPartOf\":{\"@id\":\"https:\\\/\\\/gentedebasquet.com.ar\\\/sitio\\\/#website\"},\"primaryImageOfPage\":{\"@id\":\"https:\\\/\\\/gentedebasquet.com.ar\\\/sitio\\\/2016\\\/09\\\/13\\\/classic-4x4\\\/#primaryimage\"},\"image\":{\"@id\":\"https:\\\/\\\/gentedebasquet.com.ar\\\/sitio\\\/2016\\\/09\\\/13\\\/classic-4x4\\\/#primaryimage\"},\"thumbnailUrl\":\"https:\\\/\\\/gentedebasquet.com.ar\\\/sitio\\\/wp-content\\\/uploads\\\/2016\\\/09\\\/9-de-Julio-Pacifico-Badano.jpg\",\"datePublished\":\"2016-09-14T02:50:08+00:00\",\"author\":{\"@id\":\"https:\\\/\\\/gentedebasquet.com.ar\\\/sitio\\\/#\\\/schema\\\/person\\\/ca0b63bbb977369988a7bbbdc519943a\"},\"breadcrumb\":{\"@id\":\"https:\\\/\\\/gentedebasquet.com.ar\\\/sitio\\\/2016\\\/09\\\/13\\\/classic-4x4\\\/#breadcrumb\"},\"inLanguage\":\"es\",\"potentialAction\":[{\"@type\":\"ReadAction\",\"target\":[\"https:\\\/\\\/gentedebasquet.com.ar\\\/sitio\\\/2016\\\/09\\\/13\\\/classic-4x4\\\/\"]}]},{\"@type\":\"ImageObject\",\"inLanguage\":\"es\",\"@id\":\"https:\\\/\\\/gentedebasquet.com.ar\\\/sitio\\\/2016\\\/09\\\/13\\\/classic-4x4\\\/#primaryimage\",\"url\":\"https:\\\/\\\/gentedebasquet.com.ar\\\/sitio\\\/wp-content\\\/uploads\\\/2016\\\/09\\\/9-de-Julio-Pacifico-Badano.jpg\",\"contentUrl\":\"https:\\\/\\\/gentedebasquet.com.ar\\\/sitio\\\/wp-content\\\/uploads\\\/2016\\\/09\\\/9-de-Julio-Pacifico-Badano.jpg\",\"width\":690,\"height\":319},{\"@type\":\"BreadcrumbList\",\"@id\":\"https:\\\/\\\/gentedebasquet.com.ar\\\/sitio\\\/2016\\\/09\\\/13\\\/classic-4x4\\\/#breadcrumb\",\"itemListElement\":[{\"@type\":\"ListItem\",\"position\":1,\"name\":\"Portada\",\"item\":\"https:\\\/\\\/gentedebasquet.com.ar\\\/sitio\\\/\"},{\"@type\":\"ListItem\",\"position\":2,\"name\":\"Classic 4&#215;4\"}]},{\"@type\":\"WebSite\",\"@id\":\"https:\\\/\\\/gentedebasquet.com.ar\\\/sitio\\\/#website\",\"url\":\"https:\\\/\\\/gentedebasquet.com.ar\\\/sitio\\\/\",\"name\":\"Gente de B\u00e1squet\",\"description\":\"La revista del basquet de Bah\u00eda Blanca\",\"potentialAction\":[{\"@type\":\"SearchAction\",\"target\":{\"@type\":\"EntryPoint\",\"urlTemplate\":\"https:\\\/\\\/gentedebasquet.com.ar\\\/sitio\\\/?s={search_term_string}\"},\"query-input\":{\"@type\":\"PropertyValueSpecification\",\"valueRequired\":true,\"valueName\":\"search_term_string\"}}],\"inLanguage\":\"es\"},{\"@type\":\"Person\",\"@id\":\"https:\\\/\\\/gentedebasquet.com.ar\\\/sitio\\\/#\\\/schema\\\/person\\\/ca0b63bbb977369988a7bbbdc519943a\",\"name\":\"Gente de B\u00e1squet\",\"image\":{\"@type\":\"ImageObject\",\"inLanguage\":\"es\",\"@id\":\"https:\\\/\\\/secure.gravatar.com\\\/avatar\\\/7f2c48bdc33b30088f941fb6082e555f2874c98e20cb159d7b92b50eadfce793?s=96&d=mm&r=g\",\"url\":\"https:\\\/\\\/secure.gravatar.com\\\/avatar\\\/7f2c48bdc33b30088f941fb6082e555f2874c98e20cb159d7b92b50eadfce793?s=96&d=mm&r=g\",\"contentUrl\":\"https:\\\/\\\/secure.gravatar.com\\\/avatar\\\/7f2c48bdc33b30088f941fb6082e555f2874c98e20cb159d7b92b50eadfce793?s=96&d=mm&r=g\",\"caption\":\"Gente de B\u00e1squet\"},\"sameAs\":[\"http:\\\/\\\/gentedebasquet.com.ar\\\/sitio\"],\"url\":\"https:\\\/\\\/gentedebasquet.com.ar\\\/sitio\\\/author\\\/ulises\\\/\"}]}<\/script>\n<!-- \/ Yoast SEO plugin. -->","yoast_head_json":{"title":"Classic 4x4 - Gente de B\u00e1squet","robots":{"index":"index","follow":"follow","max-snippet":"max-snippet:-1","max-image-preview":"max-image-preview:large","max-video-preview":"max-video-preview:-1"},"canonical":"https:\/\/gentedebasquet.com.ar\/sitio\/2016\/09\/13\/classic-4x4\/","og_locale":"es_ES","og_type":"article","og_title":"Classic 4x4 - Gente de B\u00e1squet","og_description":"El modelo 2016 de 9 de Julio sigue invicto ante Pac\u00edfico: esta vez fue 85 a 73","og_url":"https:\/\/gentedebasquet.com.ar\/sitio\/2016\/09\/13\/classic-4x4\/","og_site_name":"Gente de B\u00e1squet","article_published_time":"2016-09-14T02:50:08+00:00","og_image":[{"width":690,"height":319,"url":"https:\/\/gentedebasquet.com.ar\/sitio\/wp-content\/uploads\/2016\/09\/9-de-Julio-Pacifico-Badano.jpg","type":"image\/jpeg"}],"author":"Gente de B\u00e1squet","twitter_card":"summary_large_image","twitter_misc":{"Escrito por":"Gente de B\u00e1squet","Tiempo de lectura":"4 minutos"},"schema":{"@context":"https:\/\/schema.org","@graph":[{"@type":"Article","@id":"https:\/\/gentedebasquet.com.ar\/sitio\/2016\/09\/13\/classic-4x4\/#article","isPartOf":{"@id":"https:\/\/gentedebasquet.com.ar\/sitio\/2016\/09\/13\/classic-4x4\/"},"author":{"name":"Gente de B\u00e1squet","@id":"https:\/\/gentedebasquet.com.ar\/sitio\/#\/schema\/person\/ca0b63bbb977369988a7bbbdc519943a"},"headline":"Classic 4&#215;4","datePublished":"2016-09-14T02:50:08+00:00","mainEntityOfPage":{"@id":"https:\/\/gentedebasquet.com.ar\/sitio\/2016\/09\/13\/classic-4x4\/"},"wordCount":867,"image":{"@id":"https:\/\/gentedebasquet.com.ar\/sitio\/2016\/09\/13\/classic-4x4\/#primaryimage"},"thumbnailUrl":"https:\/\/gentedebasquet.com.ar\/sitio\/wp-content\/uploads\/2016\/09\/9-de-Julio-Pacifico-Badano.jpg","keywords":["9 de Julio","Agust\u00edn Pena","Ezequiel Meneses","Francisco Bonaguro","Gonzalo Badano","Joaqu\u00edn Larrandart","Juan Cruz Marini","Lucas Lucchetti","Mariano Ticozzi","Pacifico"],"articleSection":["Segunda","Slide"],"inLanguage":"es"},{"@type":"WebPage","@id":"https:\/\/gentedebasquet.com.ar\/sitio\/2016\/09\/13\/classic-4x4\/","url":"https:\/\/gentedebasquet.com.ar\/sitio\/2016\/09\/13\/classic-4x4\/","name":"Classic 4x4 - Gente de B\u00e1squet","isPartOf":{"@id":"https:\/\/gentedebasquet.com.ar\/sitio\/#website"},"primaryImageOfPage":{"@id":"https:\/\/gentedebasquet.com.ar\/sitio\/2016\/09\/13\/classic-4x4\/#primaryimage"},"image":{"@id":"https:\/\/gentedebasquet.com.ar\/sitio\/2016\/09\/13\/classic-4x4\/#primaryimage"},"thumbnailUrl":"https:\/\/gentedebasquet.com.ar\/sitio\/wp-content\/uploads\/2016\/09\/9-de-Julio-Pacifico-Badano.jpg","datePublished":"2016-09-14T02:50:08+00:00","author":{"@id":"https:\/\/gentedebasquet.com.ar\/sitio\/#\/schema\/person\/ca0b63bbb977369988a7bbbdc519943a"},"breadcrumb":{"@id":"https:\/\/gentedebasquet.com.ar\/sitio\/2016\/09\/13\/classic-4x4\/#breadcrumb"},"inLanguage":"es","potentialAction":[{"@type":"ReadAction","target":["https:\/\/gentedebasquet.com.ar\/sitio\/2016\/09\/13\/classic-4x4\/"]}]},{"@type":"ImageObject","inLanguage":"es","@id":"https:\/\/gentedebasquet.com.ar\/sitio\/2016\/09\/13\/classic-4x4\/#primaryimage","url":"https:\/\/gentedebasquet.com.ar\/sitio\/wp-content\/uploads\/2016\/09\/9-de-Julio-Pacifico-Badano.jpg","contentUrl":"https:\/\/gentedebasquet.com.ar\/sitio\/wp-content\/uploads\/2016\/09\/9-de-Julio-Pacifico-Badano.jpg","width":690,"height":319},{"@type":"BreadcrumbList","@id":"https:\/\/gentedebasquet.com.ar\/sitio\/2016\/09\/13\/classic-4x4\/#breadcrumb","itemListElement":[{"@type":"ListItem","position":1,"name":"Portada","item":"https:\/\/gentedebasquet.com.ar\/sitio\/"},{"@type":"ListItem","position":2,"name":"Classic 4&#215;4"}]},{"@type":"WebSite","@id":"https:\/\/gentedebasquet.com.ar\/sitio\/#website","url":"https:\/\/gentedebasquet.com.ar\/sitio\/","name":"Gente de B\u00e1squet","description":"La revista del basquet de Bah\u00eda Blanca","potentialAction":[{"@type":"SearchAction","target":{"@type":"EntryPoint","urlTemplate":"https:\/\/gentedebasquet.com.ar\/sitio\/?s={search_term_string}"},"query-input":{"@type":"PropertyValueSpecification","valueRequired":true,"valueName":"search_term_string"}}],"inLanguage":"es"},{"@type":"Person","@id":"https:\/\/gentedebasquet.com.ar\/sitio\/#\/schema\/person\/ca0b63bbb977369988a7bbbdc519943a","name":"Gente de B\u00e1squet","image":{"@type":"ImageObject","inLanguage":"es","@id":"https:\/\/secure.gravatar.com\/avatar\/7f2c48bdc33b30088f941fb6082e555f2874c98e20cb159d7b92b50eadfce793?s=96&d=mm&r=g","url":"https:\/\/secure.gravatar.com\/avatar\/7f2c48bdc33b30088f941fb6082e555f2874c98e20cb159d7b92b50eadfce793?s=96&d=mm&r=g","contentUrl":"https:\/\/secure.gravatar.com\/avatar\/7f2c48bdc33b30088f941fb6082e555f2874c98e20cb159d7b92b50eadfce793?s=96&d=mm&r=g","caption":"Gente de B\u00e1squet"},"sameAs":["http:\/\/gentedebasquet.com.ar\/sitio"],"url":"https:\/\/gentedebasquet.com.ar\/sitio\/author\/ulises\/"}]}},"_links":{"self":[{"href":"https:\/\/gentedebasquet.com.ar\/sitio\/wp-json\/wp\/v2\/posts\/64211","targetHints":{"allow":["GET"]}}],"collection":[{"href":"https:\/\/gentedebasquet.com.ar\/sitio\/wp-json\/wp\/v2\/posts"}],"about":[{"href":"https:\/\/gentedebasquet.com.ar\/sitio\/wp-json\/wp\/v2\/types\/post"}],"author":[{"embeddable":true,"href":"https:\/\/gentedebasquet.com.ar\/sitio\/wp-json\/wp\/v2\/users\/1"}],"replies":[{"embeddable":true,"href":"https:\/\/gentedebasquet.com.ar\/sitio\/wp-json\/wp\/v2\/comments?post=64211"}],"version-history":[{"count":0,"href":"https:\/\/gentedebasquet.com.ar\/sitio\/wp-json\/wp\/v2\/posts\/64211\/revisions"}],"wp:featuredmedia":[{"embeddable":true,"href":"https:\/\/gentedebasquet.com.ar\/sitio\/wp-json\/wp\/v2\/media\/64198"}],"wp:attachment":[{"href":"https:\/\/gentedebasquet.com.ar\/sitio\/wp-json\/wp\/v2\/media?parent=64211"}],"wp:term":[{"taxonomy":"category","embeddable":true,"href":"https:\/\/gentedebasquet.com.ar\/sitio\/wp-json\/wp\/v2\/categories?post=64211"},{"taxonomy":"post_tag","embeddable":true,"href":"https:\/\/gentedebasquet.com.ar\/sitio\/wp-json\/wp\/v2\/tags?post=64211"}],"curies":[{"name":"wp","href":"https:\/\/api.w.org\/{rel}","templated":true}]}}