{"id":64342,"date":"2016-09-16T23:32:30","date_gmt":"2016-09-17T02:32:30","guid":{"rendered":"http:\/\/www.gentedebasquet.com.ar\/?p=64342"},"modified":"2016-09-16T23:32:30","modified_gmt":"2016-09-17T02:32:30","slug":"un-triunfo-colectivo","status":"publish","type":"post","link":"https:\/\/gentedebasquet.com.ar\/sitio\/2016\/09\/16\/un-triunfo-colectivo\/","title":{"rendered":"Un triunfo colectivo"},"content":{"rendered":"<p><strong>Como Carci, Mart\u00ednez y Trellini viajaban al 3&#215;3 CABB \u00a0a las 23.30 en colectivo, Barracas y 9 de Julio adelantaron el partido para las 20. En el bosque, el due\u00f1o de casa revirti\u00f3 un mal comienzo y termin\u00f3 imponi\u00e9ndose por 80 a 71. Justamente, los tres viajeros, integrantes del equipo \u00abEl Talism\u00e1n\u00bb, fueron los goleadores: Dami\u00e1n (18), Sebasti\u00e1n (18) y Mariano (15). La visita sac\u00f3 13 de luz en el 2C (23-34) y lleg\u00f3 a estar al frente a 6m08: 65-66; pero se qued\u00f3 sin opciones en ofensiva y cedi\u00f3 el juego. Mallemaci (18), el m\u00e1s destacado.<\/strong><\/p>\n<p>Dos triples de Carci amagaron con poner al frente a Barracas (7-5), aunque 9 de Julio tuvo m\u00e1s fluidez ofensiva y, en general, sinti\u00f3 el partido en gran parte del primer tiempo. Se jug\u00f3 al ritmo de la visita, con Badano controlando el per\u00edmetro y Bonaguro-Mallemaci da\u00f1ando en la pintura. As\u00ed, los siete de luz (18-25) con los que el equipo de Iannamico gan\u00f3 el 1C se estiraron a 13 (21-34) porque el due\u00f1o de casa no anot\u00f3 de campo en los primeros 3m35 del 2C.<\/p>\n<blockquote><p>Este partido no iba a ser f\u00e1cil. Sin jugar bien, con bastantes errores pero con un cambio defensivo fundamental, que fue irnos a una zona. Est\u00e1bamos muy mal en hombre, nos hab\u00edan sacado 13 puntos y cualquiera de ellos hac\u00eda lo que quer\u00eda. Y en alg\u00fan momento, como pasa generalmente con este equipo, aparece un jugador. El tema es tener paciencia para encontrar ese momento (Mariano Trellini)<\/p><\/blockquote>\n<p>No obstante, un tiempo muerto de Palumbo lo sacudi\u00f3. A partir de ese momento, el local sell\u00f3 un 12-0 que lo dej\u00f3 a un tanto (33-34) e incluso lleg\u00f3 a pasar moment\u00e1neamente al frente antes de irse al descanso largo (40-39). De regreso, el partido fue otro. Si bien Pordomingo cumpli\u00f3 con creces su tarea (molestar a Carci y ser opci\u00f3n en ataque) y Ticozzi dio una mano, Barracas fue tomando confianza, en gran parte, apoyado en su zona defensiva.<\/p>\n<p>Creci\u00f3 atr\u00e1s, oblig\u00f3 a lanzamientos inc\u00f3modos y hasta se dio el lujo de correr la cancha. Dos jugadas puntuales de Trellini (triple y\u00a0bandeja con falta), fueron determinantes para que el local llegue al cierre dominando el tanteador: 73-69 con 3m19 por delante. La visita careci\u00f3 de opciones (un gol de cancha en los \u00faltimos 4m08) y pr\u00e1cticamente entreg\u00f3 el juego. Solo qued\u00f3 tiempo para ir a tomar el colectivo.<\/p>\n<p>&nbsp;<\/p>\n<p>[vimeo]http:\/\/vimeo.com\/183082105[\/vimeo]<\/p>\n<p>&nbsp;<\/p>\n<p><strong>S\u00edntesis |<\/strong> Segunda Divisi\u00f3n &#8211; Oficial &#8211; Fecha #13<\/p>\n<p><strong>Barracas Central\u00a080:\u00a0<\/strong>Dami\u00e1n Carci 18,\u00a0Sebasti\u00e1n Mart\u00ednez 18,\u00a0Mariano Trellini 15,\u00a0Mauro Montanaro 5,\u00a0Mariano N\u00fa\u00f1ez 3 (Fi);\u00a0C\u00e9sar Massa 12,\u00a0Octavio Cancellarich 9 y\u00a0Joaqu\u00edn Gonz\u00e1lez 0.\u00a0DT: Juan Sergio Palumbo.<\/p>\n<p><strong>9 de Julio\u00a071:\u00a0<\/strong>Agust\u00edn Pena 0,\u00a0Lucas Lucchetti 15,\u00a0Gonzalo Badano 8,\u00a0Francisco Bonaguro 8,\u00a0Guillermo Mallemaci 18 (Fi);\u00a0Ezequiel Pordomingo 11,\u00a0Juli\u00e1n Turcato 1 y\u00a0Mariano Ticozzi 10.\u00a0DT: Andr\u00e9s Iannamico.<\/p>\n<p><strong>Parciales:\u00a0<\/strong>18-25, 40-41 (), 58-61 () y 80-71 ().<\/p>\n<p><strong>\u00c1rbitros:\u00a0<\/strong>Horacio Sed\u00e1n &#8211; Mauro Reyes.<\/p>\n<p><strong>Estadio:<\/strong>\u00a0El Bosque (Barracas).<\/p>\n<p><a href=\"https:\/\/docs.google.com\/spreadsheets\/d\/1i34tkjzAVBHeyzub4aJDd-APKeAJrJPTCPW6tM9FdaQ\/pubhtml\" target=\"_blank\" rel=\"noopener\">Ver planilla<\/a><\/p>\n<p>&nbsp;<\/p>\n<h5>AS\u00cd CONTIN\u00daA EL 3X3<\/h5>\n<p>El Tour oficial CABB 3\u00d73 tiene todo preparado para su definici\u00f3n este s\u00e1bado 17 de septiembre en el Rosedal de Palermo en el marco del NBA 3X. Despu\u00e9s de un gran esfuerzo por parte de la Confederaci\u00f3n y las Federaciones provinciales, los equipos que consiguieron su lugar en la fase clasificatoria, disputar\u00e1n la Final Nacional este s\u00e1bado en el Rosedal.<\/p>\n<p>El evento, organizado en conjunto de la CABB y la NBA, contar\u00e1 con la presencia de Carlos Delfino adem\u00e1s de las animadoras y la mascota de los Toronto Raptors. Durante el d\u00eda de competencia, se disputar\u00e1 la fase regular de cada una de las categor\u00edas para luego disputarse la fase de playoff que determinar\u00e1 al campe\u00f3n de U16 Masculino; U16 Femenino; Libre Masculino; Libre Femenino.<\/p>\n<p>Durante parte del a\u00f1o, el Tour Oficial 3\u00d73 de la CABB realiz\u00f3 una serie de paradas oficiales que sirvieron como instancia clasificatoria para la Final Nacional. En las \u00faltimas semanas, el Tour pas\u00f3 por Bah\u00eda Blanca, Puerto Madryn, Goya y R\u00edo Grande, entre otras ciudades. Los finalistas en cada una de las categor\u00edas accedieron a la Final junto con los ganadores de cada uno de los sat\u00e9lites que se disputaron alrededor del pa\u00eds.<\/p>\n<p>Vale recordar que lo que est\u00e1 en disputa no es ni m\u00e1s ni menos que un lugar en el World Tour de 3\u00d73 que se disputar\u00e1 en la ciudad de M\u00e9xico y que otorgar\u00e1 un lugar para la Final Mundial en los Emiratos \u00c1rabes Unidos.<\/p>\n<p>Estos son los finalistas en cada categor\u00eda:<\/p>\n<p><span style=\"color: #ff6600;\"><strong>U16 Femenino<\/strong><\/span><\/p>\n<p>Las Gallegas (FEBAMBA)<br \/>\nLas Galleguitas (FEBAMBA)<br \/>\n<strong>Independiente\u00a0(Bah\u00eda Blanca), con\u00a0Lucila Go\u00f1i, Mar\u00eda Victoria P\u00e9rez, Nicolle Abelda\u00f1o y Agustina T\u00e9vez.<\/strong><br \/>\nSanta Pesadilla (R\u00edo Gallegos)<\/p>\n<p><span style=\"color: #ff6600;\"><strong>U16 Masculino<\/strong><\/span><\/p>\n<p>OSN (FEBAMBA)<br \/>\nMor\u00f3n (FEBAMBA)<br \/>\nMambas (Puerto Madryn)<br \/>\nFour Team (Puerto Madryn)<br \/>\nProbasquet (Santa Fe)<br \/>\nUni\u00f3n de Santa Fe (Santa Fe)<br \/>\n<strong>Face to Face (Bah\u00eda Blanca), con\u00a0Mateo Fern\u00e1ndez Solari, Juan Cruz Marini, Juli\u00e1n Kloster y Alan Prost.<\/strong><br \/>\nLos reyes de la cancha (Corrientes)<\/p>\n<p><span style=\"color: #ff6600;\"><strong>Libre Femenino<\/strong><\/span><\/p>\n<p>Mandale Mandale (Sat\u00e9lite)<br \/>\nCDB (FEBAMBA)<br \/>\nMe r\u00edo de Janeiro (FEBAMBA)<br \/>\nFuis\u00f3n (R\u00edo Grande)<br \/>\n<strong>La Garra (Bah\u00eda Blanca), con\u00a0Nadia Vrizz, Josefina Calvento, Marianella Pye y Mar\u00eda Bel\u00e9n Tombesi.<\/strong><br \/>\nLas Santas (R\u00edo Gallegos)<\/p>\n<p><span style=\"color: #ff6600;\"><strong>Libre Masculino<\/strong><\/span><\/p>\n<p>Pergamino (Bs As)<br \/>\nDunk (Sat\u00e9lite)<br \/>\nObras 1 (FEBAMBA)<br \/>\nObras 2 (FEBAMBA)<br \/>\nBasket Sur (R\u00edo Gallegos)<br \/>\nClub Brown (Puerto Madryn)<br \/>\nOnce 14 (R\u00edo Grande)<br \/>\n<strong>El Talism\u00e1n (Bah\u00eda Blanca), con\u00a0Mariano y Mauro Trellini, Dami\u00e1n Carci y Sebasti\u00e1n Mart\u00ednez.<\/strong><br \/>\nDrink Team (Corrientes)<\/p>\n","protected":false},"excerpt":{"rendered":"<p>Barracas venci\u00f3 a 9 de Julio m\u00e1s temprano, porque a \u00abEl Talism\u00e1n\u00bb se le iba el bondi<\/p>\n","protected":false},"author":1,"featured_media":64345,"comment_status":"closed","ping_status":"open","sticky":false,"template":"","format":"standard","meta":{"jnews-multi-image_gallery":[],"jnews_single_post":[],"jnews_primary_category":[],"footnotes":""},"categories":[25,101],"tags":[699,2,6,527,360,619,254],"class_list":["post-64342","post","type-post","status-publish","format-standard","has-post-thumbnail","hentry","category-segunda","category-slide","tag-3x3-fiba","tag-9dejulio","tag-barracas-central","tag-damian-carci","tag-guillermo-mallemaci","tag-mariano-trellini","tag-sebastian-martinez"],"yoast_head":"<!-- This site is optimized with the Yoast SEO plugin v27.5 - https:\/\/yoast.com\/product\/yoast-seo-wordpress\/ -->\n<title>Un triunfo colectivo - Gente de B\u00e1squet<\/title>\n<meta name=\"robots\" content=\"index, follow, max-snippet:-1, max-image-preview:large, max-video-preview:-1\" \/>\n<link rel=\"canonical\" href=\"https:\/\/gentedebasquet.com.ar\/sitio\/2016\/09\/16\/un-triunfo-colectivo\/\" \/>\n<meta property=\"og:locale\" content=\"es_ES\" \/>\n<meta property=\"og:type\" content=\"article\" \/>\n<meta property=\"og:title\" content=\"Un triunfo colectivo - Gente de B\u00e1squet\" \/>\n<meta property=\"og:description\" content=\"Barracas venci\u00f3 a 9 de Julio m\u00e1s temprano, porque a &quot;El Talism\u00e1n&quot; se le iba el bondi\" \/>\n<meta property=\"og:url\" content=\"https:\/\/gentedebasquet.com.ar\/sitio\/2016\/09\/16\/un-triunfo-colectivo\/\" \/>\n<meta property=\"og:site_name\" content=\"Gente de B\u00e1squet\" \/>\n<meta property=\"article:published_time\" content=\"2016-09-17T02:32:30+00:00\" \/>\n<meta property=\"og:image\" content=\"https:\/\/gentedebasquet.com.ar\/sitio\/wp-content\/uploads\/2016\/09\/Barracas-9-de-Julio.jpg\" \/>\n\t<meta property=\"og:image:width\" content=\"690\" \/>\n\t<meta property=\"og:image:height\" content=\"319\" \/>\n\t<meta property=\"og:image:type\" content=\"image\/jpeg\" \/>\n<meta name=\"author\" content=\"Gente de B\u00e1squet\" \/>\n<meta name=\"twitter:card\" content=\"summary_large_image\" \/>\n<meta name=\"twitter:label1\" content=\"Escrito por\" \/>\n\t<meta name=\"twitter:data1\" content=\"Gente de B\u00e1squet\" \/>\n\t<meta name=\"twitter:label2\" content=\"Tiempo de lectura\" \/>\n\t<meta name=\"twitter:data2\" content=\"5 minutos\" \/>\n<script type=\"application\/ld+json\" class=\"yoast-schema-graph\">{\"@context\":\"https:\\\/\\\/schema.org\",\"@graph\":[{\"@type\":\"Article\",\"@id\":\"https:\\\/\\\/gentedebasquet.com.ar\\\/sitio\\\/2016\\\/09\\\/16\\\/un-triunfo-colectivo\\\/#article\",\"isPartOf\":{\"@id\":\"https:\\\/\\\/gentedebasquet.com.ar\\\/sitio\\\/2016\\\/09\\\/16\\\/un-triunfo-colectivo\\\/\"},\"author\":{\"name\":\"Gente de B\u00e1squet\",\"@id\":\"https:\\\/\\\/gentedebasquet.com.ar\\\/sitio\\\/#\\\/schema\\\/person\\\/ca0b63bbb977369988a7bbbdc519943a\"},\"headline\":\"Un triunfo colectivo\",\"datePublished\":\"2016-09-17T02:32:30+00:00\",\"mainEntityOfPage\":{\"@id\":\"https:\\\/\\\/gentedebasquet.com.ar\\\/sitio\\\/2016\\\/09\\\/16\\\/un-triunfo-colectivo\\\/\"},\"wordCount\":947,\"image\":{\"@id\":\"https:\\\/\\\/gentedebasquet.com.ar\\\/sitio\\\/2016\\\/09\\\/16\\\/un-triunfo-colectivo\\\/#primaryimage\"},\"thumbnailUrl\":\"https:\\\/\\\/gentedebasquet.com.ar\\\/sitio\\\/wp-content\\\/uploads\\\/2016\\\/09\\\/Barracas-9-de-Julio.jpg\",\"keywords\":[\"3x3 FIBA\",\"9 de Julio\",\"Barracas Central\",\"Dami\u00e1n Carci\",\"Guillermo Mallemaci\",\"Mariano Trellini\",\"Sebasti\u00e1n Mart\u00ednez\"],\"articleSection\":[\"Segunda\",\"Slide\"],\"inLanguage\":\"es\"},{\"@type\":\"WebPage\",\"@id\":\"https:\\\/\\\/gentedebasquet.com.ar\\\/sitio\\\/2016\\\/09\\\/16\\\/un-triunfo-colectivo\\\/\",\"url\":\"https:\\\/\\\/gentedebasquet.com.ar\\\/sitio\\\/2016\\\/09\\\/16\\\/un-triunfo-colectivo\\\/\",\"name\":\"Un triunfo colectivo - Gente de B\u00e1squet\",\"isPartOf\":{\"@id\":\"https:\\\/\\\/gentedebasquet.com.ar\\\/sitio\\\/#website\"},\"primaryImageOfPage\":{\"@id\":\"https:\\\/\\\/gentedebasquet.com.ar\\\/sitio\\\/2016\\\/09\\\/16\\\/un-triunfo-colectivo\\\/#primaryimage\"},\"image\":{\"@id\":\"https:\\\/\\\/gentedebasquet.com.ar\\\/sitio\\\/2016\\\/09\\\/16\\\/un-triunfo-colectivo\\\/#primaryimage\"},\"thumbnailUrl\":\"https:\\\/\\\/gentedebasquet.com.ar\\\/sitio\\\/wp-content\\\/uploads\\\/2016\\\/09\\\/Barracas-9-de-Julio.jpg\",\"datePublished\":\"2016-09-17T02:32:30+00:00\",\"author\":{\"@id\":\"https:\\\/\\\/gentedebasquet.com.ar\\\/sitio\\\/#\\\/schema\\\/person\\\/ca0b63bbb977369988a7bbbdc519943a\"},\"breadcrumb\":{\"@id\":\"https:\\\/\\\/gentedebasquet.com.ar\\\/sitio\\\/2016\\\/09\\\/16\\\/un-triunfo-colectivo\\\/#breadcrumb\"},\"inLanguage\":\"es\",\"potentialAction\":[{\"@type\":\"ReadAction\",\"target\":[\"https:\\\/\\\/gentedebasquet.com.ar\\\/sitio\\\/2016\\\/09\\\/16\\\/un-triunfo-colectivo\\\/\"]}]},{\"@type\":\"ImageObject\",\"inLanguage\":\"es\",\"@id\":\"https:\\\/\\\/gentedebasquet.com.ar\\\/sitio\\\/2016\\\/09\\\/16\\\/un-triunfo-colectivo\\\/#primaryimage\",\"url\":\"https:\\\/\\\/gentedebasquet.com.ar\\\/sitio\\\/wp-content\\\/uploads\\\/2016\\\/09\\\/Barracas-9-de-Julio.jpg\",\"contentUrl\":\"https:\\\/\\\/gentedebasquet.com.ar\\\/sitio\\\/wp-content\\\/uploads\\\/2016\\\/09\\\/Barracas-9-de-Julio.jpg\",\"width\":690,\"height\":319},{\"@type\":\"BreadcrumbList\",\"@id\":\"https:\\\/\\\/gentedebasquet.com.ar\\\/sitio\\\/2016\\\/09\\\/16\\\/un-triunfo-colectivo\\\/#breadcrumb\",\"itemListElement\":[{\"@type\":\"ListItem\",\"position\":1,\"name\":\"Portada\",\"item\":\"https:\\\/\\\/gentedebasquet.com.ar\\\/sitio\\\/\"},{\"@type\":\"ListItem\",\"position\":2,\"name\":\"Un triunfo colectivo\"}]},{\"@type\":\"WebSite\",\"@id\":\"https:\\\/\\\/gentedebasquet.com.ar\\\/sitio\\\/#website\",\"url\":\"https:\\\/\\\/gentedebasquet.com.ar\\\/sitio\\\/\",\"name\":\"Gente de B\u00e1squet\",\"description\":\"La revista del basquet de Bah\u00eda Blanca\",\"potentialAction\":[{\"@type\":\"SearchAction\",\"target\":{\"@type\":\"EntryPoint\",\"urlTemplate\":\"https:\\\/\\\/gentedebasquet.com.ar\\\/sitio\\\/?s={search_term_string}\"},\"query-input\":{\"@type\":\"PropertyValueSpecification\",\"valueRequired\":true,\"valueName\":\"search_term_string\"}}],\"inLanguage\":\"es\"},{\"@type\":\"Person\",\"@id\":\"https:\\\/\\\/gentedebasquet.com.ar\\\/sitio\\\/#\\\/schema\\\/person\\\/ca0b63bbb977369988a7bbbdc519943a\",\"name\":\"Gente de B\u00e1squet\",\"image\":{\"@type\":\"ImageObject\",\"inLanguage\":\"es\",\"@id\":\"https:\\\/\\\/secure.gravatar.com\\\/avatar\\\/7f2c48bdc33b30088f941fb6082e555f2874c98e20cb159d7b92b50eadfce793?s=96&d=mm&r=g\",\"url\":\"https:\\\/\\\/secure.gravatar.com\\\/avatar\\\/7f2c48bdc33b30088f941fb6082e555f2874c98e20cb159d7b92b50eadfce793?s=96&d=mm&r=g\",\"contentUrl\":\"https:\\\/\\\/secure.gravatar.com\\\/avatar\\\/7f2c48bdc33b30088f941fb6082e555f2874c98e20cb159d7b92b50eadfce793?s=96&d=mm&r=g\",\"caption\":\"Gente de B\u00e1squet\"},\"sameAs\":[\"http:\\\/\\\/gentedebasquet.com.ar\\\/sitio\"],\"url\":\"https:\\\/\\\/gentedebasquet.com.ar\\\/sitio\\\/author\\\/ulises\\\/\"}]}<\/script>\n<!-- \/ Yoast SEO plugin. -->","yoast_head_json":{"title":"Un triunfo colectivo - Gente de B\u00e1squet","robots":{"index":"index","follow":"follow","max-snippet":"max-snippet:-1","max-image-preview":"max-image-preview:large","max-video-preview":"max-video-preview:-1"},"canonical":"https:\/\/gentedebasquet.com.ar\/sitio\/2016\/09\/16\/un-triunfo-colectivo\/","og_locale":"es_ES","og_type":"article","og_title":"Un triunfo colectivo - Gente de B\u00e1squet","og_description":"Barracas venci\u00f3 a 9 de Julio m\u00e1s temprano, porque a \"El Talism\u00e1n\" se le iba el bondi","og_url":"https:\/\/gentedebasquet.com.ar\/sitio\/2016\/09\/16\/un-triunfo-colectivo\/","og_site_name":"Gente de B\u00e1squet","article_published_time":"2016-09-17T02:32:30+00:00","og_image":[{"width":690,"height":319,"url":"https:\/\/gentedebasquet.com.ar\/sitio\/wp-content\/uploads\/2016\/09\/Barracas-9-de-Julio.jpg","type":"image\/jpeg"}],"author":"Gente de B\u00e1squet","twitter_card":"summary_large_image","twitter_misc":{"Escrito por":"Gente de B\u00e1squet","Tiempo de lectura":"5 minutos"},"schema":{"@context":"https:\/\/schema.org","@graph":[{"@type":"Article","@id":"https:\/\/gentedebasquet.com.ar\/sitio\/2016\/09\/16\/un-triunfo-colectivo\/#article","isPartOf":{"@id":"https:\/\/gentedebasquet.com.ar\/sitio\/2016\/09\/16\/un-triunfo-colectivo\/"},"author":{"name":"Gente de B\u00e1squet","@id":"https:\/\/gentedebasquet.com.ar\/sitio\/#\/schema\/person\/ca0b63bbb977369988a7bbbdc519943a"},"headline":"Un triunfo colectivo","datePublished":"2016-09-17T02:32:30+00:00","mainEntityOfPage":{"@id":"https:\/\/gentedebasquet.com.ar\/sitio\/2016\/09\/16\/un-triunfo-colectivo\/"},"wordCount":947,"image":{"@id":"https:\/\/gentedebasquet.com.ar\/sitio\/2016\/09\/16\/un-triunfo-colectivo\/#primaryimage"},"thumbnailUrl":"https:\/\/gentedebasquet.com.ar\/sitio\/wp-content\/uploads\/2016\/09\/Barracas-9-de-Julio.jpg","keywords":["3x3 FIBA","9 de Julio","Barracas Central","Dami\u00e1n Carci","Guillermo Mallemaci","Mariano Trellini","Sebasti\u00e1n Mart\u00ednez"],"articleSection":["Segunda","Slide"],"inLanguage":"es"},{"@type":"WebPage","@id":"https:\/\/gentedebasquet.com.ar\/sitio\/2016\/09\/16\/un-triunfo-colectivo\/","url":"https:\/\/gentedebasquet.com.ar\/sitio\/2016\/09\/16\/un-triunfo-colectivo\/","name":"Un triunfo colectivo - Gente de B\u00e1squet","isPartOf":{"@id":"https:\/\/gentedebasquet.com.ar\/sitio\/#website"},"primaryImageOfPage":{"@id":"https:\/\/gentedebasquet.com.ar\/sitio\/2016\/09\/16\/un-triunfo-colectivo\/#primaryimage"},"image":{"@id":"https:\/\/gentedebasquet.com.ar\/sitio\/2016\/09\/16\/un-triunfo-colectivo\/#primaryimage"},"thumbnailUrl":"https:\/\/gentedebasquet.com.ar\/sitio\/wp-content\/uploads\/2016\/09\/Barracas-9-de-Julio.jpg","datePublished":"2016-09-17T02:32:30+00:00","author":{"@id":"https:\/\/gentedebasquet.com.ar\/sitio\/#\/schema\/person\/ca0b63bbb977369988a7bbbdc519943a"},"breadcrumb":{"@id":"https:\/\/gentedebasquet.com.ar\/sitio\/2016\/09\/16\/un-triunfo-colectivo\/#breadcrumb"},"inLanguage":"es","potentialAction":[{"@type":"ReadAction","target":["https:\/\/gentedebasquet.com.ar\/sitio\/2016\/09\/16\/un-triunfo-colectivo\/"]}]},{"@type":"ImageObject","inLanguage":"es","@id":"https:\/\/gentedebasquet.com.ar\/sitio\/2016\/09\/16\/un-triunfo-colectivo\/#primaryimage","url":"https:\/\/gentedebasquet.com.ar\/sitio\/wp-content\/uploads\/2016\/09\/Barracas-9-de-Julio.jpg","contentUrl":"https:\/\/gentedebasquet.com.ar\/sitio\/wp-content\/uploads\/2016\/09\/Barracas-9-de-Julio.jpg","width":690,"height":319},{"@type":"BreadcrumbList","@id":"https:\/\/gentedebasquet.com.ar\/sitio\/2016\/09\/16\/un-triunfo-colectivo\/#breadcrumb","itemListElement":[{"@type":"ListItem","position":1,"name":"Portada","item":"https:\/\/gentedebasquet.com.ar\/sitio\/"},{"@type":"ListItem","position":2,"name":"Un triunfo colectivo"}]},{"@type":"WebSite","@id":"https:\/\/gentedebasquet.com.ar\/sitio\/#website","url":"https:\/\/gentedebasquet.com.ar\/sitio\/","name":"Gente de B\u00e1squet","description":"La revista del basquet de Bah\u00eda Blanca","potentialAction":[{"@type":"SearchAction","target":{"@type":"EntryPoint","urlTemplate":"https:\/\/gentedebasquet.com.ar\/sitio\/?s={search_term_string}"},"query-input":{"@type":"PropertyValueSpecification","valueRequired":true,"valueName":"search_term_string"}}],"inLanguage":"es"},{"@type":"Person","@id":"https:\/\/gentedebasquet.com.ar\/sitio\/#\/schema\/person\/ca0b63bbb977369988a7bbbdc519943a","name":"Gente de B\u00e1squet","image":{"@type":"ImageObject","inLanguage":"es","@id":"https:\/\/secure.gravatar.com\/avatar\/7f2c48bdc33b30088f941fb6082e555f2874c98e20cb159d7b92b50eadfce793?s=96&d=mm&r=g","url":"https:\/\/secure.gravatar.com\/avatar\/7f2c48bdc33b30088f941fb6082e555f2874c98e20cb159d7b92b50eadfce793?s=96&d=mm&r=g","contentUrl":"https:\/\/secure.gravatar.com\/avatar\/7f2c48bdc33b30088f941fb6082e555f2874c98e20cb159d7b92b50eadfce793?s=96&d=mm&r=g","caption":"Gente de B\u00e1squet"},"sameAs":["http:\/\/gentedebasquet.com.ar\/sitio"],"url":"https:\/\/gentedebasquet.com.ar\/sitio\/author\/ulises\/"}]}},"_links":{"self":[{"href":"https:\/\/gentedebasquet.com.ar\/sitio\/wp-json\/wp\/v2\/posts\/64342","targetHints":{"allow":["GET"]}}],"collection":[{"href":"https:\/\/gentedebasquet.com.ar\/sitio\/wp-json\/wp\/v2\/posts"}],"about":[{"href":"https:\/\/gentedebasquet.com.ar\/sitio\/wp-json\/wp\/v2\/types\/post"}],"author":[{"embeddable":true,"href":"https:\/\/gentedebasquet.com.ar\/sitio\/wp-json\/wp\/v2\/users\/1"}],"replies":[{"embeddable":true,"href":"https:\/\/gentedebasquet.com.ar\/sitio\/wp-json\/wp\/v2\/comments?post=64342"}],"version-history":[{"count":0,"href":"https:\/\/gentedebasquet.com.ar\/sitio\/wp-json\/wp\/v2\/posts\/64342\/revisions"}],"wp:featuredmedia":[{"embeddable":true,"href":"https:\/\/gentedebasquet.com.ar\/sitio\/wp-json\/wp\/v2\/media\/64345"}],"wp:attachment":[{"href":"https:\/\/gentedebasquet.com.ar\/sitio\/wp-json\/wp\/v2\/media?parent=64342"}],"wp:term":[{"taxonomy":"category","embeddable":true,"href":"https:\/\/gentedebasquet.com.ar\/sitio\/wp-json\/wp\/v2\/categories?post=64342"},{"taxonomy":"post_tag","embeddable":true,"href":"https:\/\/gentedebasquet.com.ar\/sitio\/wp-json\/wp\/v2\/tags?post=64342"}],"curies":[{"name":"wp","href":"https:\/\/api.w.org\/{rel}","templated":true}]}}