{"id":64657,"date":"2016-09-26T19:40:20","date_gmt":"2016-09-26T22:40:20","guid":{"rendered":"http:\/\/www.gentedebasquet.com.ar\/?p=64657"},"modified":"2016-09-26T19:40:20","modified_gmt":"2016-09-26T22:40:20","slug":"juega","status":"publish","type":"post","link":"https:\/\/gentedebasquet.com.ar\/sitio\/2016\/09\/26\/juega\/","title":{"rendered":"Juega"},"content":{"rendered":"<p><strong>Este lunes por la tarde, la Asociaci\u00f3n de Clubes dio a conocer parte del fixture de la primera fase de la temporada 2016\/2017 del TNA. El mismo contiene los partidos de octubre y noviembre e incluye a Olimpo, que horas m\u00e1s tarde\u00a0confirm\u00f3 su participaci\u00f3n. Su debut ser\u00e1 el venidero 16 de octubre, en Olavarr\u00eda y ante Estudiantes. Adem\u00e1s, el equipo que conducir\u00e1 Franco Maceratesi ya concret\u00f3 dos refuerzos y tiene tres m\u00e1s en la mira (dos de ellos, extranjeros). En tanto, el partido inaugural lo animar\u00e1n Barrio Parque y San Isidro, el martes 11.<\/strong><\/p>\n<p>El plantel ser\u00e1 conducido por Franco Maceratesi, aunque sufrir\u00e1 un cambio rotundo respecto a la \u00faltima temporada. El base ser\u00e1 Ramiro Iglesias, ex jugador de Sionista de Paran\u00e1 y de \u00faltimo paso por San Mart\u00edn de Corrientes. Adem\u00e1s, el aurinegro concret\u00f3 el regreso de Lucas Mar\u00edn (U23), que disput\u00f3 el Federal con Uni\u00f3n Vecinal (La Plata) y jug\u00f3 varios partidos durante el receso en su Argentino. Y tambi\u00e9n se asegur\u00f3 al interno Jos\u00e9 Fabio, argentino nacionalizado paraguayo y ex Monte B\u00e1squet.<\/p>\n<p>No obstante, Olimpo no contar\u00e1 con Cristian Miguel (pas\u00f3 a Villa Mitre para jugar el Federal), Facundo Arens (decidi\u00f3 ser parte del equipo en el torneo local y entrenar\u00e1 con Bah\u00eda Basket) y Mat\u00edas Chaves (solo jugar\u00e1 el torneo local).<\/p>\n<p>Para completar su dotaci\u00f3n, que obviamente incluye a los juveniles Agust\u00edn S\u00e1nchez, Ruesga y Bettiga, Olimpo est\u00e1 interesado en dos for\u00e1neos (Jerry Evans y Spencer Collins) y\u00a0sonde\u00f3 a dos nacionales m\u00e1s (entre otros, a Facundo Brizuela), ya que no contar\u00eda con Mat\u00edas Chaves, Jorge Garc\u00eda ni Juan Ignacio Reiner y reci\u00e9n en diciembre podr\u00eda incorporar a Franco Pennacchiotti (tiene contrato en Bahiense del Norte).<\/p>\n<p>&nbsp;<\/p>\n<h5>Primera Fase<\/h5>\n<p><strong>Domingo 16 de octubre<\/strong><br \/>\nVilla San Mart\u00edn &#8211; Hind\u00fa<br \/>\nMitre &#8211; Salta Basket<br \/>\nIndependiente BBC &#8211; Tiro Federal<br \/>\nCiclista &#8211; Parque Sur<br \/>\nLa Uni\u00f3n (C) &#8211; Rocamora<br \/>\nGELP &#8211; Temperley<br \/>\nEstudiantes (O) &#8211; <span style=\"color: #ff6600;\">Olimpo<\/span><br \/>\nDep. Viedma &#8211; Petrolero<\/p>\n<p><strong>Martes 18 de octubre<\/strong><br \/>\nSp. Las Parejas &#8211; Barrio Parque<br \/>\nGELP &#8211; Parque Sur<br \/>\nAtenas (CP) &#8211; Petrolero<br \/>\nEstudiantes (O) &#8211; <span style=\"color: #ff6600;\">Olimpo<\/span><\/p>\n<p><strong>Mi\u00e9rcoles 19 de octubre<\/strong><br \/>\nVilla \u00c1ngela &#8211; Villa San Mart\u00edn<br \/>\nIndependiente BBC &#8211; San Isidro<br \/>\nPlatense &#8211; Ciclista<br \/>\nRocamora &#8211; La Uni\u00f3n (C)<\/p>\n<p><strong>Viernes 21 de octubre<\/strong><br \/>\nMitre &#8211; Comunicaciones<br \/>\nHind\u00fa &#8211; OTC<br \/>\nUni\u00f3n &#8211; Sp. Las Parejas<br \/>\nTemperley &#8211; GELP<br \/>\n<span style=\"color: #ff6600;\">Olimpo<\/span> &#8211; Dep. Viedma<\/p>\n<p><strong>S\u00e1bado 22 de octubre<\/strong><br \/>\nParque Sur &#8211; La Uni\u00f3n (C)<br \/>\nPlatense &#8211; Rocamora<\/p>\n<p><strong>Domingo 23 de octubr<\/strong>e<br \/>\nSalta Basket &#8211; Comunicaciones<br \/>\nVilla San Mart\u00edn &#8211; OTC<br \/>\nBarrio Parque &#8211; Independiente BBC<br \/>\nSan Isidro &#8211; Tiro Federal<br \/>\nUni\u00f3n &#8211; Sp. Las Parejas<br \/>\nEstudiantes (O) &#8211; Dep. Viedma<br \/>\nPetrolero &#8211; Hurac\u00e1n<\/p>\n<p><strong>Lunes 24 de octubre<\/strong><br \/>\nGELP &#8211; Rocamora<\/p>\n<p><strong>Martes 25 de octubre<\/strong><br \/>\nBarrio Parque &#8211; Independiente BBC<br \/>\nParque Sur &#8211; Ciclista<br \/>\nPetrolero &#8211; Hurac\u00e1n<\/p>\n<p><strong>Mi\u00e9rcoles 26 de octubre<\/strong><br \/>\nSalta Basket &#8211; Villa \u00c1ngela<br \/>\nLa Uni\u00f3n (C) &#8211; Platense<br \/>\nDep. Viedma &#8211; Atenas (CP)<\/p>\n<p><strong>Viernes 28 de octubre<\/strong><br \/>\nMitre &#8211; Villa \u00c1ngela<br \/>\nComunicaciones &#8211; Hind\u00fa<br \/>\nTiro Federal &#8211; San Isidro<br \/>\nIndependiente BBC &#8211; Uni\u00f3n<br \/>\nCiclista &#8211; Temperley<br \/>\nRocamora &#8211; Platense<br \/>\nHurac\u00e1n &#8211; <span style=\"color: #ff6600;\">Olimpo<\/span><br \/>\nAtenas &#8211; Estudiantes<\/p>\n<p><strong>Domingo 30 de octubre<\/strong><br \/>\nOTC &#8211; Hind\u00fa<br \/>\nMitre &#8211; Villa San Mart\u00edn<br \/>\nBarrio Parque &#8211; Uni\u00f3n<br \/>\nParque Sur &#8211; Platense<br \/>\nDep. Viedma &#8211; Estudiantes<\/p>\n<p><strong>Lunes 31 de octubre<\/strong><br \/>\nSp. Las Pareja &#8211; Tiro Federal<br \/>\nGELP &#8211; Ciclista<\/p>\n<p><strong>Martes 1 de noviembre<\/strong><br \/>\nSalta Basket &#8211; Villa San Mart\u00edn<br \/>\nHurac\u00e1n &#8211; Estudiantes<\/p>\n<p><strong>Mi\u00e9rcoles 2 de noviembre<\/strong><br \/>\nVilla \u00c1ngela &#8211; OTC<br \/>\nSan Isidro &#8211; Barrio Parque<br \/>\nUni\u00f3n &#8211; Tiro Federal<br \/>\nLa Uni\u00f3n (C) &#8211; Parque Sur<br \/>\nTemperley &#8211; Rocamora<\/p>\n<p><strong>Jueves 3 de noviembre<\/strong><br \/>\nAtenas &#8211; Dep. Viedma<br \/>\n<span style=\"color: #ff6600;\">Olimpo<\/span> &#8211; Petrolero<\/p>\n<p><strong>Viernes 4 de noviembre<\/strong><br \/>\nHind\u00fa &#8211; Salta Basket<br \/>\nComunicaciones &#8211; OTC<br \/>\nSp. Las Parejas &#8211; Independiente BBC<br \/>\nCiclista &#8211; Rocamora<\/p>\n<p><strong>S\u00e1bado 5 de noviembre<\/strong><br \/>\nEstudiantes &#8211; Petrolero<\/p>\n<p><strong>Domingo 6 de noviembre<\/strong><br \/>\nVilla \u00c1ngela &#8211; Mitre<br \/>\nVilla San Mart\u00edn &#8211; Salta Basket<br \/>\nTiro Federal &#8211; Barrio Parque<br \/>\nUni\u00f3n &#8211; Independiente BBC<br \/>\nPlatense &#8211; GELP<br \/>\nTemperley &#8211; La Uni\u00f3n (C)<br \/>\nHurac\u00e1n &#8211; Atenas<\/p>\n<p><strong>Martes 8 de noviembre<\/strong><br \/>\nOTC &#8211; Comunicaciones<br \/>\nHind\u00fa &#8211; Mitre<br \/>\nVilla \u00c1ngela &#8211; Salta Basket<br \/>\nTiro &#8211; San Isidro<br \/>\nRocamora &#8211; Ciclista<br \/>\nPlatense &#8211; La Uni\u00f3n (C)<br \/>\nPetrolero &#8211; Atenas<\/p>\n<p><strong>Mi\u00e9rcoles 9 de noviembre<\/strong><\/p>\n<p>Barrio Parque &#8211; Las Parejas<br \/>\nP. Sur &#8211; Temperley<br \/>\nD. Viedma &#8211; Hurac\u00e1n<\/p>\n<p><strong>Jueves 10 de noviembre<\/strong><br \/>\nHind\u00fa &#8211; Comunicaciones<br \/>\nOTC &#8211; Mitre<\/p>\n<p><strong>Viernes 11 de noviembre<\/strong><br \/>\nVilla SM &#8211; Villa \u00c1ngela<br \/>\nIndependiente BBC &#8211; Las Parejas<br \/>\nSan Isidro &#8211; Uni\u00f3n<br \/>\nCiclista &#8211; GELP<br \/>\nRocamora &#8211; Temperley<br \/>\nPetrolero &#8211; <span style=\"color: #ff6600;\">Olimpo<\/span><br \/>\nAtenas &#8211; Hurac\u00e1n<\/p>\n<p><strong>Domingo 13 de noviembre<\/strong><br \/>\nSalta &#8211; Hind\u00fa<br \/>\nComunicaciones &#8211; V. \u00c1ngela<br \/>\nTiro &#8211; Uni\u00f3n<br \/>\nCiclista &#8211; Platense<br \/>\nLa Uni\u00f3n (C) &#8211; Temperley<\/p>\n<p><strong>Lunes 14 de noviembre<\/strong><br \/>\nEstudiantes (O) &#8211; Atenas (CP)<\/p>\n<p><strong>Martes 15 de noviembre<\/strong><br \/>\nMitre &#8211; Hind\u00fa<br \/>\nSalta &#8211; OTC<br \/>\nLas Parejas &#8211; San Isidros<br \/>\nP. Sur &#8211; Rocamora<br \/>\nHurac\u00e1n &#8211; D. Viedma<\/p>\n<p><strong>Mi\u00e9rcoles 16 de noviembre<\/strong><br \/>\nV. San Mart\u00edn &#8211; Comunicaciones<br \/>\nIndependiente BBC &#8211; B. Parque<br \/>\nGELP &#8211; La Uni\u00f3n (C)<br \/>\n<span style=\"color: #ff6600;\">Olimpo<\/span> &#8211; Atenas<\/p>\n<p><strong>Jueves 17 de noviembre<\/strong><br \/>\nMitre &#8211; OTC<br \/>\nUni\u00f3n &#8211; San Isidro<br \/>\nTemperley &#8211; Platense<br \/>\nPetrolero &#8211; Estudiantes<\/p>\n<p><strong>Viernes 18 de noviembre<\/strong><br \/>\nV. \u00c1ngela &#8211; Comunicaciones<br \/>\nIndependiente BBC &#8211; B. Parque<br \/>\nCiclista &#8211; La Uni\u00f3n (C)<\/p>\n<p><strong>S\u00e1bado 19 de noviembre<\/strong><br \/>\nHind\u00fa &#8211; V. San Mart\u00edn<br \/>\n<span style=\"color: #ff6600;\">Olimpo<\/span> &#8211; Estudiantes<\/p>\n<p><strong>Domingo 20 de noviembre<\/strong><br \/>\nOTC &#8211; Salta<br \/>\nSan Isidro &#8211; Tiro<br \/>\nPlatense &#8211; Temperley<br \/>\nP. Sur &#8211; GELP<br \/>\nAtenas &#8211; D. Viedma<\/p>\n<p><strong>Lunes 21 de noviembre<\/strong><br \/>\n<span style=\"color: #ff6600;\">Olimpo<\/span> &#8211; Estudiantes<\/p>\n<p><strong>Martes 22 de noviembre<\/strong><br \/>\nV. \u00c1ngela &#8211; Hind\u00fa<br \/>\nComunicaciones &#8211; Salta<br \/>\nV. San Mart\u00edn &#8211; Mitre<br \/>\nLas Parejas &#8211; Uni\u00f3n (SF)<br \/>\nRocamora &#8211; GELP<br \/>\nHurac\u00e1n &#8211; Petrolero<\/p>\n<p><strong>Mi\u00e9rcoles 23 de noviembre<\/strong><br \/>\nB. Parque &#8211; Tiro<\/p>\n<p><strong>Jueves 24 de noviembre<\/strong><br \/>\nComunicaciones &#8211; Mitre<br \/>\nLas Parejas &#8211; Uni\u00f3n<br \/>\nTemperley &#8211; Ciclista<br \/>\nPlatense &#8211; P. Sur<br \/>\nLa Uni\u00f3n &#8211; GELP<br \/>\nHurac\u00e1n &#8211; Petrolero<br \/>\nD. Viedma &#8211; <span style=\"color: #ff6600;\">Olimpo<\/span><\/p>\n<p><strong>Viernes 25 de noviembre<\/strong><br \/>\nOTC &#8211; V. San Mart\u00edn<br \/>\nHind\u00fa &#8211; Villa \u00c1ngela<br \/>\nSan Isidro &#8211; Independiente BBC<\/p>\n<p><strong>S\u00e1bado 26 de noviembre<\/strong><br \/>\nTemperley &#8211; P. Sur<br \/>\nAtenas &#8211; <span style=\"color: #ff6600;\">Olimpo<\/span><\/p>\n<p><strong>Domingo 27 de noviembre<\/strong><br \/>\nComunicaciones &#8211; V. San Mart\u00edn<br \/>\nOTC &#8211; V. \u00c1ngela<br \/>\nTiro &#8211; Independiente BBC<br \/>\nPetrolero &#8211; D. Viedma<\/p>\n<p><strong>Lunes 28 de noviembre<\/strong><br \/>\nSalta &#8211; Mitre<br \/>\nSan Isidro &#8211; Las Parejas<br \/>\nGELP &#8211; Platense<br \/>\nEstudiantes &#8211; Hurac\u00e1n<\/p>\n<p><strong>Martes 29 de noviembre<\/strong><br \/>\nUni\u00f3n (SF) &#8211; B. Parque<br \/>\nLa Uni\u00f3n (C) &#8211; Ciclista<br \/>\nRocamora &#8211; P. Sur<\/p>\n<p><strong>Mi\u00e9rcoles 30 de noviembre<\/strong><br \/>\nTiro Federal &#8211; Sp. Las Parejas<br \/>\nDep. Viedma &#8211; Atenas<br \/>\n<span style=\"color: #ff6600;\">Olimpo<\/span> &#8211; Hurac\u00e1n<\/p>\n<p><strong>Foto:<\/strong> Olimpo Basket.<\/p>\n","protected":false},"excerpt":{"rendered":"<p>Olimpo confirm\u00f3 su participaci\u00f3n en el TNA horas despu\u00e9s de conocer el fixture<\/p>\n","protected":false},"author":1,"featured_media":64674,"comment_status":"closed","ping_status":"open","sticky":false,"template":"","format":"standard","meta":{"jnews-multi-image_gallery":[],"jnews_single_post":[],"jnews_primary_category":[],"footnotes":""},"categories":[112,39,101],"tags":[87,1382,353,16,1383,121],"class_list":["post-64657","post","type-post","status-publish","format-standard","has-post-thumbnail","hentry","category-tna","category-nacional","category-slide","tag-franco-pennacchiotti","tag-jose-fabio","tag-lucas-marin","tag-olimpo","tag-ramiro-iglesias","tag-tna"],"yoast_head":"<!-- This site is optimized with the Yoast SEO plugin v27.5 - https:\/\/yoast.com\/product\/yoast-seo-wordpress\/ -->\n<title>Juega - Gente de B\u00e1squet<\/title>\n<meta name=\"robots\" content=\"index, follow, max-snippet:-1, max-image-preview:large, max-video-preview:-1\" \/>\n<link rel=\"canonical\" href=\"https:\/\/gentedebasquet.com.ar\/sitio\/2016\/09\/26\/juega\/\" \/>\n<meta property=\"og:locale\" content=\"es_ES\" \/>\n<meta property=\"og:type\" content=\"article\" \/>\n<meta property=\"og:title\" content=\"Juega - Gente de B\u00e1squet\" \/>\n<meta property=\"og:description\" content=\"Olimpo confirm\u00f3 su participaci\u00f3n en el TNA horas despu\u00e9s de conocer el fixture\" \/>\n<meta property=\"og:url\" content=\"https:\/\/gentedebasquet.com.ar\/sitio\/2016\/09\/26\/juega\/\" \/>\n<meta property=\"og:site_name\" content=\"Gente de B\u00e1squet\" \/>\n<meta property=\"article:published_time\" content=\"2016-09-26T22:40:20+00:00\" \/>\n<meta property=\"og:image\" content=\"https:\/\/gentedebasquet.com.ar\/sitio\/wp-content\/uploads\/2016\/09\/DSC_0280.jpg\" \/>\n\t<meta property=\"og:image:width\" content=\"690\" \/>\n\t<meta property=\"og:image:height\" content=\"319\" \/>\n\t<meta property=\"og:image:type\" content=\"image\/jpeg\" \/>\n<meta name=\"author\" content=\"Gente de B\u00e1squet\" \/>\n<meta name=\"twitter:card\" content=\"summary_large_image\" \/>\n<meta name=\"twitter:label1\" content=\"Escrito por\" \/>\n\t<meta name=\"twitter:data1\" content=\"Gente de B\u00e1squet\" \/>\n\t<meta name=\"twitter:label2\" content=\"Tiempo de lectura\" \/>\n\t<meta name=\"twitter:data2\" content=\"6 minutos\" \/>\n<script type=\"application\/ld+json\" class=\"yoast-schema-graph\">{\"@context\":\"https:\\\/\\\/schema.org\",\"@graph\":[{\"@type\":\"Article\",\"@id\":\"https:\\\/\\\/gentedebasquet.com.ar\\\/sitio\\\/2016\\\/09\\\/26\\\/juega\\\/#article\",\"isPartOf\":{\"@id\":\"https:\\\/\\\/gentedebasquet.com.ar\\\/sitio\\\/2016\\\/09\\\/26\\\/juega\\\/\"},\"author\":{\"name\":\"Gente de B\u00e1squet\",\"@id\":\"https:\\\/\\\/gentedebasquet.com.ar\\\/sitio\\\/#\\\/schema\\\/person\\\/ca0b63bbb977369988a7bbbdc519943a\"},\"headline\":\"Juega\",\"datePublished\":\"2016-09-26T22:40:20+00:00\",\"mainEntityOfPage\":{\"@id\":\"https:\\\/\\\/gentedebasquet.com.ar\\\/sitio\\\/2016\\\/09\\\/26\\\/juega\\\/\"},\"wordCount\":1110,\"image\":{\"@id\":\"https:\\\/\\\/gentedebasquet.com.ar\\\/sitio\\\/2016\\\/09\\\/26\\\/juega\\\/#primaryimage\"},\"thumbnailUrl\":\"https:\\\/\\\/gentedebasquet.com.ar\\\/sitio\\\/wp-content\\\/uploads\\\/2016\\\/09\\\/DSC_0280.jpg\",\"keywords\":[\"Franco Pennacchiotti\",\"Jos\u00e9 Fabio\",\"Lucas Mar\u00edn\",\"Ol\u00edmpo\",\"Ramiro Iglesias\",\"TNA\"],\"articleSection\":[\"Liga Argentina\",\"Nacional\",\"Slide\"],\"inLanguage\":\"es\"},{\"@type\":\"WebPage\",\"@id\":\"https:\\\/\\\/gentedebasquet.com.ar\\\/sitio\\\/2016\\\/09\\\/26\\\/juega\\\/\",\"url\":\"https:\\\/\\\/gentedebasquet.com.ar\\\/sitio\\\/2016\\\/09\\\/26\\\/juega\\\/\",\"name\":\"Juega - Gente de B\u00e1squet\",\"isPartOf\":{\"@id\":\"https:\\\/\\\/gentedebasquet.com.ar\\\/sitio\\\/#website\"},\"primaryImageOfPage\":{\"@id\":\"https:\\\/\\\/gentedebasquet.com.ar\\\/sitio\\\/2016\\\/09\\\/26\\\/juega\\\/#primaryimage\"},\"image\":{\"@id\":\"https:\\\/\\\/gentedebasquet.com.ar\\\/sitio\\\/2016\\\/09\\\/26\\\/juega\\\/#primaryimage\"},\"thumbnailUrl\":\"https:\\\/\\\/gentedebasquet.com.ar\\\/sitio\\\/wp-content\\\/uploads\\\/2016\\\/09\\\/DSC_0280.jpg\",\"datePublished\":\"2016-09-26T22:40:20+00:00\",\"author\":{\"@id\":\"https:\\\/\\\/gentedebasquet.com.ar\\\/sitio\\\/#\\\/schema\\\/person\\\/ca0b63bbb977369988a7bbbdc519943a\"},\"breadcrumb\":{\"@id\":\"https:\\\/\\\/gentedebasquet.com.ar\\\/sitio\\\/2016\\\/09\\\/26\\\/juega\\\/#breadcrumb\"},\"inLanguage\":\"es\",\"potentialAction\":[{\"@type\":\"ReadAction\",\"target\":[\"https:\\\/\\\/gentedebasquet.com.ar\\\/sitio\\\/2016\\\/09\\\/26\\\/juega\\\/\"]}]},{\"@type\":\"ImageObject\",\"inLanguage\":\"es\",\"@id\":\"https:\\\/\\\/gentedebasquet.com.ar\\\/sitio\\\/2016\\\/09\\\/26\\\/juega\\\/#primaryimage\",\"url\":\"https:\\\/\\\/gentedebasquet.com.ar\\\/sitio\\\/wp-content\\\/uploads\\\/2016\\\/09\\\/DSC_0280.jpg\",\"contentUrl\":\"https:\\\/\\\/gentedebasquet.com.ar\\\/sitio\\\/wp-content\\\/uploads\\\/2016\\\/09\\\/DSC_0280.jpg\",\"width\":690,\"height\":319},{\"@type\":\"BreadcrumbList\",\"@id\":\"https:\\\/\\\/gentedebasquet.com.ar\\\/sitio\\\/2016\\\/09\\\/26\\\/juega\\\/#breadcrumb\",\"itemListElement\":[{\"@type\":\"ListItem\",\"position\":1,\"name\":\"Portada\",\"item\":\"https:\\\/\\\/gentedebasquet.com.ar\\\/sitio\\\/\"},{\"@type\":\"ListItem\",\"position\":2,\"name\":\"Juega\"}]},{\"@type\":\"WebSite\",\"@id\":\"https:\\\/\\\/gentedebasquet.com.ar\\\/sitio\\\/#website\",\"url\":\"https:\\\/\\\/gentedebasquet.com.ar\\\/sitio\\\/\",\"name\":\"Gente de B\u00e1squet\",\"description\":\"La revista del basquet de Bah\u00eda Blanca\",\"potentialAction\":[{\"@type\":\"SearchAction\",\"target\":{\"@type\":\"EntryPoint\",\"urlTemplate\":\"https:\\\/\\\/gentedebasquet.com.ar\\\/sitio\\\/?s={search_term_string}\"},\"query-input\":{\"@type\":\"PropertyValueSpecification\",\"valueRequired\":true,\"valueName\":\"search_term_string\"}}],\"inLanguage\":\"es\"},{\"@type\":\"Person\",\"@id\":\"https:\\\/\\\/gentedebasquet.com.ar\\\/sitio\\\/#\\\/schema\\\/person\\\/ca0b63bbb977369988a7bbbdc519943a\",\"name\":\"Gente de B\u00e1squet\",\"image\":{\"@type\":\"ImageObject\",\"inLanguage\":\"es\",\"@id\":\"https:\\\/\\\/secure.gravatar.com\\\/avatar\\\/7f2c48bdc33b30088f941fb6082e555f2874c98e20cb159d7b92b50eadfce793?s=96&d=mm&r=g\",\"url\":\"https:\\\/\\\/secure.gravatar.com\\\/avatar\\\/7f2c48bdc33b30088f941fb6082e555f2874c98e20cb159d7b92b50eadfce793?s=96&d=mm&r=g\",\"contentUrl\":\"https:\\\/\\\/secure.gravatar.com\\\/avatar\\\/7f2c48bdc33b30088f941fb6082e555f2874c98e20cb159d7b92b50eadfce793?s=96&d=mm&r=g\",\"caption\":\"Gente de B\u00e1squet\"},\"sameAs\":[\"http:\\\/\\\/gentedebasquet.com.ar\\\/sitio\"],\"url\":\"https:\\\/\\\/gentedebasquet.com.ar\\\/sitio\\\/author\\\/ulises\\\/\"}]}<\/script>\n<!-- \/ Yoast SEO plugin. -->","yoast_head_json":{"title":"Juega - Gente de B\u00e1squet","robots":{"index":"index","follow":"follow","max-snippet":"max-snippet:-1","max-image-preview":"max-image-preview:large","max-video-preview":"max-video-preview:-1"},"canonical":"https:\/\/gentedebasquet.com.ar\/sitio\/2016\/09\/26\/juega\/","og_locale":"es_ES","og_type":"article","og_title":"Juega - Gente de B\u00e1squet","og_description":"Olimpo confirm\u00f3 su participaci\u00f3n en el TNA horas despu\u00e9s de conocer el fixture","og_url":"https:\/\/gentedebasquet.com.ar\/sitio\/2016\/09\/26\/juega\/","og_site_name":"Gente de B\u00e1squet","article_published_time":"2016-09-26T22:40:20+00:00","og_image":[{"width":690,"height":319,"url":"https:\/\/gentedebasquet.com.ar\/sitio\/wp-content\/uploads\/2016\/09\/DSC_0280.jpg","type":"image\/jpeg"}],"author":"Gente de B\u00e1squet","twitter_card":"summary_large_image","twitter_misc":{"Escrito por":"Gente de B\u00e1squet","Tiempo de lectura":"6 minutos"},"schema":{"@context":"https:\/\/schema.org","@graph":[{"@type":"Article","@id":"https:\/\/gentedebasquet.com.ar\/sitio\/2016\/09\/26\/juega\/#article","isPartOf":{"@id":"https:\/\/gentedebasquet.com.ar\/sitio\/2016\/09\/26\/juega\/"},"author":{"name":"Gente de B\u00e1squet","@id":"https:\/\/gentedebasquet.com.ar\/sitio\/#\/schema\/person\/ca0b63bbb977369988a7bbbdc519943a"},"headline":"Juega","datePublished":"2016-09-26T22:40:20+00:00","mainEntityOfPage":{"@id":"https:\/\/gentedebasquet.com.ar\/sitio\/2016\/09\/26\/juega\/"},"wordCount":1110,"image":{"@id":"https:\/\/gentedebasquet.com.ar\/sitio\/2016\/09\/26\/juega\/#primaryimage"},"thumbnailUrl":"https:\/\/gentedebasquet.com.ar\/sitio\/wp-content\/uploads\/2016\/09\/DSC_0280.jpg","keywords":["Franco Pennacchiotti","Jos\u00e9 Fabio","Lucas Mar\u00edn","Ol\u00edmpo","Ramiro Iglesias","TNA"],"articleSection":["Liga Argentina","Nacional","Slide"],"inLanguage":"es"},{"@type":"WebPage","@id":"https:\/\/gentedebasquet.com.ar\/sitio\/2016\/09\/26\/juega\/","url":"https:\/\/gentedebasquet.com.ar\/sitio\/2016\/09\/26\/juega\/","name":"Juega - Gente de B\u00e1squet","isPartOf":{"@id":"https:\/\/gentedebasquet.com.ar\/sitio\/#website"},"primaryImageOfPage":{"@id":"https:\/\/gentedebasquet.com.ar\/sitio\/2016\/09\/26\/juega\/#primaryimage"},"image":{"@id":"https:\/\/gentedebasquet.com.ar\/sitio\/2016\/09\/26\/juega\/#primaryimage"},"thumbnailUrl":"https:\/\/gentedebasquet.com.ar\/sitio\/wp-content\/uploads\/2016\/09\/DSC_0280.jpg","datePublished":"2016-09-26T22:40:20+00:00","author":{"@id":"https:\/\/gentedebasquet.com.ar\/sitio\/#\/schema\/person\/ca0b63bbb977369988a7bbbdc519943a"},"breadcrumb":{"@id":"https:\/\/gentedebasquet.com.ar\/sitio\/2016\/09\/26\/juega\/#breadcrumb"},"inLanguage":"es","potentialAction":[{"@type":"ReadAction","target":["https:\/\/gentedebasquet.com.ar\/sitio\/2016\/09\/26\/juega\/"]}]},{"@type":"ImageObject","inLanguage":"es","@id":"https:\/\/gentedebasquet.com.ar\/sitio\/2016\/09\/26\/juega\/#primaryimage","url":"https:\/\/gentedebasquet.com.ar\/sitio\/wp-content\/uploads\/2016\/09\/DSC_0280.jpg","contentUrl":"https:\/\/gentedebasquet.com.ar\/sitio\/wp-content\/uploads\/2016\/09\/DSC_0280.jpg","width":690,"height":319},{"@type":"BreadcrumbList","@id":"https:\/\/gentedebasquet.com.ar\/sitio\/2016\/09\/26\/juega\/#breadcrumb","itemListElement":[{"@type":"ListItem","position":1,"name":"Portada","item":"https:\/\/gentedebasquet.com.ar\/sitio\/"},{"@type":"ListItem","position":2,"name":"Juega"}]},{"@type":"WebSite","@id":"https:\/\/gentedebasquet.com.ar\/sitio\/#website","url":"https:\/\/gentedebasquet.com.ar\/sitio\/","name":"Gente de B\u00e1squet","description":"La revista del basquet de Bah\u00eda Blanca","potentialAction":[{"@type":"SearchAction","target":{"@type":"EntryPoint","urlTemplate":"https:\/\/gentedebasquet.com.ar\/sitio\/?s={search_term_string}"},"query-input":{"@type":"PropertyValueSpecification","valueRequired":true,"valueName":"search_term_string"}}],"inLanguage":"es"},{"@type":"Person","@id":"https:\/\/gentedebasquet.com.ar\/sitio\/#\/schema\/person\/ca0b63bbb977369988a7bbbdc519943a","name":"Gente de B\u00e1squet","image":{"@type":"ImageObject","inLanguage":"es","@id":"https:\/\/secure.gravatar.com\/avatar\/7f2c48bdc33b30088f941fb6082e555f2874c98e20cb159d7b92b50eadfce793?s=96&d=mm&r=g","url":"https:\/\/secure.gravatar.com\/avatar\/7f2c48bdc33b30088f941fb6082e555f2874c98e20cb159d7b92b50eadfce793?s=96&d=mm&r=g","contentUrl":"https:\/\/secure.gravatar.com\/avatar\/7f2c48bdc33b30088f941fb6082e555f2874c98e20cb159d7b92b50eadfce793?s=96&d=mm&r=g","caption":"Gente de B\u00e1squet"},"sameAs":["http:\/\/gentedebasquet.com.ar\/sitio"],"url":"https:\/\/gentedebasquet.com.ar\/sitio\/author\/ulises\/"}]}},"_links":{"self":[{"href":"https:\/\/gentedebasquet.com.ar\/sitio\/wp-json\/wp\/v2\/posts\/64657","targetHints":{"allow":["GET"]}}],"collection":[{"href":"https:\/\/gentedebasquet.com.ar\/sitio\/wp-json\/wp\/v2\/posts"}],"about":[{"href":"https:\/\/gentedebasquet.com.ar\/sitio\/wp-json\/wp\/v2\/types\/post"}],"author":[{"embeddable":true,"href":"https:\/\/gentedebasquet.com.ar\/sitio\/wp-json\/wp\/v2\/users\/1"}],"replies":[{"embeddable":true,"href":"https:\/\/gentedebasquet.com.ar\/sitio\/wp-json\/wp\/v2\/comments?post=64657"}],"version-history":[{"count":0,"href":"https:\/\/gentedebasquet.com.ar\/sitio\/wp-json\/wp\/v2\/posts\/64657\/revisions"}],"wp:featuredmedia":[{"embeddable":true,"href":"https:\/\/gentedebasquet.com.ar\/sitio\/wp-json\/wp\/v2\/media\/64674"}],"wp:attachment":[{"href":"https:\/\/gentedebasquet.com.ar\/sitio\/wp-json\/wp\/v2\/media?parent=64657"}],"wp:term":[{"taxonomy":"category","embeddable":true,"href":"https:\/\/gentedebasquet.com.ar\/sitio\/wp-json\/wp\/v2\/categories?post=64657"},{"taxonomy":"post_tag","embeddable":true,"href":"https:\/\/gentedebasquet.com.ar\/sitio\/wp-json\/wp\/v2\/tags?post=64657"}],"curies":[{"name":"wp","href":"https:\/\/api.w.org\/{rel}","templated":true}]}}