{"id":65747,"date":"2016-10-21T22:55:57","date_gmt":"2016-10-22T01:55:57","guid":{"rendered":"http:\/\/www.gentedebasquet.com.ar\/?p=65747"},"modified":"2016-10-21T22:55:57","modified_gmt":"2016-10-22T01:55:57","slug":"seba-enfilando","status":"publish","type":"post","link":"https:\/\/gentedebasquet.com.ar\/sitio\/2016\/10\/21\/seba-enfilando\/","title":{"rendered":"\u00abSeba\u00bb enfilando"},"content":{"rendered":"<p><strong>Barracas peg\u00f3 primero al vencer a La Falda 69 a 67 en el arranque de los 4\u00b0 de final. Mariano Trellini (23, 6\/7 T2) fue el m\u00e1ximo anotador pero el art\u00edfice principal termin\u00f3 siendo Sebasti\u00e1n Mart\u00ednez (11 de sus 13 en 4C), quien adem\u00e1s anot\u00f3 el doble que le diera la victoria a los del \u201cbosque\u201d a falta de 3s. Sebasti\u00e1n Cinti (14, 6 asistencias y 4 tapas) termin\u00f3 como el m\u00e1ximo exponente de \u201cLafa\u201d, seguido por Juli\u00e1n Rodr\u00edguez (14, 2\/5 T3).<\/strong><\/p>\n<p>Barracas comenz\u00f3 con mayor agresividad el juego, corriendo la cancha con la dupla Carci-Trellini (10 entre ambos) entendi\u00e9ndose a la perfecci\u00f3n. Adem\u00e1s el \u201cChino\u201d quem\u00f3 redes desde temprano para abrir el juego de sus compa\u00f1eros. Pero con dos bombazos seguidos de Rodr\u00edguez (8), La Falda intentaba escaparse con una racha de 7-0 (15-10), aprovechando adem\u00e1s la fortaleza de Mond\u00f3n (6) en la pintura y la intimidaci\u00f3n en los lanzamientos en defensa (4 tapas), donde obligaron a corregir tiros cl\u00e1sicos. Pero \u201cLafa\u201d no se pudo escapar porque cedi\u00f3 seguido en los tableros (7 rebotes ofensivos BC); aunque el local tampoco pudo lograrlo por sus bajos porcentajes (7\/20 TC).<\/p>\n<p>A Trellini (12) no le vengan con cuentos chinos porque cuando est\u00e1 encendido, hay que d\u00e1rsela. Y as\u00ed lo entendi\u00f3 su equipo porque adem\u00e1s de absorber juego en el per\u00edmetro (2\/4 T3) logr\u00f3 decir presente en varios contraataques. En la vereda de enfrente, Cinti (8) fue todo coraz\u00f3n para mantener a los suyos en un juego donde el escenario no era el m\u00e1s prometedor a pesar de la paridad del resultado: 9 p\u00e9rdidas y le tomaron 5 recobres ofensivos. No obstante Barracas tampoco se qued\u00f3 atr\u00e1s, dado que registr\u00f3 7 p\u00e9rdidas en el segundo chico.<\/p>\n<p>En tercer cuarto se vio lo m\u00e1s flojo en cuando al desarrollo de juego se refiere. Barracas reditu\u00f3 los rompimientos de sus bases (9 entre Carci y Cancellarich) pero abus\u00f3 del tiro exterior (0\/10 T3) cuando no logr\u00f3 llevar el bal\u00f3n lo m\u00e1s cerca del cesto. Mientras que La Falda altern\u00f3 entre alimentar a Mond\u00f3n en la pintura y aprovechar las piernas r\u00e1pidas de Rodr\u00edguez para ir hacia adentro.<\/p>\n<p>La paridad continu\u00f3 reinando aunque casi siempre Barracas al frente en el marcador. Mart\u00ednez (11, 2\/2 T3) volvi\u00f3 al juego como una fiera enjaulada dado que estuvo resguardado por acumulaci\u00f3n de faltas. Corridas de contraataques mal resueltas, p\u00e9rdidas por malos pases o mal manejo del bal\u00f3n, tiros mal tomados o ahorcados por el reloj fueron algunas de las im\u00e1genes que se vieron en el desarrollo del \u00faltimo segmento. Con Gonz\u00e1lez (6), la visita gan\u00f3 en experiencia y tranquilidad y de la mano de Cinti fueron diagramando cada jugada; aunque como en casi toda la noche sin una circulaci\u00f3n del bal\u00f3n sino apelando a su versatilidad o al potencial individual de cada jugador. Barracas en cambio intent\u00f3 triangular sus ofensivas con pases precisos de \u201calto-bajo\u201d para lograr anotar con mayor facilidad. De todas maneras llegaron a los segundos finales igualados, hasta que un triple de Mart\u00ednez parec\u00eda culminar el pleito; pero Vilouta ten\u00eda otros planes al convertir en bandeja y recibir la falta personal. En la \u00faltima Trellini lanza apurado desde lejos y el recobre qued\u00f3 en manos de Mart\u00ednez, quien anot\u00f3 el doble del triunfo.<\/p>\n<p>&nbsp;<\/p>\n<p>[vimeo]http:\/\/vimeo.com\/ 188392995 [\/vimeo]<\/p>\n<p>&nbsp;<\/p>\n<p><strong>S\u00edntesis |\u00a0<\/strong>Segunda Divisi\u00f3n \u2013 4\u00b0 Final &#8211; Juego #1<\/p>\n<p><strong>Barracas 69<\/strong><strong>:<\/strong>\u00a0Dami\u00e1n Carci 12, Sebasti\u00e1n Mart\u00ednez 13, Mariano Trellini 23, Mauro Montanaro 0 y Mariano N\u00fa\u00f1ez 5 (x) (F.I.); C\u00e9sar Massa 7, Fabi\u00e1n Gendana 0, Octavio Cancellarich 9 y Javier Amato 0. DT: Juan Sergio Palumbo.<\/p>\n<p><strong>La Falda 67:<\/strong> Juli\u00e1n Rodr\u00edguez 14, Facundo Apcari\u00e1n 0, Sebasti\u00e1n Cinti 14, Nicol\u00e1s Leguizam\u00f3n 10 y Andr\u00e9s Mond\u00f3n 11 (F.I.); Federico Vilouta 8, Federico Gonz\u00e1lez 9, Gustavo Lan 0 y Mart\u00edn Frola 1. DT: Miguel Loffredo.<\/p>\n<p><strong>Parciales:<\/strong>\u00a017-18, 36-32 (19-14), 49-48 (13-16) y 69-67 (20-19).<\/p>\n<p><strong>\u00c1rbitros:<\/strong>\u00a0Javier S\u00e1nchez y Sebasti\u00e1n Arcas.<\/p>\n<p><strong>Estadio:<\/strong>\u00a0Luis \u00c1lvarez (Estrella).<\/p>\n<p><a class=\"modalf iframe\" title=\"Planilla\" href=\"https:\/\/docs.google.com\/spreadsheets\/d\/1NXIyTlNEckIlx87_wrhtsxrSV9DnGusn22ZwLE9xx54\/pubhtml\" target=\"_blank\" rel=\"noopener\">Ver Planilla<\/a><\/p>\n<p>&nbsp;<\/p>\n","protected":false},"excerpt":{"rendered":"<p>Barracas puso primera en la serie al vencer a La Falda por 69 a 67<\/p>\n","protected":false},"author":1,"featured_media":65748,"comment_status":"closed","ping_status":"open","sticky":false,"template":"","format":"standard","meta":{"jnews-multi-image_gallery":[],"jnews_single_post":[],"jnews_primary_category":[],"footnotes":""},"categories":[25,101],"tags":[333,1253,13,619,227,254],"class_list":["post-65747","post","type-post","status-publish","format-standard","has-post-thumbnail","hentry","category-segunda","category-slide","tag-barracas","tag-julian-rodriguez","tag-la-falda","tag-mariano-trellini","tag-sebastian-cinti","tag-sebastian-martinez"],"yoast_head":"<!-- This site is optimized with the Yoast SEO plugin v27.5 - https:\/\/yoast.com\/product\/yoast-seo-wordpress\/ -->\n<title>&quot;Seba&quot; enfilando - Gente de B\u00e1squet<\/title>\n<meta name=\"robots\" content=\"index, follow, max-snippet:-1, max-image-preview:large, max-video-preview:-1\" \/>\n<link rel=\"canonical\" href=\"https:\/\/gentedebasquet.com.ar\/sitio\/2016\/10\/21\/seba-enfilando\/\" \/>\n<meta property=\"og:locale\" content=\"es_ES\" \/>\n<meta property=\"og:type\" content=\"article\" \/>\n<meta property=\"og:title\" content=\"&quot;Seba&quot; enfilando - Gente de B\u00e1squet\" \/>\n<meta property=\"og:description\" content=\"Barracas puso primera en la serie al vencer a La Falda por 69 a 67\" \/>\n<meta property=\"og:url\" content=\"https:\/\/gentedebasquet.com.ar\/sitio\/2016\/10\/21\/seba-enfilando\/\" \/>\n<meta property=\"og:site_name\" content=\"Gente de B\u00e1squet\" \/>\n<meta property=\"article:published_time\" content=\"2016-10-22T01:55:57+00:00\" \/>\n<meta property=\"og:image\" content=\"https:\/\/gentedebasquet.com.ar\/sitio\/wp-content\/uploads\/2016\/10\/Mariano-Trellini.jpg\" \/>\n\t<meta property=\"og:image:width\" content=\"690\" \/>\n\t<meta property=\"og:image:height\" content=\"319\" \/>\n\t<meta property=\"og:image:type\" content=\"image\/jpeg\" \/>\n<meta name=\"author\" content=\"Gente de B\u00e1squet\" \/>\n<meta name=\"twitter:card\" content=\"summary_large_image\" \/>\n<meta name=\"twitter:label1\" content=\"Escrito por\" \/>\n\t<meta name=\"twitter:data1\" content=\"Gente de B\u00e1squet\" \/>\n\t<meta name=\"twitter:label2\" content=\"Tiempo de lectura\" \/>\n\t<meta name=\"twitter:data2\" content=\"3 minutos\" \/>\n<script type=\"application\/ld+json\" class=\"yoast-schema-graph\">{\"@context\":\"https:\\\/\\\/schema.org\",\"@graph\":[{\"@type\":\"Article\",\"@id\":\"https:\\\/\\\/gentedebasquet.com.ar\\\/sitio\\\/2016\\\/10\\\/21\\\/seba-enfilando\\\/#article\",\"isPartOf\":{\"@id\":\"https:\\\/\\\/gentedebasquet.com.ar\\\/sitio\\\/2016\\\/10\\\/21\\\/seba-enfilando\\\/\"},\"author\":{\"name\":\"Gente de B\u00e1squet\",\"@id\":\"https:\\\/\\\/gentedebasquet.com.ar\\\/sitio\\\/#\\\/schema\\\/person\\\/ca0b63bbb977369988a7bbbdc519943a\"},\"headline\":\"\u00abSeba\u00bb enfilando\",\"datePublished\":\"2016-10-22T01:55:57+00:00\",\"mainEntityOfPage\":{\"@id\":\"https:\\\/\\\/gentedebasquet.com.ar\\\/sitio\\\/2016\\\/10\\\/21\\\/seba-enfilando\\\/\"},\"wordCount\":665,\"image\":{\"@id\":\"https:\\\/\\\/gentedebasquet.com.ar\\\/sitio\\\/2016\\\/10\\\/21\\\/seba-enfilando\\\/#primaryimage\"},\"thumbnailUrl\":\"https:\\\/\\\/gentedebasquet.com.ar\\\/sitio\\\/wp-content\\\/uploads\\\/2016\\\/10\\\/Mariano-Trellini.jpg\",\"keywords\":[\"Barracas\",\"Juli\u00e1n Rodr\u00edguez\",\"La Falda\",\"Mariano Trellini\",\"Sebasti\u00e1n Cinti\",\"Sebasti\u00e1n Mart\u00ednez\"],\"articleSection\":[\"Segunda\",\"Slide\"],\"inLanguage\":\"es\"},{\"@type\":\"WebPage\",\"@id\":\"https:\\\/\\\/gentedebasquet.com.ar\\\/sitio\\\/2016\\\/10\\\/21\\\/seba-enfilando\\\/\",\"url\":\"https:\\\/\\\/gentedebasquet.com.ar\\\/sitio\\\/2016\\\/10\\\/21\\\/seba-enfilando\\\/\",\"name\":\"\\\"Seba\\\" enfilando - Gente de B\u00e1squet\",\"isPartOf\":{\"@id\":\"https:\\\/\\\/gentedebasquet.com.ar\\\/sitio\\\/#website\"},\"primaryImageOfPage\":{\"@id\":\"https:\\\/\\\/gentedebasquet.com.ar\\\/sitio\\\/2016\\\/10\\\/21\\\/seba-enfilando\\\/#primaryimage\"},\"image\":{\"@id\":\"https:\\\/\\\/gentedebasquet.com.ar\\\/sitio\\\/2016\\\/10\\\/21\\\/seba-enfilando\\\/#primaryimage\"},\"thumbnailUrl\":\"https:\\\/\\\/gentedebasquet.com.ar\\\/sitio\\\/wp-content\\\/uploads\\\/2016\\\/10\\\/Mariano-Trellini.jpg\",\"datePublished\":\"2016-10-22T01:55:57+00:00\",\"author\":{\"@id\":\"https:\\\/\\\/gentedebasquet.com.ar\\\/sitio\\\/#\\\/schema\\\/person\\\/ca0b63bbb977369988a7bbbdc519943a\"},\"breadcrumb\":{\"@id\":\"https:\\\/\\\/gentedebasquet.com.ar\\\/sitio\\\/2016\\\/10\\\/21\\\/seba-enfilando\\\/#breadcrumb\"},\"inLanguage\":\"es\",\"potentialAction\":[{\"@type\":\"ReadAction\",\"target\":[\"https:\\\/\\\/gentedebasquet.com.ar\\\/sitio\\\/2016\\\/10\\\/21\\\/seba-enfilando\\\/\"]}]},{\"@type\":\"ImageObject\",\"inLanguage\":\"es\",\"@id\":\"https:\\\/\\\/gentedebasquet.com.ar\\\/sitio\\\/2016\\\/10\\\/21\\\/seba-enfilando\\\/#primaryimage\",\"url\":\"https:\\\/\\\/gentedebasquet.com.ar\\\/sitio\\\/wp-content\\\/uploads\\\/2016\\\/10\\\/Mariano-Trellini.jpg\",\"contentUrl\":\"https:\\\/\\\/gentedebasquet.com.ar\\\/sitio\\\/wp-content\\\/uploads\\\/2016\\\/10\\\/Mariano-Trellini.jpg\",\"width\":690,\"height\":319},{\"@type\":\"BreadcrumbList\",\"@id\":\"https:\\\/\\\/gentedebasquet.com.ar\\\/sitio\\\/2016\\\/10\\\/21\\\/seba-enfilando\\\/#breadcrumb\",\"itemListElement\":[{\"@type\":\"ListItem\",\"position\":1,\"name\":\"Portada\",\"item\":\"https:\\\/\\\/gentedebasquet.com.ar\\\/sitio\\\/\"},{\"@type\":\"ListItem\",\"position\":2,\"name\":\"\u00abSeba\u00bb enfilando\"}]},{\"@type\":\"WebSite\",\"@id\":\"https:\\\/\\\/gentedebasquet.com.ar\\\/sitio\\\/#website\",\"url\":\"https:\\\/\\\/gentedebasquet.com.ar\\\/sitio\\\/\",\"name\":\"Gente de B\u00e1squet\",\"description\":\"La revista del basquet de Bah\u00eda Blanca\",\"potentialAction\":[{\"@type\":\"SearchAction\",\"target\":{\"@type\":\"EntryPoint\",\"urlTemplate\":\"https:\\\/\\\/gentedebasquet.com.ar\\\/sitio\\\/?s={search_term_string}\"},\"query-input\":{\"@type\":\"PropertyValueSpecification\",\"valueRequired\":true,\"valueName\":\"search_term_string\"}}],\"inLanguage\":\"es\"},{\"@type\":\"Person\",\"@id\":\"https:\\\/\\\/gentedebasquet.com.ar\\\/sitio\\\/#\\\/schema\\\/person\\\/ca0b63bbb977369988a7bbbdc519943a\",\"name\":\"Gente de B\u00e1squet\",\"image\":{\"@type\":\"ImageObject\",\"inLanguage\":\"es\",\"@id\":\"https:\\\/\\\/secure.gravatar.com\\\/avatar\\\/7f2c48bdc33b30088f941fb6082e555f2874c98e20cb159d7b92b50eadfce793?s=96&d=mm&r=g\",\"url\":\"https:\\\/\\\/secure.gravatar.com\\\/avatar\\\/7f2c48bdc33b30088f941fb6082e555f2874c98e20cb159d7b92b50eadfce793?s=96&d=mm&r=g\",\"contentUrl\":\"https:\\\/\\\/secure.gravatar.com\\\/avatar\\\/7f2c48bdc33b30088f941fb6082e555f2874c98e20cb159d7b92b50eadfce793?s=96&d=mm&r=g\",\"caption\":\"Gente de B\u00e1squet\"},\"sameAs\":[\"http:\\\/\\\/gentedebasquet.com.ar\\\/sitio\"],\"url\":\"https:\\\/\\\/gentedebasquet.com.ar\\\/sitio\\\/author\\\/ulises\\\/\"}]}<\/script>\n<!-- \/ Yoast SEO plugin. -->","yoast_head_json":{"title":"\"Seba\" enfilando - Gente de B\u00e1squet","robots":{"index":"index","follow":"follow","max-snippet":"max-snippet:-1","max-image-preview":"max-image-preview:large","max-video-preview":"max-video-preview:-1"},"canonical":"https:\/\/gentedebasquet.com.ar\/sitio\/2016\/10\/21\/seba-enfilando\/","og_locale":"es_ES","og_type":"article","og_title":"\"Seba\" enfilando - Gente de B\u00e1squet","og_description":"Barracas puso primera en la serie al vencer a La Falda por 69 a 67","og_url":"https:\/\/gentedebasquet.com.ar\/sitio\/2016\/10\/21\/seba-enfilando\/","og_site_name":"Gente de B\u00e1squet","article_published_time":"2016-10-22T01:55:57+00:00","og_image":[{"width":690,"height":319,"url":"https:\/\/gentedebasquet.com.ar\/sitio\/wp-content\/uploads\/2016\/10\/Mariano-Trellini.jpg","type":"image\/jpeg"}],"author":"Gente de B\u00e1squet","twitter_card":"summary_large_image","twitter_misc":{"Escrito por":"Gente de B\u00e1squet","Tiempo de lectura":"3 minutos"},"schema":{"@context":"https:\/\/schema.org","@graph":[{"@type":"Article","@id":"https:\/\/gentedebasquet.com.ar\/sitio\/2016\/10\/21\/seba-enfilando\/#article","isPartOf":{"@id":"https:\/\/gentedebasquet.com.ar\/sitio\/2016\/10\/21\/seba-enfilando\/"},"author":{"name":"Gente de B\u00e1squet","@id":"https:\/\/gentedebasquet.com.ar\/sitio\/#\/schema\/person\/ca0b63bbb977369988a7bbbdc519943a"},"headline":"\u00abSeba\u00bb enfilando","datePublished":"2016-10-22T01:55:57+00:00","mainEntityOfPage":{"@id":"https:\/\/gentedebasquet.com.ar\/sitio\/2016\/10\/21\/seba-enfilando\/"},"wordCount":665,"image":{"@id":"https:\/\/gentedebasquet.com.ar\/sitio\/2016\/10\/21\/seba-enfilando\/#primaryimage"},"thumbnailUrl":"https:\/\/gentedebasquet.com.ar\/sitio\/wp-content\/uploads\/2016\/10\/Mariano-Trellini.jpg","keywords":["Barracas","Juli\u00e1n Rodr\u00edguez","La Falda","Mariano Trellini","Sebasti\u00e1n Cinti","Sebasti\u00e1n Mart\u00ednez"],"articleSection":["Segunda","Slide"],"inLanguage":"es"},{"@type":"WebPage","@id":"https:\/\/gentedebasquet.com.ar\/sitio\/2016\/10\/21\/seba-enfilando\/","url":"https:\/\/gentedebasquet.com.ar\/sitio\/2016\/10\/21\/seba-enfilando\/","name":"\"Seba\" enfilando - Gente de B\u00e1squet","isPartOf":{"@id":"https:\/\/gentedebasquet.com.ar\/sitio\/#website"},"primaryImageOfPage":{"@id":"https:\/\/gentedebasquet.com.ar\/sitio\/2016\/10\/21\/seba-enfilando\/#primaryimage"},"image":{"@id":"https:\/\/gentedebasquet.com.ar\/sitio\/2016\/10\/21\/seba-enfilando\/#primaryimage"},"thumbnailUrl":"https:\/\/gentedebasquet.com.ar\/sitio\/wp-content\/uploads\/2016\/10\/Mariano-Trellini.jpg","datePublished":"2016-10-22T01:55:57+00:00","author":{"@id":"https:\/\/gentedebasquet.com.ar\/sitio\/#\/schema\/person\/ca0b63bbb977369988a7bbbdc519943a"},"breadcrumb":{"@id":"https:\/\/gentedebasquet.com.ar\/sitio\/2016\/10\/21\/seba-enfilando\/#breadcrumb"},"inLanguage":"es","potentialAction":[{"@type":"ReadAction","target":["https:\/\/gentedebasquet.com.ar\/sitio\/2016\/10\/21\/seba-enfilando\/"]}]},{"@type":"ImageObject","inLanguage":"es","@id":"https:\/\/gentedebasquet.com.ar\/sitio\/2016\/10\/21\/seba-enfilando\/#primaryimage","url":"https:\/\/gentedebasquet.com.ar\/sitio\/wp-content\/uploads\/2016\/10\/Mariano-Trellini.jpg","contentUrl":"https:\/\/gentedebasquet.com.ar\/sitio\/wp-content\/uploads\/2016\/10\/Mariano-Trellini.jpg","width":690,"height":319},{"@type":"BreadcrumbList","@id":"https:\/\/gentedebasquet.com.ar\/sitio\/2016\/10\/21\/seba-enfilando\/#breadcrumb","itemListElement":[{"@type":"ListItem","position":1,"name":"Portada","item":"https:\/\/gentedebasquet.com.ar\/sitio\/"},{"@type":"ListItem","position":2,"name":"\u00abSeba\u00bb enfilando"}]},{"@type":"WebSite","@id":"https:\/\/gentedebasquet.com.ar\/sitio\/#website","url":"https:\/\/gentedebasquet.com.ar\/sitio\/","name":"Gente de B\u00e1squet","description":"La revista del basquet de Bah\u00eda Blanca","potentialAction":[{"@type":"SearchAction","target":{"@type":"EntryPoint","urlTemplate":"https:\/\/gentedebasquet.com.ar\/sitio\/?s={search_term_string}"},"query-input":{"@type":"PropertyValueSpecification","valueRequired":true,"valueName":"search_term_string"}}],"inLanguage":"es"},{"@type":"Person","@id":"https:\/\/gentedebasquet.com.ar\/sitio\/#\/schema\/person\/ca0b63bbb977369988a7bbbdc519943a","name":"Gente de B\u00e1squet","image":{"@type":"ImageObject","inLanguage":"es","@id":"https:\/\/secure.gravatar.com\/avatar\/7f2c48bdc33b30088f941fb6082e555f2874c98e20cb159d7b92b50eadfce793?s=96&d=mm&r=g","url":"https:\/\/secure.gravatar.com\/avatar\/7f2c48bdc33b30088f941fb6082e555f2874c98e20cb159d7b92b50eadfce793?s=96&d=mm&r=g","contentUrl":"https:\/\/secure.gravatar.com\/avatar\/7f2c48bdc33b30088f941fb6082e555f2874c98e20cb159d7b92b50eadfce793?s=96&d=mm&r=g","caption":"Gente de B\u00e1squet"},"sameAs":["http:\/\/gentedebasquet.com.ar\/sitio"],"url":"https:\/\/gentedebasquet.com.ar\/sitio\/author\/ulises\/"}]}},"_links":{"self":[{"href":"https:\/\/gentedebasquet.com.ar\/sitio\/wp-json\/wp\/v2\/posts\/65747","targetHints":{"allow":["GET"]}}],"collection":[{"href":"https:\/\/gentedebasquet.com.ar\/sitio\/wp-json\/wp\/v2\/posts"}],"about":[{"href":"https:\/\/gentedebasquet.com.ar\/sitio\/wp-json\/wp\/v2\/types\/post"}],"author":[{"embeddable":true,"href":"https:\/\/gentedebasquet.com.ar\/sitio\/wp-json\/wp\/v2\/users\/1"}],"replies":[{"embeddable":true,"href":"https:\/\/gentedebasquet.com.ar\/sitio\/wp-json\/wp\/v2\/comments?post=65747"}],"version-history":[{"count":0,"href":"https:\/\/gentedebasquet.com.ar\/sitio\/wp-json\/wp\/v2\/posts\/65747\/revisions"}],"wp:featuredmedia":[{"embeddable":true,"href":"https:\/\/gentedebasquet.com.ar\/sitio\/wp-json\/wp\/v2\/media\/65748"}],"wp:attachment":[{"href":"https:\/\/gentedebasquet.com.ar\/sitio\/wp-json\/wp\/v2\/media?parent=65747"}],"wp:term":[{"taxonomy":"category","embeddable":true,"href":"https:\/\/gentedebasquet.com.ar\/sitio\/wp-json\/wp\/v2\/categories?post=65747"},{"taxonomy":"post_tag","embeddable":true,"href":"https:\/\/gentedebasquet.com.ar\/sitio\/wp-json\/wp\/v2\/tags?post=65747"}],"curies":[{"name":"wp","href":"https:\/\/api.w.org\/{rel}","templated":true}]}}