{"id":65809,"date":"2016-10-22T22:24:22","date_gmt":"2016-10-23T01:24:22","guid":{"rendered":"http:\/\/www.gentedebasquet.com.ar\/?p=65809"},"modified":"2016-10-22T22:24:22","modified_gmt":"2016-10-23T01:24:22","slug":"se-puso-la-cappa-e-hizo-justicia","status":"publish","type":"post","link":"https:\/\/gentedebasquet.com.ar\/sitio\/2016\/10\/22\/se-puso-la-cappa-e-hizo-justicia\/","title":{"rendered":"Se puso la Cappa e hizo justicia"},"content":{"rendered":"<p><strong>Por una nueva fecha de infantiles Sub 13, Bahiense del Norte se impuso de manera contundente frente a Pac\u00edfico en calle Charlonne. Fue una victoria\u00a0electrizante\u00a0por 71-60 donde hubieron 6 jugadores en doble d\u00edgito (4 del elenco vencedor). Augusto Lamonega (6\/8 t2), Maximiliano Bloga (5\/16 t2, 2\/2 tl), Santiago Candia (5\/9 t2, 2\/2 tl) y Martino Abaca (5(10 t2, 1\/2 tl) fueron los jugadores claves del show.<\/strong><\/p>\n<p>El partido era prometedor. Dos jugadores, uno de cada bando, conformaron el equipo campe\u00f3n en el Provincial U13 el pasado fin de semana. Pese a ello y a la peque\u00f1a ventaja, la visita se hizo respetar, ya que tuvo mejor manejo del bal\u00f3n, y fue m\u00e1s claro a la hora de atacar teniendo una mayor eficacia. Por su parte, al local le falt\u00f3 ser m\u00e1s sencillo y depender menos de las individualidades. Martino Abaca (con 5\/6 t2) fue quien sobresali\u00f3 en el 16-22 parcial.<\/p>\n<p>En el 2C el tr\u00e1mite no vari\u00f3 pese a que los protagonistas fueron otros. Con una presi\u00f3n alta, Pac\u00edfico se acerc\u00f3 al marcador. Sin embargo, en los segundos cinco minutos, Bahiense del Norte implement\u00f3 una defensa h\/h que provoc\u00f3 errores en el rival y sin perdonar se fue al descanso con una ventaja de 6 puntos. Maximiliano Bloga (2\/3 t2) fue determinante en el \u00faltimo minuto con sus anotaciones.<\/p>\n<p>A la vuelta de los vestuarios se llev\u00f3 a cabo el mejor cuarto de la tarde. Fue de mucha fricci\u00f3n pero tambi\u00e9n de mucho juego, tanto individual como colectivo. Los elencos fueron como agua y aceite: uno con presi\u00f3n alta y otro con una defensa h\/h. Lo cierto es que con destellos de Mirko Fern\u00e1ndez el verde se puso a tan solo 3 unidades. Sin embargo, Santiago Candia recuper\u00f3 el esf\u00e9rico y en el momento que son\u00f3 la chicharra, de mitad de cancha convirti\u00f3 para ir al \u00faltimo cuarto con una ventaja de cinco unidades.<\/p>\n<p>En el ep\u00edlogo, las formas de defensa y ataque no variaron. Lo sucedido a lo largo de la media hora de juego no cambi\u00f3. Los dirigidos por Santiago Cappa \u00a0siempre estuvieron al frente sin sacar el pie del acelerador. Finalmente, el verde fue a todo o nada, quedando en un momento nuevamente a 3 puntos. No obstante, con el af\u00e1n de que la victoria quede en casa, se desprotegi\u00f3 atr\u00e1s y lo pag\u00f3 caro. Nueve puntos en el \u00faltimo minuto sentenciaron la merecida victoria de la visita por 71-60.<\/p>\n<p>&nbsp;<\/p>\n<p><strong>S\u00edntesis<\/strong>\u00a0| U13 \u2013 Grupo 1 &#8211; Fecha #17<\/p>\n<p><strong>Pac\u00edfico 60:<\/strong>\u00a0Franco Signorotto 12, Mirko Fern\u00e1ndez 9, Octavio Sgaveti 6, Mat\u00edas Quidel 5, Franco Comisso 0 (Fi), Facundo Pirola 13, Joaqu\u00edn Fignotti 6, Felipe Garc\u00eda 4, Ezequiel Miranda 3, Franco Malmesi 2 y Valent\u00edn Periga 0.\u00a0DT: Nicol\u00e1s Aispuro.<\/p>\n<p><strong>Bahiense del Norte 71: <\/strong>Augusto Lamonega 12, Santiago Candia 12, Martino Abaca 11, Bautista Kieesling 6, Mateo Rossi 2 (Fi), Maximiliano Bloga 12, Bautista Schulz 9, Santiago Damico 3, Santiago Ponzoni 2, Mart\u00edn Ascolani 2 y Sebasti\u00e1n Luengo 0.\u00a0DT: Santiago Cappa.<\/p>\n<p><strong>Parciales: <\/strong>16-22, 27-33 (11-11), 46-51 (19-18), 60-71 (14-20).<\/p>\n<p><strong>\u00c1rbitros: <\/strong>Gustavo Vita\u00a0\u2013 Mauro Guallan.<\/p>\n<p><strong>Estadio:<\/strong>\u00a0William Harding Green (Pac\u00edfico).<\/p>\n<p><a class=\"modalf iframe\" title=\"Planilla\" href=\"https:\/\/docs.google.com\/spreadsheets\/d\/1FDGxb6I8hIK7qq4SFXXjsMAlA0BnhhvaaFE3Zv_oQ8s\/pubhtml\" target=\"_blank\" rel=\"noopener\">Ver Planilla<\/a><\/p>\n<p><strong>Foto:<\/strong> Mario Direne.<\/p>\n","protected":false},"excerpt":{"rendered":"<p>Bahiense del Norte super\u00f3 a Pac\u00edfico en preinfantiles por 71 a 60<\/p>\n","protected":false},"author":1,"featured_media":65815,"comment_status":"closed","ping_status":"open","sticky":false,"template":"","format":"standard","meta":{"jnews-multi-image_gallery":[],"jnews_single_post":[],"jnews_primary_category":[],"footnotes":""},"categories":[101,41],"tags":[5,17],"class_list":["post-65809","post","type-post","status-publish","format-standard","has-post-thumbnail","hentry","category-slide","category-u13","tag-bahiense-del-norte","tag-pacifico"],"yoast_head":"<!-- This site is optimized with the Yoast SEO plugin v27.5 - https:\/\/yoast.com\/product\/yoast-seo-wordpress\/ -->\n<title>Se puso la Cappa e hizo justicia - Gente de B\u00e1squet<\/title>\n<meta name=\"robots\" content=\"index, follow, max-snippet:-1, max-image-preview:large, max-video-preview:-1\" \/>\n<link rel=\"canonical\" href=\"http:\/\/gentedebasquet.com.ar\/sitio\/2016\/10\/22\/se-puso-la-cappa-e-hizo-justicia\/\" \/>\n<meta property=\"og:locale\" content=\"es_ES\" \/>\n<meta property=\"og:type\" content=\"article\" \/>\n<meta property=\"og:title\" content=\"Se puso la Cappa e hizo justicia - Gente de B\u00e1squet\" \/>\n<meta property=\"og:description\" content=\"Bahiense del Norte super\u00f3 a Pac\u00edfico en preinfantiles por 71 a 60\" \/>\n<meta property=\"og:url\" content=\"http:\/\/gentedebasquet.com.ar\/sitio\/2016\/10\/22\/se-puso-la-cappa-e-hizo-justicia\/\" \/>\n<meta property=\"og:site_name\" content=\"Gente de B\u00e1squet\" \/>\n<meta property=\"article:published_time\" content=\"2016-10-23T01:24:22+00:00\" \/>\n<meta property=\"og:image\" content=\"http:\/\/gentedebasquet.com.ar\/sitio\/wp-content\/uploads\/2016\/10\/14813623_10207892840458790_886355274_n.jpg\" \/>\n\t<meta property=\"og:image:width\" content=\"690\" \/>\n\t<meta property=\"og:image:height\" content=\"319\" \/>\n\t<meta property=\"og:image:type\" content=\"image\/jpeg\" \/>\n<meta name=\"author\" content=\"Gente de B\u00e1squet\" \/>\n<meta name=\"twitter:card\" content=\"summary_large_image\" \/>\n<meta name=\"twitter:label1\" content=\"Escrito por\" \/>\n\t<meta name=\"twitter:data1\" content=\"Gente de B\u00e1squet\" \/>\n\t<meta name=\"twitter:label2\" content=\"Tiempo de lectura\" \/>\n\t<meta name=\"twitter:data2\" content=\"3 minutos\" \/>\n<script type=\"application\/ld+json\" class=\"yoast-schema-graph\">{\"@context\":\"https:\\\/\\\/schema.org\",\"@graph\":[{\"@type\":\"Article\",\"@id\":\"http:\\\/\\\/gentedebasquet.com.ar\\\/sitio\\\/2016\\\/10\\\/22\\\/se-puso-la-cappa-e-hizo-justicia\\\/#article\",\"isPartOf\":{\"@id\":\"http:\\\/\\\/gentedebasquet.com.ar\\\/sitio\\\/2016\\\/10\\\/22\\\/se-puso-la-cappa-e-hizo-justicia\\\/\"},\"author\":{\"name\":\"Gente de B\u00e1squet\",\"@id\":\"https:\\\/\\\/gentedebasquet.com.ar\\\/sitio\\\/#\\\/schema\\\/person\\\/ca0b63bbb977369988a7bbbdc519943a\"},\"headline\":\"Se puso la Cappa e hizo justicia\",\"datePublished\":\"2016-10-23T01:24:22+00:00\",\"mainEntityOfPage\":{\"@id\":\"http:\\\/\\\/gentedebasquet.com.ar\\\/sitio\\\/2016\\\/10\\\/22\\\/se-puso-la-cappa-e-hizo-justicia\\\/\"},\"wordCount\":515,\"image\":{\"@id\":\"http:\\\/\\\/gentedebasquet.com.ar\\\/sitio\\\/2016\\\/10\\\/22\\\/se-puso-la-cappa-e-hizo-justicia\\\/#primaryimage\"},\"thumbnailUrl\":\"https:\\\/\\\/gentedebasquet.com.ar\\\/sitio\\\/wp-content\\\/uploads\\\/2016\\\/10\\\/14813623_10207892840458790_886355274_n.jpg\",\"keywords\":[\"Bahiense Del Norte\",\"Pacifico\"],\"articleSection\":[\"Slide\",\"U13\"],\"inLanguage\":\"es\"},{\"@type\":\"WebPage\",\"@id\":\"http:\\\/\\\/gentedebasquet.com.ar\\\/sitio\\\/2016\\\/10\\\/22\\\/se-puso-la-cappa-e-hizo-justicia\\\/\",\"url\":\"http:\\\/\\\/gentedebasquet.com.ar\\\/sitio\\\/2016\\\/10\\\/22\\\/se-puso-la-cappa-e-hizo-justicia\\\/\",\"name\":\"Se puso la Cappa e hizo justicia - Gente de B\u00e1squet\",\"isPartOf\":{\"@id\":\"https:\\\/\\\/gentedebasquet.com.ar\\\/sitio\\\/#website\"},\"primaryImageOfPage\":{\"@id\":\"http:\\\/\\\/gentedebasquet.com.ar\\\/sitio\\\/2016\\\/10\\\/22\\\/se-puso-la-cappa-e-hizo-justicia\\\/#primaryimage\"},\"image\":{\"@id\":\"http:\\\/\\\/gentedebasquet.com.ar\\\/sitio\\\/2016\\\/10\\\/22\\\/se-puso-la-cappa-e-hizo-justicia\\\/#primaryimage\"},\"thumbnailUrl\":\"https:\\\/\\\/gentedebasquet.com.ar\\\/sitio\\\/wp-content\\\/uploads\\\/2016\\\/10\\\/14813623_10207892840458790_886355274_n.jpg\",\"datePublished\":\"2016-10-23T01:24:22+00:00\",\"author\":{\"@id\":\"https:\\\/\\\/gentedebasquet.com.ar\\\/sitio\\\/#\\\/schema\\\/person\\\/ca0b63bbb977369988a7bbbdc519943a\"},\"breadcrumb\":{\"@id\":\"http:\\\/\\\/gentedebasquet.com.ar\\\/sitio\\\/2016\\\/10\\\/22\\\/se-puso-la-cappa-e-hizo-justicia\\\/#breadcrumb\"},\"inLanguage\":\"es\",\"potentialAction\":[{\"@type\":\"ReadAction\",\"target\":[\"http:\\\/\\\/gentedebasquet.com.ar\\\/sitio\\\/2016\\\/10\\\/22\\\/se-puso-la-cappa-e-hizo-justicia\\\/\"]}]},{\"@type\":\"ImageObject\",\"inLanguage\":\"es\",\"@id\":\"http:\\\/\\\/gentedebasquet.com.ar\\\/sitio\\\/2016\\\/10\\\/22\\\/se-puso-la-cappa-e-hizo-justicia\\\/#primaryimage\",\"url\":\"https:\\\/\\\/gentedebasquet.com.ar\\\/sitio\\\/wp-content\\\/uploads\\\/2016\\\/10\\\/14813623_10207892840458790_886355274_n.jpg\",\"contentUrl\":\"https:\\\/\\\/gentedebasquet.com.ar\\\/sitio\\\/wp-content\\\/uploads\\\/2016\\\/10\\\/14813623_10207892840458790_886355274_n.jpg\",\"width\":690,\"height\":319},{\"@type\":\"BreadcrumbList\",\"@id\":\"http:\\\/\\\/gentedebasquet.com.ar\\\/sitio\\\/2016\\\/10\\\/22\\\/se-puso-la-cappa-e-hizo-justicia\\\/#breadcrumb\",\"itemListElement\":[{\"@type\":\"ListItem\",\"position\":1,\"name\":\"Portada\",\"item\":\"https:\\\/\\\/gentedebasquet.com.ar\\\/sitio\\\/\"},{\"@type\":\"ListItem\",\"position\":2,\"name\":\"Se puso la Cappa e hizo justicia\"}]},{\"@type\":\"WebSite\",\"@id\":\"https:\\\/\\\/gentedebasquet.com.ar\\\/sitio\\\/#website\",\"url\":\"https:\\\/\\\/gentedebasquet.com.ar\\\/sitio\\\/\",\"name\":\"Gente de B\u00e1squet\",\"description\":\"La revista del basquet de Bah\u00eda Blanca\",\"potentialAction\":[{\"@type\":\"SearchAction\",\"target\":{\"@type\":\"EntryPoint\",\"urlTemplate\":\"https:\\\/\\\/gentedebasquet.com.ar\\\/sitio\\\/?s={search_term_string}\"},\"query-input\":{\"@type\":\"PropertyValueSpecification\",\"valueRequired\":true,\"valueName\":\"search_term_string\"}}],\"inLanguage\":\"es\"},{\"@type\":\"Person\",\"@id\":\"https:\\\/\\\/gentedebasquet.com.ar\\\/sitio\\\/#\\\/schema\\\/person\\\/ca0b63bbb977369988a7bbbdc519943a\",\"name\":\"Gente de B\u00e1squet\",\"image\":{\"@type\":\"ImageObject\",\"inLanguage\":\"es\",\"@id\":\"https:\\\/\\\/secure.gravatar.com\\\/avatar\\\/7f2c48bdc33b30088f941fb6082e555f2874c98e20cb159d7b92b50eadfce793?s=96&d=mm&r=g\",\"url\":\"https:\\\/\\\/secure.gravatar.com\\\/avatar\\\/7f2c48bdc33b30088f941fb6082e555f2874c98e20cb159d7b92b50eadfce793?s=96&d=mm&r=g\",\"contentUrl\":\"https:\\\/\\\/secure.gravatar.com\\\/avatar\\\/7f2c48bdc33b30088f941fb6082e555f2874c98e20cb159d7b92b50eadfce793?s=96&d=mm&r=g\",\"caption\":\"Gente de B\u00e1squet\"},\"sameAs\":[\"http:\\\/\\\/gentedebasquet.com.ar\\\/sitio\"],\"url\":\"https:\\\/\\\/gentedebasquet.com.ar\\\/sitio\\\/author\\\/ulises\\\/\"}]}<\/script>\n<!-- \/ Yoast SEO plugin. -->","yoast_head_json":{"title":"Se puso la Cappa e hizo justicia - Gente de B\u00e1squet","robots":{"index":"index","follow":"follow","max-snippet":"max-snippet:-1","max-image-preview":"max-image-preview:large","max-video-preview":"max-video-preview:-1"},"canonical":"http:\/\/gentedebasquet.com.ar\/sitio\/2016\/10\/22\/se-puso-la-cappa-e-hizo-justicia\/","og_locale":"es_ES","og_type":"article","og_title":"Se puso la Cappa e hizo justicia - Gente de B\u00e1squet","og_description":"Bahiense del Norte super\u00f3 a Pac\u00edfico en preinfantiles por 71 a 60","og_url":"http:\/\/gentedebasquet.com.ar\/sitio\/2016\/10\/22\/se-puso-la-cappa-e-hizo-justicia\/","og_site_name":"Gente de B\u00e1squet","article_published_time":"2016-10-23T01:24:22+00:00","og_image":[{"width":690,"height":319,"url":"http:\/\/gentedebasquet.com.ar\/sitio\/wp-content\/uploads\/2016\/10\/14813623_10207892840458790_886355274_n.jpg","type":"image\/jpeg"}],"author":"Gente de B\u00e1squet","twitter_card":"summary_large_image","twitter_misc":{"Escrito por":"Gente de B\u00e1squet","Tiempo de lectura":"3 minutos"},"schema":{"@context":"https:\/\/schema.org","@graph":[{"@type":"Article","@id":"http:\/\/gentedebasquet.com.ar\/sitio\/2016\/10\/22\/se-puso-la-cappa-e-hizo-justicia\/#article","isPartOf":{"@id":"http:\/\/gentedebasquet.com.ar\/sitio\/2016\/10\/22\/se-puso-la-cappa-e-hizo-justicia\/"},"author":{"name":"Gente de B\u00e1squet","@id":"https:\/\/gentedebasquet.com.ar\/sitio\/#\/schema\/person\/ca0b63bbb977369988a7bbbdc519943a"},"headline":"Se puso la Cappa e hizo justicia","datePublished":"2016-10-23T01:24:22+00:00","mainEntityOfPage":{"@id":"http:\/\/gentedebasquet.com.ar\/sitio\/2016\/10\/22\/se-puso-la-cappa-e-hizo-justicia\/"},"wordCount":515,"image":{"@id":"http:\/\/gentedebasquet.com.ar\/sitio\/2016\/10\/22\/se-puso-la-cappa-e-hizo-justicia\/#primaryimage"},"thumbnailUrl":"https:\/\/gentedebasquet.com.ar\/sitio\/wp-content\/uploads\/2016\/10\/14813623_10207892840458790_886355274_n.jpg","keywords":["Bahiense Del Norte","Pacifico"],"articleSection":["Slide","U13"],"inLanguage":"es"},{"@type":"WebPage","@id":"http:\/\/gentedebasquet.com.ar\/sitio\/2016\/10\/22\/se-puso-la-cappa-e-hizo-justicia\/","url":"http:\/\/gentedebasquet.com.ar\/sitio\/2016\/10\/22\/se-puso-la-cappa-e-hizo-justicia\/","name":"Se puso la Cappa e hizo justicia - Gente de B\u00e1squet","isPartOf":{"@id":"https:\/\/gentedebasquet.com.ar\/sitio\/#website"},"primaryImageOfPage":{"@id":"http:\/\/gentedebasquet.com.ar\/sitio\/2016\/10\/22\/se-puso-la-cappa-e-hizo-justicia\/#primaryimage"},"image":{"@id":"http:\/\/gentedebasquet.com.ar\/sitio\/2016\/10\/22\/se-puso-la-cappa-e-hizo-justicia\/#primaryimage"},"thumbnailUrl":"https:\/\/gentedebasquet.com.ar\/sitio\/wp-content\/uploads\/2016\/10\/14813623_10207892840458790_886355274_n.jpg","datePublished":"2016-10-23T01:24:22+00:00","author":{"@id":"https:\/\/gentedebasquet.com.ar\/sitio\/#\/schema\/person\/ca0b63bbb977369988a7bbbdc519943a"},"breadcrumb":{"@id":"http:\/\/gentedebasquet.com.ar\/sitio\/2016\/10\/22\/se-puso-la-cappa-e-hizo-justicia\/#breadcrumb"},"inLanguage":"es","potentialAction":[{"@type":"ReadAction","target":["http:\/\/gentedebasquet.com.ar\/sitio\/2016\/10\/22\/se-puso-la-cappa-e-hizo-justicia\/"]}]},{"@type":"ImageObject","inLanguage":"es","@id":"http:\/\/gentedebasquet.com.ar\/sitio\/2016\/10\/22\/se-puso-la-cappa-e-hizo-justicia\/#primaryimage","url":"https:\/\/gentedebasquet.com.ar\/sitio\/wp-content\/uploads\/2016\/10\/14813623_10207892840458790_886355274_n.jpg","contentUrl":"https:\/\/gentedebasquet.com.ar\/sitio\/wp-content\/uploads\/2016\/10\/14813623_10207892840458790_886355274_n.jpg","width":690,"height":319},{"@type":"BreadcrumbList","@id":"http:\/\/gentedebasquet.com.ar\/sitio\/2016\/10\/22\/se-puso-la-cappa-e-hizo-justicia\/#breadcrumb","itemListElement":[{"@type":"ListItem","position":1,"name":"Portada","item":"https:\/\/gentedebasquet.com.ar\/sitio\/"},{"@type":"ListItem","position":2,"name":"Se puso la Cappa e hizo justicia"}]},{"@type":"WebSite","@id":"https:\/\/gentedebasquet.com.ar\/sitio\/#website","url":"https:\/\/gentedebasquet.com.ar\/sitio\/","name":"Gente de B\u00e1squet","description":"La revista del basquet de Bah\u00eda Blanca","potentialAction":[{"@type":"SearchAction","target":{"@type":"EntryPoint","urlTemplate":"https:\/\/gentedebasquet.com.ar\/sitio\/?s={search_term_string}"},"query-input":{"@type":"PropertyValueSpecification","valueRequired":true,"valueName":"search_term_string"}}],"inLanguage":"es"},{"@type":"Person","@id":"https:\/\/gentedebasquet.com.ar\/sitio\/#\/schema\/person\/ca0b63bbb977369988a7bbbdc519943a","name":"Gente de B\u00e1squet","image":{"@type":"ImageObject","inLanguage":"es","@id":"https:\/\/secure.gravatar.com\/avatar\/7f2c48bdc33b30088f941fb6082e555f2874c98e20cb159d7b92b50eadfce793?s=96&d=mm&r=g","url":"https:\/\/secure.gravatar.com\/avatar\/7f2c48bdc33b30088f941fb6082e555f2874c98e20cb159d7b92b50eadfce793?s=96&d=mm&r=g","contentUrl":"https:\/\/secure.gravatar.com\/avatar\/7f2c48bdc33b30088f941fb6082e555f2874c98e20cb159d7b92b50eadfce793?s=96&d=mm&r=g","caption":"Gente de B\u00e1squet"},"sameAs":["http:\/\/gentedebasquet.com.ar\/sitio"],"url":"https:\/\/gentedebasquet.com.ar\/sitio\/author\/ulises\/"}]}},"_links":{"self":[{"href":"https:\/\/gentedebasquet.com.ar\/sitio\/wp-json\/wp\/v2\/posts\/65809","targetHints":{"allow":["GET"]}}],"collection":[{"href":"https:\/\/gentedebasquet.com.ar\/sitio\/wp-json\/wp\/v2\/posts"}],"about":[{"href":"https:\/\/gentedebasquet.com.ar\/sitio\/wp-json\/wp\/v2\/types\/post"}],"author":[{"embeddable":true,"href":"https:\/\/gentedebasquet.com.ar\/sitio\/wp-json\/wp\/v2\/users\/1"}],"replies":[{"embeddable":true,"href":"https:\/\/gentedebasquet.com.ar\/sitio\/wp-json\/wp\/v2\/comments?post=65809"}],"version-history":[{"count":0,"href":"https:\/\/gentedebasquet.com.ar\/sitio\/wp-json\/wp\/v2\/posts\/65809\/revisions"}],"wp:featuredmedia":[{"embeddable":true,"href":"https:\/\/gentedebasquet.com.ar\/sitio\/wp-json\/wp\/v2\/media\/65815"}],"wp:attachment":[{"href":"https:\/\/gentedebasquet.com.ar\/sitio\/wp-json\/wp\/v2\/media?parent=65809"}],"wp:term":[{"taxonomy":"category","embeddable":true,"href":"https:\/\/gentedebasquet.com.ar\/sitio\/wp-json\/wp\/v2\/categories?post=65809"},{"taxonomy":"post_tag","embeddable":true,"href":"https:\/\/gentedebasquet.com.ar\/sitio\/wp-json\/wp\/v2\/tags?post=65809"}],"curies":[{"name":"wp","href":"https:\/\/api.w.org\/{rel}","templated":true}]}}