{"id":66034,"date":"2016-10-27T23:38:38","date_gmt":"2016-10-28T02:38:38","guid":{"rendered":"http:\/\/www.gentedebasquet.com.ar\/?p=66034"},"modified":"2016-10-27T23:38:38","modified_gmt":"2016-10-28T02:38:38","slug":"el-purre-quiere-seguir-de-primera","status":"publish","type":"post","link":"https:\/\/gentedebasquet.com.ar\/sitio\/2016\/10\/27\/el-purre-quiere-seguir-de-primera\/","title":{"rendered":"El Purre quiere seguir de Primera"},"content":{"rendered":"<p><strong>Pueyrred\u00f3n dio un paso importante, buscando mantener la categor\u00eda, luego de vencer a Argentino por 83 a 64. El equipo de Lucas Ben\u00edtez, con esta victoria, tom\u00f3 distancia en la tabla por 4 partidos sobre Argentino con 6 (<a href=\"http:\/\/www.gentedebasquet.com.ar\/primera-permanencia-posiciones\/\" target=\"_blank\" rel=\"noopener\">Cuadrangular Permanencia<\/a>) por delante. En el encuentro, un gran segundo tiempo rompi\u00f3 la igualdad para que la visita pueda dominar. Agust\u00edn Juanpataoro fue el goleador con 25 puntos, seguido de Rivera con 24. En el local no alcanzaron los 21 de Tom\u00e1s Bruni.<\/strong><\/p>\n<p>El local fue el mejor en el arranque del juego porque tuvo una gran defensa de equipo. El equipo de Errazu presion\u00f3 en la mitad del campo y dobl\u00f3 siempre el bal\u00f3n, forzando las ofensivas de la visita y sec\u00e1ndolo en m\u00e1s de la mitad del segmento. Pero la visita encontr\u00f3 negocio atacando la pintura a trav\u00e9s de Eddie Roberson (6) y tuvo un mejor cierre para quedar expectante, 20-19.<\/p>\n<p>El sprint final del 1C potenci\u00f3 al \u201cpurre\u201d hacia el segundo segmento. Mejor\u00f3 defensivamente y no permiti\u00f3 que Argentino llegara al cesto, propin\u00e1ndole 4 p\u00e9rdidas. Videla lleg\u00f3 con energ\u00edas desde la banca (6) y ayud\u00f3 a cargar el rebote. La visita continu\u00f3 lastimando la pintura rival para ganar por la m\u00ednima en el entretiempo (30-31).<\/p>\n<p>En la segunda parte la visita despeg\u00f3. Pueyrred\u00f3n corri\u00f3 y rompi\u00f3 el balance rival, con una racha de 13-3. Los de Ben\u00edtez atacaron los espacios y mantuvieron una defensa cerrada que permiti\u00f3 provocar la diferencia. Argentino, que hab\u00eda perdido en la pintura en el primer tiempo, defendi\u00f3 mejor ese sector, pero descuid\u00f3 el per\u00edmetro y Juanpataoro (10) y Rivera (8) aprovecharon para mantener el goleo (49-55).<\/p>\n<p>El partido se cort\u00f3 antes de lo esperado. Porque volvi\u00f3 a anotar en ataques r\u00e1pidos y recuper\u00f3 balones que fomentaron un parcial de 8-0 en 3min. Ya con una ventaja de 15, luego de 20, la visita pudo manejar los tiempos para cerrar el encuentro 83 a 64 y condicionar a Argentino de cara al cierre de temporada.<\/p>\n<p>&nbsp;<\/p>\n<p><iframe loading=\"lazy\" src=\"https:\/\/www.youtube.com\/embed\/B0FDEjXlQfc?rel=0\" width=\"640\" height=\"360\" frameborder=\"0\" allowfullscreen=\"allowfullscreen\"><\/iframe><\/p>\n<p>&nbsp;<\/p>\n<p><strong>S\u00edntesis<\/strong> | Primera Divisi\u00f3n \u2013 Oficial \u2013 Fecha #22<\/p>\n<p><strong>Argentino 64:<\/strong> Tom\u00e1s Bruni 21, Nicol\u00e1s Antonelli 7, I\u00f1aki Errazu 10, Fausto Vasconcello 4, Bruno Mandrini 8 (FI); Luciano Mussini 4, Alan Gonz\u00e1lez 6, Genaro Pisani 0, Segundo Vasconcello 4, Francisco Apella 0, Rodrigo Blanco 0. DT: Mario Errazu.<\/p>\n<p><strong>Pueyrred\u00f3n 83:<\/strong> Gast\u00f3n Ressia 9, Agust\u00edn Juanpatoro 25, Gast\u00f3n Rivera 24, Pablo Rasciatti 4, Eddie Roberson 14 (FI); Agust\u00edn Fern\u00e1ndez 1, Santiago Segal 0, Mart\u00edn Catal\u00e1 0, Ramiro Catal\u00e1 0, Hern\u00e1n Cinti 0, Luciano Rafael 0, Gast\u00f3n Videla 6. DT: Lucas Ben\u00edtez.<\/p>\n<p><strong>Parciales:<\/strong> 20-19, 30-31 (10-12), 49-55 (19-24), 64-83 (15-28).<\/p>\n<p><strong>\u00c1rbitros:<\/strong> Horacio Sed\u00e1n \u2013 Javier S\u00e1nchez.<\/p>\n<p><strong>Estadio:<\/strong> Ardubilio Severini (Argentino).<\/p>\n<p><a class=\"modalf iframe\" title=\"Planilla\" href=\"https:\/\/docs.google.com\/spreadsheets\/d\/1PhqLxXKLnyOOdFuxQsXnkbnLmh1usNYDyCwjJQpNSpY\/pubhtml?gid=683542555&amp;single=true\" target=\"_blank\" rel=\"noopener\">Ver Planilla<\/a><\/p>\n","protected":false},"excerpt":{"rendered":"<p>Le gan\u00f3 a Argentino 83 a 64 y tom\u00f3 4 partidos de distancia, con 6 por delante<\/p>\n","protected":false},"author":1,"featured_media":66041,"comment_status":"closed","ping_status":"open","sticky":false,"template":"","format":"standard","meta":{"jnews-multi-image_gallery":[],"jnews_single_post":[],"jnews_primary_category":[],"footnotes":""},"categories":[23,101],"tags":[1417,4,288,18,486],"class_list":["post-66034","post","type-post","status-publish","format-standard","has-post-thumbnail","hentry","category-primera","category-slide","tag-agustin-juanpatoro","tag-argentino","tag-gaston-rivera","tag-pueyrredon","tag-tomas-bruni"],"yoast_head":"<!-- This site is optimized with the Yoast SEO plugin v27.5 - https:\/\/yoast.com\/product\/yoast-seo-wordpress\/ -->\n<title>El Purre quiere seguir de Primera - Gente de B\u00e1squet<\/title>\n<meta name=\"robots\" content=\"index, follow, max-snippet:-1, max-image-preview:large, max-video-preview:-1\" \/>\n<link rel=\"canonical\" href=\"https:\/\/gentedebasquet.com.ar\/sitio\/2016\/10\/27\/el-purre-quiere-seguir-de-primera\/\" \/>\n<meta property=\"og:locale\" content=\"es_ES\" \/>\n<meta property=\"og:type\" content=\"article\" \/>\n<meta property=\"og:title\" content=\"El Purre quiere seguir de Primera - Gente de B\u00e1squet\" \/>\n<meta property=\"og:description\" content=\"Le gan\u00f3 a Argentino 83 a 64 y tom\u00f3 4 partidos de distancia, con 6 por delante\" \/>\n<meta property=\"og:url\" content=\"https:\/\/gentedebasquet.com.ar\/sitio\/2016\/10\/27\/el-purre-quiere-seguir-de-primera\/\" \/>\n<meta property=\"og:site_name\" content=\"Gente de B\u00e1squet\" \/>\n<meta property=\"article:published_time\" content=\"2016-10-28T02:38:38+00:00\" \/>\n<meta property=\"og:image\" content=\"https:\/\/gentedebasquet.com.ar\/sitio\/wp-content\/uploads\/2016\/10\/Argentino-Pueyrredon.jpg\" \/>\n\t<meta property=\"og:image:width\" content=\"690\" \/>\n\t<meta property=\"og:image:height\" content=\"319\" \/>\n\t<meta property=\"og:image:type\" content=\"image\/jpeg\" \/>\n<meta name=\"author\" content=\"Gente de B\u00e1squet\" \/>\n<meta name=\"twitter:card\" content=\"summary_large_image\" \/>\n<meta name=\"twitter:label1\" content=\"Escrito por\" \/>\n\t<meta name=\"twitter:data1\" content=\"Gente de B\u00e1squet\" \/>\n\t<meta name=\"twitter:label2\" content=\"Tiempo de lectura\" \/>\n\t<meta name=\"twitter:data2\" content=\"2 minutos\" \/>\n<script type=\"application\/ld+json\" class=\"yoast-schema-graph\">{\"@context\":\"https:\\\/\\\/schema.org\",\"@graph\":[{\"@type\":\"Article\",\"@id\":\"https:\\\/\\\/gentedebasquet.com.ar\\\/sitio\\\/2016\\\/10\\\/27\\\/el-purre-quiere-seguir-de-primera\\\/#article\",\"isPartOf\":{\"@id\":\"https:\\\/\\\/gentedebasquet.com.ar\\\/sitio\\\/2016\\\/10\\\/27\\\/el-purre-quiere-seguir-de-primera\\\/\"},\"author\":{\"name\":\"Gente de B\u00e1squet\",\"@id\":\"https:\\\/\\\/gentedebasquet.com.ar\\\/sitio\\\/#\\\/schema\\\/person\\\/ca0b63bbb977369988a7bbbdc519943a\"},\"headline\":\"El Purre quiere seguir de Primera\",\"datePublished\":\"2016-10-28T02:38:38+00:00\",\"mainEntityOfPage\":{\"@id\":\"https:\\\/\\\/gentedebasquet.com.ar\\\/sitio\\\/2016\\\/10\\\/27\\\/el-purre-quiere-seguir-de-primera\\\/\"},\"wordCount\":438,\"image\":{\"@id\":\"https:\\\/\\\/gentedebasquet.com.ar\\\/sitio\\\/2016\\\/10\\\/27\\\/el-purre-quiere-seguir-de-primera\\\/#primaryimage\"},\"thumbnailUrl\":\"https:\\\/\\\/gentedebasquet.com.ar\\\/sitio\\\/wp-content\\\/uploads\\\/2016\\\/10\\\/Argentino-Pueyrredon.jpg\",\"keywords\":[\"Agust\u00edn Juanpatoro\",\"Argentino\",\"Gast\u00f3n Rivera\",\"Pueyrredon\",\"Tomas Bruni\"],\"articleSection\":[\"Primera\",\"Slide\"],\"inLanguage\":\"es\"},{\"@type\":\"WebPage\",\"@id\":\"https:\\\/\\\/gentedebasquet.com.ar\\\/sitio\\\/2016\\\/10\\\/27\\\/el-purre-quiere-seguir-de-primera\\\/\",\"url\":\"https:\\\/\\\/gentedebasquet.com.ar\\\/sitio\\\/2016\\\/10\\\/27\\\/el-purre-quiere-seguir-de-primera\\\/\",\"name\":\"El Purre quiere seguir de Primera - Gente de B\u00e1squet\",\"isPartOf\":{\"@id\":\"https:\\\/\\\/gentedebasquet.com.ar\\\/sitio\\\/#website\"},\"primaryImageOfPage\":{\"@id\":\"https:\\\/\\\/gentedebasquet.com.ar\\\/sitio\\\/2016\\\/10\\\/27\\\/el-purre-quiere-seguir-de-primera\\\/#primaryimage\"},\"image\":{\"@id\":\"https:\\\/\\\/gentedebasquet.com.ar\\\/sitio\\\/2016\\\/10\\\/27\\\/el-purre-quiere-seguir-de-primera\\\/#primaryimage\"},\"thumbnailUrl\":\"https:\\\/\\\/gentedebasquet.com.ar\\\/sitio\\\/wp-content\\\/uploads\\\/2016\\\/10\\\/Argentino-Pueyrredon.jpg\",\"datePublished\":\"2016-10-28T02:38:38+00:00\",\"author\":{\"@id\":\"https:\\\/\\\/gentedebasquet.com.ar\\\/sitio\\\/#\\\/schema\\\/person\\\/ca0b63bbb977369988a7bbbdc519943a\"},\"breadcrumb\":{\"@id\":\"https:\\\/\\\/gentedebasquet.com.ar\\\/sitio\\\/2016\\\/10\\\/27\\\/el-purre-quiere-seguir-de-primera\\\/#breadcrumb\"},\"inLanguage\":\"es\",\"potentialAction\":[{\"@type\":\"ReadAction\",\"target\":[\"https:\\\/\\\/gentedebasquet.com.ar\\\/sitio\\\/2016\\\/10\\\/27\\\/el-purre-quiere-seguir-de-primera\\\/\"]}]},{\"@type\":\"ImageObject\",\"inLanguage\":\"es\",\"@id\":\"https:\\\/\\\/gentedebasquet.com.ar\\\/sitio\\\/2016\\\/10\\\/27\\\/el-purre-quiere-seguir-de-primera\\\/#primaryimage\",\"url\":\"https:\\\/\\\/gentedebasquet.com.ar\\\/sitio\\\/wp-content\\\/uploads\\\/2016\\\/10\\\/Argentino-Pueyrredon.jpg\",\"contentUrl\":\"https:\\\/\\\/gentedebasquet.com.ar\\\/sitio\\\/wp-content\\\/uploads\\\/2016\\\/10\\\/Argentino-Pueyrredon.jpg\",\"width\":690,\"height\":319},{\"@type\":\"BreadcrumbList\",\"@id\":\"https:\\\/\\\/gentedebasquet.com.ar\\\/sitio\\\/2016\\\/10\\\/27\\\/el-purre-quiere-seguir-de-primera\\\/#breadcrumb\",\"itemListElement\":[{\"@type\":\"ListItem\",\"position\":1,\"name\":\"Portada\",\"item\":\"https:\\\/\\\/gentedebasquet.com.ar\\\/sitio\\\/\"},{\"@type\":\"ListItem\",\"position\":2,\"name\":\"El Purre quiere seguir de Primera\"}]},{\"@type\":\"WebSite\",\"@id\":\"https:\\\/\\\/gentedebasquet.com.ar\\\/sitio\\\/#website\",\"url\":\"https:\\\/\\\/gentedebasquet.com.ar\\\/sitio\\\/\",\"name\":\"Gente de B\u00e1squet\",\"description\":\"La revista del basquet de Bah\u00eda Blanca\",\"potentialAction\":[{\"@type\":\"SearchAction\",\"target\":{\"@type\":\"EntryPoint\",\"urlTemplate\":\"https:\\\/\\\/gentedebasquet.com.ar\\\/sitio\\\/?s={search_term_string}\"},\"query-input\":{\"@type\":\"PropertyValueSpecification\",\"valueRequired\":true,\"valueName\":\"search_term_string\"}}],\"inLanguage\":\"es\"},{\"@type\":\"Person\",\"@id\":\"https:\\\/\\\/gentedebasquet.com.ar\\\/sitio\\\/#\\\/schema\\\/person\\\/ca0b63bbb977369988a7bbbdc519943a\",\"name\":\"Gente de B\u00e1squet\",\"image\":{\"@type\":\"ImageObject\",\"inLanguage\":\"es\",\"@id\":\"https:\\\/\\\/secure.gravatar.com\\\/avatar\\\/7f2c48bdc33b30088f941fb6082e555f2874c98e20cb159d7b92b50eadfce793?s=96&d=mm&r=g\",\"url\":\"https:\\\/\\\/secure.gravatar.com\\\/avatar\\\/7f2c48bdc33b30088f941fb6082e555f2874c98e20cb159d7b92b50eadfce793?s=96&d=mm&r=g\",\"contentUrl\":\"https:\\\/\\\/secure.gravatar.com\\\/avatar\\\/7f2c48bdc33b30088f941fb6082e555f2874c98e20cb159d7b92b50eadfce793?s=96&d=mm&r=g\",\"caption\":\"Gente de B\u00e1squet\"},\"sameAs\":[\"http:\\\/\\\/gentedebasquet.com.ar\\\/sitio\"],\"url\":\"https:\\\/\\\/gentedebasquet.com.ar\\\/sitio\\\/author\\\/ulises\\\/\"}]}<\/script>\n<!-- \/ Yoast SEO plugin. -->","yoast_head_json":{"title":"El Purre quiere seguir de Primera - Gente de B\u00e1squet","robots":{"index":"index","follow":"follow","max-snippet":"max-snippet:-1","max-image-preview":"max-image-preview:large","max-video-preview":"max-video-preview:-1"},"canonical":"https:\/\/gentedebasquet.com.ar\/sitio\/2016\/10\/27\/el-purre-quiere-seguir-de-primera\/","og_locale":"es_ES","og_type":"article","og_title":"El Purre quiere seguir de Primera - Gente de B\u00e1squet","og_description":"Le gan\u00f3 a Argentino 83 a 64 y tom\u00f3 4 partidos de distancia, con 6 por delante","og_url":"https:\/\/gentedebasquet.com.ar\/sitio\/2016\/10\/27\/el-purre-quiere-seguir-de-primera\/","og_site_name":"Gente de B\u00e1squet","article_published_time":"2016-10-28T02:38:38+00:00","og_image":[{"width":690,"height":319,"url":"https:\/\/gentedebasquet.com.ar\/sitio\/wp-content\/uploads\/2016\/10\/Argentino-Pueyrredon.jpg","type":"image\/jpeg"}],"author":"Gente de B\u00e1squet","twitter_card":"summary_large_image","twitter_misc":{"Escrito por":"Gente de B\u00e1squet","Tiempo de lectura":"2 minutos"},"schema":{"@context":"https:\/\/schema.org","@graph":[{"@type":"Article","@id":"https:\/\/gentedebasquet.com.ar\/sitio\/2016\/10\/27\/el-purre-quiere-seguir-de-primera\/#article","isPartOf":{"@id":"https:\/\/gentedebasquet.com.ar\/sitio\/2016\/10\/27\/el-purre-quiere-seguir-de-primera\/"},"author":{"name":"Gente de B\u00e1squet","@id":"https:\/\/gentedebasquet.com.ar\/sitio\/#\/schema\/person\/ca0b63bbb977369988a7bbbdc519943a"},"headline":"El Purre quiere seguir de Primera","datePublished":"2016-10-28T02:38:38+00:00","mainEntityOfPage":{"@id":"https:\/\/gentedebasquet.com.ar\/sitio\/2016\/10\/27\/el-purre-quiere-seguir-de-primera\/"},"wordCount":438,"image":{"@id":"https:\/\/gentedebasquet.com.ar\/sitio\/2016\/10\/27\/el-purre-quiere-seguir-de-primera\/#primaryimage"},"thumbnailUrl":"https:\/\/gentedebasquet.com.ar\/sitio\/wp-content\/uploads\/2016\/10\/Argentino-Pueyrredon.jpg","keywords":["Agust\u00edn Juanpatoro","Argentino","Gast\u00f3n Rivera","Pueyrredon","Tomas Bruni"],"articleSection":["Primera","Slide"],"inLanguage":"es"},{"@type":"WebPage","@id":"https:\/\/gentedebasquet.com.ar\/sitio\/2016\/10\/27\/el-purre-quiere-seguir-de-primera\/","url":"https:\/\/gentedebasquet.com.ar\/sitio\/2016\/10\/27\/el-purre-quiere-seguir-de-primera\/","name":"El Purre quiere seguir de Primera - Gente de B\u00e1squet","isPartOf":{"@id":"https:\/\/gentedebasquet.com.ar\/sitio\/#website"},"primaryImageOfPage":{"@id":"https:\/\/gentedebasquet.com.ar\/sitio\/2016\/10\/27\/el-purre-quiere-seguir-de-primera\/#primaryimage"},"image":{"@id":"https:\/\/gentedebasquet.com.ar\/sitio\/2016\/10\/27\/el-purre-quiere-seguir-de-primera\/#primaryimage"},"thumbnailUrl":"https:\/\/gentedebasquet.com.ar\/sitio\/wp-content\/uploads\/2016\/10\/Argentino-Pueyrredon.jpg","datePublished":"2016-10-28T02:38:38+00:00","author":{"@id":"https:\/\/gentedebasquet.com.ar\/sitio\/#\/schema\/person\/ca0b63bbb977369988a7bbbdc519943a"},"breadcrumb":{"@id":"https:\/\/gentedebasquet.com.ar\/sitio\/2016\/10\/27\/el-purre-quiere-seguir-de-primera\/#breadcrumb"},"inLanguage":"es","potentialAction":[{"@type":"ReadAction","target":["https:\/\/gentedebasquet.com.ar\/sitio\/2016\/10\/27\/el-purre-quiere-seguir-de-primera\/"]}]},{"@type":"ImageObject","inLanguage":"es","@id":"https:\/\/gentedebasquet.com.ar\/sitio\/2016\/10\/27\/el-purre-quiere-seguir-de-primera\/#primaryimage","url":"https:\/\/gentedebasquet.com.ar\/sitio\/wp-content\/uploads\/2016\/10\/Argentino-Pueyrredon.jpg","contentUrl":"https:\/\/gentedebasquet.com.ar\/sitio\/wp-content\/uploads\/2016\/10\/Argentino-Pueyrredon.jpg","width":690,"height":319},{"@type":"BreadcrumbList","@id":"https:\/\/gentedebasquet.com.ar\/sitio\/2016\/10\/27\/el-purre-quiere-seguir-de-primera\/#breadcrumb","itemListElement":[{"@type":"ListItem","position":1,"name":"Portada","item":"https:\/\/gentedebasquet.com.ar\/sitio\/"},{"@type":"ListItem","position":2,"name":"El Purre quiere seguir de Primera"}]},{"@type":"WebSite","@id":"https:\/\/gentedebasquet.com.ar\/sitio\/#website","url":"https:\/\/gentedebasquet.com.ar\/sitio\/","name":"Gente de B\u00e1squet","description":"La revista del basquet de Bah\u00eda Blanca","potentialAction":[{"@type":"SearchAction","target":{"@type":"EntryPoint","urlTemplate":"https:\/\/gentedebasquet.com.ar\/sitio\/?s={search_term_string}"},"query-input":{"@type":"PropertyValueSpecification","valueRequired":true,"valueName":"search_term_string"}}],"inLanguage":"es"},{"@type":"Person","@id":"https:\/\/gentedebasquet.com.ar\/sitio\/#\/schema\/person\/ca0b63bbb977369988a7bbbdc519943a","name":"Gente de B\u00e1squet","image":{"@type":"ImageObject","inLanguage":"es","@id":"https:\/\/secure.gravatar.com\/avatar\/7f2c48bdc33b30088f941fb6082e555f2874c98e20cb159d7b92b50eadfce793?s=96&d=mm&r=g","url":"https:\/\/secure.gravatar.com\/avatar\/7f2c48bdc33b30088f941fb6082e555f2874c98e20cb159d7b92b50eadfce793?s=96&d=mm&r=g","contentUrl":"https:\/\/secure.gravatar.com\/avatar\/7f2c48bdc33b30088f941fb6082e555f2874c98e20cb159d7b92b50eadfce793?s=96&d=mm&r=g","caption":"Gente de B\u00e1squet"},"sameAs":["http:\/\/gentedebasquet.com.ar\/sitio"],"url":"https:\/\/gentedebasquet.com.ar\/sitio\/author\/ulises\/"}]}},"_links":{"self":[{"href":"https:\/\/gentedebasquet.com.ar\/sitio\/wp-json\/wp\/v2\/posts\/66034","targetHints":{"allow":["GET"]}}],"collection":[{"href":"https:\/\/gentedebasquet.com.ar\/sitio\/wp-json\/wp\/v2\/posts"}],"about":[{"href":"https:\/\/gentedebasquet.com.ar\/sitio\/wp-json\/wp\/v2\/types\/post"}],"author":[{"embeddable":true,"href":"https:\/\/gentedebasquet.com.ar\/sitio\/wp-json\/wp\/v2\/users\/1"}],"replies":[{"embeddable":true,"href":"https:\/\/gentedebasquet.com.ar\/sitio\/wp-json\/wp\/v2\/comments?post=66034"}],"version-history":[{"count":0,"href":"https:\/\/gentedebasquet.com.ar\/sitio\/wp-json\/wp\/v2\/posts\/66034\/revisions"}],"wp:featuredmedia":[{"embeddable":true,"href":"https:\/\/gentedebasquet.com.ar\/sitio\/wp-json\/wp\/v2\/media\/66041"}],"wp:attachment":[{"href":"https:\/\/gentedebasquet.com.ar\/sitio\/wp-json\/wp\/v2\/media?parent=66034"}],"wp:term":[{"taxonomy":"category","embeddable":true,"href":"https:\/\/gentedebasquet.com.ar\/sitio\/wp-json\/wp\/v2\/categories?post=66034"},{"taxonomy":"post_tag","embeddable":true,"href":"https:\/\/gentedebasquet.com.ar\/sitio\/wp-json\/wp\/v2\/tags?post=66034"}],"curies":[{"name":"wp","href":"https:\/\/api.w.org\/{rel}","templated":true}]}}