{"id":66127,"date":"2016-10-28T23:40:10","date_gmt":"2016-10-29T02:40:10","guid":{"rendered":"http:\/\/www.gentedebasquet.com.ar\/?p=66127"},"modified":"2016-10-28T23:40:10","modified_gmt":"2016-10-29T02:40:10","slug":"con-el-gen-carci","status":"publish","type":"post","link":"https:\/\/gentedebasquet.com.ar\/sitio\/2016\/10\/28\/con-el-gen-carci\/","title":{"rendered":"Con el Gen Carci"},"content":{"rendered":"<p><strong>Barracas venci\u00f3 a La Falda por 77 a 73 y avanz\u00f3 a las semifinales, donde enfrentar\u00e1 a Pac\u00edfico. En un partido que lleg\u00f3 a estar 18 puntos arriba, luego 7 abajo en el \u00faltimo cuarto y que comenz\u00f3 a darle forma en los segundos finales merced a un triple de Gendana. Dami\u00e1n Carci (25 y 9 rebotes) una vez m\u00e1s fue el term\u00f3metro del elenco ganador, seguido por C\u00e9sar Massa (16 y 6 asistencias) y Mariano Trellini (13 y 8 recobres). Mientras que por el lado de La Falda, no alcanz\u00f3 con un mon\u00f3logo de Sebasti\u00e1n Cinti (20, 19 en 2T, 11 rebotes y 6 asistencias) ni con la producci\u00f3n de Federico Vilouta (21, 7\/12 T2, 11 en 2C).<\/strong><\/p>\n<p>Barracas fue una aplanadora desde el inicio, marcando una diferencia notoria de intensidad y car\u00e1cter. Con Carci (6) a la cabeza fueron estirando ventajas para cerrar el primer segmento \u00a124-6! Massa y Trellini (14 entre ambos) completaron un tridente letal, el cu\u00e1l utilizaron constantemente para circular el bal\u00f3n. Lo malo fue que Sebasti\u00e1n Mart\u00ednez debi\u00f3 retirarse por una contractura a la altura del aductor. \u00bfLa Falda? Desconocido. Nunca logr\u00f3 llevar acabo ning\u00fan sistema de juego por lo que sus lanzamientos no fueron los mejores (1\/11 TC), cedi\u00f3 seguido el bal\u00f3n (6 p\u00e9rdidas) y\u00a0 flaque\u00f3 en defensa.<\/p>\n<p>Con Carci (7) como l\u00edder y la simpleza de N\u00fa\u00f1ez (7) en la pintura, los del Bosque continuaron con su superioridad en el desarrollo del juego. Pero de repente Rodr\u00edguez se peg\u00f3 al base local y Vilouta (11, 5\/8 T2) sac\u00f3 a relucir su amor propio para que \u201cLafa\u201d pudiera reaccionar tras haber regalado el primer segmento. Cort\u00f3 muy bien l\u00ednea de pase y pudo neutralizar el bal\u00f3n con doblajes sobre los laterales (6 robos) para volver decididamente al ruedo y cambiar la cara.<\/p>\n<p>A la vuelta del vestuario, Barrcas intent\u00f3 volver a imponer su juego con la din\u00e1mica de Carci (6) pero poco a poco sus porcentajes fueron decayendo (2\/14 TC), conjuntamente con la reacci\u00f3n definitiva del visitante. Con un doble de Mond\u00f3n transcurridos 1m19s, La Falda anotaba sus primeros puntos en la pintura merced al juego de espaldas de un interno; y con ellos se abri\u00f3 el tel\u00f3n para una exhibici\u00f3n de personalidad de Cinti (8 y 4 asistencias) y Vilouta (7); quienes fueron los art\u00edfices preponderantes para hacer borr\u00f3n y cuenta nueva de cara al \u00faltimo chico (53-53). Tambi\u00e9n fue destacable la producci\u00f3n de Miguel (5), quien colabor\u00f3 en ofensiva pero sobre todo se rasp\u00f3 en defensa.<\/p>\n<p>Cinti (11, 5 rebotes y 2 tapas) dio aviso de su mon\u00f3logo para que los de Loffredo tomaran una peque\u00f1a distancia (60-53) coincidentemente con el peor momento de Barracas (5 p\u00e9rdidas). No obstante no aprovech\u00f3 las ocasiones para dar el golpe de gracia y abus\u00f3 del tiro exterior (2\/10 T3) d\u00e1ndole vida al due\u00f1o de casa; que ni lerdo ni perezoso la aprovech\u00f3 con el coraz\u00f3n de Carci (6). El tr\u00e1mite se torn\u00f3 equilibrado hasta el final con Massa (7) y Rodr\u00edguez (7) como protagonistas de las ofensivas de sus equipos. Pero Barracas reci\u00e9n pudo comenzar a inclinar la balanza a su favor merced a un triple de Gendana (2\/2 T3), el cu\u00e1l termin\u00f3 siendo decisivo porque la visita fall\u00f3 desde la l\u00ednea en momentos claves y ya el tiempo no pudo acompa\u00f1arlo para quedarse con el triunfo y el pase a sefnnales.<\/p>\n<p><em>\u00a0<\/em><\/p>\n<p>[vimeo]http:\/\/vimeo.com\/ 189413808 [\/vimeo]<\/p>\n<p><em>\u00a0\u00a0<\/em><\/p>\n<p><strong>S\u00edntesis |\u00a0<\/strong>Segunda Divisi\u00f3n \u2013 4\u00b0 Final &#8211; Juego #3<\/p>\n<p><strong>Barracas 77<\/strong><strong>:<\/strong>\u00a0Dami\u00e1n Carci 25, Sebasti\u00e1n Mart\u00ednez 0, Mariano Trellini 13, C\u00e9sar Massa 16 y Mariano N\u00fa\u00f1ez 11 (F.I.); Octavio Cancellarich 2, Fabi\u00e1n Gendana 10 y Mauro Montanaro 0. DT: Juan Sergio Palumbo.<\/p>\n<p><strong>La Falda 73:<\/strong> Juli\u00e1n Rodr\u00edguez 12, Sebasti\u00e1n Cinti 20, Federico Vilouta 21, Federico Gonz\u00e1lez 4 y Andr\u00e9s Mond\u00f3n 6 (F.I.); Mart\u00edn Miguel 7, Facundo Apcari\u00e1n 0, Gustavo Lan 3 y Thom\u00e1s Minnucci 0. DT: Miguel Loffredo.<\/p>\n<p><strong>Parciales:<\/strong>\u00a024-6, 41-28 (17-22), 53-53 (12-25) y 77-73 (24-20).<\/p>\n<p><strong>\u00c1rbitros:<\/strong>\u00a0Horacio Sed\u00e1n y Marjorie Stuardo.<\/p>\n<p><strong>Estadio:<\/strong>\u00a0\u201cEl Bosque\u201d (Barracas)<\/p>\n<p><strong>Serie<\/strong>: 2-1, Barracas avanza a Semifinales<\/p>\n<p><a class=\"modalf iframe\" title=\"Planilla\" href=\"https:\/\/docs.google.com\/spreadsheets\/d\/1TNk1wII4oJ02dgpFQm1nhth485G5bLPDDaeggxcfuUk\/pubhtml\" target=\"_blank\" rel=\"noopener\">Ver Planilla<\/a><\/p>\n","protected":false},"excerpt":{"rendered":"<p>Barracas venci\u00f3 a La Falda 77-73 y avanz\u00f3 a semifinales.<\/p>\n","protected":false},"author":1,"featured_media":66128,"comment_status":"closed","ping_status":"open","sticky":false,"template":"","format":"standard","meta":{"jnews-multi-image_gallery":[],"jnews_single_post":[],"jnews_primary_category":[],"footnotes":""},"categories":[25,101],"tags":[333,250,527,303,13,619,227],"class_list":["post-66127","post","type-post","status-publish","format-standard","has-post-thumbnail","hentry","category-segunda","category-slide","tag-barracas","tag-cesar-massa","tag-damian-carci","tag-federico-vilouta","tag-la-falda","tag-mariano-trellini","tag-sebastian-cinti"],"yoast_head":"<!-- This site is optimized with the Yoast SEO plugin v27.5 - https:\/\/yoast.com\/product\/yoast-seo-wordpress\/ -->\n<title>Con el Gen Carci - Gente de B\u00e1squet<\/title>\n<meta name=\"robots\" content=\"index, follow, max-snippet:-1, max-image-preview:large, max-video-preview:-1\" \/>\n<link rel=\"canonical\" href=\"https:\/\/gentedebasquet.com.ar\/sitio\/2016\/10\/28\/con-el-gen-carci\/\" \/>\n<meta property=\"og:locale\" content=\"es_ES\" \/>\n<meta property=\"og:type\" content=\"article\" \/>\n<meta property=\"og:title\" content=\"Con el Gen Carci - Gente de B\u00e1squet\" \/>\n<meta property=\"og:description\" content=\"Barracas venci\u00f3 a La Falda 77-73 y avanz\u00f3 a semifinales.\" \/>\n<meta property=\"og:url\" content=\"https:\/\/gentedebasquet.com.ar\/sitio\/2016\/10\/28\/con-el-gen-carci\/\" \/>\n<meta property=\"og:site_name\" content=\"Gente de B\u00e1squet\" \/>\n<meta property=\"article:published_time\" content=\"2016-10-29T02:40:10+00:00\" \/>\n<meta property=\"og:image\" content=\"https:\/\/gentedebasquet.com.ar\/sitio\/wp-content\/uploads\/2016\/10\/Damian-Carci.jpg\" \/>\n\t<meta property=\"og:image:width\" content=\"690\" \/>\n\t<meta property=\"og:image:height\" content=\"319\" \/>\n\t<meta property=\"og:image:type\" content=\"image\/jpeg\" \/>\n<meta name=\"author\" content=\"Gente de B\u00e1squet\" \/>\n<meta name=\"twitter:card\" content=\"summary_large_image\" \/>\n<meta name=\"twitter:label1\" content=\"Escrito por\" \/>\n\t<meta name=\"twitter:data1\" content=\"Gente de B\u00e1squet\" \/>\n\t<meta name=\"twitter:label2\" content=\"Tiempo de lectura\" \/>\n\t<meta name=\"twitter:data2\" content=\"3 minutos\" \/>\n<script type=\"application\/ld+json\" class=\"yoast-schema-graph\">{\"@context\":\"https:\\\/\\\/schema.org\",\"@graph\":[{\"@type\":\"Article\",\"@id\":\"https:\\\/\\\/gentedebasquet.com.ar\\\/sitio\\\/2016\\\/10\\\/28\\\/con-el-gen-carci\\\/#article\",\"isPartOf\":{\"@id\":\"https:\\\/\\\/gentedebasquet.com.ar\\\/sitio\\\/2016\\\/10\\\/28\\\/con-el-gen-carci\\\/\"},\"author\":{\"name\":\"Gente de B\u00e1squet\",\"@id\":\"https:\\\/\\\/gentedebasquet.com.ar\\\/sitio\\\/#\\\/schema\\\/person\\\/ca0b63bbb977369988a7bbbdc519943a\"},\"headline\":\"Con el Gen Carci\",\"datePublished\":\"2016-10-29T02:40:10+00:00\",\"mainEntityOfPage\":{\"@id\":\"https:\\\/\\\/gentedebasquet.com.ar\\\/sitio\\\/2016\\\/10\\\/28\\\/con-el-gen-carci\\\/\"},\"wordCount\":672,\"image\":{\"@id\":\"https:\\\/\\\/gentedebasquet.com.ar\\\/sitio\\\/2016\\\/10\\\/28\\\/con-el-gen-carci\\\/#primaryimage\"},\"thumbnailUrl\":\"https:\\\/\\\/gentedebasquet.com.ar\\\/sitio\\\/wp-content\\\/uploads\\\/2016\\\/10\\\/Damian-Carci.jpg\",\"keywords\":[\"Barracas\",\"C\u00e9sar Massa\",\"Dami\u00e1n Carci\",\"Federico Vilouta\",\"La Falda\",\"Mariano Trellini\",\"Sebasti\u00e1n Cinti\"],\"articleSection\":[\"Segunda\",\"Slide\"],\"inLanguage\":\"es\"},{\"@type\":\"WebPage\",\"@id\":\"https:\\\/\\\/gentedebasquet.com.ar\\\/sitio\\\/2016\\\/10\\\/28\\\/con-el-gen-carci\\\/\",\"url\":\"https:\\\/\\\/gentedebasquet.com.ar\\\/sitio\\\/2016\\\/10\\\/28\\\/con-el-gen-carci\\\/\",\"name\":\"Con el Gen Carci - Gente de B\u00e1squet\",\"isPartOf\":{\"@id\":\"https:\\\/\\\/gentedebasquet.com.ar\\\/sitio\\\/#website\"},\"primaryImageOfPage\":{\"@id\":\"https:\\\/\\\/gentedebasquet.com.ar\\\/sitio\\\/2016\\\/10\\\/28\\\/con-el-gen-carci\\\/#primaryimage\"},\"image\":{\"@id\":\"https:\\\/\\\/gentedebasquet.com.ar\\\/sitio\\\/2016\\\/10\\\/28\\\/con-el-gen-carci\\\/#primaryimage\"},\"thumbnailUrl\":\"https:\\\/\\\/gentedebasquet.com.ar\\\/sitio\\\/wp-content\\\/uploads\\\/2016\\\/10\\\/Damian-Carci.jpg\",\"datePublished\":\"2016-10-29T02:40:10+00:00\",\"author\":{\"@id\":\"https:\\\/\\\/gentedebasquet.com.ar\\\/sitio\\\/#\\\/schema\\\/person\\\/ca0b63bbb977369988a7bbbdc519943a\"},\"breadcrumb\":{\"@id\":\"https:\\\/\\\/gentedebasquet.com.ar\\\/sitio\\\/2016\\\/10\\\/28\\\/con-el-gen-carci\\\/#breadcrumb\"},\"inLanguage\":\"es\",\"potentialAction\":[{\"@type\":\"ReadAction\",\"target\":[\"https:\\\/\\\/gentedebasquet.com.ar\\\/sitio\\\/2016\\\/10\\\/28\\\/con-el-gen-carci\\\/\"]}]},{\"@type\":\"ImageObject\",\"inLanguage\":\"es\",\"@id\":\"https:\\\/\\\/gentedebasquet.com.ar\\\/sitio\\\/2016\\\/10\\\/28\\\/con-el-gen-carci\\\/#primaryimage\",\"url\":\"https:\\\/\\\/gentedebasquet.com.ar\\\/sitio\\\/wp-content\\\/uploads\\\/2016\\\/10\\\/Damian-Carci.jpg\",\"contentUrl\":\"https:\\\/\\\/gentedebasquet.com.ar\\\/sitio\\\/wp-content\\\/uploads\\\/2016\\\/10\\\/Damian-Carci.jpg\",\"width\":690,\"height\":319},{\"@type\":\"BreadcrumbList\",\"@id\":\"https:\\\/\\\/gentedebasquet.com.ar\\\/sitio\\\/2016\\\/10\\\/28\\\/con-el-gen-carci\\\/#breadcrumb\",\"itemListElement\":[{\"@type\":\"ListItem\",\"position\":1,\"name\":\"Portada\",\"item\":\"https:\\\/\\\/gentedebasquet.com.ar\\\/sitio\\\/\"},{\"@type\":\"ListItem\",\"position\":2,\"name\":\"Con el Gen Carci\"}]},{\"@type\":\"WebSite\",\"@id\":\"https:\\\/\\\/gentedebasquet.com.ar\\\/sitio\\\/#website\",\"url\":\"https:\\\/\\\/gentedebasquet.com.ar\\\/sitio\\\/\",\"name\":\"Gente de B\u00e1squet\",\"description\":\"La revista del basquet de Bah\u00eda Blanca\",\"potentialAction\":[{\"@type\":\"SearchAction\",\"target\":{\"@type\":\"EntryPoint\",\"urlTemplate\":\"https:\\\/\\\/gentedebasquet.com.ar\\\/sitio\\\/?s={search_term_string}\"},\"query-input\":{\"@type\":\"PropertyValueSpecification\",\"valueRequired\":true,\"valueName\":\"search_term_string\"}}],\"inLanguage\":\"es\"},{\"@type\":\"Person\",\"@id\":\"https:\\\/\\\/gentedebasquet.com.ar\\\/sitio\\\/#\\\/schema\\\/person\\\/ca0b63bbb977369988a7bbbdc519943a\",\"name\":\"Gente de B\u00e1squet\",\"image\":{\"@type\":\"ImageObject\",\"inLanguage\":\"es\",\"@id\":\"https:\\\/\\\/secure.gravatar.com\\\/avatar\\\/7f2c48bdc33b30088f941fb6082e555f2874c98e20cb159d7b92b50eadfce793?s=96&d=mm&r=g\",\"url\":\"https:\\\/\\\/secure.gravatar.com\\\/avatar\\\/7f2c48bdc33b30088f941fb6082e555f2874c98e20cb159d7b92b50eadfce793?s=96&d=mm&r=g\",\"contentUrl\":\"https:\\\/\\\/secure.gravatar.com\\\/avatar\\\/7f2c48bdc33b30088f941fb6082e555f2874c98e20cb159d7b92b50eadfce793?s=96&d=mm&r=g\",\"caption\":\"Gente de B\u00e1squet\"},\"sameAs\":[\"http:\\\/\\\/gentedebasquet.com.ar\\\/sitio\"],\"url\":\"https:\\\/\\\/gentedebasquet.com.ar\\\/sitio\\\/author\\\/ulises\\\/\"}]}<\/script>\n<!-- \/ Yoast SEO plugin. -->","yoast_head_json":{"title":"Con el Gen Carci - Gente de B\u00e1squet","robots":{"index":"index","follow":"follow","max-snippet":"max-snippet:-1","max-image-preview":"max-image-preview:large","max-video-preview":"max-video-preview:-1"},"canonical":"https:\/\/gentedebasquet.com.ar\/sitio\/2016\/10\/28\/con-el-gen-carci\/","og_locale":"es_ES","og_type":"article","og_title":"Con el Gen Carci - Gente de B\u00e1squet","og_description":"Barracas venci\u00f3 a La Falda 77-73 y avanz\u00f3 a semifinales.","og_url":"https:\/\/gentedebasquet.com.ar\/sitio\/2016\/10\/28\/con-el-gen-carci\/","og_site_name":"Gente de B\u00e1squet","article_published_time":"2016-10-29T02:40:10+00:00","og_image":[{"width":690,"height":319,"url":"https:\/\/gentedebasquet.com.ar\/sitio\/wp-content\/uploads\/2016\/10\/Damian-Carci.jpg","type":"image\/jpeg"}],"author":"Gente de B\u00e1squet","twitter_card":"summary_large_image","twitter_misc":{"Escrito por":"Gente de B\u00e1squet","Tiempo de lectura":"3 minutos"},"schema":{"@context":"https:\/\/schema.org","@graph":[{"@type":"Article","@id":"https:\/\/gentedebasquet.com.ar\/sitio\/2016\/10\/28\/con-el-gen-carci\/#article","isPartOf":{"@id":"https:\/\/gentedebasquet.com.ar\/sitio\/2016\/10\/28\/con-el-gen-carci\/"},"author":{"name":"Gente de B\u00e1squet","@id":"https:\/\/gentedebasquet.com.ar\/sitio\/#\/schema\/person\/ca0b63bbb977369988a7bbbdc519943a"},"headline":"Con el Gen Carci","datePublished":"2016-10-29T02:40:10+00:00","mainEntityOfPage":{"@id":"https:\/\/gentedebasquet.com.ar\/sitio\/2016\/10\/28\/con-el-gen-carci\/"},"wordCount":672,"image":{"@id":"https:\/\/gentedebasquet.com.ar\/sitio\/2016\/10\/28\/con-el-gen-carci\/#primaryimage"},"thumbnailUrl":"https:\/\/gentedebasquet.com.ar\/sitio\/wp-content\/uploads\/2016\/10\/Damian-Carci.jpg","keywords":["Barracas","C\u00e9sar Massa","Dami\u00e1n Carci","Federico Vilouta","La Falda","Mariano Trellini","Sebasti\u00e1n Cinti"],"articleSection":["Segunda","Slide"],"inLanguage":"es"},{"@type":"WebPage","@id":"https:\/\/gentedebasquet.com.ar\/sitio\/2016\/10\/28\/con-el-gen-carci\/","url":"https:\/\/gentedebasquet.com.ar\/sitio\/2016\/10\/28\/con-el-gen-carci\/","name":"Con el Gen Carci - Gente de B\u00e1squet","isPartOf":{"@id":"https:\/\/gentedebasquet.com.ar\/sitio\/#website"},"primaryImageOfPage":{"@id":"https:\/\/gentedebasquet.com.ar\/sitio\/2016\/10\/28\/con-el-gen-carci\/#primaryimage"},"image":{"@id":"https:\/\/gentedebasquet.com.ar\/sitio\/2016\/10\/28\/con-el-gen-carci\/#primaryimage"},"thumbnailUrl":"https:\/\/gentedebasquet.com.ar\/sitio\/wp-content\/uploads\/2016\/10\/Damian-Carci.jpg","datePublished":"2016-10-29T02:40:10+00:00","author":{"@id":"https:\/\/gentedebasquet.com.ar\/sitio\/#\/schema\/person\/ca0b63bbb977369988a7bbbdc519943a"},"breadcrumb":{"@id":"https:\/\/gentedebasquet.com.ar\/sitio\/2016\/10\/28\/con-el-gen-carci\/#breadcrumb"},"inLanguage":"es","potentialAction":[{"@type":"ReadAction","target":["https:\/\/gentedebasquet.com.ar\/sitio\/2016\/10\/28\/con-el-gen-carci\/"]}]},{"@type":"ImageObject","inLanguage":"es","@id":"https:\/\/gentedebasquet.com.ar\/sitio\/2016\/10\/28\/con-el-gen-carci\/#primaryimage","url":"https:\/\/gentedebasquet.com.ar\/sitio\/wp-content\/uploads\/2016\/10\/Damian-Carci.jpg","contentUrl":"https:\/\/gentedebasquet.com.ar\/sitio\/wp-content\/uploads\/2016\/10\/Damian-Carci.jpg","width":690,"height":319},{"@type":"BreadcrumbList","@id":"https:\/\/gentedebasquet.com.ar\/sitio\/2016\/10\/28\/con-el-gen-carci\/#breadcrumb","itemListElement":[{"@type":"ListItem","position":1,"name":"Portada","item":"https:\/\/gentedebasquet.com.ar\/sitio\/"},{"@type":"ListItem","position":2,"name":"Con el Gen Carci"}]},{"@type":"WebSite","@id":"https:\/\/gentedebasquet.com.ar\/sitio\/#website","url":"https:\/\/gentedebasquet.com.ar\/sitio\/","name":"Gente de B\u00e1squet","description":"La revista del basquet de Bah\u00eda Blanca","potentialAction":[{"@type":"SearchAction","target":{"@type":"EntryPoint","urlTemplate":"https:\/\/gentedebasquet.com.ar\/sitio\/?s={search_term_string}"},"query-input":{"@type":"PropertyValueSpecification","valueRequired":true,"valueName":"search_term_string"}}],"inLanguage":"es"},{"@type":"Person","@id":"https:\/\/gentedebasquet.com.ar\/sitio\/#\/schema\/person\/ca0b63bbb977369988a7bbbdc519943a","name":"Gente de B\u00e1squet","image":{"@type":"ImageObject","inLanguage":"es","@id":"https:\/\/secure.gravatar.com\/avatar\/7f2c48bdc33b30088f941fb6082e555f2874c98e20cb159d7b92b50eadfce793?s=96&d=mm&r=g","url":"https:\/\/secure.gravatar.com\/avatar\/7f2c48bdc33b30088f941fb6082e555f2874c98e20cb159d7b92b50eadfce793?s=96&d=mm&r=g","contentUrl":"https:\/\/secure.gravatar.com\/avatar\/7f2c48bdc33b30088f941fb6082e555f2874c98e20cb159d7b92b50eadfce793?s=96&d=mm&r=g","caption":"Gente de B\u00e1squet"},"sameAs":["http:\/\/gentedebasquet.com.ar\/sitio"],"url":"https:\/\/gentedebasquet.com.ar\/sitio\/author\/ulises\/"}]}},"_links":{"self":[{"href":"https:\/\/gentedebasquet.com.ar\/sitio\/wp-json\/wp\/v2\/posts\/66127","targetHints":{"allow":["GET"]}}],"collection":[{"href":"https:\/\/gentedebasquet.com.ar\/sitio\/wp-json\/wp\/v2\/posts"}],"about":[{"href":"https:\/\/gentedebasquet.com.ar\/sitio\/wp-json\/wp\/v2\/types\/post"}],"author":[{"embeddable":true,"href":"https:\/\/gentedebasquet.com.ar\/sitio\/wp-json\/wp\/v2\/users\/1"}],"replies":[{"embeddable":true,"href":"https:\/\/gentedebasquet.com.ar\/sitio\/wp-json\/wp\/v2\/comments?post=66127"}],"version-history":[{"count":0,"href":"https:\/\/gentedebasquet.com.ar\/sitio\/wp-json\/wp\/v2\/posts\/66127\/revisions"}],"wp:featuredmedia":[{"embeddable":true,"href":"https:\/\/gentedebasquet.com.ar\/sitio\/wp-json\/wp\/v2\/media\/66128"}],"wp:attachment":[{"href":"https:\/\/gentedebasquet.com.ar\/sitio\/wp-json\/wp\/v2\/media?parent=66127"}],"wp:term":[{"taxonomy":"category","embeddable":true,"href":"https:\/\/gentedebasquet.com.ar\/sitio\/wp-json\/wp\/v2\/categories?post=66127"},{"taxonomy":"post_tag","embeddable":true,"href":"https:\/\/gentedebasquet.com.ar\/sitio\/wp-json\/wp\/v2\/tags?post=66127"}],"curies":[{"name":"wp","href":"https:\/\/api.w.org\/{rel}","templated":true}]}}