{"id":66426,"date":"2016-11-03T23:30:14","date_gmt":"2016-11-04T02:30:14","guid":{"rendered":"http:\/\/www.gentedebasquet.com.ar\/?p=66426"},"modified":"2016-11-03T23:30:14","modified_gmt":"2016-11-04T02:30:14","slug":"semis-a-la-vista","status":"publish","type":"post","link":"https:\/\/gentedebasquet.com.ar\/sitio\/2016\/11\/03\/semis-a-la-vista\/","title":{"rendered":"Semis a la vista"},"content":{"rendered":"<p><strong>Alem derrot\u00f3 como visitante a Estudiantes por 94 a 87, liquid\u00f3 la serie 2-0 y es semifinalista del Oficial de Primera. El partido tuvo un primer tiempo parejo, levemente inclinado para el local; pero en el \u00faltimo cuarto el verdirrojo pudo mejor\u00f3 su efectividad y cerr\u00f3 la llave a su favor. El goleador del encuentro fue Santiago Torre, con 26 puntos (12 en el 4C) y 8 asistencias. Tambi\u00e9n hubo buenas actuaciones de Walter Gigena, con 15, y los triple de Augusto Priore fueron claves en los minutos finales (3\/5). Por el lado del albo, el m\u00e1ximo anotador fue Nicol\u00e1s S\u00e1nchez, con 23.<\/strong><\/p>\n<p>Con dos triples al hilo arranc\u00f3 el partido para el local (Scarpaci y S\u00e1nchez), mientras Alem se mantuvo activo con Banegas haciendo de las suyas en la pintura. Los minutos siguientes fueron gol a gol, hasta que la visita plasm\u00f3 un parcial de 5-0 (2 de Torre y 3 de Gigena) y se puso al frente en el marcador (10-12). Estudiantes baj\u00f3 la efectividad y por lo tanto el rival sigui\u00f3 con el parcial hasta llegar a 18. A falta de 2m el ingreso de Thorp (6 puntos seguidos) hizo que el local achicara la diferencia y cerr\u00f3 el primer cuarto 16 a 18.<\/p>\n<p>Alem continu\u00f3 tomando la delantera en los primeros minutos del per\u00edodo con Augusto Priore desde el per\u00edmetro y Gigena-Starc en el poste bajo. El albo baj\u00f3 la intensidad defensiva y no logr\u00f3 anotar con la facilidad del inicio. A falta de 3m57 solamente sumaba en el marcador mediante tiros libres. Pero en los minutos finales, y despu\u00e9s de un tiempo muerto, la historia cambi\u00f3. Alem empez\u00f3 a perder pelotas y el local lo supo aprovechar de la mejor manera, sellando 5-0 (v\u00eda Scarpaci) para quedarse con el cuarto.<\/p>\n<blockquote><p>Fue una serie muy dura, jugamos diez\u00a0partidos contra Estudiantes y realmente siempre \u00a0nos dieron much\u00edsima batalla, fueron partidos muy duros y friccionados, t\u00edpicos de playoffs. Creo que en un momento muy malo del equipo pudimos reaccionar y encontramos, con mas coraz\u00f3n que fuego, sacar el juego adelante. Necesitamos mejorar nuestra t\u00e9cnica, pases y nuestras situaciones para poder aspirar a algo mejor (Alejandro \u00c1lvarez)<\/p><\/blockquote>\n<p>A la vuelta del descanso, el Albo cambi\u00f3 el chip y sali\u00f3 con m\u00e1s decisi\u00f3n: 4 puntos consecutivos de Thorp lo animaron. Con 6m29 por jugar en el chico, la diferencia ya era de 10, sobresaliendo Joaqu\u00edn S\u00e1nchez y Mitoire en el goleo. Esto fue motivo de minuto para Alem quien, de regreso, mostr\u00f3 su potencial y marc\u00f3 4-0 que lo devolvi\u00f3 al juego. De todas formas, los hermanos S\u00e1nchez volvieron a poner las cosas en su lugar (3 de Nicol\u00e1s y 3 de Joaqu\u00edn): 57-47. Banegas (12) mantuvo al verdirrojo a la expectativa.<\/p>\n<p>El \u00faltimo segmento mostr\u00f3 el contraste. Mientras Joaqu\u00edn S\u00e1nchez debi\u00f3 dejar la cancha por l\u00edmite de faltas, una r\u00e1faga de triples de Augusto Priore (3\/5) posicion\u00f3 a la visita en el marcador. Solo individualidades (Nco s\u00e1nchez y Alema\u00f1y) aparecieron en las ofensivas locales, al tiempo que\u00a0Santiago Torre emergi\u00f3 como protagonista cobrando 10 tantos desde la l\u00ednea. Con un gran cierre donde combin\u00f3 los factores mencionados, Alem cerr\u00f3 la serie 2-0 y es semifinalista del Oficial de primera divisi\u00f3n.<\/p>\n<p>&nbsp;<\/p>\n<p>[vimeo]http:\/\/vimeo.com\/190202835[\/vimeo]<\/p>\n<p>&nbsp;<\/p>\n<p><strong>S\u00edntesis<\/strong>\u00a0| Primera \u2013 Oficial \u2013 Cuartos de Final \u2013 Juego #2<\/p>\n<p><strong>Estudiantes 87:<\/strong>\u00a0Nicol\u00e1s S\u00e1nchez 23, Tom\u00e1s Scarpaci 13 (x), Nehu\u00e9n Ber\u00f3n 3, Jonathan Thorp 13, Marcos Fern\u00e1ndez 1 (x) (FI); Leonel Alema\u00f1y 8, Joaqu\u00edn S\u00e1nchez 9 (x) y Jer\u00f3nimo Mitoire 17. DT: Guillermo L\u00f3pez.<\/p>\n<p><strong>Alem 94:<\/strong>\u00a0Santiago Torre 26 (x), Walter Gigena 15 (x), Dami\u00e1n Foulkes 4, Fabricio Starc 14 (x), H\u00e9rman Banegas 16 (FI); Augusto Priore 15, Genaro Priore 2, Juan Manuel Bicondoa 0 y Juan Ignacio Diomedi 2 (x). DT: Alejandro \u00c1lvarez.<\/p>\n<p><strong>Parciales<\/strong>:\u00a016-18, 37-34 (21-16), 66-61 (29-27) y 87-94 (21-33).<\/p>\n<p><strong>\u00c1rbitros:<\/strong>\u00a0N\u00e9stor Schernenco \u2013 Marjorie Stuardo.<\/p>\n<p><strong>Estadio:<\/strong>\u00a0Osvaldo Casanova (Estudiantes).<\/p>\n<p><a class=\"modalf iframe\" title=\"Planilla\" href=\"https:\/\/docs.google.com\/spreadsheets\/d\/1xLDTPBm_3yAt5YJoWHGqRZTyr7vGpKgA-Veai8XwhIY\/pubhtml\" target=\"_blank\" rel=\"noopener\">Ver Planilla<\/a><\/p>\n<p><strong>Serie:<\/strong> Alem, 2-0.<\/p>\n","protected":false},"excerpt":{"rendered":"<p>Alem derrot\u00f3 a Estudiantes 94 a 87, liquid\u00f3 la serie 2-0 y se meti\u00f3 entre los cuatro<\/p>\n","protected":false},"author":1,"featured_media":66432,"comment_status":"closed","ping_status":"open","sticky":false,"template":"","format":"standard","meta":{"jnews-multi-image_gallery":[],"jnews_single_post":[],"jnews_primary_category":[],"footnotes":""},"categories":[23,101],"tags":[656,11,612,484,604],"class_list":["post-66426","post","type-post","status-publish","format-standard","has-post-thumbnail","hentry","category-primera","category-slide","tag-augusto-priore","tag-estudiantes","tag-leandro-n-alem","tag-nicolas-sanchez","tag-santiago-torre"],"yoast_head":"<!-- This site is optimized with the Yoast SEO plugin v27.4 - https:\/\/yoast.com\/product\/yoast-seo-wordpress\/ -->\n<title>Semis a la vista - Gente de B\u00e1squet<\/title>\n<meta name=\"robots\" content=\"index, follow, max-snippet:-1, max-image-preview:large, max-video-preview:-1\" \/>\n<link rel=\"canonical\" href=\"https:\/\/gentedebasquet.com.ar\/sitio\/2016\/11\/03\/semis-a-la-vista\/\" \/>\n<meta property=\"og:locale\" content=\"es_ES\" \/>\n<meta property=\"og:type\" content=\"article\" \/>\n<meta property=\"og:title\" content=\"Semis a la vista - Gente de B\u00e1squet\" \/>\n<meta property=\"og:description\" content=\"Alem derrot\u00f3 a Estudiantes 94 a 87, liquid\u00f3 la serie 2-0 y se meti\u00f3 entre los cuatro\" \/>\n<meta property=\"og:url\" content=\"https:\/\/gentedebasquet.com.ar\/sitio\/2016\/11\/03\/semis-a-la-vista\/\" \/>\n<meta property=\"og:site_name\" content=\"Gente de B\u00e1squet\" \/>\n<meta property=\"article:published_time\" content=\"2016-11-04T02:30:14+00:00\" \/>\n<meta property=\"og:image\" content=\"https:\/\/gentedebasquet.com.ar\/sitio\/wp-content\/uploads\/2016\/11\/Estudiantes-Alem.jpg\" \/>\n\t<meta property=\"og:image:width\" content=\"690\" \/>\n\t<meta property=\"og:image:height\" content=\"319\" \/>\n\t<meta property=\"og:image:type\" content=\"image\/jpeg\" \/>\n<meta name=\"author\" content=\"Gente de B\u00e1squet\" \/>\n<meta name=\"twitter:card\" content=\"summary_large_image\" \/>\n<meta name=\"twitter:label1\" content=\"Escrito por\" \/>\n\t<meta name=\"twitter:data1\" content=\"Gente de B\u00e1squet\" \/>\n\t<meta name=\"twitter:label2\" content=\"Tiempo de lectura\" \/>\n\t<meta name=\"twitter:data2\" content=\"3 minutos\" \/>\n<script type=\"application\/ld+json\" class=\"yoast-schema-graph\">{\"@context\":\"https:\\\/\\\/schema.org\",\"@graph\":[{\"@type\":\"Article\",\"@id\":\"https:\\\/\\\/gentedebasquet.com.ar\\\/sitio\\\/2016\\\/11\\\/03\\\/semis-a-la-vista\\\/#article\",\"isPartOf\":{\"@id\":\"https:\\\/\\\/gentedebasquet.com.ar\\\/sitio\\\/2016\\\/11\\\/03\\\/semis-a-la-vista\\\/\"},\"author\":{\"name\":\"Gente de B\u00e1squet\",\"@id\":\"http:\\\/\\\/gentedebasquet.com.ar\\\/sitio\\\/#\\\/schema\\\/person\\\/ca0b63bbb977369988a7bbbdc519943a\"},\"headline\":\"Semis a la vista\",\"datePublished\":\"2016-11-04T02:30:14+00:00\",\"mainEntityOfPage\":{\"@id\":\"https:\\\/\\\/gentedebasquet.com.ar\\\/sitio\\\/2016\\\/11\\\/03\\\/semis-a-la-vista\\\/\"},\"wordCount\":650,\"image\":{\"@id\":\"https:\\\/\\\/gentedebasquet.com.ar\\\/sitio\\\/2016\\\/11\\\/03\\\/semis-a-la-vista\\\/#primaryimage\"},\"thumbnailUrl\":\"https:\\\/\\\/gentedebasquet.com.ar\\\/sitio\\\/wp-content\\\/uploads\\\/2016\\\/11\\\/Estudiantes-Alem.jpg\",\"keywords\":[\"Augusto Priore\",\"Estudiantes\",\"Leandro N. Alem\",\"Nicol\u00e1s S\u00e1nchez\",\"Santiago Torre\"],\"articleSection\":[\"Primera\",\"Slide\"],\"inLanguage\":\"es\"},{\"@type\":\"WebPage\",\"@id\":\"https:\\\/\\\/gentedebasquet.com.ar\\\/sitio\\\/2016\\\/11\\\/03\\\/semis-a-la-vista\\\/\",\"url\":\"https:\\\/\\\/gentedebasquet.com.ar\\\/sitio\\\/2016\\\/11\\\/03\\\/semis-a-la-vista\\\/\",\"name\":\"Semis a la vista - Gente de B\u00e1squet\",\"isPartOf\":{\"@id\":\"http:\\\/\\\/gentedebasquet.com.ar\\\/sitio\\\/#website\"},\"primaryImageOfPage\":{\"@id\":\"https:\\\/\\\/gentedebasquet.com.ar\\\/sitio\\\/2016\\\/11\\\/03\\\/semis-a-la-vista\\\/#primaryimage\"},\"image\":{\"@id\":\"https:\\\/\\\/gentedebasquet.com.ar\\\/sitio\\\/2016\\\/11\\\/03\\\/semis-a-la-vista\\\/#primaryimage\"},\"thumbnailUrl\":\"https:\\\/\\\/gentedebasquet.com.ar\\\/sitio\\\/wp-content\\\/uploads\\\/2016\\\/11\\\/Estudiantes-Alem.jpg\",\"datePublished\":\"2016-11-04T02:30:14+00:00\",\"author\":{\"@id\":\"http:\\\/\\\/gentedebasquet.com.ar\\\/sitio\\\/#\\\/schema\\\/person\\\/ca0b63bbb977369988a7bbbdc519943a\"},\"breadcrumb\":{\"@id\":\"https:\\\/\\\/gentedebasquet.com.ar\\\/sitio\\\/2016\\\/11\\\/03\\\/semis-a-la-vista\\\/#breadcrumb\"},\"inLanguage\":\"es\",\"potentialAction\":[{\"@type\":\"ReadAction\",\"target\":[\"https:\\\/\\\/gentedebasquet.com.ar\\\/sitio\\\/2016\\\/11\\\/03\\\/semis-a-la-vista\\\/\"]}]},{\"@type\":\"ImageObject\",\"inLanguage\":\"es\",\"@id\":\"https:\\\/\\\/gentedebasquet.com.ar\\\/sitio\\\/2016\\\/11\\\/03\\\/semis-a-la-vista\\\/#primaryimage\",\"url\":\"https:\\\/\\\/gentedebasquet.com.ar\\\/sitio\\\/wp-content\\\/uploads\\\/2016\\\/11\\\/Estudiantes-Alem.jpg\",\"contentUrl\":\"https:\\\/\\\/gentedebasquet.com.ar\\\/sitio\\\/wp-content\\\/uploads\\\/2016\\\/11\\\/Estudiantes-Alem.jpg\",\"width\":690,\"height\":319},{\"@type\":\"BreadcrumbList\",\"@id\":\"https:\\\/\\\/gentedebasquet.com.ar\\\/sitio\\\/2016\\\/11\\\/03\\\/semis-a-la-vista\\\/#breadcrumb\",\"itemListElement\":[{\"@type\":\"ListItem\",\"position\":1,\"name\":\"Portada\",\"item\":\"http:\\\/\\\/gentedebasquet.com.ar\\\/sitio\\\/\"},{\"@type\":\"ListItem\",\"position\":2,\"name\":\"Semis a la vista\"}]},{\"@type\":\"WebSite\",\"@id\":\"http:\\\/\\\/gentedebasquet.com.ar\\\/sitio\\\/#website\",\"url\":\"http:\\\/\\\/gentedebasquet.com.ar\\\/sitio\\\/\",\"name\":\"Gente de B\u00e1squet\",\"description\":\"La revista del basquet de Bah\u00eda Blanca\",\"potentialAction\":[{\"@type\":\"SearchAction\",\"target\":{\"@type\":\"EntryPoint\",\"urlTemplate\":\"http:\\\/\\\/gentedebasquet.com.ar\\\/sitio\\\/?s={search_term_string}\"},\"query-input\":{\"@type\":\"PropertyValueSpecification\",\"valueRequired\":true,\"valueName\":\"search_term_string\"}}],\"inLanguage\":\"es\"},{\"@type\":\"Person\",\"@id\":\"http:\\\/\\\/gentedebasquet.com.ar\\\/sitio\\\/#\\\/schema\\\/person\\\/ca0b63bbb977369988a7bbbdc519943a\",\"name\":\"Gente de B\u00e1squet\",\"image\":{\"@type\":\"ImageObject\",\"inLanguage\":\"es\",\"@id\":\"https:\\\/\\\/secure.gravatar.com\\\/avatar\\\/7f2c48bdc33b30088f941fb6082e555f2874c98e20cb159d7b92b50eadfce793?s=96&d=mm&r=g\",\"url\":\"https:\\\/\\\/secure.gravatar.com\\\/avatar\\\/7f2c48bdc33b30088f941fb6082e555f2874c98e20cb159d7b92b50eadfce793?s=96&d=mm&r=g\",\"contentUrl\":\"https:\\\/\\\/secure.gravatar.com\\\/avatar\\\/7f2c48bdc33b30088f941fb6082e555f2874c98e20cb159d7b92b50eadfce793?s=96&d=mm&r=g\",\"caption\":\"Gente de B\u00e1squet\"},\"sameAs\":[\"http:\\\/\\\/gentedebasquet.com.ar\\\/sitio\"],\"url\":\"https:\\\/\\\/gentedebasquet.com.ar\\\/sitio\\\/author\\\/ulises\\\/\"}]}<\/script>\n<!-- \/ Yoast SEO plugin. -->","yoast_head_json":{"title":"Semis a la vista - Gente de B\u00e1squet","robots":{"index":"index","follow":"follow","max-snippet":"max-snippet:-1","max-image-preview":"max-image-preview:large","max-video-preview":"max-video-preview:-1"},"canonical":"https:\/\/gentedebasquet.com.ar\/sitio\/2016\/11\/03\/semis-a-la-vista\/","og_locale":"es_ES","og_type":"article","og_title":"Semis a la vista - Gente de B\u00e1squet","og_description":"Alem derrot\u00f3 a Estudiantes 94 a 87, liquid\u00f3 la serie 2-0 y se meti\u00f3 entre los cuatro","og_url":"https:\/\/gentedebasquet.com.ar\/sitio\/2016\/11\/03\/semis-a-la-vista\/","og_site_name":"Gente de B\u00e1squet","article_published_time":"2016-11-04T02:30:14+00:00","og_image":[{"width":690,"height":319,"url":"https:\/\/gentedebasquet.com.ar\/sitio\/wp-content\/uploads\/2016\/11\/Estudiantes-Alem.jpg","type":"image\/jpeg"}],"author":"Gente de B\u00e1squet","twitter_card":"summary_large_image","twitter_misc":{"Escrito por":"Gente de B\u00e1squet","Tiempo de lectura":"3 minutos"},"schema":{"@context":"https:\/\/schema.org","@graph":[{"@type":"Article","@id":"https:\/\/gentedebasquet.com.ar\/sitio\/2016\/11\/03\/semis-a-la-vista\/#article","isPartOf":{"@id":"https:\/\/gentedebasquet.com.ar\/sitio\/2016\/11\/03\/semis-a-la-vista\/"},"author":{"name":"Gente de B\u00e1squet","@id":"http:\/\/gentedebasquet.com.ar\/sitio\/#\/schema\/person\/ca0b63bbb977369988a7bbbdc519943a"},"headline":"Semis a la vista","datePublished":"2016-11-04T02:30:14+00:00","mainEntityOfPage":{"@id":"https:\/\/gentedebasquet.com.ar\/sitio\/2016\/11\/03\/semis-a-la-vista\/"},"wordCount":650,"image":{"@id":"https:\/\/gentedebasquet.com.ar\/sitio\/2016\/11\/03\/semis-a-la-vista\/#primaryimage"},"thumbnailUrl":"https:\/\/gentedebasquet.com.ar\/sitio\/wp-content\/uploads\/2016\/11\/Estudiantes-Alem.jpg","keywords":["Augusto Priore","Estudiantes","Leandro N. Alem","Nicol\u00e1s S\u00e1nchez","Santiago Torre"],"articleSection":["Primera","Slide"],"inLanguage":"es"},{"@type":"WebPage","@id":"https:\/\/gentedebasquet.com.ar\/sitio\/2016\/11\/03\/semis-a-la-vista\/","url":"https:\/\/gentedebasquet.com.ar\/sitio\/2016\/11\/03\/semis-a-la-vista\/","name":"Semis a la vista - Gente de B\u00e1squet","isPartOf":{"@id":"http:\/\/gentedebasquet.com.ar\/sitio\/#website"},"primaryImageOfPage":{"@id":"https:\/\/gentedebasquet.com.ar\/sitio\/2016\/11\/03\/semis-a-la-vista\/#primaryimage"},"image":{"@id":"https:\/\/gentedebasquet.com.ar\/sitio\/2016\/11\/03\/semis-a-la-vista\/#primaryimage"},"thumbnailUrl":"https:\/\/gentedebasquet.com.ar\/sitio\/wp-content\/uploads\/2016\/11\/Estudiantes-Alem.jpg","datePublished":"2016-11-04T02:30:14+00:00","author":{"@id":"http:\/\/gentedebasquet.com.ar\/sitio\/#\/schema\/person\/ca0b63bbb977369988a7bbbdc519943a"},"breadcrumb":{"@id":"https:\/\/gentedebasquet.com.ar\/sitio\/2016\/11\/03\/semis-a-la-vista\/#breadcrumb"},"inLanguage":"es","potentialAction":[{"@type":"ReadAction","target":["https:\/\/gentedebasquet.com.ar\/sitio\/2016\/11\/03\/semis-a-la-vista\/"]}]},{"@type":"ImageObject","inLanguage":"es","@id":"https:\/\/gentedebasquet.com.ar\/sitio\/2016\/11\/03\/semis-a-la-vista\/#primaryimage","url":"https:\/\/gentedebasquet.com.ar\/sitio\/wp-content\/uploads\/2016\/11\/Estudiantes-Alem.jpg","contentUrl":"https:\/\/gentedebasquet.com.ar\/sitio\/wp-content\/uploads\/2016\/11\/Estudiantes-Alem.jpg","width":690,"height":319},{"@type":"BreadcrumbList","@id":"https:\/\/gentedebasquet.com.ar\/sitio\/2016\/11\/03\/semis-a-la-vista\/#breadcrumb","itemListElement":[{"@type":"ListItem","position":1,"name":"Portada","item":"http:\/\/gentedebasquet.com.ar\/sitio\/"},{"@type":"ListItem","position":2,"name":"Semis a la vista"}]},{"@type":"WebSite","@id":"http:\/\/gentedebasquet.com.ar\/sitio\/#website","url":"http:\/\/gentedebasquet.com.ar\/sitio\/","name":"Gente de B\u00e1squet","description":"La revista del basquet de Bah\u00eda Blanca","potentialAction":[{"@type":"SearchAction","target":{"@type":"EntryPoint","urlTemplate":"http:\/\/gentedebasquet.com.ar\/sitio\/?s={search_term_string}"},"query-input":{"@type":"PropertyValueSpecification","valueRequired":true,"valueName":"search_term_string"}}],"inLanguage":"es"},{"@type":"Person","@id":"http:\/\/gentedebasquet.com.ar\/sitio\/#\/schema\/person\/ca0b63bbb977369988a7bbbdc519943a","name":"Gente de B\u00e1squet","image":{"@type":"ImageObject","inLanguage":"es","@id":"https:\/\/secure.gravatar.com\/avatar\/7f2c48bdc33b30088f941fb6082e555f2874c98e20cb159d7b92b50eadfce793?s=96&d=mm&r=g","url":"https:\/\/secure.gravatar.com\/avatar\/7f2c48bdc33b30088f941fb6082e555f2874c98e20cb159d7b92b50eadfce793?s=96&d=mm&r=g","contentUrl":"https:\/\/secure.gravatar.com\/avatar\/7f2c48bdc33b30088f941fb6082e555f2874c98e20cb159d7b92b50eadfce793?s=96&d=mm&r=g","caption":"Gente de B\u00e1squet"},"sameAs":["http:\/\/gentedebasquet.com.ar\/sitio"],"url":"https:\/\/gentedebasquet.com.ar\/sitio\/author\/ulises\/"}]}},"_links":{"self":[{"href":"https:\/\/gentedebasquet.com.ar\/sitio\/wp-json\/wp\/v2\/posts\/66426","targetHints":{"allow":["GET"]}}],"collection":[{"href":"https:\/\/gentedebasquet.com.ar\/sitio\/wp-json\/wp\/v2\/posts"}],"about":[{"href":"https:\/\/gentedebasquet.com.ar\/sitio\/wp-json\/wp\/v2\/types\/post"}],"author":[{"embeddable":true,"href":"https:\/\/gentedebasquet.com.ar\/sitio\/wp-json\/wp\/v2\/users\/1"}],"replies":[{"embeddable":true,"href":"https:\/\/gentedebasquet.com.ar\/sitio\/wp-json\/wp\/v2\/comments?post=66426"}],"version-history":[{"count":0,"href":"https:\/\/gentedebasquet.com.ar\/sitio\/wp-json\/wp\/v2\/posts\/66426\/revisions"}],"wp:featuredmedia":[{"embeddable":true,"href":"https:\/\/gentedebasquet.com.ar\/sitio\/wp-json\/wp\/v2\/media\/66432"}],"wp:attachment":[{"href":"https:\/\/gentedebasquet.com.ar\/sitio\/wp-json\/wp\/v2\/media?parent=66426"}],"wp:term":[{"taxonomy":"category","embeddable":true,"href":"https:\/\/gentedebasquet.com.ar\/sitio\/wp-json\/wp\/v2\/categories?post=66426"},{"taxonomy":"post_tag","embeddable":true,"href":"https:\/\/gentedebasquet.com.ar\/sitio\/wp-json\/wp\/v2\/tags?post=66426"}],"curies":[{"name":"wp","href":"https:\/\/api.w.org\/{rel}","templated":true}]}}