{"id":66574,"date":"2016-11-06T23:44:30","date_gmt":"2016-11-07T02:44:30","guid":{"rendered":"http:\/\/www.gentedebasquet.com.ar\/?p=66574"},"modified":"2016-11-06T23:44:30","modified_gmt":"2016-11-07T02:44:30","slug":"grito-de-desahogo","status":"publish","type":"post","link":"https:\/\/gentedebasquet.com.ar\/sitio\/2016\/11\/06\/grito-de-desahogo\/","title":{"rendered":"Grito de desahogo"},"content":{"rendered":"<p><strong>Pacifico festej\u00f3 por primera vez en el a\u00f1o ante su cl\u00e1sico rival e inicio las finales del Oficial de la mejor manera, tras superar por 82-62 a 9 de Julio como local. Es m\u00e1s, <a href=\"http:\/\/www.gentedebasquet.com.ar\/el-clasico-de-mi-lado\/\" target=\"_blank\" rel=\"noopener\">no ganaba el cl\u00e1sico desde junio de 2012<\/a>. El Verde, termin\u00f3 redondeando un gran segundo tiempo que lo construy\u00f3 de atr\u00e1s hacia adelante, para dar el primer paso y ponerse 1-0 en la serie. Juan Cruz Marini (18) y Fernando Bonino (17) fueron las figuras de la noche y estuvieron bien acompa\u00f1ados por Ezequiel Meneses (12), Joaqu\u00edn Larrandart (12) y Nicol\u00e1s Vera (10). Mientras que en el Nueve, no alcanz\u00f3 con lo hecho por Lucas Lucchetti (13) y Hern\u00e1n Rava (13). <\/strong><\/p>\n<p>Dentro de las imprecisiones propias de una final, el inicio del partido lo encontr\u00f3 mejor a 9 de Julio. La visita supo repartir bien sus puntos y se apoy\u00f3 en lo que hicieron cerca del aro el t\u00e1ndem Mallemaci (5) \u2013 Bonaguro (4) y tambi\u00e9n en lo arrimado desde el per\u00edmetro por Lucchetti (5) y Badano (3), que r\u00e1pidamente se carg\u00f3 de faltas. As\u00ed, el Nueve lleg\u00f3 a sacar seis de luz (6-12) cuando restaban 3m55s por jugar. En el otro lado, Pacifico reci\u00e9n pudo convertir sus primeros puntos despu\u00e9s de cuatro minutos de juego y de tirar 0\/11 TC. Aunque luego, comandado por el empuje de Bonino (4) y los puntos que llegaron desde el banco con Salvatori (3), el Verde cerr\u00f3 el segmento a tan solo dos unidades (15-17).<\/p>\n<p>Un poco m\u00e1s de tres minutos del 2C pasaron para que Pacifico estampe un pasaje de 6-0 (21-17) y el banco visitante pare el encuentro. Marini (6) con sus buenas determinaciones marc\u00f3 el camino en el Verde y encontr\u00f3 como ladero a Larrandart (4). Pero luego de estar abajo, el conjunto de Iannamico reaccion\u00f3 y volvi\u00f3 a tomar las riendas del juego. Cuando pudo, Nueve corri\u00f3 la cancha de la mano de Pordomingo (3) y Lucchetti (5). Tambi\u00e9n aparecieron dos bombas de Rava y una de Pena para llegar a sacar siete de ventaja (28-35) e irse al descanso largo 32-35 arriba.<\/p>\n<blockquote><p>Estos son los partidos que se juegan en serio, en la fase regular te pueden faltar jugadores o por x motivo tener una mala racha, pero a fin de a\u00f1o es cuando hay que poner las ganas de jugar y repetir todo lo bien que hicimos durante el a\u00f1o para llevarnos las victorias. Sabiamos que hoy la \u00edbamos a meter, era cuesti\u00f3n de rotar la bola y tomar los mejores tiros, Nico (Vera) abri\u00f3 el aro, sacamos una buena diferencia y lo supimos cerrar bien. Hoy jugamos como sabemos nosotros, bas\u00e1ndonos en una buena defensa para correr y sacar provecho de lo que sabemos hacer (Fernando Bonino).<\/p><\/blockquote>\n<p>A la vuelta de los vestuarios, el elenco de Martin Luis supo aprovechar los momentos de cada una de sus piezas. Marini (7), en conjunto con Bonino (4), tiraron del carro en el inicio del 3C para tomar cierta distancia y que luego en el final con las apariciones de Vera (5) la ventaja llegue a ser de seis (54-58). A la visita, por su parte, le cost\u00f3 encontrar el aro (3\/9 T3, 2\/8 T2) a lo largo del periodo. Aunque las bombas aportadas por Rava, Badano y Bonaguro limaron la distancia antes de entrar a los \u00faltimos diez minutos (54-50).<\/p>\n<p>Ya en el 4C, lo de el Verde fue arrollador. Con una defensa muy agresiva y teniendo variantes en ofensiva, el due\u00f1o de casa fue cerrando de a poco el partido. Bonino (9) y Meneses (7) fueron las banderas ofensivas del equipo. Adem\u00e1s Vera y Marini aportaron dos bombas claves para establecer un parcial de 21-9, sacar 16 de ventaja (75-59) y sellar la historia a 2m44s del final. Pacifico festej\u00f3 por primera vez ante su cl\u00e1sico rival en lo que va del a\u00f1o y dio el primer paso en las finales.<\/p>\n<p>&nbsp;<\/p>\n<p>[youtube]https:\/\/youtu.be\/MTud5CIcMxM[\/youtube]<\/p>\n<p>&nbsp;<\/p>\n<p><strong>S\u00edntesis |<\/strong>\u00a0Segunda Divisi\u00f3n \u2013 Oficial \u2013 Finales \u2013 Juego #1<\/p>\n<p><strong>Pac\u00edfico 82:\u00a0<\/strong>Ezequiel Meneses 12 (x),\u00a0Juan Cruz Marini 18,\u00a0Fernando Bonino 17,\u00a0Mauricio Gonz\u00e1lez 4,\u00a0Joaqu\u00edn Larrandart 12 (Fi);\u00a0Nicol\u00e1s Vera 10, Juan Franco Di Meglio 2,\u00a0Leonel Alvarez 4,\u00a0Branco Salvatori 3, Mauro Richotti 0 y Facundo Wattson 0.\u00a0DT: Mart\u00edn Luis.<\/p>\n<p><strong>9 de Julio 62:<\/strong>\u00a0Agust\u00edn Pena 3, Lucas Lucchetti 13, Gonzalo Badano 6, Guillermo Mallemaci 5, Francisco Bonaguro 9 (FI); Hern\u00e1n Rava 13 (x), Mariano Ticozzi 3, Mauro Blazquez 1, Ezequiel Pordomingo 9 y Juli\u00e1n Turcato 0.\u00a0DT:\u00a0Andr\u00e9s Iannamico.<\/p>\n<p><strong>Parciales:\u00a0<\/strong>15-17, 32-35 (17-18), 54-50 (22-15) y 82-62 (28-12).<\/p>\n<p><strong>\u00c1rbitros:<\/strong>\u00a0N\u00e9stor Schernenco \u2013 Eduardo Ferreyra \u2013 Sebasti\u00e1n Arcas.<\/p>\n<p><strong>Estadio:<\/strong> William Hardin Green (Pacifico).<\/p>\n<p><a class=\"modalf iframe\" title=\"Planilla\" href=\"https:\/\/docs.google.com\/spreadsheets\/d\/1cB_uQDUMoszeZ_ztKqz59LN9phi4Pn-8V-39oL64kzw\/pubhtml?gid=1084248943&amp;single=true\" target=\"_blank\" rel=\"noopener\">Ver Planilla<\/a><\/p>\n","protected":false},"excerpt":{"rendered":"<p>Pacifico cort\u00f3 la mala racha ante 9 de Julio y se adelant\u00f3 en las finales del Oficial: 82-62<\/p>\n","protected":false},"author":1,"featured_media":66572,"comment_status":"closed","ping_status":"open","sticky":false,"template":"","format":"standard","meta":{"jnews-multi-image_gallery":[],"jnews_single_post":[],"jnews_primary_category":[],"footnotes":""},"categories":[25,101],"tags":[2,607,577,324,211,309,361,664,17],"class_list":["post-66574","post","type-post","status-publish","format-standard","has-post-thumbnail","hentry","category-segunda","category-slide","tag-9dejulio","tag-ezequiel-meneses","tag-fernando-bonino","tag-hernan-rava","tag-joaquin-larrandart","tag-juan-cruz-marini","tag-lucas-lucchetti","tag-nicolas-vera","tag-pacifico"],"yoast_head":"<!-- This site is optimized with the Yoast SEO plugin v27.5 - https:\/\/yoast.com\/product\/yoast-seo-wordpress\/ -->\n<title>Grito de desahogo - Gente de B\u00e1squet<\/title>\n<meta name=\"robots\" content=\"index, follow, max-snippet:-1, max-image-preview:large, max-video-preview:-1\" \/>\n<link rel=\"canonical\" href=\"http:\/\/gentedebasquet.com.ar\/sitio\/2016\/11\/06\/grito-de-desahogo\/\" \/>\n<meta property=\"og:locale\" content=\"es_ES\" \/>\n<meta property=\"og:type\" content=\"article\" \/>\n<meta property=\"og:title\" content=\"Grito de desahogo - Gente de B\u00e1squet\" \/>\n<meta property=\"og:description\" content=\"Pacifico cort\u00f3 la mala racha ante 9 de Julio y se adelant\u00f3 en las finales del Oficial: 82-62\" \/>\n<meta property=\"og:url\" content=\"http:\/\/gentedebasquet.com.ar\/sitio\/2016\/11\/06\/grito-de-desahogo\/\" \/>\n<meta property=\"og:site_name\" content=\"Gente de B\u00e1squet\" \/>\n<meta property=\"article:published_time\" content=\"2016-11-07T02:44:30+00:00\" \/>\n<meta property=\"og:image\" content=\"http:\/\/gentedebasquet.com.ar\/sitio\/wp-content\/uploads\/2016\/11\/Marini-Pacifico-9-de-Julio.jpg\" \/>\n\t<meta property=\"og:image:width\" content=\"690\" \/>\n\t<meta property=\"og:image:height\" content=\"319\" \/>\n\t<meta property=\"og:image:type\" content=\"image\/jpeg\" \/>\n<meta name=\"author\" content=\"Gente de B\u00e1squet\" \/>\n<meta name=\"twitter:card\" content=\"summary_large_image\" \/>\n<meta name=\"twitter:label1\" content=\"Escrito por\" \/>\n\t<meta name=\"twitter:data1\" content=\"Gente de B\u00e1squet\" \/>\n\t<meta name=\"twitter:label2\" content=\"Tiempo de lectura\" \/>\n\t<meta name=\"twitter:data2\" content=\"4 minutos\" \/>\n<script type=\"application\/ld+json\" class=\"yoast-schema-graph\">{\"@context\":\"https:\\\/\\\/schema.org\",\"@graph\":[{\"@type\":\"Article\",\"@id\":\"http:\\\/\\\/gentedebasquet.com.ar\\\/sitio\\\/2016\\\/11\\\/06\\\/grito-de-desahogo\\\/#article\",\"isPartOf\":{\"@id\":\"http:\\\/\\\/gentedebasquet.com.ar\\\/sitio\\\/2016\\\/11\\\/06\\\/grito-de-desahogo\\\/\"},\"author\":{\"name\":\"Gente de B\u00e1squet\",\"@id\":\"https:\\\/\\\/gentedebasquet.com.ar\\\/sitio\\\/#\\\/schema\\\/person\\\/ca0b63bbb977369988a7bbbdc519943a\"},\"headline\":\"Grito de desahogo\",\"datePublished\":\"2016-11-07T02:44:30+00:00\",\"mainEntityOfPage\":{\"@id\":\"http:\\\/\\\/gentedebasquet.com.ar\\\/sitio\\\/2016\\\/11\\\/06\\\/grito-de-desahogo\\\/\"},\"wordCount\":759,\"image\":{\"@id\":\"http:\\\/\\\/gentedebasquet.com.ar\\\/sitio\\\/2016\\\/11\\\/06\\\/grito-de-desahogo\\\/#primaryimage\"},\"thumbnailUrl\":\"https:\\\/\\\/gentedebasquet.com.ar\\\/sitio\\\/wp-content\\\/uploads\\\/2016\\\/11\\\/Marini-Pacifico-9-de-Julio.jpg\",\"keywords\":[\"9 de Julio\",\"Ezequiel Meneses\",\"Fernando Bonino\",\"Hern\u00e1n Rava\",\"Joaqu\u00edn Larrandart\",\"Juan Cruz Marini\",\"Lucas Lucchetti\",\"Nicol\u00e1s Vera\",\"Pacifico\"],\"articleSection\":[\"Segunda\",\"Slide\"],\"inLanguage\":\"es\"},{\"@type\":\"WebPage\",\"@id\":\"http:\\\/\\\/gentedebasquet.com.ar\\\/sitio\\\/2016\\\/11\\\/06\\\/grito-de-desahogo\\\/\",\"url\":\"http:\\\/\\\/gentedebasquet.com.ar\\\/sitio\\\/2016\\\/11\\\/06\\\/grito-de-desahogo\\\/\",\"name\":\"Grito de desahogo - Gente de B\u00e1squet\",\"isPartOf\":{\"@id\":\"https:\\\/\\\/gentedebasquet.com.ar\\\/sitio\\\/#website\"},\"primaryImageOfPage\":{\"@id\":\"http:\\\/\\\/gentedebasquet.com.ar\\\/sitio\\\/2016\\\/11\\\/06\\\/grito-de-desahogo\\\/#primaryimage\"},\"image\":{\"@id\":\"http:\\\/\\\/gentedebasquet.com.ar\\\/sitio\\\/2016\\\/11\\\/06\\\/grito-de-desahogo\\\/#primaryimage\"},\"thumbnailUrl\":\"https:\\\/\\\/gentedebasquet.com.ar\\\/sitio\\\/wp-content\\\/uploads\\\/2016\\\/11\\\/Marini-Pacifico-9-de-Julio.jpg\",\"datePublished\":\"2016-11-07T02:44:30+00:00\",\"author\":{\"@id\":\"https:\\\/\\\/gentedebasquet.com.ar\\\/sitio\\\/#\\\/schema\\\/person\\\/ca0b63bbb977369988a7bbbdc519943a\"},\"breadcrumb\":{\"@id\":\"http:\\\/\\\/gentedebasquet.com.ar\\\/sitio\\\/2016\\\/11\\\/06\\\/grito-de-desahogo\\\/#breadcrumb\"},\"inLanguage\":\"es\",\"potentialAction\":[{\"@type\":\"ReadAction\",\"target\":[\"http:\\\/\\\/gentedebasquet.com.ar\\\/sitio\\\/2016\\\/11\\\/06\\\/grito-de-desahogo\\\/\"]}]},{\"@type\":\"ImageObject\",\"inLanguage\":\"es\",\"@id\":\"http:\\\/\\\/gentedebasquet.com.ar\\\/sitio\\\/2016\\\/11\\\/06\\\/grito-de-desahogo\\\/#primaryimage\",\"url\":\"https:\\\/\\\/gentedebasquet.com.ar\\\/sitio\\\/wp-content\\\/uploads\\\/2016\\\/11\\\/Marini-Pacifico-9-de-Julio.jpg\",\"contentUrl\":\"https:\\\/\\\/gentedebasquet.com.ar\\\/sitio\\\/wp-content\\\/uploads\\\/2016\\\/11\\\/Marini-Pacifico-9-de-Julio.jpg\",\"width\":690,\"height\":319},{\"@type\":\"BreadcrumbList\",\"@id\":\"http:\\\/\\\/gentedebasquet.com.ar\\\/sitio\\\/2016\\\/11\\\/06\\\/grito-de-desahogo\\\/#breadcrumb\",\"itemListElement\":[{\"@type\":\"ListItem\",\"position\":1,\"name\":\"Portada\",\"item\":\"https:\\\/\\\/gentedebasquet.com.ar\\\/sitio\\\/\"},{\"@type\":\"ListItem\",\"position\":2,\"name\":\"Grito de desahogo\"}]},{\"@type\":\"WebSite\",\"@id\":\"https:\\\/\\\/gentedebasquet.com.ar\\\/sitio\\\/#website\",\"url\":\"https:\\\/\\\/gentedebasquet.com.ar\\\/sitio\\\/\",\"name\":\"Gente de B\u00e1squet\",\"description\":\"La revista del basquet de Bah\u00eda Blanca\",\"potentialAction\":[{\"@type\":\"SearchAction\",\"target\":{\"@type\":\"EntryPoint\",\"urlTemplate\":\"https:\\\/\\\/gentedebasquet.com.ar\\\/sitio\\\/?s={search_term_string}\"},\"query-input\":{\"@type\":\"PropertyValueSpecification\",\"valueRequired\":true,\"valueName\":\"search_term_string\"}}],\"inLanguage\":\"es\"},{\"@type\":\"Person\",\"@id\":\"https:\\\/\\\/gentedebasquet.com.ar\\\/sitio\\\/#\\\/schema\\\/person\\\/ca0b63bbb977369988a7bbbdc519943a\",\"name\":\"Gente de B\u00e1squet\",\"image\":{\"@type\":\"ImageObject\",\"inLanguage\":\"es\",\"@id\":\"https:\\\/\\\/secure.gravatar.com\\\/avatar\\\/7f2c48bdc33b30088f941fb6082e555f2874c98e20cb159d7b92b50eadfce793?s=96&d=mm&r=g\",\"url\":\"https:\\\/\\\/secure.gravatar.com\\\/avatar\\\/7f2c48bdc33b30088f941fb6082e555f2874c98e20cb159d7b92b50eadfce793?s=96&d=mm&r=g\",\"contentUrl\":\"https:\\\/\\\/secure.gravatar.com\\\/avatar\\\/7f2c48bdc33b30088f941fb6082e555f2874c98e20cb159d7b92b50eadfce793?s=96&d=mm&r=g\",\"caption\":\"Gente de B\u00e1squet\"},\"sameAs\":[\"http:\\\/\\\/gentedebasquet.com.ar\\\/sitio\"],\"url\":\"https:\\\/\\\/gentedebasquet.com.ar\\\/sitio\\\/author\\\/ulises\\\/\"}]}<\/script>\n<!-- \/ Yoast SEO plugin. -->","yoast_head_json":{"title":"Grito de desahogo - Gente de B\u00e1squet","robots":{"index":"index","follow":"follow","max-snippet":"max-snippet:-1","max-image-preview":"max-image-preview:large","max-video-preview":"max-video-preview:-1"},"canonical":"http:\/\/gentedebasquet.com.ar\/sitio\/2016\/11\/06\/grito-de-desahogo\/","og_locale":"es_ES","og_type":"article","og_title":"Grito de desahogo - Gente de B\u00e1squet","og_description":"Pacifico cort\u00f3 la mala racha ante 9 de Julio y se adelant\u00f3 en las finales del Oficial: 82-62","og_url":"http:\/\/gentedebasquet.com.ar\/sitio\/2016\/11\/06\/grito-de-desahogo\/","og_site_name":"Gente de B\u00e1squet","article_published_time":"2016-11-07T02:44:30+00:00","og_image":[{"width":690,"height":319,"url":"http:\/\/gentedebasquet.com.ar\/sitio\/wp-content\/uploads\/2016\/11\/Marini-Pacifico-9-de-Julio.jpg","type":"image\/jpeg"}],"author":"Gente de B\u00e1squet","twitter_card":"summary_large_image","twitter_misc":{"Escrito por":"Gente de B\u00e1squet","Tiempo de lectura":"4 minutos"},"schema":{"@context":"https:\/\/schema.org","@graph":[{"@type":"Article","@id":"http:\/\/gentedebasquet.com.ar\/sitio\/2016\/11\/06\/grito-de-desahogo\/#article","isPartOf":{"@id":"http:\/\/gentedebasquet.com.ar\/sitio\/2016\/11\/06\/grito-de-desahogo\/"},"author":{"name":"Gente de B\u00e1squet","@id":"https:\/\/gentedebasquet.com.ar\/sitio\/#\/schema\/person\/ca0b63bbb977369988a7bbbdc519943a"},"headline":"Grito de desahogo","datePublished":"2016-11-07T02:44:30+00:00","mainEntityOfPage":{"@id":"http:\/\/gentedebasquet.com.ar\/sitio\/2016\/11\/06\/grito-de-desahogo\/"},"wordCount":759,"image":{"@id":"http:\/\/gentedebasquet.com.ar\/sitio\/2016\/11\/06\/grito-de-desahogo\/#primaryimage"},"thumbnailUrl":"https:\/\/gentedebasquet.com.ar\/sitio\/wp-content\/uploads\/2016\/11\/Marini-Pacifico-9-de-Julio.jpg","keywords":["9 de Julio","Ezequiel Meneses","Fernando Bonino","Hern\u00e1n Rava","Joaqu\u00edn Larrandart","Juan Cruz Marini","Lucas Lucchetti","Nicol\u00e1s Vera","Pacifico"],"articleSection":["Segunda","Slide"],"inLanguage":"es"},{"@type":"WebPage","@id":"http:\/\/gentedebasquet.com.ar\/sitio\/2016\/11\/06\/grito-de-desahogo\/","url":"http:\/\/gentedebasquet.com.ar\/sitio\/2016\/11\/06\/grito-de-desahogo\/","name":"Grito de desahogo - Gente de B\u00e1squet","isPartOf":{"@id":"https:\/\/gentedebasquet.com.ar\/sitio\/#website"},"primaryImageOfPage":{"@id":"http:\/\/gentedebasquet.com.ar\/sitio\/2016\/11\/06\/grito-de-desahogo\/#primaryimage"},"image":{"@id":"http:\/\/gentedebasquet.com.ar\/sitio\/2016\/11\/06\/grito-de-desahogo\/#primaryimage"},"thumbnailUrl":"https:\/\/gentedebasquet.com.ar\/sitio\/wp-content\/uploads\/2016\/11\/Marini-Pacifico-9-de-Julio.jpg","datePublished":"2016-11-07T02:44:30+00:00","author":{"@id":"https:\/\/gentedebasquet.com.ar\/sitio\/#\/schema\/person\/ca0b63bbb977369988a7bbbdc519943a"},"breadcrumb":{"@id":"http:\/\/gentedebasquet.com.ar\/sitio\/2016\/11\/06\/grito-de-desahogo\/#breadcrumb"},"inLanguage":"es","potentialAction":[{"@type":"ReadAction","target":["http:\/\/gentedebasquet.com.ar\/sitio\/2016\/11\/06\/grito-de-desahogo\/"]}]},{"@type":"ImageObject","inLanguage":"es","@id":"http:\/\/gentedebasquet.com.ar\/sitio\/2016\/11\/06\/grito-de-desahogo\/#primaryimage","url":"https:\/\/gentedebasquet.com.ar\/sitio\/wp-content\/uploads\/2016\/11\/Marini-Pacifico-9-de-Julio.jpg","contentUrl":"https:\/\/gentedebasquet.com.ar\/sitio\/wp-content\/uploads\/2016\/11\/Marini-Pacifico-9-de-Julio.jpg","width":690,"height":319},{"@type":"BreadcrumbList","@id":"http:\/\/gentedebasquet.com.ar\/sitio\/2016\/11\/06\/grito-de-desahogo\/#breadcrumb","itemListElement":[{"@type":"ListItem","position":1,"name":"Portada","item":"https:\/\/gentedebasquet.com.ar\/sitio\/"},{"@type":"ListItem","position":2,"name":"Grito de desahogo"}]},{"@type":"WebSite","@id":"https:\/\/gentedebasquet.com.ar\/sitio\/#website","url":"https:\/\/gentedebasquet.com.ar\/sitio\/","name":"Gente de B\u00e1squet","description":"La revista del basquet de Bah\u00eda Blanca","potentialAction":[{"@type":"SearchAction","target":{"@type":"EntryPoint","urlTemplate":"https:\/\/gentedebasquet.com.ar\/sitio\/?s={search_term_string}"},"query-input":{"@type":"PropertyValueSpecification","valueRequired":true,"valueName":"search_term_string"}}],"inLanguage":"es"},{"@type":"Person","@id":"https:\/\/gentedebasquet.com.ar\/sitio\/#\/schema\/person\/ca0b63bbb977369988a7bbbdc519943a","name":"Gente de B\u00e1squet","image":{"@type":"ImageObject","inLanguage":"es","@id":"https:\/\/secure.gravatar.com\/avatar\/7f2c48bdc33b30088f941fb6082e555f2874c98e20cb159d7b92b50eadfce793?s=96&d=mm&r=g","url":"https:\/\/secure.gravatar.com\/avatar\/7f2c48bdc33b30088f941fb6082e555f2874c98e20cb159d7b92b50eadfce793?s=96&d=mm&r=g","contentUrl":"https:\/\/secure.gravatar.com\/avatar\/7f2c48bdc33b30088f941fb6082e555f2874c98e20cb159d7b92b50eadfce793?s=96&d=mm&r=g","caption":"Gente de B\u00e1squet"},"sameAs":["http:\/\/gentedebasquet.com.ar\/sitio"],"url":"https:\/\/gentedebasquet.com.ar\/sitio\/author\/ulises\/"}]}},"_links":{"self":[{"href":"https:\/\/gentedebasquet.com.ar\/sitio\/wp-json\/wp\/v2\/posts\/66574","targetHints":{"allow":["GET"]}}],"collection":[{"href":"https:\/\/gentedebasquet.com.ar\/sitio\/wp-json\/wp\/v2\/posts"}],"about":[{"href":"https:\/\/gentedebasquet.com.ar\/sitio\/wp-json\/wp\/v2\/types\/post"}],"author":[{"embeddable":true,"href":"https:\/\/gentedebasquet.com.ar\/sitio\/wp-json\/wp\/v2\/users\/1"}],"replies":[{"embeddable":true,"href":"https:\/\/gentedebasquet.com.ar\/sitio\/wp-json\/wp\/v2\/comments?post=66574"}],"version-history":[{"count":0,"href":"https:\/\/gentedebasquet.com.ar\/sitio\/wp-json\/wp\/v2\/posts\/66574\/revisions"}],"wp:featuredmedia":[{"embeddable":true,"href":"https:\/\/gentedebasquet.com.ar\/sitio\/wp-json\/wp\/v2\/media\/66572"}],"wp:attachment":[{"href":"https:\/\/gentedebasquet.com.ar\/sitio\/wp-json\/wp\/v2\/media?parent=66574"}],"wp:term":[{"taxonomy":"category","embeddable":true,"href":"https:\/\/gentedebasquet.com.ar\/sitio\/wp-json\/wp\/v2\/categories?post=66574"},{"taxonomy":"post_tag","embeddable":true,"href":"https:\/\/gentedebasquet.com.ar\/sitio\/wp-json\/wp\/v2\/tags?post=66574"}],"curies":[{"name":"wp","href":"https:\/\/api.w.org\/{rel}","templated":true}]}}