{"id":66594,"date":"2016-11-06T22:49:48","date_gmt":"2016-11-07T01:49:48","guid":{"rendered":"http:\/\/www.gentedebasquet.com.ar\/?p=66594"},"modified":"2016-11-06T22:49:48","modified_gmt":"2016-11-07T01:49:48","slug":"el-otro-villa-mitre","status":"publish","type":"post","link":"https:\/\/gentedebasquet.com.ar\/sitio\/2016\/11\/06\/el-otro-villa-mitre\/","title":{"rendered":"El otro Villa Mitre"},"content":{"rendered":"<p><strong>Con un desarrollo intenso y electrizante Villa Mitre derrot\u00f3 ajustadamente como visitante a Sportivo Escobar por 85 a 83 y alcanz\u00f3 su cuarta victoria en el Federal (4-2). Defendi\u00f3 mal la \u00faltima pelota, pero la bandeja de Devoto (11) sali\u00f3 y puso festejar. Se luci\u00f3 Jos\u00e9 Mart\u00ednez, con 14 unidades. Lo siguieron Heinrich y Jos\u00e9 Guti\u00e9rrez (13 cada uno) y la destacada actuaci\u00f3n de Bruno Pallotti en el 4C (9 unidades). El tricolor reci\u00e9n volver\u00e1 a jugar el viernes 18, cuando sea local de Sarmiento (Jun\u00edn).<\/strong><\/p>\n<p>Arranc\u00f3 algo mejor la visita; un doble de Miguel y otro de Mart\u00ednez lo adelantaron 4 a 1. Un par de bombas made in Rub\u00e9n Runke y Peralta, generaron un parcial de 6 a 2 para que Sportivo pase al frente por la m\u00ednima (7 a 6); sin embargo, las r\u00e1fagas de Miguel y Mart\u00ednez provocaron un parcial de 13 a 6 con el cual Villa Mitre se alej\u00f3 a 6 (13-19). Un buen pasaje de Juan Cruz Gallardo acort\u00f3 la diferencia a un doble (19 a 17), aunque los libres de Heinrich y Guti\u00e9rrez estiraron de nuevo la distancia a 6 (17-23).<\/p>\n<p>En el 2C un encendido Nahuel Ledesma provoc\u00f3 un parcial de 10 a 6 que igual\u00f3 el marcador en 29. No obstante, con los lanzamientos lejanos de Andr\u00e9s, m\u00e1s Bollo preponderante en la pintura, el conjunto bahiense aplic\u00f3 un parcial de 19 a 7 y sac\u00f3 la m\u00e1xima de 12 (36-48). Una bomba de Runke condujo a Sportivo al entretiempo perdiendo por 9 (39-48).<\/p>\n<p>En el 3C un doble de Bollo prolong\u00f3 el margen. En ese momento, los dirigidos por Gabriel Marcato resurgieron con todo; la dupla Gallardo-Ru\u00edz se activ\u00f3 a pleno robando balones en la salida de fondo del rival, ocasionando un parcial terrible de 15 a 0 pasando al frente por 4 (54-50). Aunque Villa Mitre estableci\u00f3 nuevamente el orden y con las r\u00e1fagas de Monteoliva, Guti\u00e9rrez y Heinrich deton\u00f3 un parcial de 18 a 7 retir\u00e1ndose al \u00faltimo descanso con luz de 7 (61-68).<\/p>\n<p>Los libres de Gallardo y Ruiz, mas un doble de Runke, originaron un parcial de 5 a 1 que redujo la cuenta a un triple (66-69). Pero un excelente ingreso de Bruno Pallotti -anotando 9 tantos en hilera- desemboc\u00f3 en un parcial de 9 a 3 elevando la vara a 9 (69-78). Con el empuje de Devoto, Dente y Peralta, Sportivo accion\u00f3 un parcial de 14 a 6 y se arrim\u00f3 a la m\u00ednima (83-84). Un libre de Mart\u00ednez agreg\u00f3 la ventaja a un doble (83-85) y, en la \u00faltima, Devoto se la jug\u00f3 a toda velocidad hacia el canasto buscando el suplementario, pero fall\u00f3 y la victoria viaj\u00f3 a Bah\u00eda Blanca.<\/p>\n<blockquote class=\"twitter-video\" data-lang=\"es\">\n<p dir=\"ltr\" lang=\"es\">Con este incre\u00edble cierre, <a href=\"https:\/\/twitter.com\/VMBasquet\">@VMBasquet<\/a> volvi\u00f3 a la victoria en el <a href=\"https:\/\/twitter.com\/hashtag\/TFB?src=hash\">#TFB<\/a> (im\u00e1genes <a href=\"https:\/\/twitter.com\/valedosradio\">@valedosradio<\/a>) <a href=\"https:\/\/t.co\/QBq0ysOBBk\">https:\/\/t.co\/QBq0ysOBBk<\/a> <a href=\"https:\/\/t.co\/ejE09ln1mH\">pic.twitter.com\/ejE09ln1mH<\/a><\/p>\n<p>\u2014 Gente de B\u00e1squet (@GenteDeBasquet) <a href=\"https:\/\/twitter.com\/GenteDeBasquet\/status\/795476403294797824\">7 de noviembre de 2016<\/a><\/p><\/blockquote>\n<p><script src=\"\/\/platform.twitter.com\/widgets.js\" async=\"\" charset=\"utf-8\"><\/script><\/p>\n<p>&nbsp;<\/p>\n<p><strong>S\u00edntesis |<\/strong> Torneo Federal &#8211; Divisi\u00f3n Bonaerense &#8211; Fecha\u00a0#6<\/p>\n<p><strong>Sp. Escobar 83:<\/strong> Francisco Ru\u00edz 13, Juan Cruz Gallardo 16, Cristian Devoto 11, Jos\u00e9 Peralta 15, Rub\u00e9n Runke 8 (FI); Victorio Dente 11, Juan Pablo C\u00e1ceres 0 y Nahuel Ledesma 9. DT: Gabriel Marcato.<\/p>\n<p><strong>Villa Mitre 85:<\/strong>\u00a0Jos\u00e9 Guti\u00e9rrez 13, Mat\u00edas Monteoliva 4, Cristian Miguel 9, Jos\u00e9 Luis Mart\u00ednez 14, Javier Bollo 11 (FI); Bruno Pallotti 9, Germ\u00e1n Andr\u00e9s 12 y Ramiro Heinrich 13. DT: Ariel Ugolini.<\/p>\n<p><strong>Parciales:<\/strong> 19-23, 39-48 (20-25), 61-68 (22-20) y 83-85 (22-17).<\/p>\n<p><strong>\u00c1rbitros:<\/strong> Jose Dom\u00ednguez &#8211; Cristian Colombatti.<\/p>\n<p><strong>Estadio:<\/strong> Oscar Larghi (Club Sportivo Escobar).<\/p>\n<p><a href=\"http:\/\/www.fibalivestats.com\/u\/CAM\/444366\/\" target=\"_blank\" rel=\"noopener\">ESTAD\u00cdSTICAS OFICIALES<\/a><\/p>\n<p><strong>Informe:<\/strong> Mat\u00edas Bravo.<\/p>\n<p><strong>Foto:<\/strong> El d\u00eda de Escobar.<\/p>\n","protected":false},"excerpt":{"rendered":"<p>Cambi\u00f3 la cara y super\u00f3 como visitante a Sportivo Escobar por el Federal: 85 a 83<\/p>\n","protected":false},"author":1,"featured_media":66595,"comment_status":"closed","ping_status":"open","sticky":false,"template":"","format":"standard","meta":{"jnews-multi-image_gallery":[],"jnews_single_post":[],"jnews_primary_category":[],"footnotes":""},"categories":[36,39,101],"tags":[1334,1434,354,22],"class_list":["post-66594","post","type-post","status-publish","format-standard","has-post-thumbnail","hentry","category-federal","category-nacional","category-slide","tag-federal","tag-sportivo-escobar","tag-tfb","tag-villa-mitre"],"yoast_head":"<!-- This site is optimized with the Yoast SEO plugin v27.5 - https:\/\/yoast.com\/product\/yoast-seo-wordpress\/ -->\n<title>El otro Villa Mitre - Gente de B\u00e1squet<\/title>\n<meta name=\"robots\" content=\"index, follow, max-snippet:-1, max-image-preview:large, max-video-preview:-1\" \/>\n<link rel=\"canonical\" href=\"https:\/\/gentedebasquet.com.ar\/sitio\/2016\/11\/06\/el-otro-villa-mitre\/\" \/>\n<meta property=\"og:locale\" content=\"es_ES\" \/>\n<meta property=\"og:type\" content=\"article\" \/>\n<meta property=\"og:title\" content=\"El otro Villa Mitre - Gente de B\u00e1squet\" \/>\n<meta property=\"og:description\" content=\"Cambi\u00f3 la cara y super\u00f3 como visitante a Sportivo Escobar por el Federal: 85 a 83\" \/>\n<meta property=\"og:url\" content=\"https:\/\/gentedebasquet.com.ar\/sitio\/2016\/11\/06\/el-otro-villa-mitre\/\" \/>\n<meta property=\"og:site_name\" content=\"Gente de B\u00e1squet\" \/>\n<meta property=\"article:published_time\" content=\"2016-11-07T01:49:48+00:00\" \/>\n<meta property=\"og:image\" content=\"https:\/\/gentedebasquet.com.ar\/sitio\/wp-content\/uploads\/2016\/11\/Sp.-Escobar-Villa-Mitre.jpg\" \/>\n\t<meta property=\"og:image:width\" content=\"690\" \/>\n\t<meta property=\"og:image:height\" content=\"319\" \/>\n\t<meta property=\"og:image:type\" content=\"image\/jpeg\" \/>\n<meta name=\"author\" content=\"Gente de B\u00e1squet\" \/>\n<meta name=\"twitter:card\" content=\"summary_large_image\" \/>\n<meta name=\"twitter:label1\" content=\"Escrito por\" \/>\n\t<meta name=\"twitter:data1\" content=\"Gente de B\u00e1squet\" \/>\n\t<meta name=\"twitter:label2\" content=\"Tiempo de lectura\" \/>\n\t<meta name=\"twitter:data2\" content=\"3 minutos\" \/>\n<script type=\"application\/ld+json\" class=\"yoast-schema-graph\">{\"@context\":\"https:\\\/\\\/schema.org\",\"@graph\":[{\"@type\":\"Article\",\"@id\":\"https:\\\/\\\/gentedebasquet.com.ar\\\/sitio\\\/2016\\\/11\\\/06\\\/el-otro-villa-mitre\\\/#article\",\"isPartOf\":{\"@id\":\"https:\\\/\\\/gentedebasquet.com.ar\\\/sitio\\\/2016\\\/11\\\/06\\\/el-otro-villa-mitre\\\/\"},\"author\":{\"name\":\"Gente de B\u00e1squet\",\"@id\":\"https:\\\/\\\/gentedebasquet.com.ar\\\/sitio\\\/#\\\/schema\\\/person\\\/ca0b63bbb977369988a7bbbdc519943a\"},\"headline\":\"El otro Villa Mitre\",\"datePublished\":\"2016-11-07T01:49:48+00:00\",\"mainEntityOfPage\":{\"@id\":\"https:\\\/\\\/gentedebasquet.com.ar\\\/sitio\\\/2016\\\/11\\\/06\\\/el-otro-villa-mitre\\\/\"},\"wordCount\":571,\"image\":{\"@id\":\"https:\\\/\\\/gentedebasquet.com.ar\\\/sitio\\\/2016\\\/11\\\/06\\\/el-otro-villa-mitre\\\/#primaryimage\"},\"thumbnailUrl\":\"https:\\\/\\\/gentedebasquet.com.ar\\\/sitio\\\/wp-content\\\/uploads\\\/2016\\\/11\\\/Sp.-Escobar-Villa-Mitre.jpg\",\"keywords\":[\"Federal\",\"Sportivo Escobar\",\"TFB\",\"Villa Mitre\"],\"articleSection\":[\"Federal\",\"Nacional\",\"Slide\"],\"inLanguage\":\"es\"},{\"@type\":\"WebPage\",\"@id\":\"https:\\\/\\\/gentedebasquet.com.ar\\\/sitio\\\/2016\\\/11\\\/06\\\/el-otro-villa-mitre\\\/\",\"url\":\"https:\\\/\\\/gentedebasquet.com.ar\\\/sitio\\\/2016\\\/11\\\/06\\\/el-otro-villa-mitre\\\/\",\"name\":\"El otro Villa Mitre - Gente de B\u00e1squet\",\"isPartOf\":{\"@id\":\"https:\\\/\\\/gentedebasquet.com.ar\\\/sitio\\\/#website\"},\"primaryImageOfPage\":{\"@id\":\"https:\\\/\\\/gentedebasquet.com.ar\\\/sitio\\\/2016\\\/11\\\/06\\\/el-otro-villa-mitre\\\/#primaryimage\"},\"image\":{\"@id\":\"https:\\\/\\\/gentedebasquet.com.ar\\\/sitio\\\/2016\\\/11\\\/06\\\/el-otro-villa-mitre\\\/#primaryimage\"},\"thumbnailUrl\":\"https:\\\/\\\/gentedebasquet.com.ar\\\/sitio\\\/wp-content\\\/uploads\\\/2016\\\/11\\\/Sp.-Escobar-Villa-Mitre.jpg\",\"datePublished\":\"2016-11-07T01:49:48+00:00\",\"author\":{\"@id\":\"https:\\\/\\\/gentedebasquet.com.ar\\\/sitio\\\/#\\\/schema\\\/person\\\/ca0b63bbb977369988a7bbbdc519943a\"},\"breadcrumb\":{\"@id\":\"https:\\\/\\\/gentedebasquet.com.ar\\\/sitio\\\/2016\\\/11\\\/06\\\/el-otro-villa-mitre\\\/#breadcrumb\"},\"inLanguage\":\"es\",\"potentialAction\":[{\"@type\":\"ReadAction\",\"target\":[\"https:\\\/\\\/gentedebasquet.com.ar\\\/sitio\\\/2016\\\/11\\\/06\\\/el-otro-villa-mitre\\\/\"]}]},{\"@type\":\"ImageObject\",\"inLanguage\":\"es\",\"@id\":\"https:\\\/\\\/gentedebasquet.com.ar\\\/sitio\\\/2016\\\/11\\\/06\\\/el-otro-villa-mitre\\\/#primaryimage\",\"url\":\"https:\\\/\\\/gentedebasquet.com.ar\\\/sitio\\\/wp-content\\\/uploads\\\/2016\\\/11\\\/Sp.-Escobar-Villa-Mitre.jpg\",\"contentUrl\":\"https:\\\/\\\/gentedebasquet.com.ar\\\/sitio\\\/wp-content\\\/uploads\\\/2016\\\/11\\\/Sp.-Escobar-Villa-Mitre.jpg\",\"width\":690,\"height\":319},{\"@type\":\"BreadcrumbList\",\"@id\":\"https:\\\/\\\/gentedebasquet.com.ar\\\/sitio\\\/2016\\\/11\\\/06\\\/el-otro-villa-mitre\\\/#breadcrumb\",\"itemListElement\":[{\"@type\":\"ListItem\",\"position\":1,\"name\":\"Portada\",\"item\":\"https:\\\/\\\/gentedebasquet.com.ar\\\/sitio\\\/\"},{\"@type\":\"ListItem\",\"position\":2,\"name\":\"El otro Villa Mitre\"}]},{\"@type\":\"WebSite\",\"@id\":\"https:\\\/\\\/gentedebasquet.com.ar\\\/sitio\\\/#website\",\"url\":\"https:\\\/\\\/gentedebasquet.com.ar\\\/sitio\\\/\",\"name\":\"Gente de B\u00e1squet\",\"description\":\"La revista del basquet de Bah\u00eda Blanca\",\"potentialAction\":[{\"@type\":\"SearchAction\",\"target\":{\"@type\":\"EntryPoint\",\"urlTemplate\":\"https:\\\/\\\/gentedebasquet.com.ar\\\/sitio\\\/?s={search_term_string}\"},\"query-input\":{\"@type\":\"PropertyValueSpecification\",\"valueRequired\":true,\"valueName\":\"search_term_string\"}}],\"inLanguage\":\"es\"},{\"@type\":\"Person\",\"@id\":\"https:\\\/\\\/gentedebasquet.com.ar\\\/sitio\\\/#\\\/schema\\\/person\\\/ca0b63bbb977369988a7bbbdc519943a\",\"name\":\"Gente de B\u00e1squet\",\"image\":{\"@type\":\"ImageObject\",\"inLanguage\":\"es\",\"@id\":\"https:\\\/\\\/secure.gravatar.com\\\/avatar\\\/7f2c48bdc33b30088f941fb6082e555f2874c98e20cb159d7b92b50eadfce793?s=96&d=mm&r=g\",\"url\":\"https:\\\/\\\/secure.gravatar.com\\\/avatar\\\/7f2c48bdc33b30088f941fb6082e555f2874c98e20cb159d7b92b50eadfce793?s=96&d=mm&r=g\",\"contentUrl\":\"https:\\\/\\\/secure.gravatar.com\\\/avatar\\\/7f2c48bdc33b30088f941fb6082e555f2874c98e20cb159d7b92b50eadfce793?s=96&d=mm&r=g\",\"caption\":\"Gente de B\u00e1squet\"},\"sameAs\":[\"http:\\\/\\\/gentedebasquet.com.ar\\\/sitio\"],\"url\":\"https:\\\/\\\/gentedebasquet.com.ar\\\/sitio\\\/author\\\/ulises\\\/\"}]}<\/script>\n<!-- \/ Yoast SEO plugin. -->","yoast_head_json":{"title":"El otro Villa Mitre - Gente de B\u00e1squet","robots":{"index":"index","follow":"follow","max-snippet":"max-snippet:-1","max-image-preview":"max-image-preview:large","max-video-preview":"max-video-preview:-1"},"canonical":"https:\/\/gentedebasquet.com.ar\/sitio\/2016\/11\/06\/el-otro-villa-mitre\/","og_locale":"es_ES","og_type":"article","og_title":"El otro Villa Mitre - Gente de B\u00e1squet","og_description":"Cambi\u00f3 la cara y super\u00f3 como visitante a Sportivo Escobar por el Federal: 85 a 83","og_url":"https:\/\/gentedebasquet.com.ar\/sitio\/2016\/11\/06\/el-otro-villa-mitre\/","og_site_name":"Gente de B\u00e1squet","article_published_time":"2016-11-07T01:49:48+00:00","og_image":[{"width":690,"height":319,"url":"https:\/\/gentedebasquet.com.ar\/sitio\/wp-content\/uploads\/2016\/11\/Sp.-Escobar-Villa-Mitre.jpg","type":"image\/jpeg"}],"author":"Gente de B\u00e1squet","twitter_card":"summary_large_image","twitter_misc":{"Escrito por":"Gente de B\u00e1squet","Tiempo de lectura":"3 minutos"},"schema":{"@context":"https:\/\/schema.org","@graph":[{"@type":"Article","@id":"https:\/\/gentedebasquet.com.ar\/sitio\/2016\/11\/06\/el-otro-villa-mitre\/#article","isPartOf":{"@id":"https:\/\/gentedebasquet.com.ar\/sitio\/2016\/11\/06\/el-otro-villa-mitre\/"},"author":{"name":"Gente de B\u00e1squet","@id":"https:\/\/gentedebasquet.com.ar\/sitio\/#\/schema\/person\/ca0b63bbb977369988a7bbbdc519943a"},"headline":"El otro Villa Mitre","datePublished":"2016-11-07T01:49:48+00:00","mainEntityOfPage":{"@id":"https:\/\/gentedebasquet.com.ar\/sitio\/2016\/11\/06\/el-otro-villa-mitre\/"},"wordCount":571,"image":{"@id":"https:\/\/gentedebasquet.com.ar\/sitio\/2016\/11\/06\/el-otro-villa-mitre\/#primaryimage"},"thumbnailUrl":"https:\/\/gentedebasquet.com.ar\/sitio\/wp-content\/uploads\/2016\/11\/Sp.-Escobar-Villa-Mitre.jpg","keywords":["Federal","Sportivo Escobar","TFB","Villa Mitre"],"articleSection":["Federal","Nacional","Slide"],"inLanguage":"es"},{"@type":"WebPage","@id":"https:\/\/gentedebasquet.com.ar\/sitio\/2016\/11\/06\/el-otro-villa-mitre\/","url":"https:\/\/gentedebasquet.com.ar\/sitio\/2016\/11\/06\/el-otro-villa-mitre\/","name":"El otro Villa Mitre - Gente de B\u00e1squet","isPartOf":{"@id":"https:\/\/gentedebasquet.com.ar\/sitio\/#website"},"primaryImageOfPage":{"@id":"https:\/\/gentedebasquet.com.ar\/sitio\/2016\/11\/06\/el-otro-villa-mitre\/#primaryimage"},"image":{"@id":"https:\/\/gentedebasquet.com.ar\/sitio\/2016\/11\/06\/el-otro-villa-mitre\/#primaryimage"},"thumbnailUrl":"https:\/\/gentedebasquet.com.ar\/sitio\/wp-content\/uploads\/2016\/11\/Sp.-Escobar-Villa-Mitre.jpg","datePublished":"2016-11-07T01:49:48+00:00","author":{"@id":"https:\/\/gentedebasquet.com.ar\/sitio\/#\/schema\/person\/ca0b63bbb977369988a7bbbdc519943a"},"breadcrumb":{"@id":"https:\/\/gentedebasquet.com.ar\/sitio\/2016\/11\/06\/el-otro-villa-mitre\/#breadcrumb"},"inLanguage":"es","potentialAction":[{"@type":"ReadAction","target":["https:\/\/gentedebasquet.com.ar\/sitio\/2016\/11\/06\/el-otro-villa-mitre\/"]}]},{"@type":"ImageObject","inLanguage":"es","@id":"https:\/\/gentedebasquet.com.ar\/sitio\/2016\/11\/06\/el-otro-villa-mitre\/#primaryimage","url":"https:\/\/gentedebasquet.com.ar\/sitio\/wp-content\/uploads\/2016\/11\/Sp.-Escobar-Villa-Mitre.jpg","contentUrl":"https:\/\/gentedebasquet.com.ar\/sitio\/wp-content\/uploads\/2016\/11\/Sp.-Escobar-Villa-Mitre.jpg","width":690,"height":319},{"@type":"BreadcrumbList","@id":"https:\/\/gentedebasquet.com.ar\/sitio\/2016\/11\/06\/el-otro-villa-mitre\/#breadcrumb","itemListElement":[{"@type":"ListItem","position":1,"name":"Portada","item":"https:\/\/gentedebasquet.com.ar\/sitio\/"},{"@type":"ListItem","position":2,"name":"El otro Villa Mitre"}]},{"@type":"WebSite","@id":"https:\/\/gentedebasquet.com.ar\/sitio\/#website","url":"https:\/\/gentedebasquet.com.ar\/sitio\/","name":"Gente de B\u00e1squet","description":"La revista del basquet de Bah\u00eda Blanca","potentialAction":[{"@type":"SearchAction","target":{"@type":"EntryPoint","urlTemplate":"https:\/\/gentedebasquet.com.ar\/sitio\/?s={search_term_string}"},"query-input":{"@type":"PropertyValueSpecification","valueRequired":true,"valueName":"search_term_string"}}],"inLanguage":"es"},{"@type":"Person","@id":"https:\/\/gentedebasquet.com.ar\/sitio\/#\/schema\/person\/ca0b63bbb977369988a7bbbdc519943a","name":"Gente de B\u00e1squet","image":{"@type":"ImageObject","inLanguage":"es","@id":"https:\/\/secure.gravatar.com\/avatar\/7f2c48bdc33b30088f941fb6082e555f2874c98e20cb159d7b92b50eadfce793?s=96&d=mm&r=g","url":"https:\/\/secure.gravatar.com\/avatar\/7f2c48bdc33b30088f941fb6082e555f2874c98e20cb159d7b92b50eadfce793?s=96&d=mm&r=g","contentUrl":"https:\/\/secure.gravatar.com\/avatar\/7f2c48bdc33b30088f941fb6082e555f2874c98e20cb159d7b92b50eadfce793?s=96&d=mm&r=g","caption":"Gente de B\u00e1squet"},"sameAs":["http:\/\/gentedebasquet.com.ar\/sitio"],"url":"https:\/\/gentedebasquet.com.ar\/sitio\/author\/ulises\/"}]}},"_links":{"self":[{"href":"https:\/\/gentedebasquet.com.ar\/sitio\/wp-json\/wp\/v2\/posts\/66594","targetHints":{"allow":["GET"]}}],"collection":[{"href":"https:\/\/gentedebasquet.com.ar\/sitio\/wp-json\/wp\/v2\/posts"}],"about":[{"href":"https:\/\/gentedebasquet.com.ar\/sitio\/wp-json\/wp\/v2\/types\/post"}],"author":[{"embeddable":true,"href":"https:\/\/gentedebasquet.com.ar\/sitio\/wp-json\/wp\/v2\/users\/1"}],"replies":[{"embeddable":true,"href":"https:\/\/gentedebasquet.com.ar\/sitio\/wp-json\/wp\/v2\/comments?post=66594"}],"version-history":[{"count":0,"href":"https:\/\/gentedebasquet.com.ar\/sitio\/wp-json\/wp\/v2\/posts\/66594\/revisions"}],"wp:featuredmedia":[{"embeddable":true,"href":"https:\/\/gentedebasquet.com.ar\/sitio\/wp-json\/wp\/v2\/media\/66595"}],"wp:attachment":[{"href":"https:\/\/gentedebasquet.com.ar\/sitio\/wp-json\/wp\/v2\/media?parent=66594"}],"wp:term":[{"taxonomy":"category","embeddable":true,"href":"https:\/\/gentedebasquet.com.ar\/sitio\/wp-json\/wp\/v2\/categories?post=66594"},{"taxonomy":"post_tag","embeddable":true,"href":"https:\/\/gentedebasquet.com.ar\/sitio\/wp-json\/wp\/v2\/tags?post=66594"}],"curies":[{"name":"wp","href":"https:\/\/api.w.org\/{rel}","templated":true}]}}