{"id":67008,"date":"2016-11-18T23:08:47","date_gmt":"2016-11-19T02:08:47","guid":{"rendered":"http:\/\/www.gentedebasquet.com.ar\/?p=67008"},"modified":"2016-11-18T23:08:47","modified_gmt":"2016-11-19T02:08:47","slug":"barracas-llego-a-primera-al-trote","status":"publish","type":"post","link":"https:\/\/gentedebasquet.com.ar\/sitio\/2016\/11\/18\/barracas-llego-a-primera-al-trote\/","title":{"rendered":"Barracas lleg\u00f3 a Primera al trote"},"content":{"rendered":"<p><strong>Si bien desde el principio fue amo y se\u00f1or de la noche, el parcial de \u00a129-7! que Barracas le propin\u00f3 a 9 de Julio, durante el 3\u00baC, coloc\u00f3 las cifras en 76-43. Ello, provoc\u00f3 que los diez minutos finales estuvieran de m\u00e1s, hasta el 95 a 57. La descosi\u00f3 la dupla Sebasti\u00e1n Mart\u00ednez (25 tantos, 2-3 t3, 3-5 t2 y 13-13 t1, m\u00e1s 34 de valoraci\u00f3n) y Mariano Trellini (27 puntos, con 6-10 en triples y siendo 28 su coeficiente). \u00a1El Bosque grit\u00f3 campe\u00f3n! Ahora, 9 de Julio tendr\u00e1 ventaja contra Pac\u00edfico, en la serie al mejor de tres buscando al rival de Pueyrred\u00f3n en el Repechaje.<\/strong><\/p>\n<p>S\u00ed, se trataba de un segundo partido final donde estaba en danza nada menos que el posible ascenso a Primera de Barracas Central.<\/p>\n<p>Pero nunca hubo clima de final.<\/p>\n<p>Ni partido.<\/p>\n<p>Result\u00f3 demasiado sencillo para el due\u00f1o de casa, ante un 9 de Julio carente de actitud, respuestas y quedando muy lejos de lo evidenciado con el transcurrir de 2016.<\/p>\n<p>Barracas domin\u00f3 la escena, pr\u00e1cticamente, durante los cuarenta minutos, finalizando con una soberana paliza de 95 a 57, que sentenci\u00f3 la llave definitoria del Oficial por 2-0 y consagr\u00e1ndose inobjetablemente\u00a0como el mejor conjunto de la categor\u00eda.<\/p>\n<p>\u00a1Campe\u00f3n!<\/p>\n<p>Con r\u00e9cord de 32 ganados y 16 perdidos, El Bosque retorna a la m\u00e1xima divisi\u00f3n local, tras haber perdido esa condici\u00f3n en 2015. Tambi\u00e9n, se trat\u00f3 del tercer ascenso en forma consecutiva para el DT Juan Sergio Palumbo -s\u00f3lo cortado por el a\u00f1o del descenso- quien ya adelant\u00f3 que no continuar\u00e1 en la entidad para 2017.<\/p>\n<blockquote><p>Estamos muy contentos. El Chino (Trellini)\u00a0la rompi\u00f3 toda, fuimos contundentes y creo que tuvimos una personalidad terrible para jugar estas finales, tanto en cancha de ellos como en la nuestra. Me parece que nos lo merec\u00edamos y que fuimos los mejores en los playoffs. Lo bueno es que, el a\u00f1o que viene, Barracas tendr\u00e1 otra oportunidad en Primera. Seguramente, no ser\u00e1 conmigo, pero estoy feliz por eso tambi\u00e9n (Juan Sergio Palumbo).<\/p><\/blockquote>\n<p>El equilibrio, anoche, se dio hasta promediar el 1\u00baC.<\/p>\n<p>All\u00ed, el local aventajaba a su rival por 12-10, despu\u00e9s de un triple de Dami\u00e1n Carci.<\/p>\n<p>En los restantes 34m02s de la velada, todo se desarroll\u00f3 a gusto y piacere de Barracas Central. Todo.<\/p>\n<p>Es que Sebasti\u00e1n Mart\u00ednez aliment\u00f3 seguido, y bien, a Mariano N\u00fa\u00f1ez (3-3 t2) y sobrevino una antideportiva de Ezequiel Pordomingo que el local usufructu\u00f3 para distanciarse por 19-12.<\/p>\n<p>Ya en el 2\u00baC, Barracas aprender\u00eda chino a la fuerza.<\/p>\n<p>Es que Trellini le hizo caso omiso al almanaque, protagonizando una de las m\u00e1s memorables producciones de su carrera: cerr\u00f3 una jugada de 2+1, clav\u00f3 \u00a1tres triples al hilo! y, jugada por medio, a\u00f1adi\u00f3 otro a\u00a03m56s del ET, para que Barracas tomara 15 de renta (40-25).<\/p>\n<p>\u00bf9 de Julio? Una sombra. Nunca reaccion\u00f3 y ni se mostr\u00f3 a la altura de las circunstancias.<\/p>\n<p>Para colm\u00f3, en el tercer per\u00edodo, Barracas no s\u00f3lo no aminor\u00f3 la marcha, sino que puso quinta a fondo para terminar de borrar de la cancha a su inmutable oponente.<\/p>\n<p>Porque Trellini sigui\u00f3 castigando desde la medialuna de los 6m75 (a\u00f1adi\u00f3 2-2), porque Mauro Montanaro tambi\u00e9n se anim\u00f3 y porque Sebasti\u00e1n Mart\u00ednez empez\u00f3 con su unipersonal, englobando 2-2 t3, 1-2 t2 y 2-2 t1.<\/p>\n<p>Con un score de \u00a129-7! se adjudic\u00f3 el anfitri\u00f3n ese lapso.<\/p>\n<p>De ese modo, el encuentro ya no tuvo raz\u00f3n de ser.<\/p>\n<p>El 72-42 que reflejaba el electr\u00f3nico, a\u00fan con 1m40s por disputar del pen\u00faltimo acto, daba por sentenciado el campeonato de ascenso de esta temporada.<\/p>\n<p>Los \u00faltimos diez minutos solamente resultaron productivos para el tatuado Mart\u00ednez (sum\u00f3 1-1 t2 y 8-8 t1), para darle participaci\u00f3n a todos los elementos de la plantilla y para hacer un \u00abprode\u00bb intentando adivinar cu\u00e1l ser\u00eda la diferencia final con la que Barracas se alzar\u00eda con el t\u00edtulo.<\/p>\n<p>Sin ese picante de las finales, ni tensi\u00f3n, ni nervios, ni protestas, ni fallos pol\u00e9micos, ni escaramuzas&#8230;<\/p>\n<p>S\u00f3lo un festejo mesurado, con c\u00e1nticos, banderas, espuma y bengalas de humo. Sin vuelta ol\u00edmpica.<\/p>\n<p>Claro, es que Barracas lleg\u00f3 trotando a ser de Primera.<\/p>\n<p>En hora buena. \u00a1Y felicitaciones!<\/p>\n<p>&nbsp;<\/p>\n<p>[vimeo]http:\/\/vimeo.com\/192222584[\/vimeo]<\/p>\n<p>&nbsp;<\/p>\n<p><strong>S\u00edntesis |<\/strong>\u00a0Segunda Divisi\u00f3n \u2013 Finales \u2013 Juego #2<\/p>\n<p><strong>Barracas Central 95:<\/strong>\u00a0Dami\u00e1n Carci 13, Sebasti\u00e1n Mart\u00ednez 25, Mariano Trellini 27, Mauro Montanaro 14, Mariano N\u00fa\u00f1ez 8, (FI); C\u00e9sar Massa 6, Fabi\u00e1n Gendana 0, Joaqu\u00edn Gonz\u00e1lez 2, Javier Amato 0, Juli\u00e1n Carminatti 0, Octavio Quispe 0 y Octavio Cancellarich. DT: Juan Sergio Palumbo.<\/p>\n<p><strong>9 de Julio 57:<\/strong>\u00a0Agust\u00edn Pena 2 (x), Lucas Lucchetti 9, Gonzalo Badano 5, Mariano Ticozzi 7, Guillermo Mallemaci 14 (x), (FI); Ezequiel Pordomingo\u00a0 0, Hern\u00e1n Rava 7, Mauro Bl\u00e1zquez 3, Juli\u00e1n Turcato 0, Francisco Bonaguro 10, \u00a0Alan Prost 0 y Sebasti\u00e1n Villegas 0. DT: Andr\u00e9s Iannamico.<\/p>\n<p><strong>Parciales:<\/strong>\u00a019-12, 47-36 (28-24), 76-43 (29-7) y 95-57 (19-14).<\/p>\n<p><strong>\u00c1rbitros:<\/strong>\u00a0Miguel Firpo \u2013 Eduardo Ferreyra \u2013 Sebasti\u00e1n Arcas.<\/p>\n<p><strong>Estadio:<\/strong>\u00a0El Bosque (club Barracas).<\/p>\n<p><a class=\"modalf iframe\" title=\"Planilla\" href=\"https:\/\/docs.google.com\/spreadsheets\/d\/1Okw11WeGLxuO9fIbXex8mEWQxu4dAdojSg9IOx7Xi4Q\/pubhtml\" target=\"_blank\" rel=\"noopener\">Ver Planilla<\/a><\/p>\n<p><strong>Serie:<\/strong>\u00a0Barracas, 2-0.<\/p>\n","protected":false},"excerpt":{"rendered":"<p>Tritur\u00f3 a 9 de Julio, en el 2\u00ba juego final, por 95 a 57, es campe\u00f3n y volvi\u00f3 a ascender<\/p>\n","protected":false},"author":51,"featured_media":67018,"comment_status":"closed","ping_status":"open","sticky":false,"template":"","format":"standard","meta":{"jnews-multi-image_gallery":[],"jnews_single_post":[],"jnews_primary_category":[],"footnotes":""},"categories":[25,101],"tags":[2,6,527,360,297,619,254],"class_list":["post-67008","post","type-post","status-publish","format-standard","has-post-thumbnail","hentry","category-segunda","category-slide","tag-9dejulio","tag-barracas-central","tag-damian-carci","tag-guillermo-mallemaci","tag-juan-sergio-palumbo","tag-mariano-trellini","tag-sebastian-martinez"],"yoast_head":"<!-- This site is optimized with the Yoast SEO plugin v27.5 - https:\/\/yoast.com\/product\/yoast-seo-wordpress\/ -->\n<title>Barracas lleg\u00f3 a Primera al trote - Gente de B\u00e1squet<\/title>\n<meta name=\"robots\" content=\"index, follow, max-snippet:-1, max-image-preview:large, max-video-preview:-1\" \/>\n<link rel=\"canonical\" href=\"https:\/\/gentedebasquet.com.ar\/sitio\/2016\/11\/18\/barracas-llego-a-primera-al-trote\/\" \/>\n<meta property=\"og:locale\" content=\"es_ES\" \/>\n<meta property=\"og:type\" content=\"article\" \/>\n<meta property=\"og:title\" content=\"Barracas lleg\u00f3 a Primera al trote - Gente de B\u00e1squet\" \/>\n<meta property=\"og:description\" content=\"Tritur\u00f3 a 9 de Julio, en el 2\u00ba juego final, por 95 a 57, es campe\u00f3n y volvi\u00f3 a ascender\" \/>\n<meta property=\"og:url\" content=\"https:\/\/gentedebasquet.com.ar\/sitio\/2016\/11\/18\/barracas-llego-a-primera-al-trote\/\" \/>\n<meta property=\"og:site_name\" content=\"Gente de B\u00e1squet\" \/>\n<meta property=\"article:published_time\" content=\"2016-11-19T02:08:47+00:00\" \/>\n<meta property=\"og:image\" content=\"https:\/\/gentedebasquet.com.ar\/sitio\/wp-content\/uploads\/2016\/11\/Carci-Barracas.jpg\" \/>\n\t<meta property=\"og:image:width\" content=\"690\" \/>\n\t<meta property=\"og:image:height\" content=\"319\" \/>\n\t<meta property=\"og:image:type\" content=\"image\/jpeg\" \/>\n<meta name=\"author\" content=\"Luciano Mutti\" \/>\n<meta name=\"twitter:card\" content=\"summary_large_image\" \/>\n<meta name=\"twitter:label1\" content=\"Escrito por\" \/>\n\t<meta name=\"twitter:data1\" content=\"Luciano Mutti\" \/>\n\t<meta name=\"twitter:label2\" content=\"Tiempo de lectura\" \/>\n\t<meta name=\"twitter:data2\" content=\"4 minutos\" \/>\n<script type=\"application\/ld+json\" class=\"yoast-schema-graph\">{\"@context\":\"https:\\\/\\\/schema.org\",\"@graph\":[{\"@type\":\"Article\",\"@id\":\"https:\\\/\\\/gentedebasquet.com.ar\\\/sitio\\\/2016\\\/11\\\/18\\\/barracas-llego-a-primera-al-trote\\\/#article\",\"isPartOf\":{\"@id\":\"https:\\\/\\\/gentedebasquet.com.ar\\\/sitio\\\/2016\\\/11\\\/18\\\/barracas-llego-a-primera-al-trote\\\/\"},\"author\":{\"name\":\"Luciano Mutti\",\"@id\":\"https:\\\/\\\/gentedebasquet.com.ar\\\/sitio\\\/#\\\/schema\\\/person\\\/f0396ea26034ae88f655b3d4792f5437\"},\"headline\":\"Barracas lleg\u00f3 a Primera al trote\",\"datePublished\":\"2016-11-19T02:08:47+00:00\",\"mainEntityOfPage\":{\"@id\":\"https:\\\/\\\/gentedebasquet.com.ar\\\/sitio\\\/2016\\\/11\\\/18\\\/barracas-llego-a-primera-al-trote\\\/\"},\"wordCount\":848,\"image\":{\"@id\":\"https:\\\/\\\/gentedebasquet.com.ar\\\/sitio\\\/2016\\\/11\\\/18\\\/barracas-llego-a-primera-al-trote\\\/#primaryimage\"},\"thumbnailUrl\":\"https:\\\/\\\/gentedebasquet.com.ar\\\/sitio\\\/wp-content\\\/uploads\\\/2016\\\/11\\\/Carci-Barracas.jpg\",\"keywords\":[\"9 de Julio\",\"Barracas Central\",\"Dami\u00e1n Carci\",\"Guillermo Mallemaci\",\"Juan Sergio Palumbo\",\"Mariano Trellini\",\"Sebasti\u00e1n Mart\u00ednez\"],\"articleSection\":[\"Segunda\",\"Slide\"],\"inLanguage\":\"es\"},{\"@type\":\"WebPage\",\"@id\":\"https:\\\/\\\/gentedebasquet.com.ar\\\/sitio\\\/2016\\\/11\\\/18\\\/barracas-llego-a-primera-al-trote\\\/\",\"url\":\"https:\\\/\\\/gentedebasquet.com.ar\\\/sitio\\\/2016\\\/11\\\/18\\\/barracas-llego-a-primera-al-trote\\\/\",\"name\":\"Barracas lleg\u00f3 a Primera al trote - Gente de B\u00e1squet\",\"isPartOf\":{\"@id\":\"https:\\\/\\\/gentedebasquet.com.ar\\\/sitio\\\/#website\"},\"primaryImageOfPage\":{\"@id\":\"https:\\\/\\\/gentedebasquet.com.ar\\\/sitio\\\/2016\\\/11\\\/18\\\/barracas-llego-a-primera-al-trote\\\/#primaryimage\"},\"image\":{\"@id\":\"https:\\\/\\\/gentedebasquet.com.ar\\\/sitio\\\/2016\\\/11\\\/18\\\/barracas-llego-a-primera-al-trote\\\/#primaryimage\"},\"thumbnailUrl\":\"https:\\\/\\\/gentedebasquet.com.ar\\\/sitio\\\/wp-content\\\/uploads\\\/2016\\\/11\\\/Carci-Barracas.jpg\",\"datePublished\":\"2016-11-19T02:08:47+00:00\",\"author\":{\"@id\":\"https:\\\/\\\/gentedebasquet.com.ar\\\/sitio\\\/#\\\/schema\\\/person\\\/f0396ea26034ae88f655b3d4792f5437\"},\"breadcrumb\":{\"@id\":\"https:\\\/\\\/gentedebasquet.com.ar\\\/sitio\\\/2016\\\/11\\\/18\\\/barracas-llego-a-primera-al-trote\\\/#breadcrumb\"},\"inLanguage\":\"es\",\"potentialAction\":[{\"@type\":\"ReadAction\",\"target\":[\"https:\\\/\\\/gentedebasquet.com.ar\\\/sitio\\\/2016\\\/11\\\/18\\\/barracas-llego-a-primera-al-trote\\\/\"]}]},{\"@type\":\"ImageObject\",\"inLanguage\":\"es\",\"@id\":\"https:\\\/\\\/gentedebasquet.com.ar\\\/sitio\\\/2016\\\/11\\\/18\\\/barracas-llego-a-primera-al-trote\\\/#primaryimage\",\"url\":\"https:\\\/\\\/gentedebasquet.com.ar\\\/sitio\\\/wp-content\\\/uploads\\\/2016\\\/11\\\/Carci-Barracas.jpg\",\"contentUrl\":\"https:\\\/\\\/gentedebasquet.com.ar\\\/sitio\\\/wp-content\\\/uploads\\\/2016\\\/11\\\/Carci-Barracas.jpg\",\"width\":690,\"height\":319},{\"@type\":\"BreadcrumbList\",\"@id\":\"https:\\\/\\\/gentedebasquet.com.ar\\\/sitio\\\/2016\\\/11\\\/18\\\/barracas-llego-a-primera-al-trote\\\/#breadcrumb\",\"itemListElement\":[{\"@type\":\"ListItem\",\"position\":1,\"name\":\"Portada\",\"item\":\"https:\\\/\\\/gentedebasquet.com.ar\\\/sitio\\\/\"},{\"@type\":\"ListItem\",\"position\":2,\"name\":\"Barracas lleg\u00f3 a Primera al trote\"}]},{\"@type\":\"WebSite\",\"@id\":\"https:\\\/\\\/gentedebasquet.com.ar\\\/sitio\\\/#website\",\"url\":\"https:\\\/\\\/gentedebasquet.com.ar\\\/sitio\\\/\",\"name\":\"Gente de B\u00e1squet\",\"description\":\"La revista del basquet de Bah\u00eda Blanca\",\"potentialAction\":[{\"@type\":\"SearchAction\",\"target\":{\"@type\":\"EntryPoint\",\"urlTemplate\":\"https:\\\/\\\/gentedebasquet.com.ar\\\/sitio\\\/?s={search_term_string}\"},\"query-input\":{\"@type\":\"PropertyValueSpecification\",\"valueRequired\":true,\"valueName\":\"search_term_string\"}}],\"inLanguage\":\"es\"},{\"@type\":\"Person\",\"@id\":\"https:\\\/\\\/gentedebasquet.com.ar\\\/sitio\\\/#\\\/schema\\\/person\\\/f0396ea26034ae88f655b3d4792f5437\",\"name\":\"Luciano Mutti\",\"image\":{\"@type\":\"ImageObject\",\"inLanguage\":\"es\",\"@id\":\"https:\\\/\\\/secure.gravatar.com\\\/avatar\\\/848a57ae19cdeca5b0b8a1b4daba98abd3b95ef1add01cc5b02ce331e4ea8fd5?s=96&d=mm&r=g\",\"url\":\"https:\\\/\\\/secure.gravatar.com\\\/avatar\\\/848a57ae19cdeca5b0b8a1b4daba98abd3b95ef1add01cc5b02ce331e4ea8fd5?s=96&d=mm&r=g\",\"contentUrl\":\"https:\\\/\\\/secure.gravatar.com\\\/avatar\\\/848a57ae19cdeca5b0b8a1b4daba98abd3b95ef1add01cc5b02ce331e4ea8fd5?s=96&d=mm&r=g\",\"caption\":\"Luciano Mutti\"},\"url\":\"https:\\\/\\\/gentedebasquet.com.ar\\\/sitio\\\/author\\\/luciano-mutti\\\/\"}]}<\/script>\n<!-- \/ Yoast SEO plugin. -->","yoast_head_json":{"title":"Barracas lleg\u00f3 a Primera al trote - Gente de B\u00e1squet","robots":{"index":"index","follow":"follow","max-snippet":"max-snippet:-1","max-image-preview":"max-image-preview:large","max-video-preview":"max-video-preview:-1"},"canonical":"https:\/\/gentedebasquet.com.ar\/sitio\/2016\/11\/18\/barracas-llego-a-primera-al-trote\/","og_locale":"es_ES","og_type":"article","og_title":"Barracas lleg\u00f3 a Primera al trote - Gente de B\u00e1squet","og_description":"Tritur\u00f3 a 9 de Julio, en el 2\u00ba juego final, por 95 a 57, es campe\u00f3n y volvi\u00f3 a ascender","og_url":"https:\/\/gentedebasquet.com.ar\/sitio\/2016\/11\/18\/barracas-llego-a-primera-al-trote\/","og_site_name":"Gente de B\u00e1squet","article_published_time":"2016-11-19T02:08:47+00:00","og_image":[{"width":690,"height":319,"url":"https:\/\/gentedebasquet.com.ar\/sitio\/wp-content\/uploads\/2016\/11\/Carci-Barracas.jpg","type":"image\/jpeg"}],"author":"Luciano Mutti","twitter_card":"summary_large_image","twitter_misc":{"Escrito por":"Luciano Mutti","Tiempo de lectura":"4 minutos"},"schema":{"@context":"https:\/\/schema.org","@graph":[{"@type":"Article","@id":"https:\/\/gentedebasquet.com.ar\/sitio\/2016\/11\/18\/barracas-llego-a-primera-al-trote\/#article","isPartOf":{"@id":"https:\/\/gentedebasquet.com.ar\/sitio\/2016\/11\/18\/barracas-llego-a-primera-al-trote\/"},"author":{"name":"Luciano Mutti","@id":"https:\/\/gentedebasquet.com.ar\/sitio\/#\/schema\/person\/f0396ea26034ae88f655b3d4792f5437"},"headline":"Barracas lleg\u00f3 a Primera al trote","datePublished":"2016-11-19T02:08:47+00:00","mainEntityOfPage":{"@id":"https:\/\/gentedebasquet.com.ar\/sitio\/2016\/11\/18\/barracas-llego-a-primera-al-trote\/"},"wordCount":848,"image":{"@id":"https:\/\/gentedebasquet.com.ar\/sitio\/2016\/11\/18\/barracas-llego-a-primera-al-trote\/#primaryimage"},"thumbnailUrl":"https:\/\/gentedebasquet.com.ar\/sitio\/wp-content\/uploads\/2016\/11\/Carci-Barracas.jpg","keywords":["9 de Julio","Barracas Central","Dami\u00e1n Carci","Guillermo Mallemaci","Juan Sergio Palumbo","Mariano Trellini","Sebasti\u00e1n Mart\u00ednez"],"articleSection":["Segunda","Slide"],"inLanguage":"es"},{"@type":"WebPage","@id":"https:\/\/gentedebasquet.com.ar\/sitio\/2016\/11\/18\/barracas-llego-a-primera-al-trote\/","url":"https:\/\/gentedebasquet.com.ar\/sitio\/2016\/11\/18\/barracas-llego-a-primera-al-trote\/","name":"Barracas lleg\u00f3 a Primera al trote - Gente de B\u00e1squet","isPartOf":{"@id":"https:\/\/gentedebasquet.com.ar\/sitio\/#website"},"primaryImageOfPage":{"@id":"https:\/\/gentedebasquet.com.ar\/sitio\/2016\/11\/18\/barracas-llego-a-primera-al-trote\/#primaryimage"},"image":{"@id":"https:\/\/gentedebasquet.com.ar\/sitio\/2016\/11\/18\/barracas-llego-a-primera-al-trote\/#primaryimage"},"thumbnailUrl":"https:\/\/gentedebasquet.com.ar\/sitio\/wp-content\/uploads\/2016\/11\/Carci-Barracas.jpg","datePublished":"2016-11-19T02:08:47+00:00","author":{"@id":"https:\/\/gentedebasquet.com.ar\/sitio\/#\/schema\/person\/f0396ea26034ae88f655b3d4792f5437"},"breadcrumb":{"@id":"https:\/\/gentedebasquet.com.ar\/sitio\/2016\/11\/18\/barracas-llego-a-primera-al-trote\/#breadcrumb"},"inLanguage":"es","potentialAction":[{"@type":"ReadAction","target":["https:\/\/gentedebasquet.com.ar\/sitio\/2016\/11\/18\/barracas-llego-a-primera-al-trote\/"]}]},{"@type":"ImageObject","inLanguage":"es","@id":"https:\/\/gentedebasquet.com.ar\/sitio\/2016\/11\/18\/barracas-llego-a-primera-al-trote\/#primaryimage","url":"https:\/\/gentedebasquet.com.ar\/sitio\/wp-content\/uploads\/2016\/11\/Carci-Barracas.jpg","contentUrl":"https:\/\/gentedebasquet.com.ar\/sitio\/wp-content\/uploads\/2016\/11\/Carci-Barracas.jpg","width":690,"height":319},{"@type":"BreadcrumbList","@id":"https:\/\/gentedebasquet.com.ar\/sitio\/2016\/11\/18\/barracas-llego-a-primera-al-trote\/#breadcrumb","itemListElement":[{"@type":"ListItem","position":1,"name":"Portada","item":"https:\/\/gentedebasquet.com.ar\/sitio\/"},{"@type":"ListItem","position":2,"name":"Barracas lleg\u00f3 a Primera al trote"}]},{"@type":"WebSite","@id":"https:\/\/gentedebasquet.com.ar\/sitio\/#website","url":"https:\/\/gentedebasquet.com.ar\/sitio\/","name":"Gente de B\u00e1squet","description":"La revista del basquet de Bah\u00eda Blanca","potentialAction":[{"@type":"SearchAction","target":{"@type":"EntryPoint","urlTemplate":"https:\/\/gentedebasquet.com.ar\/sitio\/?s={search_term_string}"},"query-input":{"@type":"PropertyValueSpecification","valueRequired":true,"valueName":"search_term_string"}}],"inLanguage":"es"},{"@type":"Person","@id":"https:\/\/gentedebasquet.com.ar\/sitio\/#\/schema\/person\/f0396ea26034ae88f655b3d4792f5437","name":"Luciano Mutti","image":{"@type":"ImageObject","inLanguage":"es","@id":"https:\/\/secure.gravatar.com\/avatar\/848a57ae19cdeca5b0b8a1b4daba98abd3b95ef1add01cc5b02ce331e4ea8fd5?s=96&d=mm&r=g","url":"https:\/\/secure.gravatar.com\/avatar\/848a57ae19cdeca5b0b8a1b4daba98abd3b95ef1add01cc5b02ce331e4ea8fd5?s=96&d=mm&r=g","contentUrl":"https:\/\/secure.gravatar.com\/avatar\/848a57ae19cdeca5b0b8a1b4daba98abd3b95ef1add01cc5b02ce331e4ea8fd5?s=96&d=mm&r=g","caption":"Luciano Mutti"},"url":"https:\/\/gentedebasquet.com.ar\/sitio\/author\/luciano-mutti\/"}]}},"_links":{"self":[{"href":"https:\/\/gentedebasquet.com.ar\/sitio\/wp-json\/wp\/v2\/posts\/67008","targetHints":{"allow":["GET"]}}],"collection":[{"href":"https:\/\/gentedebasquet.com.ar\/sitio\/wp-json\/wp\/v2\/posts"}],"about":[{"href":"https:\/\/gentedebasquet.com.ar\/sitio\/wp-json\/wp\/v2\/types\/post"}],"author":[{"embeddable":true,"href":"https:\/\/gentedebasquet.com.ar\/sitio\/wp-json\/wp\/v2\/users\/51"}],"replies":[{"embeddable":true,"href":"https:\/\/gentedebasquet.com.ar\/sitio\/wp-json\/wp\/v2\/comments?post=67008"}],"version-history":[{"count":0,"href":"https:\/\/gentedebasquet.com.ar\/sitio\/wp-json\/wp\/v2\/posts\/67008\/revisions"}],"wp:featuredmedia":[{"embeddable":true,"href":"https:\/\/gentedebasquet.com.ar\/sitio\/wp-json\/wp\/v2\/media\/67018"}],"wp:attachment":[{"href":"https:\/\/gentedebasquet.com.ar\/sitio\/wp-json\/wp\/v2\/media?parent=67008"}],"wp:term":[{"taxonomy":"category","embeddable":true,"href":"https:\/\/gentedebasquet.com.ar\/sitio\/wp-json\/wp\/v2\/categories?post=67008"},{"taxonomy":"post_tag","embeddable":true,"href":"https:\/\/gentedebasquet.com.ar\/sitio\/wp-json\/wp\/v2\/tags?post=67008"}],"curies":[{"name":"wp","href":"https:\/\/api.w.org\/{rel}","templated":true}]}}