{"id":67409,"date":"2016-11-29T23:23:01","date_gmt":"2016-11-30T02:23:01","guid":{"rendered":"http:\/\/www.gentedebasquet.com.ar\/?p=67409"},"modified":"2016-11-29T23:23:01","modified_gmt":"2016-11-30T02:23:01","slug":"operativo-permanencia-en-marcha","status":"publish","type":"post","link":"https:\/\/gentedebasquet.com.ar\/sitio\/2016\/11\/29\/operativo-permanencia-en-marcha\/","title":{"rendered":"Operativo permanencia, en marcha"},"content":{"rendered":"<p><strong>Pueyrred\u00f3n hizo valer su localia en el Vicente Palermo y venci\u00f3 por 76-72 a 9 de Julio, para comenzar con el pie derecho la serie por la permanencia. Haciendo las cosas bien en defensa y corriendo la cancha, el Purre lleg\u00f3 a estar veinte arriba en el 3C (55-35), aunque luego, para quedarse con el encuentro y dejar la llave 1-0, debi\u00f3 soportar la embestida del Nueve en el final. Eddie Roberson (23, 19 reb, 2 rob, 2 tap) y Gast\u00f3n Rivera (23, 4 asist y 2 rob) fueron las grandes figuras en el elenco de Lucas Ben\u00edtez. Mientras que en la visita, no alcanz\u00f3 con la enorme tarea de Lucas Lucchetti (31 \u2013 4\/8 T3, 2 asist, 5 rob).<\/strong><\/p>\n<p>El inicio de la noche tuvo una gran paridad. Ninguno de los dos equipos pudo tomar decididamente el control del juego. Pueyrred\u00f3n se apoy\u00f3 en la presencia en la zona pintada de Roberson (7), las penetraciones de Juanpataoro (4) y los tiros de media distancia de Rivera (4) para tener vida en ofensiva. Mientras que Nueve, tras comenzar algo err\u00e1tico, enderez\u00f3 su rumbo gracias a las bombas de Lucchetti (2\/3 T3), Pena (1\/2) y Badano (1\/1) para irse al frente por 18-17 al primer descanso.<\/p>\n<p>Durante el 2C otra fue la historia. A la regularidad de Rivera (8) y Roberson (4) se sum\u00f3 llegando desde el banco el pibe Agust\u00edn Fern\u00e1ndez (5) para transformarse en una v\u00eda m\u00e1s de gol y escapar 35-21, mediante un parcial de 18-3, a 2m del entretiempo. La visita, por su parte, careci\u00f3 de fluidez ofensiva y tampoco encontr\u00f3 soluciones en defensa, m\u00e1s all\u00e1 de que Iannamico prob\u00f3 diferentes variantes. Al descanso largo se fue arriba el due\u00f1o de casa 39-29.<\/p>\n<blockquote><p>Podr\u00edamos haber sacado una linda ventaja hoy, pero en los minutos finales se nos empez\u00f3 a complicar y perdimos pelotas por la presi\u00f3n que impusieron ellos. Por suerte, lo pudimos destrabar al final con los libres y ganar. En un momento no sab\u00edamos para donde ir, igualmente tratamos de estar tranquilos, buscamos lo que ten\u00edamos que buscar en el momento oportuno y ganamos el partido que era a lo que vinimos. Estamos m\u00e1s cerca de quedarnos, pero falta todav\u00eda. Ellos en su cancha son muy dif\u00edciles, nosotros tenemos que seguir trabajando y entrenando sin perder de vista el objetivo que es quedarnos en Primera (Eddie Roberson)<\/p><\/blockquote>\n<p>La mejor versi\u00f3n del Purre se vio a la vuelta de los vestuarios. El local se hizo fuerte en defensa y eso le permiti\u00f3 poder empezar a correr la cancha. El t\u00e1ndem Roberson (10) \u2013 Rivera (4) continu\u00f3 siendo determinante y la m\u00e1xima de la noche toc\u00f3 un techo de veinte puntos (55-35) cuando restaban 4m43s por jugar. Sin embargo, 9 de Julio resurgi\u00f3. Mediante una presi\u00f3n no le permiti\u00f3 traslados c\u00f3modos a Pueyrred\u00f3n y sac\u00f3 r\u00e9ditos de eso. Con Pena (9) y Lucchetti (5) como lideres ofensivos, la visita recort\u00f3 la distancia a doce (62-48) de cara al \u00faltimo descanso.<\/p>\n<p>Tras estar abajo 67-51 con 7m por jugar, el Nueve edific\u00f3 una nueva levantada aprovechando un pasaje de 12-2 y que su rival se sec\u00f3 en ofensiva. Lucchetti (11 \u2013 7\/7 TL) se gan\u00f3 los puntos desde la l\u00ednea y junto a Badano (7) tiraron de la lanza para dejar a su equipo 69-63 abajo con 3m17s en el reloj. Es m\u00e1s, tras una serie de libres fallados por el Purre, la visita lleg\u00f3 a ponerse a tres (74-71) aunque luego el tiempo no le alcanz\u00f3. Pueyrred\u00f3n gan\u00f3 e inicio su operativo permanencia con \u00e9xito.<\/p>\n<p>&nbsp;<\/p>\n<p>[youtube]https:\/\/youtu.be\/YFh3j41yTQs[\/youtube]<\/p>\n<p>&nbsp;<\/p>\n<p><strong>S\u00edntesis |<\/strong>\u00a0Ascenso \u2013 Permanencia \u2013 Descenso \u2013 Juego #1<\/p>\n<p><strong>Pueyrred\u00f3n 76:<\/strong>\u00a0Juan Manuel Richat 6, Gast\u00f3n Rivera 23 (x), Agust\u00edn Juanpataoro 9, Pablo Racciatti 2\u00a0y Eddie Roberson 23 (FI); Agust\u00edn Fern\u00e1ndez 7, Gast\u00f3n Ressia 3 y Hern\u00e1n Cinti 3. DT: Lucas Ben\u00edtez.<\/p>\n<p><strong>9 de Julio 72:<\/strong>\u00a0Agust\u00edn Pena 15, Lucas Lucchetti 31, Hern\u00e1n Rava 2, Francisco Bonaguro 1, Guillermo Mallemacci 7 (FI); Gonzalo Badano 10, Mariano Ticozzi 6, Juli\u00e1n Turcato 0, Ezequiel Pordomingo 0, Mauro Blazquez 0 y Alan Prost 2. DT: Andr\u00e9s Iannamico.<\/p>\n<p><strong>Parciales:<\/strong>\u00a017-18, 39-29 (22-11), 62-48 (23-19) y 76-72 (14-24).<\/p>\n<p><strong>\u00c1rbitros:<\/strong>\u00a0N\u00e9stor Schernenco \u2013 Emanuel S\u00e1nchez \u2013 Sebasti\u00e1n Giannino.<\/p>\n<p><strong>Estadio:<\/strong>\u00a0Vicente Palermo (Pueyrred\u00f3n).<\/p>\n<p><a class=\"modalf iframe\" title=\"Planilla\" href=\"https:\/\/docs.google.com\/spreadsheets\/d\/e\/2PACX-1vTE9qbM5kgiOyUvV1p8FBd2JqBA5zMcwUxEb8n036qO3ALwzrG1NREh0Vlu7fNNy37Csi0yg723XVyo\/pubhtml?gid=44354436&amp;single=true\" target=\"_blank\" rel=\"noopener\">Ver Planilla<\/a><\/p>\n<p><strong>Serie:<\/strong> Pueyrred\u00f3n, 1-0.<\/p>\n","protected":false},"excerpt":{"rendered":"<p>Pueyrred\u00f3n super\u00f3 por 76-72 a 9 de Julio y qued\u00f3 m\u00e1s cerca de mantener la categor\u00eda<\/p>\n","protected":false},"author":1,"featured_media":67410,"comment_status":"closed","ping_status":"open","sticky":false,"template":"","format":"standard","meta":{"jnews-multi-image_gallery":[],"jnews_single_post":[],"jnews_primary_category":[],"footnotes":""},"categories":[25,101],"tags":[2,689,288,361,18],"class_list":["post-67409","post","type-post","status-publish","format-standard","has-post-thumbnail","hentry","category-segunda","category-slide","tag-9dejulio","tag-eddie-roberson","tag-gaston-rivera","tag-lucas-lucchetti","tag-pueyrredon"],"yoast_head":"<!-- This site is optimized with the Yoast SEO plugin v27.5 - https:\/\/yoast.com\/product\/yoast-seo-wordpress\/ -->\n<title>Operativo permanencia, en marcha - Gente de B\u00e1squet<\/title>\n<meta name=\"robots\" content=\"index, follow, max-snippet:-1, max-image-preview:large, max-video-preview:-1\" \/>\n<link rel=\"canonical\" href=\"https:\/\/gentedebasquet.com.ar\/sitio\/2016\/11\/29\/operativo-permanencia-en-marcha\/\" \/>\n<meta property=\"og:locale\" content=\"es_ES\" \/>\n<meta property=\"og:type\" content=\"article\" \/>\n<meta property=\"og:title\" content=\"Operativo permanencia, en marcha - Gente de B\u00e1squet\" \/>\n<meta property=\"og:description\" content=\"Pueyrred\u00f3n super\u00f3 por 76-72 a 9 de Julio y qued\u00f3 m\u00e1s cerca de mantener la categor\u00eda\" \/>\n<meta property=\"og:url\" content=\"https:\/\/gentedebasquet.com.ar\/sitio\/2016\/11\/29\/operativo-permanencia-en-marcha\/\" \/>\n<meta property=\"og:site_name\" content=\"Gente de B\u00e1squet\" \/>\n<meta property=\"article:published_time\" content=\"2016-11-30T02:23:01+00:00\" \/>\n<meta property=\"og:image\" content=\"https:\/\/gentedebasquet.com.ar\/sitio\/wp-content\/uploads\/2016\/11\/DSC_0036.jpg\" \/>\n\t<meta property=\"og:image:width\" content=\"690\" \/>\n\t<meta property=\"og:image:height\" content=\"319\" \/>\n\t<meta property=\"og:image:type\" content=\"image\/jpeg\" \/>\n<meta name=\"author\" content=\"Gente de B\u00e1squet\" \/>\n<meta name=\"twitter:card\" content=\"summary_large_image\" \/>\n<meta name=\"twitter:label1\" content=\"Escrito por\" \/>\n\t<meta name=\"twitter:data1\" content=\"Gente de B\u00e1squet\" \/>\n\t<meta name=\"twitter:label2\" content=\"Tiempo de lectura\" \/>\n\t<meta name=\"twitter:data2\" content=\"3 minutos\" \/>\n<script type=\"application\/ld+json\" class=\"yoast-schema-graph\">{\"@context\":\"https:\\\/\\\/schema.org\",\"@graph\":[{\"@type\":\"Article\",\"@id\":\"https:\\\/\\\/gentedebasquet.com.ar\\\/sitio\\\/2016\\\/11\\\/29\\\/operativo-permanencia-en-marcha\\\/#article\",\"isPartOf\":{\"@id\":\"https:\\\/\\\/gentedebasquet.com.ar\\\/sitio\\\/2016\\\/11\\\/29\\\/operativo-permanencia-en-marcha\\\/\"},\"author\":{\"name\":\"Gente de B\u00e1squet\",\"@id\":\"https:\\\/\\\/gentedebasquet.com.ar\\\/sitio\\\/#\\\/schema\\\/person\\\/ca0b63bbb977369988a7bbbdc519943a\"},\"headline\":\"Operativo permanencia, en marcha\",\"datePublished\":\"2016-11-30T02:23:01+00:00\",\"mainEntityOfPage\":{\"@id\":\"https:\\\/\\\/gentedebasquet.com.ar\\\/sitio\\\/2016\\\/11\\\/29\\\/operativo-permanencia-en-marcha\\\/\"},\"wordCount\":702,\"image\":{\"@id\":\"https:\\\/\\\/gentedebasquet.com.ar\\\/sitio\\\/2016\\\/11\\\/29\\\/operativo-permanencia-en-marcha\\\/#primaryimage\"},\"thumbnailUrl\":\"https:\\\/\\\/gentedebasquet.com.ar\\\/sitio\\\/wp-content\\\/uploads\\\/2016\\\/11\\\/DSC_0036.jpg\",\"keywords\":[\"9 de Julio\",\"Eddie Roberson\",\"Gast\u00f3n Rivera\",\"Lucas Lucchetti\",\"Pueyrredon\"],\"articleSection\":[\"Segunda\",\"Slide\"],\"inLanguage\":\"es\"},{\"@type\":\"WebPage\",\"@id\":\"https:\\\/\\\/gentedebasquet.com.ar\\\/sitio\\\/2016\\\/11\\\/29\\\/operativo-permanencia-en-marcha\\\/\",\"url\":\"https:\\\/\\\/gentedebasquet.com.ar\\\/sitio\\\/2016\\\/11\\\/29\\\/operativo-permanencia-en-marcha\\\/\",\"name\":\"Operativo permanencia, en marcha - Gente de B\u00e1squet\",\"isPartOf\":{\"@id\":\"https:\\\/\\\/gentedebasquet.com.ar\\\/sitio\\\/#website\"},\"primaryImageOfPage\":{\"@id\":\"https:\\\/\\\/gentedebasquet.com.ar\\\/sitio\\\/2016\\\/11\\\/29\\\/operativo-permanencia-en-marcha\\\/#primaryimage\"},\"image\":{\"@id\":\"https:\\\/\\\/gentedebasquet.com.ar\\\/sitio\\\/2016\\\/11\\\/29\\\/operativo-permanencia-en-marcha\\\/#primaryimage\"},\"thumbnailUrl\":\"https:\\\/\\\/gentedebasquet.com.ar\\\/sitio\\\/wp-content\\\/uploads\\\/2016\\\/11\\\/DSC_0036.jpg\",\"datePublished\":\"2016-11-30T02:23:01+00:00\",\"author\":{\"@id\":\"https:\\\/\\\/gentedebasquet.com.ar\\\/sitio\\\/#\\\/schema\\\/person\\\/ca0b63bbb977369988a7bbbdc519943a\"},\"breadcrumb\":{\"@id\":\"https:\\\/\\\/gentedebasquet.com.ar\\\/sitio\\\/2016\\\/11\\\/29\\\/operativo-permanencia-en-marcha\\\/#breadcrumb\"},\"inLanguage\":\"es\",\"potentialAction\":[{\"@type\":\"ReadAction\",\"target\":[\"https:\\\/\\\/gentedebasquet.com.ar\\\/sitio\\\/2016\\\/11\\\/29\\\/operativo-permanencia-en-marcha\\\/\"]}]},{\"@type\":\"ImageObject\",\"inLanguage\":\"es\",\"@id\":\"https:\\\/\\\/gentedebasquet.com.ar\\\/sitio\\\/2016\\\/11\\\/29\\\/operativo-permanencia-en-marcha\\\/#primaryimage\",\"url\":\"https:\\\/\\\/gentedebasquet.com.ar\\\/sitio\\\/wp-content\\\/uploads\\\/2016\\\/11\\\/DSC_0036.jpg\",\"contentUrl\":\"https:\\\/\\\/gentedebasquet.com.ar\\\/sitio\\\/wp-content\\\/uploads\\\/2016\\\/11\\\/DSC_0036.jpg\",\"width\":690,\"height\":319},{\"@type\":\"BreadcrumbList\",\"@id\":\"https:\\\/\\\/gentedebasquet.com.ar\\\/sitio\\\/2016\\\/11\\\/29\\\/operativo-permanencia-en-marcha\\\/#breadcrumb\",\"itemListElement\":[{\"@type\":\"ListItem\",\"position\":1,\"name\":\"Portada\",\"item\":\"https:\\\/\\\/gentedebasquet.com.ar\\\/sitio\\\/\"},{\"@type\":\"ListItem\",\"position\":2,\"name\":\"Operativo permanencia, en marcha\"}]},{\"@type\":\"WebSite\",\"@id\":\"https:\\\/\\\/gentedebasquet.com.ar\\\/sitio\\\/#website\",\"url\":\"https:\\\/\\\/gentedebasquet.com.ar\\\/sitio\\\/\",\"name\":\"Gente de B\u00e1squet\",\"description\":\"La revista del basquet de Bah\u00eda Blanca\",\"potentialAction\":[{\"@type\":\"SearchAction\",\"target\":{\"@type\":\"EntryPoint\",\"urlTemplate\":\"https:\\\/\\\/gentedebasquet.com.ar\\\/sitio\\\/?s={search_term_string}\"},\"query-input\":{\"@type\":\"PropertyValueSpecification\",\"valueRequired\":true,\"valueName\":\"search_term_string\"}}],\"inLanguage\":\"es\"},{\"@type\":\"Person\",\"@id\":\"https:\\\/\\\/gentedebasquet.com.ar\\\/sitio\\\/#\\\/schema\\\/person\\\/ca0b63bbb977369988a7bbbdc519943a\",\"name\":\"Gente de B\u00e1squet\",\"image\":{\"@type\":\"ImageObject\",\"inLanguage\":\"es\",\"@id\":\"https:\\\/\\\/secure.gravatar.com\\\/avatar\\\/7f2c48bdc33b30088f941fb6082e555f2874c98e20cb159d7b92b50eadfce793?s=96&d=mm&r=g\",\"url\":\"https:\\\/\\\/secure.gravatar.com\\\/avatar\\\/7f2c48bdc33b30088f941fb6082e555f2874c98e20cb159d7b92b50eadfce793?s=96&d=mm&r=g\",\"contentUrl\":\"https:\\\/\\\/secure.gravatar.com\\\/avatar\\\/7f2c48bdc33b30088f941fb6082e555f2874c98e20cb159d7b92b50eadfce793?s=96&d=mm&r=g\",\"caption\":\"Gente de B\u00e1squet\"},\"sameAs\":[\"http:\\\/\\\/gentedebasquet.com.ar\\\/sitio\"],\"url\":\"https:\\\/\\\/gentedebasquet.com.ar\\\/sitio\\\/author\\\/ulises\\\/\"}]}<\/script>\n<!-- \/ Yoast SEO plugin. -->","yoast_head_json":{"title":"Operativo permanencia, en marcha - Gente de B\u00e1squet","robots":{"index":"index","follow":"follow","max-snippet":"max-snippet:-1","max-image-preview":"max-image-preview:large","max-video-preview":"max-video-preview:-1"},"canonical":"https:\/\/gentedebasquet.com.ar\/sitio\/2016\/11\/29\/operativo-permanencia-en-marcha\/","og_locale":"es_ES","og_type":"article","og_title":"Operativo permanencia, en marcha - Gente de B\u00e1squet","og_description":"Pueyrred\u00f3n super\u00f3 por 76-72 a 9 de Julio y qued\u00f3 m\u00e1s cerca de mantener la categor\u00eda","og_url":"https:\/\/gentedebasquet.com.ar\/sitio\/2016\/11\/29\/operativo-permanencia-en-marcha\/","og_site_name":"Gente de B\u00e1squet","article_published_time":"2016-11-30T02:23:01+00:00","og_image":[{"width":690,"height":319,"url":"https:\/\/gentedebasquet.com.ar\/sitio\/wp-content\/uploads\/2016\/11\/DSC_0036.jpg","type":"image\/jpeg"}],"author":"Gente de B\u00e1squet","twitter_card":"summary_large_image","twitter_misc":{"Escrito por":"Gente de B\u00e1squet","Tiempo de lectura":"3 minutos"},"schema":{"@context":"https:\/\/schema.org","@graph":[{"@type":"Article","@id":"https:\/\/gentedebasquet.com.ar\/sitio\/2016\/11\/29\/operativo-permanencia-en-marcha\/#article","isPartOf":{"@id":"https:\/\/gentedebasquet.com.ar\/sitio\/2016\/11\/29\/operativo-permanencia-en-marcha\/"},"author":{"name":"Gente de B\u00e1squet","@id":"https:\/\/gentedebasquet.com.ar\/sitio\/#\/schema\/person\/ca0b63bbb977369988a7bbbdc519943a"},"headline":"Operativo permanencia, en marcha","datePublished":"2016-11-30T02:23:01+00:00","mainEntityOfPage":{"@id":"https:\/\/gentedebasquet.com.ar\/sitio\/2016\/11\/29\/operativo-permanencia-en-marcha\/"},"wordCount":702,"image":{"@id":"https:\/\/gentedebasquet.com.ar\/sitio\/2016\/11\/29\/operativo-permanencia-en-marcha\/#primaryimage"},"thumbnailUrl":"https:\/\/gentedebasquet.com.ar\/sitio\/wp-content\/uploads\/2016\/11\/DSC_0036.jpg","keywords":["9 de Julio","Eddie Roberson","Gast\u00f3n Rivera","Lucas Lucchetti","Pueyrredon"],"articleSection":["Segunda","Slide"],"inLanguage":"es"},{"@type":"WebPage","@id":"https:\/\/gentedebasquet.com.ar\/sitio\/2016\/11\/29\/operativo-permanencia-en-marcha\/","url":"https:\/\/gentedebasquet.com.ar\/sitio\/2016\/11\/29\/operativo-permanencia-en-marcha\/","name":"Operativo permanencia, en marcha - Gente de B\u00e1squet","isPartOf":{"@id":"https:\/\/gentedebasquet.com.ar\/sitio\/#website"},"primaryImageOfPage":{"@id":"https:\/\/gentedebasquet.com.ar\/sitio\/2016\/11\/29\/operativo-permanencia-en-marcha\/#primaryimage"},"image":{"@id":"https:\/\/gentedebasquet.com.ar\/sitio\/2016\/11\/29\/operativo-permanencia-en-marcha\/#primaryimage"},"thumbnailUrl":"https:\/\/gentedebasquet.com.ar\/sitio\/wp-content\/uploads\/2016\/11\/DSC_0036.jpg","datePublished":"2016-11-30T02:23:01+00:00","author":{"@id":"https:\/\/gentedebasquet.com.ar\/sitio\/#\/schema\/person\/ca0b63bbb977369988a7bbbdc519943a"},"breadcrumb":{"@id":"https:\/\/gentedebasquet.com.ar\/sitio\/2016\/11\/29\/operativo-permanencia-en-marcha\/#breadcrumb"},"inLanguage":"es","potentialAction":[{"@type":"ReadAction","target":["https:\/\/gentedebasquet.com.ar\/sitio\/2016\/11\/29\/operativo-permanencia-en-marcha\/"]}]},{"@type":"ImageObject","inLanguage":"es","@id":"https:\/\/gentedebasquet.com.ar\/sitio\/2016\/11\/29\/operativo-permanencia-en-marcha\/#primaryimage","url":"https:\/\/gentedebasquet.com.ar\/sitio\/wp-content\/uploads\/2016\/11\/DSC_0036.jpg","contentUrl":"https:\/\/gentedebasquet.com.ar\/sitio\/wp-content\/uploads\/2016\/11\/DSC_0036.jpg","width":690,"height":319},{"@type":"BreadcrumbList","@id":"https:\/\/gentedebasquet.com.ar\/sitio\/2016\/11\/29\/operativo-permanencia-en-marcha\/#breadcrumb","itemListElement":[{"@type":"ListItem","position":1,"name":"Portada","item":"https:\/\/gentedebasquet.com.ar\/sitio\/"},{"@type":"ListItem","position":2,"name":"Operativo permanencia, en marcha"}]},{"@type":"WebSite","@id":"https:\/\/gentedebasquet.com.ar\/sitio\/#website","url":"https:\/\/gentedebasquet.com.ar\/sitio\/","name":"Gente de B\u00e1squet","description":"La revista del basquet de Bah\u00eda Blanca","potentialAction":[{"@type":"SearchAction","target":{"@type":"EntryPoint","urlTemplate":"https:\/\/gentedebasquet.com.ar\/sitio\/?s={search_term_string}"},"query-input":{"@type":"PropertyValueSpecification","valueRequired":true,"valueName":"search_term_string"}}],"inLanguage":"es"},{"@type":"Person","@id":"https:\/\/gentedebasquet.com.ar\/sitio\/#\/schema\/person\/ca0b63bbb977369988a7bbbdc519943a","name":"Gente de B\u00e1squet","image":{"@type":"ImageObject","inLanguage":"es","@id":"https:\/\/secure.gravatar.com\/avatar\/7f2c48bdc33b30088f941fb6082e555f2874c98e20cb159d7b92b50eadfce793?s=96&d=mm&r=g","url":"https:\/\/secure.gravatar.com\/avatar\/7f2c48bdc33b30088f941fb6082e555f2874c98e20cb159d7b92b50eadfce793?s=96&d=mm&r=g","contentUrl":"https:\/\/secure.gravatar.com\/avatar\/7f2c48bdc33b30088f941fb6082e555f2874c98e20cb159d7b92b50eadfce793?s=96&d=mm&r=g","caption":"Gente de B\u00e1squet"},"sameAs":["http:\/\/gentedebasquet.com.ar\/sitio"],"url":"https:\/\/gentedebasquet.com.ar\/sitio\/author\/ulises\/"}]}},"_links":{"self":[{"href":"https:\/\/gentedebasquet.com.ar\/sitio\/wp-json\/wp\/v2\/posts\/67409","targetHints":{"allow":["GET"]}}],"collection":[{"href":"https:\/\/gentedebasquet.com.ar\/sitio\/wp-json\/wp\/v2\/posts"}],"about":[{"href":"https:\/\/gentedebasquet.com.ar\/sitio\/wp-json\/wp\/v2\/types\/post"}],"author":[{"embeddable":true,"href":"https:\/\/gentedebasquet.com.ar\/sitio\/wp-json\/wp\/v2\/users\/1"}],"replies":[{"embeddable":true,"href":"https:\/\/gentedebasquet.com.ar\/sitio\/wp-json\/wp\/v2\/comments?post=67409"}],"version-history":[{"count":0,"href":"https:\/\/gentedebasquet.com.ar\/sitio\/wp-json\/wp\/v2\/posts\/67409\/revisions"}],"wp:featuredmedia":[{"embeddable":true,"href":"https:\/\/gentedebasquet.com.ar\/sitio\/wp-json\/wp\/v2\/media\/67410"}],"wp:attachment":[{"href":"https:\/\/gentedebasquet.com.ar\/sitio\/wp-json\/wp\/v2\/media?parent=67409"}],"wp:term":[{"taxonomy":"category","embeddable":true,"href":"https:\/\/gentedebasquet.com.ar\/sitio\/wp-json\/wp\/v2\/categories?post=67409"},{"taxonomy":"post_tag","embeddable":true,"href":"https:\/\/gentedebasquet.com.ar\/sitio\/wp-json\/wp\/v2\/tags?post=67409"}],"curies":[{"name":"wp","href":"https:\/\/api.w.org\/{rel}","templated":true}]}}