{"id":67431,"date":"2016-11-30T17:49:36","date_gmt":"2016-11-30T20:49:36","guid":{"rendered":"http:\/\/www.gentedebasquet.com.ar\/?p=67431"},"modified":"2016-11-30T17:49:36","modified_gmt":"2016-11-30T20:49:36","slug":"el-jr-nba-cerro-a-pura-fiesta","status":"publish","type":"post","link":"https:\/\/gentedebasquet.com.ar\/sitio\/2016\/11\/30\/el-jr-nba-cerro-a-pura-fiesta\/","title":{"rendered":"El Jr. NBA cerr\u00f3 a pura fiesta"},"content":{"rendered":"<p><strong>Con el desarrollo de las finales, el programa intercolegial Jr. NBA puso fin a su primera edici\u00f3n en nuestra ciudad. La Escuela Secundaria 3 se qued\u00f3 con el t\u00edtulo en la rama femenina, mientras que el Colegio Don Bosco arras\u00f3 entre los varones.\u00a0\u201cEstoy sorprendido no solo por la cantidad de gente sino por el \u00edmpetu que pusieron para apoyar a sus equipos\u201d, dijo Pepe Escamilla, emisario de la NBA.\u00a0\u201cEra importante estar a la altura del desaf\u00edo para mantener fuerte este v\u00ednculo con la NBA; nos hace crecer\u201d, agreg\u00f3 Federico Susbielles.<\/strong><\/p>\n<p>\u201cEstoy sorprendido no solo por la cantidad de gente sino por el \u00edmpetu que pusieron para apoyar a sus equipos. Es un evento bonito y familiar, y es parte importante de lo que buscamos\u201d, mencion\u00f3 Pepe Escamilla.<\/p>\n<p>El mexicano, oriundo del DF, fue <strong>uno de los dos enviados por la NBA a la fiesta de cierre del programa Jr. NBA en Bah\u00eda Blanca<\/strong>, con el desarrollo de las finales en el Norberto Tom\u00e1s. Escamilla,\u00a0vicepresidente comercial para Latinoam\u00e9rica de la NBA, estuvo acompa\u00f1ado por Natalie Melo,\u00a0referente para Latinoam\u00e9rica de la NBA y de origen colombiana pero con asentamiento en Nueva York.<\/p>\n<p><img decoding=\"async\" class=\"size-full wp-image-67435 alignright\" src=\"http:\/\/www.gentedebasquet.com.ar\/wp-content\/uploads\/2016\/12\/Jr-NBA-3.jpg\" alt=\"jr-nba-3\" width=\"550\" height=\"356\" srcset=\"https:\/\/gentedebasquet.com.ar\/sitio\/wp-content\/uploads\/2016\/12\/Jr-NBA-3.jpg 550w, https:\/\/gentedebasquet.com.ar\/sitio\/wp-content\/uploads\/2016\/12\/Jr-NBA-3-300x194.jpg 300w\" sizes=\"(max-width: 550px) 100vw, 550px\" \/><\/p>\n<p>Junto a ellos estuvieron presentes Federico Susbielles (presidente de la CABB), Bernardo Stortoni (Sub Secretario de deportes de la Municipalidad), Silvana Gatti (Jefatura de Inspecci\u00f3n de Educaci\u00f3n F\u00edsica) y Maximiliano Gorg (presidente de la Asociaci\u00f3n Bahiense de B\u00e1squetbol).<\/p>\n<p><strong>\u201cLa plataforma Jr. NBA es nuestra puerta de entrada a la introducci\u00f3n al deporte. De hecho, todo va m\u00e1s all\u00e1 de lo que sucede en la cancha.<\/strong> Ponemos mucho \u00e9nfasis en liderazgo, trabajo en equipo, nutrici\u00f3n. Y el programa, en Argentina, est\u00e1 conviviendo con eso\u201d, continu\u00f3 Escamilla.<\/p>\n<p>\u201cLo que vemos aqu\u00ed es una confirmaci\u00f3n de que lo que hacemos\u00a0est\u00e1 dando buenos resultados. Aqu\u00ed, lo destacado es el nivel de conocimiento, de la gente y de los jugadores, sobre los fundamentos del b\u00e1squetbol\u201d, admiti\u00f3.<\/p>\n<p><strong>La Escuela Secundaria 3 (Knicks) super\u00f3 al Colegio Del Solar (LA Lakers) por 28 a 12 y se consagr\u00f3 en la rama femenina.<\/strong><\/p>\n<p><img decoding=\"async\" class=\"size-full wp-image-67433 alignleft\" src=\"http:\/\/www.gentedebasquet.com.ar\/wp-content\/uploads\/2016\/12\/Jr-NBA-1.jpg\" alt=\"jr-nba-1\" width=\"400\" height=\"254\" srcset=\"https:\/\/gentedebasquet.com.ar\/sitio\/wp-content\/uploads\/2016\/12\/Jr-NBA-1.jpg 400w, https:\/\/gentedebasquet.com.ar\/sitio\/wp-content\/uploads\/2016\/12\/Jr-NBA-1-300x191.jpg 300w\" sizes=\"(max-width: 400px) 100vw, 400px\" \/><\/p>\n<p>Knicks: Amistad Memo, Iara \u00c1lvarez, Candela Ubach (MVP), Lucrecia Caviglia, Isabella Palacios, Camila Barzola, Morena Ciro, Malanie Molina, Nahiara Altamirano, Bianca Giacomelli y Sharon Soutullo. Entrenador: Gustavo Vita.<\/p>\n<p>Lakers: Catalina Mitili, Guillermina S\u00e1nchez, Petra Guasch, Victoria Barcelona, Valentina Go\u00f1i, Luc\u00eda Ciccolla, Ana Gayarre, Carmela Massa, Nazarena Agudo, Mar\u00eda Oliva, Valentina Barbieri y Dolores Mussini. Entrenadora: Cecilia Casariego.<\/p>\n<p>Lucas Paulete, Nicol\u00e1s Larrasolo, Lisandro Pardo, Mauro Guallan y Nicol\u00e1s Onorato fueron los \u00e1rbitros\u00a0en la tarde.<\/p>\n<p>Luego, <strong>el Colegio Don Bosco (Nuggets) complet\u00f3 invicta su presentaci\u00f3n al vencer a la Escuela Secundaria 13 (Rockets) por 53 a 27.<\/strong><\/p>\n<p>Nuggets: Galo Goyanarte, Joaqu\u00edn Valera, Joaqu\u00edn Jasen, Lautaro Orta, Mat\u00edas Schmidt, Pedro Villar, Sebasti\u00e1n Dutari, Mateo Rossi, Francisco Pallotti (MVP), Bautista Busacca, Augusto Grippo y Juan Ag\u00fcero. Entrenador: Hugo Berto.<\/p>\n<p>Rockets: Francisco Funari, Francisco Cruz, Juan C\u00f3rdoba, Rodrigo Copreni, Lucas Sosa, Aron P\u00e9rez, Misael P\u00e9rez, Juli\u00e1n Giles, David Uriz y Alexis Velazco. Entrenador: Gast\u00f3n Debardesi.<\/p>\n<p><img decoding=\"async\" class=\"size-full wp-image-67434 alignright\" src=\"http:\/\/www.gentedebasquet.com.ar\/wp-content\/uploads\/2016\/12\/Jr-NBA-2.jpg\" alt=\"jr-nba-2\" width=\"400\" height=\"291\" srcset=\"https:\/\/gentedebasquet.com.ar\/sitio\/wp-content\/uploads\/2016\/12\/Jr-NBA-2.jpg 400w, https:\/\/gentedebasquet.com.ar\/sitio\/wp-content\/uploads\/2016\/12\/Jr-NBA-2-300x218.jpg 300w\" sizes=\"(max-width: 400px) 100vw, 400px\" \/><\/p>\n<p><strong> \u201cEstoy feliz de haber elegido a Bah\u00eda Blanca para ser sede y de que la ciudad haya respondido<\/strong> con tantos chicos y chicas que por primera vez tocaron una pelota de b\u00e1squet\u201d, sostuvo Federico Susbielles.<\/p>\n<p>\u201cEra importante estar a la altura del desaf\u00edo para mantener fuerte este v\u00ednculo con la NBA y generar una alianza a largo plazo. <strong>Para nosotros es incre\u00edble trabajar con una organizaci\u00f3n como la NBA<\/strong>; nos hace crecer\u201d, a\u00f1adi\u00f3 el presidente de la CABB.<\/p>\n<p>Jr. NBA es un programa donde se ense\u00f1an valores esenciales del juego en un nivel basquetbol\u00edstico b\u00e1sico con el objetivo de ayudar a crecer y mejorar la experiencia de chicos y chicas, entrenadores y padres de familia. En esta primera edici\u00f3n en Argentina, hubo\u00a0cuatro sedes (La Plata, Bah\u00eda Blanca, Rosario y C\u00f3rdoba), con m\u00e1s de 2.500 jugadores involucrados. El certamen concret\u00f3 un anhelo hist\u00f3rico de la Confederaci\u00f3n Argentina de B\u00e1squet: la inclusi\u00f3n de la disciplina en los colegios.<\/p>\n<p>[vimeo]http:\/\/vimeo.com\/194994282[\/vimeo]<\/p>\n","protected":false},"excerpt":{"rendered":"<p>La gente colm\u00f3 el Tom\u00e1s para ver la consagraci\u00f3n del Don Bosco y la Esc. Sec. 3<\/p>\n","protected":false},"author":1,"featured_media":67432,"comment_status":"closed","ping_status":"open","sticky":false,"template":"","format":"standard","meta":{"jnews-multi-image_gallery":[],"jnews_single_post":[],"jnews_primary_category":[],"footnotes":""},"categories":[24,101],"tags":[393,1364,1458,16,1459],"class_list":["post-67431","post","type-post","status-publish","format-standard","has-post-thumbnail","hentry","category-overtime","category-slide","tag-federico-susbielles","tag-junior-nba","tag-natalie-melo","tag-olimpo","tag-pepe-escamilla"],"yoast_head":"<!-- This site is optimized with the Yoast SEO plugin v27.5 - https:\/\/yoast.com\/product\/yoast-seo-wordpress\/ -->\n<title>El Jr. NBA cerr\u00f3 a pura fiesta - Gente de B\u00e1squet<\/title>\n<meta name=\"robots\" content=\"index, follow, max-snippet:-1, max-image-preview:large, max-video-preview:-1\" \/>\n<link rel=\"canonical\" href=\"https:\/\/gentedebasquet.com.ar\/sitio\/2016\/11\/30\/el-jr-nba-cerro-a-pura-fiesta\/\" \/>\n<meta property=\"og:locale\" content=\"es_ES\" \/>\n<meta property=\"og:type\" content=\"article\" \/>\n<meta property=\"og:title\" content=\"El Jr. NBA cerr\u00f3 a pura fiesta - Gente de B\u00e1squet\" \/>\n<meta property=\"og:description\" content=\"La gente colm\u00f3 el Tom\u00e1s para ver la consagraci\u00f3n del Don Bosco y la Esc. Sec. 3\" \/>\n<meta property=\"og:url\" content=\"https:\/\/gentedebasquet.com.ar\/sitio\/2016\/11\/30\/el-jr-nba-cerro-a-pura-fiesta\/\" \/>\n<meta property=\"og:site_name\" content=\"Gente de B\u00e1squet\" \/>\n<meta property=\"article:published_time\" content=\"2016-11-30T20:49:36+00:00\" \/>\n<meta property=\"og:image\" content=\"https:\/\/gentedebasquet.com.ar\/sitio\/wp-content\/uploads\/2016\/12\/Jr-NBA.jpeg\" \/>\n\t<meta property=\"og:image:width\" content=\"690\" \/>\n\t<meta property=\"og:image:height\" content=\"319\" \/>\n\t<meta property=\"og:image:type\" content=\"image\/jpeg\" \/>\n<meta name=\"author\" content=\"Gente de B\u00e1squet\" \/>\n<meta name=\"twitter:card\" content=\"summary_large_image\" \/>\n<meta name=\"twitter:label1\" content=\"Escrito por\" \/>\n\t<meta name=\"twitter:data1\" content=\"Gente de B\u00e1squet\" \/>\n\t<meta name=\"twitter:label2\" content=\"Tiempo de lectura\" \/>\n\t<meta name=\"twitter:data2\" content=\"3 minutos\" \/>\n<script type=\"application\/ld+json\" class=\"yoast-schema-graph\">{\"@context\":\"https:\\\/\\\/schema.org\",\"@graph\":[{\"@type\":\"Article\",\"@id\":\"https:\\\/\\\/gentedebasquet.com.ar\\\/sitio\\\/2016\\\/11\\\/30\\\/el-jr-nba-cerro-a-pura-fiesta\\\/#article\",\"isPartOf\":{\"@id\":\"https:\\\/\\\/gentedebasquet.com.ar\\\/sitio\\\/2016\\\/11\\\/30\\\/el-jr-nba-cerro-a-pura-fiesta\\\/\"},\"author\":{\"name\":\"Gente de B\u00e1squet\",\"@id\":\"https:\\\/\\\/gentedebasquet.com.ar\\\/sitio\\\/#\\\/schema\\\/person\\\/ca0b63bbb977369988a7bbbdc519943a\"},\"headline\":\"El Jr. NBA cerr\u00f3 a pura fiesta\",\"datePublished\":\"2016-11-30T20:49:36+00:00\",\"mainEntityOfPage\":{\"@id\":\"https:\\\/\\\/gentedebasquet.com.ar\\\/sitio\\\/2016\\\/11\\\/30\\\/el-jr-nba-cerro-a-pura-fiesta\\\/\"},\"wordCount\":705,\"image\":{\"@id\":\"https:\\\/\\\/gentedebasquet.com.ar\\\/sitio\\\/2016\\\/11\\\/30\\\/el-jr-nba-cerro-a-pura-fiesta\\\/#primaryimage\"},\"thumbnailUrl\":\"https:\\\/\\\/gentedebasquet.com.ar\\\/sitio\\\/wp-content\\\/uploads\\\/2016\\\/12\\\/Jr-NBA.jpeg\",\"keywords\":[\"Federico Susbielles\",\"Junior NBA\",\"Natalie Melo\",\"Ol\u00edmpo\",\"Pepe Escamilla\"],\"articleSection\":[\"#Overtime\",\"Slide\"],\"inLanguage\":\"es\"},{\"@type\":\"WebPage\",\"@id\":\"https:\\\/\\\/gentedebasquet.com.ar\\\/sitio\\\/2016\\\/11\\\/30\\\/el-jr-nba-cerro-a-pura-fiesta\\\/\",\"url\":\"https:\\\/\\\/gentedebasquet.com.ar\\\/sitio\\\/2016\\\/11\\\/30\\\/el-jr-nba-cerro-a-pura-fiesta\\\/\",\"name\":\"El Jr. NBA cerr\u00f3 a pura fiesta - Gente de B\u00e1squet\",\"isPartOf\":{\"@id\":\"https:\\\/\\\/gentedebasquet.com.ar\\\/sitio\\\/#website\"},\"primaryImageOfPage\":{\"@id\":\"https:\\\/\\\/gentedebasquet.com.ar\\\/sitio\\\/2016\\\/11\\\/30\\\/el-jr-nba-cerro-a-pura-fiesta\\\/#primaryimage\"},\"image\":{\"@id\":\"https:\\\/\\\/gentedebasquet.com.ar\\\/sitio\\\/2016\\\/11\\\/30\\\/el-jr-nba-cerro-a-pura-fiesta\\\/#primaryimage\"},\"thumbnailUrl\":\"https:\\\/\\\/gentedebasquet.com.ar\\\/sitio\\\/wp-content\\\/uploads\\\/2016\\\/12\\\/Jr-NBA.jpeg\",\"datePublished\":\"2016-11-30T20:49:36+00:00\",\"author\":{\"@id\":\"https:\\\/\\\/gentedebasquet.com.ar\\\/sitio\\\/#\\\/schema\\\/person\\\/ca0b63bbb977369988a7bbbdc519943a\"},\"breadcrumb\":{\"@id\":\"https:\\\/\\\/gentedebasquet.com.ar\\\/sitio\\\/2016\\\/11\\\/30\\\/el-jr-nba-cerro-a-pura-fiesta\\\/#breadcrumb\"},\"inLanguage\":\"es\",\"potentialAction\":[{\"@type\":\"ReadAction\",\"target\":[\"https:\\\/\\\/gentedebasquet.com.ar\\\/sitio\\\/2016\\\/11\\\/30\\\/el-jr-nba-cerro-a-pura-fiesta\\\/\"]}]},{\"@type\":\"ImageObject\",\"inLanguage\":\"es\",\"@id\":\"https:\\\/\\\/gentedebasquet.com.ar\\\/sitio\\\/2016\\\/11\\\/30\\\/el-jr-nba-cerro-a-pura-fiesta\\\/#primaryimage\",\"url\":\"https:\\\/\\\/gentedebasquet.com.ar\\\/sitio\\\/wp-content\\\/uploads\\\/2016\\\/12\\\/Jr-NBA.jpeg\",\"contentUrl\":\"https:\\\/\\\/gentedebasquet.com.ar\\\/sitio\\\/wp-content\\\/uploads\\\/2016\\\/12\\\/Jr-NBA.jpeg\",\"width\":690,\"height\":319},{\"@type\":\"BreadcrumbList\",\"@id\":\"https:\\\/\\\/gentedebasquet.com.ar\\\/sitio\\\/2016\\\/11\\\/30\\\/el-jr-nba-cerro-a-pura-fiesta\\\/#breadcrumb\",\"itemListElement\":[{\"@type\":\"ListItem\",\"position\":1,\"name\":\"Portada\",\"item\":\"https:\\\/\\\/gentedebasquet.com.ar\\\/sitio\\\/\"},{\"@type\":\"ListItem\",\"position\":2,\"name\":\"El Jr. NBA cerr\u00f3 a pura fiesta\"}]},{\"@type\":\"WebSite\",\"@id\":\"https:\\\/\\\/gentedebasquet.com.ar\\\/sitio\\\/#website\",\"url\":\"https:\\\/\\\/gentedebasquet.com.ar\\\/sitio\\\/\",\"name\":\"Gente de B\u00e1squet\",\"description\":\"La revista del basquet de Bah\u00eda Blanca\",\"potentialAction\":[{\"@type\":\"SearchAction\",\"target\":{\"@type\":\"EntryPoint\",\"urlTemplate\":\"https:\\\/\\\/gentedebasquet.com.ar\\\/sitio\\\/?s={search_term_string}\"},\"query-input\":{\"@type\":\"PropertyValueSpecification\",\"valueRequired\":true,\"valueName\":\"search_term_string\"}}],\"inLanguage\":\"es\"},{\"@type\":\"Person\",\"@id\":\"https:\\\/\\\/gentedebasquet.com.ar\\\/sitio\\\/#\\\/schema\\\/person\\\/ca0b63bbb977369988a7bbbdc519943a\",\"name\":\"Gente de B\u00e1squet\",\"image\":{\"@type\":\"ImageObject\",\"inLanguage\":\"es\",\"@id\":\"https:\\\/\\\/secure.gravatar.com\\\/avatar\\\/7f2c48bdc33b30088f941fb6082e555f2874c98e20cb159d7b92b50eadfce793?s=96&d=mm&r=g\",\"url\":\"https:\\\/\\\/secure.gravatar.com\\\/avatar\\\/7f2c48bdc33b30088f941fb6082e555f2874c98e20cb159d7b92b50eadfce793?s=96&d=mm&r=g\",\"contentUrl\":\"https:\\\/\\\/secure.gravatar.com\\\/avatar\\\/7f2c48bdc33b30088f941fb6082e555f2874c98e20cb159d7b92b50eadfce793?s=96&d=mm&r=g\",\"caption\":\"Gente de B\u00e1squet\"},\"sameAs\":[\"http:\\\/\\\/gentedebasquet.com.ar\\\/sitio\"],\"url\":\"https:\\\/\\\/gentedebasquet.com.ar\\\/sitio\\\/author\\\/ulises\\\/\"}]}<\/script>\n<!-- \/ Yoast SEO plugin. -->","yoast_head_json":{"title":"El Jr. NBA cerr\u00f3 a pura fiesta - Gente de B\u00e1squet","robots":{"index":"index","follow":"follow","max-snippet":"max-snippet:-1","max-image-preview":"max-image-preview:large","max-video-preview":"max-video-preview:-1"},"canonical":"https:\/\/gentedebasquet.com.ar\/sitio\/2016\/11\/30\/el-jr-nba-cerro-a-pura-fiesta\/","og_locale":"es_ES","og_type":"article","og_title":"El Jr. NBA cerr\u00f3 a pura fiesta - Gente de B\u00e1squet","og_description":"La gente colm\u00f3 el Tom\u00e1s para ver la consagraci\u00f3n del Don Bosco y la Esc. Sec. 3","og_url":"https:\/\/gentedebasquet.com.ar\/sitio\/2016\/11\/30\/el-jr-nba-cerro-a-pura-fiesta\/","og_site_name":"Gente de B\u00e1squet","article_published_time":"2016-11-30T20:49:36+00:00","og_image":[{"width":690,"height":319,"url":"https:\/\/gentedebasquet.com.ar\/sitio\/wp-content\/uploads\/2016\/12\/Jr-NBA.jpeg","type":"image\/jpeg"}],"author":"Gente de B\u00e1squet","twitter_card":"summary_large_image","twitter_misc":{"Escrito por":"Gente de B\u00e1squet","Tiempo de lectura":"3 minutos"},"schema":{"@context":"https:\/\/schema.org","@graph":[{"@type":"Article","@id":"https:\/\/gentedebasquet.com.ar\/sitio\/2016\/11\/30\/el-jr-nba-cerro-a-pura-fiesta\/#article","isPartOf":{"@id":"https:\/\/gentedebasquet.com.ar\/sitio\/2016\/11\/30\/el-jr-nba-cerro-a-pura-fiesta\/"},"author":{"name":"Gente de B\u00e1squet","@id":"https:\/\/gentedebasquet.com.ar\/sitio\/#\/schema\/person\/ca0b63bbb977369988a7bbbdc519943a"},"headline":"El Jr. NBA cerr\u00f3 a pura fiesta","datePublished":"2016-11-30T20:49:36+00:00","mainEntityOfPage":{"@id":"https:\/\/gentedebasquet.com.ar\/sitio\/2016\/11\/30\/el-jr-nba-cerro-a-pura-fiesta\/"},"wordCount":705,"image":{"@id":"https:\/\/gentedebasquet.com.ar\/sitio\/2016\/11\/30\/el-jr-nba-cerro-a-pura-fiesta\/#primaryimage"},"thumbnailUrl":"https:\/\/gentedebasquet.com.ar\/sitio\/wp-content\/uploads\/2016\/12\/Jr-NBA.jpeg","keywords":["Federico Susbielles","Junior NBA","Natalie Melo","Ol\u00edmpo","Pepe Escamilla"],"articleSection":["#Overtime","Slide"],"inLanguage":"es"},{"@type":"WebPage","@id":"https:\/\/gentedebasquet.com.ar\/sitio\/2016\/11\/30\/el-jr-nba-cerro-a-pura-fiesta\/","url":"https:\/\/gentedebasquet.com.ar\/sitio\/2016\/11\/30\/el-jr-nba-cerro-a-pura-fiesta\/","name":"El Jr. NBA cerr\u00f3 a pura fiesta - Gente de B\u00e1squet","isPartOf":{"@id":"https:\/\/gentedebasquet.com.ar\/sitio\/#website"},"primaryImageOfPage":{"@id":"https:\/\/gentedebasquet.com.ar\/sitio\/2016\/11\/30\/el-jr-nba-cerro-a-pura-fiesta\/#primaryimage"},"image":{"@id":"https:\/\/gentedebasquet.com.ar\/sitio\/2016\/11\/30\/el-jr-nba-cerro-a-pura-fiesta\/#primaryimage"},"thumbnailUrl":"https:\/\/gentedebasquet.com.ar\/sitio\/wp-content\/uploads\/2016\/12\/Jr-NBA.jpeg","datePublished":"2016-11-30T20:49:36+00:00","author":{"@id":"https:\/\/gentedebasquet.com.ar\/sitio\/#\/schema\/person\/ca0b63bbb977369988a7bbbdc519943a"},"breadcrumb":{"@id":"https:\/\/gentedebasquet.com.ar\/sitio\/2016\/11\/30\/el-jr-nba-cerro-a-pura-fiesta\/#breadcrumb"},"inLanguage":"es","potentialAction":[{"@type":"ReadAction","target":["https:\/\/gentedebasquet.com.ar\/sitio\/2016\/11\/30\/el-jr-nba-cerro-a-pura-fiesta\/"]}]},{"@type":"ImageObject","inLanguage":"es","@id":"https:\/\/gentedebasquet.com.ar\/sitio\/2016\/11\/30\/el-jr-nba-cerro-a-pura-fiesta\/#primaryimage","url":"https:\/\/gentedebasquet.com.ar\/sitio\/wp-content\/uploads\/2016\/12\/Jr-NBA.jpeg","contentUrl":"https:\/\/gentedebasquet.com.ar\/sitio\/wp-content\/uploads\/2016\/12\/Jr-NBA.jpeg","width":690,"height":319},{"@type":"BreadcrumbList","@id":"https:\/\/gentedebasquet.com.ar\/sitio\/2016\/11\/30\/el-jr-nba-cerro-a-pura-fiesta\/#breadcrumb","itemListElement":[{"@type":"ListItem","position":1,"name":"Portada","item":"https:\/\/gentedebasquet.com.ar\/sitio\/"},{"@type":"ListItem","position":2,"name":"El Jr. NBA cerr\u00f3 a pura fiesta"}]},{"@type":"WebSite","@id":"https:\/\/gentedebasquet.com.ar\/sitio\/#website","url":"https:\/\/gentedebasquet.com.ar\/sitio\/","name":"Gente de B\u00e1squet","description":"La revista del basquet de Bah\u00eda Blanca","potentialAction":[{"@type":"SearchAction","target":{"@type":"EntryPoint","urlTemplate":"https:\/\/gentedebasquet.com.ar\/sitio\/?s={search_term_string}"},"query-input":{"@type":"PropertyValueSpecification","valueRequired":true,"valueName":"search_term_string"}}],"inLanguage":"es"},{"@type":"Person","@id":"https:\/\/gentedebasquet.com.ar\/sitio\/#\/schema\/person\/ca0b63bbb977369988a7bbbdc519943a","name":"Gente de B\u00e1squet","image":{"@type":"ImageObject","inLanguage":"es","@id":"https:\/\/secure.gravatar.com\/avatar\/7f2c48bdc33b30088f941fb6082e555f2874c98e20cb159d7b92b50eadfce793?s=96&d=mm&r=g","url":"https:\/\/secure.gravatar.com\/avatar\/7f2c48bdc33b30088f941fb6082e555f2874c98e20cb159d7b92b50eadfce793?s=96&d=mm&r=g","contentUrl":"https:\/\/secure.gravatar.com\/avatar\/7f2c48bdc33b30088f941fb6082e555f2874c98e20cb159d7b92b50eadfce793?s=96&d=mm&r=g","caption":"Gente de B\u00e1squet"},"sameAs":["http:\/\/gentedebasquet.com.ar\/sitio"],"url":"https:\/\/gentedebasquet.com.ar\/sitio\/author\/ulises\/"}]}},"_links":{"self":[{"href":"https:\/\/gentedebasquet.com.ar\/sitio\/wp-json\/wp\/v2\/posts\/67431","targetHints":{"allow":["GET"]}}],"collection":[{"href":"https:\/\/gentedebasquet.com.ar\/sitio\/wp-json\/wp\/v2\/posts"}],"about":[{"href":"https:\/\/gentedebasquet.com.ar\/sitio\/wp-json\/wp\/v2\/types\/post"}],"author":[{"embeddable":true,"href":"https:\/\/gentedebasquet.com.ar\/sitio\/wp-json\/wp\/v2\/users\/1"}],"replies":[{"embeddable":true,"href":"https:\/\/gentedebasquet.com.ar\/sitio\/wp-json\/wp\/v2\/comments?post=67431"}],"version-history":[{"count":0,"href":"https:\/\/gentedebasquet.com.ar\/sitio\/wp-json\/wp\/v2\/posts\/67431\/revisions"}],"wp:featuredmedia":[{"embeddable":true,"href":"https:\/\/gentedebasquet.com.ar\/sitio\/wp-json\/wp\/v2\/media\/67432"}],"wp:attachment":[{"href":"https:\/\/gentedebasquet.com.ar\/sitio\/wp-json\/wp\/v2\/media?parent=67431"}],"wp:term":[{"taxonomy":"category","embeddable":true,"href":"https:\/\/gentedebasquet.com.ar\/sitio\/wp-json\/wp\/v2\/categories?post=67431"},{"taxonomy":"post_tag","embeddable":true,"href":"https:\/\/gentedebasquet.com.ar\/sitio\/wp-json\/wp\/v2\/tags?post=67431"}],"curies":[{"name":"wp","href":"https:\/\/api.w.org\/{rel}","templated":true}]}}