{"id":68150,"date":"2016-12-26T23:09:40","date_gmt":"2016-12-27T02:09:40","guid":{"rendered":"http:\/\/www.gentedebasquet.com.ar\/?p=68150"},"modified":"2016-12-26T23:09:40","modified_gmt":"2016-12-27T02:09:40","slug":"corono-el-ano-con-el-regalo-perfecto","status":"publish","type":"post","link":"https:\/\/gentedebasquet.com.ar\/sitio\/2016\/12\/26\/corono-el-ano-con-el-regalo-perfecto\/","title":{"rendered":"Coron\u00f3 el a\u00f1o con el regalo perfecto"},"content":{"rendered":"<p><strong>Villa Mitre cerr\u00f3 el 2016 de la mejor manera y se consagr\u00f3 en U13, tras vencer en el juego definitorio a Leandro N. Alem por 70 a 59. Despu\u00e9s de tres cuartos parejos, el equipo de Marcelo Berdini\u00a0liquid\u00f3 el partido en el 4C gracias a los buenos aportes de Juan Cruz Mambretti (24 y 16 rebotes), Jano Mart\u00ednez (14 y 5 asistencias), Emanuel Barthe (14, con 7\/10 T2) y Agust\u00edn Puentes (12, sumando 6 en el 4C). En el local, que como en toda la serie no tuvo a Lautaro Cavero (tobillo), no alcanz\u00f3 con la descomunal tarea de Valent\u00edn Forestier (28, con 8\/19 T2 y 12\/15 TL + 7 robos), ni los aportes de Pedro Palacio (12, con 6\/10 TL) y Rodrigo Araneda (11). Es el tercer t\u00edtulo en la categor\u00eda para el tricolor.<\/strong><\/p>\n<p>Once\u00a0a\u00f1os son los que tuvieron que pasar para que Villa Mitre vuelva a festejar una vuelta ol\u00edmpica en menores. La \u00faltima hab\u00eda sido en el 2005 con Nicol\u00e1s Renzi y Nicol\u00e1s Themthan como integrantes del plantel y bajo la conducci\u00f3n t\u00e9cnica de Leonardo Renzi.<\/p>\n<p>Este a\u00f1o, bajo el liderazgo de Marcelo Berdini y con un eximi\u00f3 balance en la temporada (26PG y 6PP), el tricolor cerr\u00f3 el 2016 de la mejor manera y disfruta de las mieles del \u00e9xito tras superar en las finales de U13 (fue en tres juegos) a Leandro N. Alem.<\/p>\n<p><img decoding=\"async\" class=\"size-full wp-image-68147 alignright\" src=\"http:\/\/www.gentedebasquet.com.ar\/wp-content\/uploads\/2016\/12\/Forestier-Villa-Mitre-Alem-U13.jpg\" alt=\"forestier-villa-mitre-alem-u13\" width=\"350\" height=\"230\" srcset=\"https:\/\/gentedebasquet.com.ar\/sitio\/wp-content\/uploads\/2016\/12\/Forestier-Villa-Mitre-Alem-U13.jpg 350w, https:\/\/gentedebasquet.com.ar\/sitio\/wp-content\/uploads\/2016\/12\/Forestier-Villa-Mitre-Alem-U13-300x197.jpg 300w\" sizes=\"(max-width: 350px) 100vw, 350px\" \/><\/p>\n<p>Sin embargo, el partido comenz\u00f3 mejor para el local. Apoy\u00e1ndose en el desequilibrante juego de Palacio (8p) en el 1vs1 y agreg\u00e1ndole el predominio de C\u00f3rdoba (4p y 4 rebotes, 2 ofensivos) en la pintura, Alem inici\u00f3 en ganancia 5-2, 7-4 y 9-6.<\/p>\n<p>No obstante, la Villa logr\u00f3 despertarse una vez que Mart\u00ednez (6p) encontr\u00f3 libertades para hacer de las suyas y Puentes (4p con 2\/3 T2) pudo tomar buenos tiros. Con esas herramientas, logr\u00f3 nivelar las acciones a falta de 1m12s (12 iguales). Pero finalmente, un doble de Alem en los \u00faltimos 22 segundos lo dej\u00f3 arriba (14-12) al finalizar el 1C.<\/p>\n<p>El segundo cuarto se podr\u00eda titular el \u201c7 bravo\u201d. Es que bajo el liderazgo de Forestier (13p) en Alem y Mambretti (12p y 8rebs) en Villa Mitre, los equipos abrieron con un parcial 10-6 (todos los puntos de Valent\u00edn y Juan Cruz) que dej\u00f3 +6 a los de Leguizam\u00f3n (24-18) a falta de 6m20s. S\u00ed bien la brecha se mantuvo por algunos minutos, el visitante fue mejorando progresivamente en su juego. As\u00ed, efectuando un parcial 14-5 en ese lapso final de tiempo gracias a Mambretti y Barthe (6p y 5rebs), logr\u00f3 irse en ventaja al entretiempo (29-32).<\/p>\n<p>Tras la estad\u00eda en los vestuarios, ambos equipos volvieron mucho m\u00e1s recargados al campo de juego. Bajo el poder anotador de la dupla Mambretti (6p)-Barthe (6p), m\u00e1s la din\u00e1mica y el reparto de juego que imprim\u00f3 a las ofensivas Mart\u00ednez (3 asistencias), el tricolor mantuvo la ventaja hasta faltando 3m51s (38-39).<\/p>\n<p>A partir de all\u00ed, fue todo de Alem que con doble de Araneda (5p) volvi\u00f3 a tomar el mando del lum\u00ednico (40-39). M\u00e1s a\u00fan, a\u00f1adi\u00e9ndole las penetraciones de Palacio (4p) y el predominio de Forestier en ambas zonas pintadas (8p y 4rebs, 3 de ellos defensivos) logr\u00f3 cerrar el ante\u00faltimo cap\u00edtulo un doble arriba (48-46).<\/p>\n<p>Ya en el segmento final, Alem tuvo un pasaje para el olvido. Es que un doble de Araneda a (falta de 9m22s) fue la \u00fanica conversi\u00f3n de campo de los de Leguizam\u00f3n por un lapso de 4m32s (reci\u00e9n a falta de 4m50s volvi\u00f3 a sumar); por lo que Villa Mitre aprovech\u00f3 para escaparse.<\/p>\n<p><img decoding=\"async\" class=\"size-full wp-image-68148 alignleft\" src=\"http:\/\/www.gentedebasquet.com.ar\/wp-content\/uploads\/2016\/12\/Jano-Mart\u00ednez-Villa-Mitre-Alem-U13-1.jpg\" alt=\"jano-martinez-villa-mitre-alem-u13\" width=\"350\" height=\"230\" \/><\/p>\n<p>Bajo el liderazgo de Mart\u00ednez (8p), m\u00e1s los certeros tiros que tom\u00f3 Puentes (6p con 3\/4 T2) y el juego multifuncional de Mambretti (6p, 5 rebs, 1 recup, 3 asists y 1 tapa), los de Berdini hilvanaron una racha de 16-2 para alejarse por doble d\u00edgito (50-62) con 5m15s por jugar. Finalmente, a pesar de tener que ver al lunguito Barthe salir por l\u00edmite de infracciones, el tricolor se la ingeni\u00f3 para mantener el mando del tablero y hacer que se consuma el tiempo restante. De esa manera, pudo festejar y celebrar entonando el grito\u2026 \u00a1Dale campe\u00f3n!<\/p>\n<p>Para el tricolor, esta fue su tercera consagraci\u00f3n en la categor\u00eda U13. \u00bfLas anteriores? En el a\u00f1o 1986 (triunf\u00f3 vs Olimpo) y en el 2000 (se consagr\u00f3 ante Bahiense del Norte).<\/p>\n<p>Adem\u00e1s, con esta consagraci\u00f3n de Villa Mitre en U13 se termin\u00f3 de completar la lista de <a href=\"http:\/\/www.gentedebasquet.com.ar\/finales-en-menores-2016\/\" target=\"_blank\" rel=\"noopener\">campeones de la temporada 2016 de los torneos que organiza la Asociaci\u00f3n Bahiense de B\u00e1squet<\/a>.<\/p>\n<p>La villa se sum\u00f3 a los campeonatos obtenidos por Olimpo en U15 Bis (vs Villa Mitre), U17 (vs Pac\u00edfico) y U19 (vs Bahiense del Norte); Bahiense del Norte en U15 (vs Leandro N. Alem); Estudiantes en U17 Bis (vs Olimpo); 9 de Julio en U21 (vs Estrella) e Independiente U17 Femenino.<\/p>\n<p>&nbsp;<\/p>\n<p>[vimeo]http:\/\/vimeo.com\/197148175[\/vimeo]<\/p>\n<p>&nbsp;<\/p>\n<p><strong>S\u00edntesis|<\/strong> U13 \u2013 Final \u2013 Juego #3<\/p>\n<p><strong>Leandro N. Alem 59:<\/strong> Pedro Palacio 12, Alexis Velazco 0, Santino Puliafito 0, Juan C\u00f3rdoba 4, Ger\u00f3nimo Toracchio 2 (x) (FI); Conrado G\u00f3mez Talamoni 0, Lautaro Miguens 2 (x), Valent\u00edn Forestier 28, Rodrigo Araneda 12 y Joaqu\u00edn Jasen 0.<strong> DT:<\/strong> Nicol\u00e1s Leguizam\u00f3n.<\/p>\n<p><strong>Villa Mitre 70:<\/strong> Jano Mart\u00ednez 14, Joaqu\u00edn Margiotta 0, M\u00e1ximo Fidalgo 0, Enzo Ferrara 2, Agust\u00edn Puentes 12 (FI); Bruno Guaglianone 0, Juan Cruz Mambretti 24, Francisco L\u00f3pez 2, Joaqu\u00edn Gerbaudo 0, Alejandro Vogel 0, Lucas Delgado 0 y Emanuel Barthe 14.<strong> DT:<\/strong> Marcelo Berdini.<\/p>\n<p><strong>Parciales:<\/strong> 14-12, 29-32 (15-20), 48-46 (19-14) y 59-70 (11-24).<\/p>\n<p><strong>\u00c1rbitros:<\/strong> Mariano Enrique \u2013 Juan Jaramillo \u2013 Mat\u00edas Villar.<\/p>\n<p><strong>Estadio:<\/strong> Daniel Lacunza (Leandro N. Alem).<\/p>\n<p><a class=\"modalf iframe\" title=\"Planilla\" href=\"https:\/\/docs.google.com\/spreadsheets\/d\/1_U5HDbl2__qwnSUKCIdsdFiqeoYbsKhWciocYpXT-a0\/pubhtml\" target=\"_blank\" rel=\"noopener\">Ver Planilla<\/a><\/p>\n<p><strong>Serie:<\/strong> Villa Mitre, 2-1.<\/p>\n<p><strong>Fotos:<\/strong> Mauro Giovannini.<\/p>\n<p>&nbsp;<\/p>\n<h5 style=\"text-align: center\">LEANDRO N. ALEM U13<\/h5>\n<p><img decoding=\"async\" class=\"aligncenter size-full wp-image-68077\" src=\"http:\/\/www.gentedebasquet.com.ar\/wp-content\/uploads\/2016\/12\/Alem-U13-2.jpg\" alt=\"alem-u13\" width=\"640\" height=\"440\" srcset=\"https:\/\/gentedebasquet.com.ar\/sitio\/wp-content\/uploads\/2016\/12\/Alem-U13-2.jpg 640w, https:\/\/gentedebasquet.com.ar\/sitio\/wp-content\/uploads\/2016\/12\/Alem-U13-2-300x206.jpg 300w\" sizes=\"(max-width: 640px) 100vw, 640px\" \/><\/p>\n<h5 style=\"text-align: center\">VILLA MITRE U13<\/h5>\n<p><img decoding=\"async\" class=\"aligncenter size-full wp-image-68076\" src=\"http:\/\/www.gentedebasquet.com.ar\/wp-content\/uploads\/2016\/12\/Villa-Mitre-U13.jpg\" alt=\"villa-mitre-u13\" width=\"640\" height=\"440\" srcset=\"https:\/\/gentedebasquet.com.ar\/sitio\/wp-content\/uploads\/2016\/12\/Villa-Mitre-U13.jpg 640w, https:\/\/gentedebasquet.com.ar\/sitio\/wp-content\/uploads\/2016\/12\/Villa-Mitre-U13-300x206.jpg 300w\" sizes=\"(max-width: 640px) 100vw, 640px\" \/><\/p>\n","protected":false},"excerpt":{"rendered":"<p>Villa Mitre cerr\u00f3 el 2016 cortando las redes en U13: 70 a 59 a Alem en el Lacunza<\/p>\n","protected":false},"author":1,"featured_media":68162,"comment_status":"closed","ping_status":"open","sticky":false,"template":"","format":"standard","meta":{"jnews-multi-image_gallery":[],"jnews_single_post":[],"jnews_primary_category":[],"footnotes":""},"categories":[101,41],"tags":[1484,1472,1394,1477,612,321,335,1440,1331,1436,22],"class_list":["post-68150","post","type-post","status-publish","format-standard","has-post-thumbnail","hentry","category-slide","category-u13","tag-agustin-puentes","tag-emanuel-barthe","tag-jano-martinez","tag-juan-cruz-mambretti","tag-leandro-n-alem","tag-marcelo-berdini","tag-nicolas-leguizamon","tag-pedro-palacio","tag-rodrigo-araneda","tag-valentin-forestier","tag-villa-mitre"],"yoast_head":"<!-- This site is optimized with the Yoast SEO plugin v27.5 - https:\/\/yoast.com\/product\/yoast-seo-wordpress\/ -->\n<title>Coron\u00f3 el a\u00f1o con el regalo perfecto - Gente de B\u00e1squet<\/title>\n<meta name=\"robots\" content=\"index, follow, max-snippet:-1, max-image-preview:large, max-video-preview:-1\" \/>\n<link rel=\"canonical\" href=\"http:\/\/gentedebasquet.com.ar\/sitio\/2016\/12\/26\/corono-el-ano-con-el-regalo-perfecto\/\" \/>\n<meta property=\"og:locale\" content=\"es_ES\" \/>\n<meta property=\"og:type\" content=\"article\" \/>\n<meta property=\"og:title\" content=\"Coron\u00f3 el a\u00f1o con el regalo perfecto - Gente de B\u00e1squet\" \/>\n<meta property=\"og:description\" content=\"Villa Mitre cerr\u00f3 el 2016 cortando las redes en U13: 70 a 59 a Alem en el Lacunza\" \/>\n<meta property=\"og:url\" content=\"http:\/\/gentedebasquet.com.ar\/sitio\/2016\/12\/26\/corono-el-ano-con-el-regalo-perfecto\/\" \/>\n<meta property=\"og:site_name\" content=\"Gente de B\u00e1squet\" \/>\n<meta property=\"article:published_time\" content=\"2016-12-27T02:09:40+00:00\" \/>\n<meta property=\"og:image\" content=\"http:\/\/gentedebasquet.com.ar\/sitio\/wp-content\/uploads\/2016\/12\/Villa-Mitre-U13-1.jpg\" \/>\n\t<meta property=\"og:image:width\" content=\"690\" \/>\n\t<meta property=\"og:image:height\" content=\"319\" \/>\n\t<meta property=\"og:image:type\" content=\"image\/jpeg\" \/>\n<meta name=\"author\" content=\"Gente de B\u00e1squet\" \/>\n<meta name=\"twitter:card\" content=\"summary_large_image\" \/>\n<meta name=\"twitter:label1\" content=\"Escrito por\" \/>\n\t<meta name=\"twitter:data1\" content=\"Gente de B\u00e1squet\" \/>\n\t<meta name=\"twitter:label2\" content=\"Tiempo de lectura\" \/>\n\t<meta name=\"twitter:data2\" content=\"5 minutos\" \/>\n<script type=\"application\/ld+json\" class=\"yoast-schema-graph\">{\"@context\":\"https:\\\/\\\/schema.org\",\"@graph\":[{\"@type\":\"Article\",\"@id\":\"http:\\\/\\\/gentedebasquet.com.ar\\\/sitio\\\/2016\\\/12\\\/26\\\/corono-el-ano-con-el-regalo-perfecto\\\/#article\",\"isPartOf\":{\"@id\":\"http:\\\/\\\/gentedebasquet.com.ar\\\/sitio\\\/2016\\\/12\\\/26\\\/corono-el-ano-con-el-regalo-perfecto\\\/\"},\"author\":{\"name\":\"Gente de B\u00e1squet\",\"@id\":\"https:\\\/\\\/gentedebasquet.com.ar\\\/sitio\\\/#\\\/schema\\\/person\\\/ca0b63bbb977369988a7bbbdc519943a\"},\"headline\":\"Coron\u00f3 el a\u00f1o con el regalo perfecto\",\"datePublished\":\"2016-12-27T02:09:40+00:00\",\"mainEntityOfPage\":{\"@id\":\"http:\\\/\\\/gentedebasquet.com.ar\\\/sitio\\\/2016\\\/12\\\/26\\\/corono-el-ano-con-el-regalo-perfecto\\\/\"},\"wordCount\":954,\"image\":{\"@id\":\"http:\\\/\\\/gentedebasquet.com.ar\\\/sitio\\\/2016\\\/12\\\/26\\\/corono-el-ano-con-el-regalo-perfecto\\\/#primaryimage\"},\"thumbnailUrl\":\"https:\\\/\\\/gentedebasquet.com.ar\\\/sitio\\\/wp-content\\\/uploads\\\/2016\\\/12\\\/Villa-Mitre-U13-1.jpg\",\"keywords\":[\"Agust\u00edn Puentes\",\"Emanuel Barthe\",\"Jano Mart\u00ednez\",\"Juan Cruz Mambretti\",\"Leandro N. Alem\",\"Marcelo Berdini\",\"Nicolas Leguizam\u00f3n\",\"Pedro Palacio\",\"Rodrigo Araneda\",\"Valent\u00edn Forestier\",\"Villa Mitre\"],\"articleSection\":[\"Slide\",\"U13\"],\"inLanguage\":\"es\"},{\"@type\":\"WebPage\",\"@id\":\"http:\\\/\\\/gentedebasquet.com.ar\\\/sitio\\\/2016\\\/12\\\/26\\\/corono-el-ano-con-el-regalo-perfecto\\\/\",\"url\":\"http:\\\/\\\/gentedebasquet.com.ar\\\/sitio\\\/2016\\\/12\\\/26\\\/corono-el-ano-con-el-regalo-perfecto\\\/\",\"name\":\"Coron\u00f3 el a\u00f1o con el regalo perfecto - Gente de B\u00e1squet\",\"isPartOf\":{\"@id\":\"https:\\\/\\\/gentedebasquet.com.ar\\\/sitio\\\/#website\"},\"primaryImageOfPage\":{\"@id\":\"http:\\\/\\\/gentedebasquet.com.ar\\\/sitio\\\/2016\\\/12\\\/26\\\/corono-el-ano-con-el-regalo-perfecto\\\/#primaryimage\"},\"image\":{\"@id\":\"http:\\\/\\\/gentedebasquet.com.ar\\\/sitio\\\/2016\\\/12\\\/26\\\/corono-el-ano-con-el-regalo-perfecto\\\/#primaryimage\"},\"thumbnailUrl\":\"https:\\\/\\\/gentedebasquet.com.ar\\\/sitio\\\/wp-content\\\/uploads\\\/2016\\\/12\\\/Villa-Mitre-U13-1.jpg\",\"datePublished\":\"2016-12-27T02:09:40+00:00\",\"author\":{\"@id\":\"https:\\\/\\\/gentedebasquet.com.ar\\\/sitio\\\/#\\\/schema\\\/person\\\/ca0b63bbb977369988a7bbbdc519943a\"},\"breadcrumb\":{\"@id\":\"http:\\\/\\\/gentedebasquet.com.ar\\\/sitio\\\/2016\\\/12\\\/26\\\/corono-el-ano-con-el-regalo-perfecto\\\/#breadcrumb\"},\"inLanguage\":\"es\",\"potentialAction\":[{\"@type\":\"ReadAction\",\"target\":[\"http:\\\/\\\/gentedebasquet.com.ar\\\/sitio\\\/2016\\\/12\\\/26\\\/corono-el-ano-con-el-regalo-perfecto\\\/\"]}]},{\"@type\":\"ImageObject\",\"inLanguage\":\"es\",\"@id\":\"http:\\\/\\\/gentedebasquet.com.ar\\\/sitio\\\/2016\\\/12\\\/26\\\/corono-el-ano-con-el-regalo-perfecto\\\/#primaryimage\",\"url\":\"https:\\\/\\\/gentedebasquet.com.ar\\\/sitio\\\/wp-content\\\/uploads\\\/2016\\\/12\\\/Villa-Mitre-U13-1.jpg\",\"contentUrl\":\"https:\\\/\\\/gentedebasquet.com.ar\\\/sitio\\\/wp-content\\\/uploads\\\/2016\\\/12\\\/Villa-Mitre-U13-1.jpg\",\"width\":690,\"height\":319},{\"@type\":\"BreadcrumbList\",\"@id\":\"http:\\\/\\\/gentedebasquet.com.ar\\\/sitio\\\/2016\\\/12\\\/26\\\/corono-el-ano-con-el-regalo-perfecto\\\/#breadcrumb\",\"itemListElement\":[{\"@type\":\"ListItem\",\"position\":1,\"name\":\"Portada\",\"item\":\"https:\\\/\\\/gentedebasquet.com.ar\\\/sitio\\\/\"},{\"@type\":\"ListItem\",\"position\":2,\"name\":\"Coron\u00f3 el a\u00f1o con el regalo perfecto\"}]},{\"@type\":\"WebSite\",\"@id\":\"https:\\\/\\\/gentedebasquet.com.ar\\\/sitio\\\/#website\",\"url\":\"https:\\\/\\\/gentedebasquet.com.ar\\\/sitio\\\/\",\"name\":\"Gente de B\u00e1squet\",\"description\":\"La revista del basquet de Bah\u00eda Blanca\",\"potentialAction\":[{\"@type\":\"SearchAction\",\"target\":{\"@type\":\"EntryPoint\",\"urlTemplate\":\"https:\\\/\\\/gentedebasquet.com.ar\\\/sitio\\\/?s={search_term_string}\"},\"query-input\":{\"@type\":\"PropertyValueSpecification\",\"valueRequired\":true,\"valueName\":\"search_term_string\"}}],\"inLanguage\":\"es\"},{\"@type\":\"Person\",\"@id\":\"https:\\\/\\\/gentedebasquet.com.ar\\\/sitio\\\/#\\\/schema\\\/person\\\/ca0b63bbb977369988a7bbbdc519943a\",\"name\":\"Gente de B\u00e1squet\",\"image\":{\"@type\":\"ImageObject\",\"inLanguage\":\"es\",\"@id\":\"https:\\\/\\\/secure.gravatar.com\\\/avatar\\\/7f2c48bdc33b30088f941fb6082e555f2874c98e20cb159d7b92b50eadfce793?s=96&d=mm&r=g\",\"url\":\"https:\\\/\\\/secure.gravatar.com\\\/avatar\\\/7f2c48bdc33b30088f941fb6082e555f2874c98e20cb159d7b92b50eadfce793?s=96&d=mm&r=g\",\"contentUrl\":\"https:\\\/\\\/secure.gravatar.com\\\/avatar\\\/7f2c48bdc33b30088f941fb6082e555f2874c98e20cb159d7b92b50eadfce793?s=96&d=mm&r=g\",\"caption\":\"Gente de B\u00e1squet\"},\"sameAs\":[\"http:\\\/\\\/gentedebasquet.com.ar\\\/sitio\"],\"url\":\"https:\\\/\\\/gentedebasquet.com.ar\\\/sitio\\\/author\\\/ulises\\\/\"}]}<\/script>\n<!-- \/ Yoast SEO plugin. -->","yoast_head_json":{"title":"Coron\u00f3 el a\u00f1o con el regalo perfecto - Gente de B\u00e1squet","robots":{"index":"index","follow":"follow","max-snippet":"max-snippet:-1","max-image-preview":"max-image-preview:large","max-video-preview":"max-video-preview:-1"},"canonical":"http:\/\/gentedebasquet.com.ar\/sitio\/2016\/12\/26\/corono-el-ano-con-el-regalo-perfecto\/","og_locale":"es_ES","og_type":"article","og_title":"Coron\u00f3 el a\u00f1o con el regalo perfecto - Gente de B\u00e1squet","og_description":"Villa Mitre cerr\u00f3 el 2016 cortando las redes en U13: 70 a 59 a Alem en el Lacunza","og_url":"http:\/\/gentedebasquet.com.ar\/sitio\/2016\/12\/26\/corono-el-ano-con-el-regalo-perfecto\/","og_site_name":"Gente de B\u00e1squet","article_published_time":"2016-12-27T02:09:40+00:00","og_image":[{"width":690,"height":319,"url":"http:\/\/gentedebasquet.com.ar\/sitio\/wp-content\/uploads\/2016\/12\/Villa-Mitre-U13-1.jpg","type":"image\/jpeg"}],"author":"Gente de B\u00e1squet","twitter_card":"summary_large_image","twitter_misc":{"Escrito por":"Gente de B\u00e1squet","Tiempo de lectura":"5 minutos"},"schema":{"@context":"https:\/\/schema.org","@graph":[{"@type":"Article","@id":"http:\/\/gentedebasquet.com.ar\/sitio\/2016\/12\/26\/corono-el-ano-con-el-regalo-perfecto\/#article","isPartOf":{"@id":"http:\/\/gentedebasquet.com.ar\/sitio\/2016\/12\/26\/corono-el-ano-con-el-regalo-perfecto\/"},"author":{"name":"Gente de B\u00e1squet","@id":"https:\/\/gentedebasquet.com.ar\/sitio\/#\/schema\/person\/ca0b63bbb977369988a7bbbdc519943a"},"headline":"Coron\u00f3 el a\u00f1o con el regalo perfecto","datePublished":"2016-12-27T02:09:40+00:00","mainEntityOfPage":{"@id":"http:\/\/gentedebasquet.com.ar\/sitio\/2016\/12\/26\/corono-el-ano-con-el-regalo-perfecto\/"},"wordCount":954,"image":{"@id":"http:\/\/gentedebasquet.com.ar\/sitio\/2016\/12\/26\/corono-el-ano-con-el-regalo-perfecto\/#primaryimage"},"thumbnailUrl":"https:\/\/gentedebasquet.com.ar\/sitio\/wp-content\/uploads\/2016\/12\/Villa-Mitre-U13-1.jpg","keywords":["Agust\u00edn Puentes","Emanuel Barthe","Jano Mart\u00ednez","Juan Cruz Mambretti","Leandro N. Alem","Marcelo Berdini","Nicolas Leguizam\u00f3n","Pedro Palacio","Rodrigo Araneda","Valent\u00edn Forestier","Villa Mitre"],"articleSection":["Slide","U13"],"inLanguage":"es"},{"@type":"WebPage","@id":"http:\/\/gentedebasquet.com.ar\/sitio\/2016\/12\/26\/corono-el-ano-con-el-regalo-perfecto\/","url":"http:\/\/gentedebasquet.com.ar\/sitio\/2016\/12\/26\/corono-el-ano-con-el-regalo-perfecto\/","name":"Coron\u00f3 el a\u00f1o con el regalo perfecto - Gente de B\u00e1squet","isPartOf":{"@id":"https:\/\/gentedebasquet.com.ar\/sitio\/#website"},"primaryImageOfPage":{"@id":"http:\/\/gentedebasquet.com.ar\/sitio\/2016\/12\/26\/corono-el-ano-con-el-regalo-perfecto\/#primaryimage"},"image":{"@id":"http:\/\/gentedebasquet.com.ar\/sitio\/2016\/12\/26\/corono-el-ano-con-el-regalo-perfecto\/#primaryimage"},"thumbnailUrl":"https:\/\/gentedebasquet.com.ar\/sitio\/wp-content\/uploads\/2016\/12\/Villa-Mitre-U13-1.jpg","datePublished":"2016-12-27T02:09:40+00:00","author":{"@id":"https:\/\/gentedebasquet.com.ar\/sitio\/#\/schema\/person\/ca0b63bbb977369988a7bbbdc519943a"},"breadcrumb":{"@id":"http:\/\/gentedebasquet.com.ar\/sitio\/2016\/12\/26\/corono-el-ano-con-el-regalo-perfecto\/#breadcrumb"},"inLanguage":"es","potentialAction":[{"@type":"ReadAction","target":["http:\/\/gentedebasquet.com.ar\/sitio\/2016\/12\/26\/corono-el-ano-con-el-regalo-perfecto\/"]}]},{"@type":"ImageObject","inLanguage":"es","@id":"http:\/\/gentedebasquet.com.ar\/sitio\/2016\/12\/26\/corono-el-ano-con-el-regalo-perfecto\/#primaryimage","url":"https:\/\/gentedebasquet.com.ar\/sitio\/wp-content\/uploads\/2016\/12\/Villa-Mitre-U13-1.jpg","contentUrl":"https:\/\/gentedebasquet.com.ar\/sitio\/wp-content\/uploads\/2016\/12\/Villa-Mitre-U13-1.jpg","width":690,"height":319},{"@type":"BreadcrumbList","@id":"http:\/\/gentedebasquet.com.ar\/sitio\/2016\/12\/26\/corono-el-ano-con-el-regalo-perfecto\/#breadcrumb","itemListElement":[{"@type":"ListItem","position":1,"name":"Portada","item":"https:\/\/gentedebasquet.com.ar\/sitio\/"},{"@type":"ListItem","position":2,"name":"Coron\u00f3 el a\u00f1o con el regalo perfecto"}]},{"@type":"WebSite","@id":"https:\/\/gentedebasquet.com.ar\/sitio\/#website","url":"https:\/\/gentedebasquet.com.ar\/sitio\/","name":"Gente de B\u00e1squet","description":"La revista del basquet de Bah\u00eda Blanca","potentialAction":[{"@type":"SearchAction","target":{"@type":"EntryPoint","urlTemplate":"https:\/\/gentedebasquet.com.ar\/sitio\/?s={search_term_string}"},"query-input":{"@type":"PropertyValueSpecification","valueRequired":true,"valueName":"search_term_string"}}],"inLanguage":"es"},{"@type":"Person","@id":"https:\/\/gentedebasquet.com.ar\/sitio\/#\/schema\/person\/ca0b63bbb977369988a7bbbdc519943a","name":"Gente de B\u00e1squet","image":{"@type":"ImageObject","inLanguage":"es","@id":"https:\/\/secure.gravatar.com\/avatar\/7f2c48bdc33b30088f941fb6082e555f2874c98e20cb159d7b92b50eadfce793?s=96&d=mm&r=g","url":"https:\/\/secure.gravatar.com\/avatar\/7f2c48bdc33b30088f941fb6082e555f2874c98e20cb159d7b92b50eadfce793?s=96&d=mm&r=g","contentUrl":"https:\/\/secure.gravatar.com\/avatar\/7f2c48bdc33b30088f941fb6082e555f2874c98e20cb159d7b92b50eadfce793?s=96&d=mm&r=g","caption":"Gente de B\u00e1squet"},"sameAs":["http:\/\/gentedebasquet.com.ar\/sitio"],"url":"https:\/\/gentedebasquet.com.ar\/sitio\/author\/ulises\/"}]}},"_links":{"self":[{"href":"https:\/\/gentedebasquet.com.ar\/sitio\/wp-json\/wp\/v2\/posts\/68150","targetHints":{"allow":["GET"]}}],"collection":[{"href":"https:\/\/gentedebasquet.com.ar\/sitio\/wp-json\/wp\/v2\/posts"}],"about":[{"href":"https:\/\/gentedebasquet.com.ar\/sitio\/wp-json\/wp\/v2\/types\/post"}],"author":[{"embeddable":true,"href":"https:\/\/gentedebasquet.com.ar\/sitio\/wp-json\/wp\/v2\/users\/1"}],"replies":[{"embeddable":true,"href":"https:\/\/gentedebasquet.com.ar\/sitio\/wp-json\/wp\/v2\/comments?post=68150"}],"version-history":[{"count":0,"href":"https:\/\/gentedebasquet.com.ar\/sitio\/wp-json\/wp\/v2\/posts\/68150\/revisions"}],"wp:featuredmedia":[{"embeddable":true,"href":"https:\/\/gentedebasquet.com.ar\/sitio\/wp-json\/wp\/v2\/media\/68162"}],"wp:attachment":[{"href":"https:\/\/gentedebasquet.com.ar\/sitio\/wp-json\/wp\/v2\/media?parent=68150"}],"wp:term":[{"taxonomy":"category","embeddable":true,"href":"https:\/\/gentedebasquet.com.ar\/sitio\/wp-json\/wp\/v2\/categories?post=68150"},{"taxonomy":"post_tag","embeddable":true,"href":"https:\/\/gentedebasquet.com.ar\/sitio\/wp-json\/wp\/v2\/tags?post=68150"}],"curies":[{"name":"wp","href":"https:\/\/api.w.org\/{rel}","templated":true}]}}