{"id":68349,"date":"2017-01-11T10:05:53","date_gmt":"2017-01-11T13:05:53","guid":{"rendered":"http:\/\/www.gentedebasquet.com.ar\/?p=68349"},"modified":"2017-01-11T10:05:53","modified_gmt":"2017-01-11T13:05:53","slug":"88-anos-de-historia","status":"publish","type":"post","link":"https:\/\/gentedebasquet.com.ar\/sitio\/2017\/01\/11\/88-anos-de-historia\/","title":{"rendered":"88 a\u00f1os de historia"},"content":{"rendered":"<p><strong>A las 19.30 horas se abre la reuni\u00f3n que culmina con la fundaci\u00f3n de la Asociaci\u00f3n Bahiense de Basket-Ball\u00a0(denominaci\u00f3n original), conteniendo el acta fundacional, la\u00a0labrada el 11 de septiembre de 1928, como antecedente fehaciente. Solo cuatro instituciones estaban representadas: Estudiantes por Julio Galbiati, Pac\u00edfico por Abel Amor Bournaud, Olimpo por Antonio Melero y Liniers por Segundo Alzola. Ausentes: los delegados de Agar Cross y River Plate, pero se los reconoce como fundadores. La reuni\u00f3n constitutiva se lleva a cabo en dependencias de la Liga del Sud (actualmente del Sur), sita en Vieytes 139.<\/strong><\/p>\n<p>El texto resume en gran parte lo que ocurri\u00f3 hace 88 a\u00f1os en nuestra ciudad, seg\u00fan refleja la propia ABB por estos d\u00edas.<\/p>\n<p>El primer consejo directivo estuvo integrado por: Jorge Enrique Marks (Presidente), Antonio Melero (Vicepresidente), Abel Amor Bournaud (Secretario), Segundo Alzola (Prosecretario), Julio Galbiati (Tesorero), Jos\u00e9 Gallino Tora\u00f1o (Protesorero), Ricardo Mux, Esteban Oliveros y Francisco P\u00e9rez (Vocales).<\/p>\n<p>A prop\u00f3sito, en base a una iniciativa de Roberto Seibane, se est\u00e1 disputando la Copa Centenario, camino a 2029. As\u00ed est\u00e1 <a href=\"http:\/\/www.gentedebasquet.com.ar\/copa-centenario\/\" target=\"_blank\" rel=\"noopener\">la tabla<\/a> y este es el <a href=\"http:\/\/www.gentedebasquet.com.ar\/se-viene-la-copa-centenario\/\" target=\"_blank\" rel=\"noopener\">sistema de competencia<\/a>.<\/p>\n<h5>Breve rese\u00f1a<\/h5>\n<p>La ABB fue fundada el 11 de enero de 1929, desarrollando desde entonces una actividad ininterrumpida, siendo las entidades fundacionales: Olimpo, Liniers, Estudiantes y Pac\u00edfico.<\/p>\n<p>Tambi\u00e9n se las considera en calidad de tales a River Plate y Agar Cross, que no estuvieron presentes en la firma del acta de la fundaci\u00f3n, pero participaron activamente en las reuniones previas.<\/p>\n<p>Comienza as\u00ed la actividad de esta asociaci\u00f3n disput\u00e1ndose ese a\u00f1o el primer Torneo Superior, ganado por Pac\u00edfico.<\/p>\n<p>Pasaron apenas seis a\u00f1os y la actividad de este deporte comenz\u00f3 a propagarse por toda la provincia de Buenos Aires motivando la inminente creaci\u00f3n de la Federaci\u00f3n de B\u00e1squetbol de la Provincia de Buenos Aires, acontecimiento concretado en la ciudad de Bah\u00eda Blanca el 17 de marzo de 1935 con la presencia de los representantes de Hurac\u00e1n de Tres Arroyos, Gimnasia y Esgrima de Pergamino, Callv\u00fa B\u00e1squetbol Club de Azul y la anfitriona: Asociaci\u00f3n Bahiense de B\u00e1squetbol.<\/p>\n<p>Pocos a\u00f1os mas tarde, en 1941, la Federaci\u00f3n se traslad\u00f3 a La Plata, capital de la Provincia de Buenos Aires, funcionando ah\u00ed desde entonces hasta nuestros d\u00edas.<\/p>\n<p>A diez a\u00f1os de la fundaci\u00f3n, ya la Asociaci\u00f3n organiza el Campeonato Argentino de 1939, inaugur\u00e1ndose el nuevo estadio del Club Estudiantes, entonces descubierto, pero que unos 20 a\u00f1os mas tarde y ya con su cerramiento integral con una estructura de avanzada para la \u00e9poca, comienza a ser el escenario que albergar\u00eda los principales eventos nacionales e internacionales,<br \/>\ntales como el Campeonato Argentino de 1957 y los Torneos Sudamericanos de 1979 y de 1999, sin contar la designaci\u00f3n como subsede para el Mundial de 1990, que no pudo concretarse ya que la situaci\u00f3n econ\u00f3mica y social imperante entonces, oblig\u00f3 politicamente a reducir subsedes y Bah\u00eda Blanca qued\u00f3 exclu\u00edda.<\/p>\n<p>En la d\u00e9cada del 60 comienza la \u00e9poca de oro del b\u00e1squetbol bahiense por la conjunci\u00f3n de tres\u00a0grandes basquetbolistas: Alberto Pedro CABRERA (designado el deportista bahiense del siglo XX),\u00a0Atilio Jos\u00e9 FRUET y Jos\u00e9 Ignacio DE LIZASO, que hicieron historia a nivel local, provincial, nacional e internacional hasta mediados de la d\u00e9cada del 70.<\/p>\n<p>Se recuerda el partido disputado en el estadio Norberto TOMAS del Club Olimpo, con motivo de\u00a0su inauguraci\u00f3n, el 3 julio de 1971, cuando la Selecci\u00f3n Bahiense integrada por los mencionados,\u00a0excepto FRUET ausente por enfermedad, derrot\u00f3 por 78 a 75 a la Selecci\u00f3n de Yugoslavia, entonces reciente campe\u00f3n mundial.<\/p>\n<p>Por todos esos a\u00f1os gloriosos, por la pr\u00e1ctica y desarrollo de esta actividad desde sus inicios\u00a0y las fuertes competencias internas en todas las categor\u00edas, dif\u00edciles de encontrar en ciudades del interior del pa\u00eds y que no sean capitales de provincia, Bah\u00eda Blanca fue denominada \u00abLa Capital del B\u00e1squetbol Argentino\u00bb.<\/p>\n<p>Surgieron en Bah\u00eda Blanca jugadores que trascendieron las fronteras, tales los casos de Hern\u00e1n Abel MONTENEGRO, Juan Alberto ESPIL, Hern\u00e1n Emilio JASEN y los campeones ol\u00edmpicos y subcampeones mundiales, Juan Ignacio SANCHEZ, Alejandro Adri\u00e1n MONTECCHIA y Emanuel David GINOBILI, \u00e9ste \u00faltimo, adem\u00e1s, el primer argentino campe\u00f3n de la NBA jugando en el equipo de San Antonio Spurs; a quienes se agregan jueces internacionales como Rodolfo Am\u00e9rico GOMEZ, Ra\u00fal Abel CHAVES y Alejandro RAMALLO; un personaje que se alejara fisicamente 28 de noviembre de 1998, Bill Am\u00e9rico BRUSA, muy ligado al mundo del cine nacional,\u00a0periodismo radial y principalmente al b\u00e1squetbol, integrando los cuerpos t\u00e9cnicos de varios seleccionados\u00a0nacionales que recorrieron el mundo y que fuera distinguido como Benem\u00e9rito del B\u00e1squetbol Sudamericano, y un dirigente con visos internacionales, como el Ing. Rub\u00e9n Daniel RABANO, quien fuera jugador, \u00e1rbitro, presidente de la Asociaci\u00f3n Bahiense de B\u00e1squetbol en 1976 y en el per\u00edodo 1979-1988, a\u00f1o en que asumi\u00f3 la presidencia de la Confederaci\u00f3n Argentina de B\u00e1squetbol, para luego proyectarse en funciones de CONSUBASQUET, COPABA y FIBA.<\/p>\n<p><strong>Fuente:<\/strong> Asociaci\u00f3n Bahiense de B\u00e1squet.<\/p>\n<p><strong>Foto:<\/strong> Gente de B\u00e1squet.<\/p>\n","protected":false},"excerpt":{"rendered":"<p>Se celebra este 11 de enero el aniversario de la Asociaci\u00f3n Bahiense de B\u00e1squet<\/p>\n","protected":false},"author":1,"featured_media":55813,"comment_status":"closed","ping_status":"open","sticky":false,"template":"","format":"standard","meta":{"jnews-multi-image_gallery":[],"jnews_single_post":[],"jnews_primary_category":[],"footnotes":""},"categories":[24,101],"tags":[357,70],"class_list":["post-68349","post","type-post","status-publish","format-standard","has-post-thumbnail","hentry","category-overtime","category-slide","tag-abb","tag-bahia-blanca"],"yoast_head":"<!-- This site is optimized with the Yoast SEO plugin v27.5 - https:\/\/yoast.com\/product\/yoast-seo-wordpress\/ -->\n<title>88 a\u00f1os de historia - Gente de B\u00e1squet<\/title>\n<meta name=\"robots\" content=\"index, follow, max-snippet:-1, max-image-preview:large, max-video-preview:-1\" \/>\n<link rel=\"canonical\" href=\"https:\/\/gentedebasquet.com.ar\/sitio\/2017\/01\/11\/88-anos-de-historia\/\" \/>\n<meta property=\"og:locale\" content=\"es_ES\" \/>\n<meta property=\"og:type\" content=\"article\" \/>\n<meta property=\"og:title\" content=\"88 a\u00f1os de historia - Gente de B\u00e1squet\" \/>\n<meta property=\"og:description\" content=\"Se celebra este 11 de enero el aniversario de la Asociaci\u00f3n Bahiense de B\u00e1squet\" \/>\n<meta property=\"og:url\" content=\"https:\/\/gentedebasquet.com.ar\/sitio\/2017\/01\/11\/88-anos-de-historia\/\" \/>\n<meta property=\"og:site_name\" content=\"Gente de B\u00e1squet\" \/>\n<meta property=\"article:published_time\" content=\"2017-01-11T13:05:53+00:00\" \/>\n<meta property=\"og:image\" content=\"https:\/\/gentedebasquet.com.ar\/sitio\/wp-content\/uploads\/2016\/01\/Asamblea.jpg\" \/>\n\t<meta property=\"og:image:width\" content=\"690\" \/>\n\t<meta property=\"og:image:height\" content=\"319\" \/>\n\t<meta property=\"og:image:type\" content=\"image\/jpeg\" \/>\n<meta name=\"author\" content=\"Gente de B\u00e1squet\" \/>\n<meta name=\"twitter:card\" content=\"summary_large_image\" \/>\n<meta name=\"twitter:label1\" content=\"Escrito por\" \/>\n\t<meta name=\"twitter:data1\" content=\"Gente de B\u00e1squet\" \/>\n\t<meta name=\"twitter:label2\" content=\"Tiempo de lectura\" \/>\n\t<meta name=\"twitter:data2\" content=\"4 minutos\" \/>\n<script type=\"application\/ld+json\" class=\"yoast-schema-graph\">{\"@context\":\"https:\\\/\\\/schema.org\",\"@graph\":[{\"@type\":\"Article\",\"@id\":\"https:\\\/\\\/gentedebasquet.com.ar\\\/sitio\\\/2017\\\/01\\\/11\\\/88-anos-de-historia\\\/#article\",\"isPartOf\":{\"@id\":\"https:\\\/\\\/gentedebasquet.com.ar\\\/sitio\\\/2017\\\/01\\\/11\\\/88-anos-de-historia\\\/\"},\"author\":{\"name\":\"Gente de B\u00e1squet\",\"@id\":\"https:\\\/\\\/gentedebasquet.com.ar\\\/sitio\\\/#\\\/schema\\\/person\\\/ca0b63bbb977369988a7bbbdc519943a\"},\"headline\":\"88 a\u00f1os de historia\",\"datePublished\":\"2017-01-11T13:05:53+00:00\",\"mainEntityOfPage\":{\"@id\":\"https:\\\/\\\/gentedebasquet.com.ar\\\/sitio\\\/2017\\\/01\\\/11\\\/88-anos-de-historia\\\/\"},\"wordCount\":870,\"image\":{\"@id\":\"https:\\\/\\\/gentedebasquet.com.ar\\\/sitio\\\/2017\\\/01\\\/11\\\/88-anos-de-historia\\\/#primaryimage\"},\"thumbnailUrl\":\"https:\\\/\\\/gentedebasquet.com.ar\\\/sitio\\\/wp-content\\\/uploads\\\/2016\\\/01\\\/Asamblea.jpg\",\"keywords\":[\"ABB\",\"Bah\u00eda Blanca\"],\"articleSection\":[\"#Overtime\",\"Slide\"],\"inLanguage\":\"es\"},{\"@type\":\"WebPage\",\"@id\":\"https:\\\/\\\/gentedebasquet.com.ar\\\/sitio\\\/2017\\\/01\\\/11\\\/88-anos-de-historia\\\/\",\"url\":\"https:\\\/\\\/gentedebasquet.com.ar\\\/sitio\\\/2017\\\/01\\\/11\\\/88-anos-de-historia\\\/\",\"name\":\"88 a\u00f1os de historia - Gente de B\u00e1squet\",\"isPartOf\":{\"@id\":\"https:\\\/\\\/gentedebasquet.com.ar\\\/sitio\\\/#website\"},\"primaryImageOfPage\":{\"@id\":\"https:\\\/\\\/gentedebasquet.com.ar\\\/sitio\\\/2017\\\/01\\\/11\\\/88-anos-de-historia\\\/#primaryimage\"},\"image\":{\"@id\":\"https:\\\/\\\/gentedebasquet.com.ar\\\/sitio\\\/2017\\\/01\\\/11\\\/88-anos-de-historia\\\/#primaryimage\"},\"thumbnailUrl\":\"https:\\\/\\\/gentedebasquet.com.ar\\\/sitio\\\/wp-content\\\/uploads\\\/2016\\\/01\\\/Asamblea.jpg\",\"datePublished\":\"2017-01-11T13:05:53+00:00\",\"author\":{\"@id\":\"https:\\\/\\\/gentedebasquet.com.ar\\\/sitio\\\/#\\\/schema\\\/person\\\/ca0b63bbb977369988a7bbbdc519943a\"},\"breadcrumb\":{\"@id\":\"https:\\\/\\\/gentedebasquet.com.ar\\\/sitio\\\/2017\\\/01\\\/11\\\/88-anos-de-historia\\\/#breadcrumb\"},\"inLanguage\":\"es\",\"potentialAction\":[{\"@type\":\"ReadAction\",\"target\":[\"https:\\\/\\\/gentedebasquet.com.ar\\\/sitio\\\/2017\\\/01\\\/11\\\/88-anos-de-historia\\\/\"]}]},{\"@type\":\"ImageObject\",\"inLanguage\":\"es\",\"@id\":\"https:\\\/\\\/gentedebasquet.com.ar\\\/sitio\\\/2017\\\/01\\\/11\\\/88-anos-de-historia\\\/#primaryimage\",\"url\":\"https:\\\/\\\/gentedebasquet.com.ar\\\/sitio\\\/wp-content\\\/uploads\\\/2016\\\/01\\\/Asamblea.jpg\",\"contentUrl\":\"https:\\\/\\\/gentedebasquet.com.ar\\\/sitio\\\/wp-content\\\/uploads\\\/2016\\\/01\\\/Asamblea.jpg\",\"width\":690,\"height\":319},{\"@type\":\"BreadcrumbList\",\"@id\":\"https:\\\/\\\/gentedebasquet.com.ar\\\/sitio\\\/2017\\\/01\\\/11\\\/88-anos-de-historia\\\/#breadcrumb\",\"itemListElement\":[{\"@type\":\"ListItem\",\"position\":1,\"name\":\"Portada\",\"item\":\"https:\\\/\\\/gentedebasquet.com.ar\\\/sitio\\\/\"},{\"@type\":\"ListItem\",\"position\":2,\"name\":\"88 a\u00f1os de historia\"}]},{\"@type\":\"WebSite\",\"@id\":\"https:\\\/\\\/gentedebasquet.com.ar\\\/sitio\\\/#website\",\"url\":\"https:\\\/\\\/gentedebasquet.com.ar\\\/sitio\\\/\",\"name\":\"Gente de B\u00e1squet\",\"description\":\"La revista del basquet de Bah\u00eda Blanca\",\"potentialAction\":[{\"@type\":\"SearchAction\",\"target\":{\"@type\":\"EntryPoint\",\"urlTemplate\":\"https:\\\/\\\/gentedebasquet.com.ar\\\/sitio\\\/?s={search_term_string}\"},\"query-input\":{\"@type\":\"PropertyValueSpecification\",\"valueRequired\":true,\"valueName\":\"search_term_string\"}}],\"inLanguage\":\"es\"},{\"@type\":\"Person\",\"@id\":\"https:\\\/\\\/gentedebasquet.com.ar\\\/sitio\\\/#\\\/schema\\\/person\\\/ca0b63bbb977369988a7bbbdc519943a\",\"name\":\"Gente de B\u00e1squet\",\"image\":{\"@type\":\"ImageObject\",\"inLanguage\":\"es\",\"@id\":\"https:\\\/\\\/secure.gravatar.com\\\/avatar\\\/7f2c48bdc33b30088f941fb6082e555f2874c98e20cb159d7b92b50eadfce793?s=96&d=mm&r=g\",\"url\":\"https:\\\/\\\/secure.gravatar.com\\\/avatar\\\/7f2c48bdc33b30088f941fb6082e555f2874c98e20cb159d7b92b50eadfce793?s=96&d=mm&r=g\",\"contentUrl\":\"https:\\\/\\\/secure.gravatar.com\\\/avatar\\\/7f2c48bdc33b30088f941fb6082e555f2874c98e20cb159d7b92b50eadfce793?s=96&d=mm&r=g\",\"caption\":\"Gente de B\u00e1squet\"},\"sameAs\":[\"http:\\\/\\\/gentedebasquet.com.ar\\\/sitio\"],\"url\":\"https:\\\/\\\/gentedebasquet.com.ar\\\/sitio\\\/author\\\/ulises\\\/\"}]}<\/script>\n<!-- \/ Yoast SEO plugin. -->","yoast_head_json":{"title":"88 a\u00f1os de historia - Gente de B\u00e1squet","robots":{"index":"index","follow":"follow","max-snippet":"max-snippet:-1","max-image-preview":"max-image-preview:large","max-video-preview":"max-video-preview:-1"},"canonical":"https:\/\/gentedebasquet.com.ar\/sitio\/2017\/01\/11\/88-anos-de-historia\/","og_locale":"es_ES","og_type":"article","og_title":"88 a\u00f1os de historia - Gente de B\u00e1squet","og_description":"Se celebra este 11 de enero el aniversario de la Asociaci\u00f3n Bahiense de B\u00e1squet","og_url":"https:\/\/gentedebasquet.com.ar\/sitio\/2017\/01\/11\/88-anos-de-historia\/","og_site_name":"Gente de B\u00e1squet","article_published_time":"2017-01-11T13:05:53+00:00","og_image":[{"width":690,"height":319,"url":"https:\/\/gentedebasquet.com.ar\/sitio\/wp-content\/uploads\/2016\/01\/Asamblea.jpg","type":"image\/jpeg"}],"author":"Gente de B\u00e1squet","twitter_card":"summary_large_image","twitter_misc":{"Escrito por":"Gente de B\u00e1squet","Tiempo de lectura":"4 minutos"},"schema":{"@context":"https:\/\/schema.org","@graph":[{"@type":"Article","@id":"https:\/\/gentedebasquet.com.ar\/sitio\/2017\/01\/11\/88-anos-de-historia\/#article","isPartOf":{"@id":"https:\/\/gentedebasquet.com.ar\/sitio\/2017\/01\/11\/88-anos-de-historia\/"},"author":{"name":"Gente de B\u00e1squet","@id":"https:\/\/gentedebasquet.com.ar\/sitio\/#\/schema\/person\/ca0b63bbb977369988a7bbbdc519943a"},"headline":"88 a\u00f1os de historia","datePublished":"2017-01-11T13:05:53+00:00","mainEntityOfPage":{"@id":"https:\/\/gentedebasquet.com.ar\/sitio\/2017\/01\/11\/88-anos-de-historia\/"},"wordCount":870,"image":{"@id":"https:\/\/gentedebasquet.com.ar\/sitio\/2017\/01\/11\/88-anos-de-historia\/#primaryimage"},"thumbnailUrl":"https:\/\/gentedebasquet.com.ar\/sitio\/wp-content\/uploads\/2016\/01\/Asamblea.jpg","keywords":["ABB","Bah\u00eda Blanca"],"articleSection":["#Overtime","Slide"],"inLanguage":"es"},{"@type":"WebPage","@id":"https:\/\/gentedebasquet.com.ar\/sitio\/2017\/01\/11\/88-anos-de-historia\/","url":"https:\/\/gentedebasquet.com.ar\/sitio\/2017\/01\/11\/88-anos-de-historia\/","name":"88 a\u00f1os de historia - Gente de B\u00e1squet","isPartOf":{"@id":"https:\/\/gentedebasquet.com.ar\/sitio\/#website"},"primaryImageOfPage":{"@id":"https:\/\/gentedebasquet.com.ar\/sitio\/2017\/01\/11\/88-anos-de-historia\/#primaryimage"},"image":{"@id":"https:\/\/gentedebasquet.com.ar\/sitio\/2017\/01\/11\/88-anos-de-historia\/#primaryimage"},"thumbnailUrl":"https:\/\/gentedebasquet.com.ar\/sitio\/wp-content\/uploads\/2016\/01\/Asamblea.jpg","datePublished":"2017-01-11T13:05:53+00:00","author":{"@id":"https:\/\/gentedebasquet.com.ar\/sitio\/#\/schema\/person\/ca0b63bbb977369988a7bbbdc519943a"},"breadcrumb":{"@id":"https:\/\/gentedebasquet.com.ar\/sitio\/2017\/01\/11\/88-anos-de-historia\/#breadcrumb"},"inLanguage":"es","potentialAction":[{"@type":"ReadAction","target":["https:\/\/gentedebasquet.com.ar\/sitio\/2017\/01\/11\/88-anos-de-historia\/"]}]},{"@type":"ImageObject","inLanguage":"es","@id":"https:\/\/gentedebasquet.com.ar\/sitio\/2017\/01\/11\/88-anos-de-historia\/#primaryimage","url":"https:\/\/gentedebasquet.com.ar\/sitio\/wp-content\/uploads\/2016\/01\/Asamblea.jpg","contentUrl":"https:\/\/gentedebasquet.com.ar\/sitio\/wp-content\/uploads\/2016\/01\/Asamblea.jpg","width":690,"height":319},{"@type":"BreadcrumbList","@id":"https:\/\/gentedebasquet.com.ar\/sitio\/2017\/01\/11\/88-anos-de-historia\/#breadcrumb","itemListElement":[{"@type":"ListItem","position":1,"name":"Portada","item":"https:\/\/gentedebasquet.com.ar\/sitio\/"},{"@type":"ListItem","position":2,"name":"88 a\u00f1os de historia"}]},{"@type":"WebSite","@id":"https:\/\/gentedebasquet.com.ar\/sitio\/#website","url":"https:\/\/gentedebasquet.com.ar\/sitio\/","name":"Gente de B\u00e1squet","description":"La revista del basquet de Bah\u00eda Blanca","potentialAction":[{"@type":"SearchAction","target":{"@type":"EntryPoint","urlTemplate":"https:\/\/gentedebasquet.com.ar\/sitio\/?s={search_term_string}"},"query-input":{"@type":"PropertyValueSpecification","valueRequired":true,"valueName":"search_term_string"}}],"inLanguage":"es"},{"@type":"Person","@id":"https:\/\/gentedebasquet.com.ar\/sitio\/#\/schema\/person\/ca0b63bbb977369988a7bbbdc519943a","name":"Gente de B\u00e1squet","image":{"@type":"ImageObject","inLanguage":"es","@id":"https:\/\/secure.gravatar.com\/avatar\/7f2c48bdc33b30088f941fb6082e555f2874c98e20cb159d7b92b50eadfce793?s=96&d=mm&r=g","url":"https:\/\/secure.gravatar.com\/avatar\/7f2c48bdc33b30088f941fb6082e555f2874c98e20cb159d7b92b50eadfce793?s=96&d=mm&r=g","contentUrl":"https:\/\/secure.gravatar.com\/avatar\/7f2c48bdc33b30088f941fb6082e555f2874c98e20cb159d7b92b50eadfce793?s=96&d=mm&r=g","caption":"Gente de B\u00e1squet"},"sameAs":["http:\/\/gentedebasquet.com.ar\/sitio"],"url":"https:\/\/gentedebasquet.com.ar\/sitio\/author\/ulises\/"}]}},"_links":{"self":[{"href":"https:\/\/gentedebasquet.com.ar\/sitio\/wp-json\/wp\/v2\/posts\/68349","targetHints":{"allow":["GET"]}}],"collection":[{"href":"https:\/\/gentedebasquet.com.ar\/sitio\/wp-json\/wp\/v2\/posts"}],"about":[{"href":"https:\/\/gentedebasquet.com.ar\/sitio\/wp-json\/wp\/v2\/types\/post"}],"author":[{"embeddable":true,"href":"https:\/\/gentedebasquet.com.ar\/sitio\/wp-json\/wp\/v2\/users\/1"}],"replies":[{"embeddable":true,"href":"https:\/\/gentedebasquet.com.ar\/sitio\/wp-json\/wp\/v2\/comments?post=68349"}],"version-history":[{"count":0,"href":"https:\/\/gentedebasquet.com.ar\/sitio\/wp-json\/wp\/v2\/posts\/68349\/revisions"}],"wp:featuredmedia":[{"embeddable":true,"href":"https:\/\/gentedebasquet.com.ar\/sitio\/wp-json\/wp\/v2\/media\/55813"}],"wp:attachment":[{"href":"https:\/\/gentedebasquet.com.ar\/sitio\/wp-json\/wp\/v2\/media?parent=68349"}],"wp:term":[{"taxonomy":"category","embeddable":true,"href":"https:\/\/gentedebasquet.com.ar\/sitio\/wp-json\/wp\/v2\/categories?post=68349"},{"taxonomy":"post_tag","embeddable":true,"href":"https:\/\/gentedebasquet.com.ar\/sitio\/wp-json\/wp\/v2\/tags?post=68349"}],"curies":[{"name":"wp","href":"https:\/\/api.w.org\/{rel}","templated":true}]}}