{"id":68371,"date":"2017-01-11T23:57:09","date_gmt":"2017-01-12T02:57:09","guid":{"rendered":"http:\/\/www.gentedebasquet.com.ar\/?p=68371"},"modified":"2017-01-11T23:57:09","modified_gmt":"2017-01-12T02:57:09","slug":"el-sueno-ya-esta-en-marcha","status":"publish","type":"post","link":"https:\/\/gentedebasquet.com.ar\/sitio\/2017\/01\/11\/el-sueno-ya-esta-en-marcha\/","title":{"rendered":"El sue\u00f1o ya est\u00e1 en marcha"},"content":{"rendered":"<p><strong>El sue\u00f1o, de a poco, cobra forma. Este mi\u00e9rcoles, en CeNARD, se llev\u00f3 a cabo el lanzamiento oficial de la candidatura de Argentina y Uruguay para el Mundial 2023. El anuncio cont\u00f3 con la presencia del Ministro de Educaci\u00f3n\u00a0y Deporte, Esteban Bullrich, el Secretario de Deportes uruguayo, Fernando C\u00e1ceres, y los presidentes de ambas federaciones: Federico Susbielles (CABB) y Ricardo Vairo (FUBB).<\/strong><\/p>\n<p>\u201cDebemos\u00a0seguir buscando esto que nos une. Lo que pretendemos\u00a0con esta candidatura es, tambi\u00e9n, profundizar la hermandad con los hermanos uruguayos. Tenemos muchas m\u00e1s cosas en com\u00fan que las que nos separan. Considero un orgullo concretar la postulaci\u00f3n conjunta. Creo que trasciende al deporte y nos acerca como pa\u00edses vecinos\u201d, indic\u00f3 Bullrich en sus primeros conceptos. Y de esa manera, resumi\u00f3 con claridad el eje argumental que tuvo la conferencia de prensa: una relaci\u00f3n cercana y sincera\u00a0entre ambos pa\u00edses derivar\u00e1 irremediablemente en una candidatura m\u00e1s seductora\u00a0para FIBA.<\/p>\n<p>\u201cCuando empezamos a transitar el camino de la postulaci\u00f3n dijimos que quer\u00edamos construir una candidatura seria, responsable, sustentable y realizable. Y en eso hemos trabajado conjuntamente: en la importancia\u00a0de mostrar solidez. Cumplimos con todas las premisas de FIBA y a la vez creo que presentamos un proyecto verdaderamente conjunto. No es que nos unimos a Uruguay para cumplir por\u00a0la demanda de la multisede. Tenemos principios en com\u00fan con la Federaci\u00f3n Uruguaya y una historia que nos respalda. Entendemos el b\u00e1squet, el deporte y la cultura de la misma manera. Y considero que eso nos puede dar una ventaja comparativa\u201d, manifest\u00f3 Susbielles. Y acot\u00f3: \u201cNos parece importante, desde CABB, agradecer el fuerte respaldo que recibimos tanto del Ministerio de Educaci\u00f3n y Deporte como de la Secretar\u00eda de Deportes desde el mismo d\u00eda en que nos presentamos con la idea. Nos acompa\u00f1aron siempre y colaboraron en todo para que la postulaci\u00f3n cobrara fuerza\u201d.<\/p>\n<blockquote class=\"twitter-video\" data-lang=\"es\">\n<p dir=\"ltr\" lang=\"pt\">Discurso de apertura de <a href=\"https:\/\/twitter.com\/fsusbielles\">@fsusbielles<\/a> <a href=\"https:\/\/t.co\/5bLHe17OsE\">pic.twitter.com\/5bLHe17OsE<\/a><\/p>\n<p>\u2014 CABB (@cabboficial) <a href=\"https:\/\/twitter.com\/cabboficial\/status\/819316915038470146\">11 de enero de 2017<\/a><\/p><\/blockquote>\n<p><script src=\"\/\/platform.twitter.com\/widgets.js\" async=\"\" charset=\"utf-8\"><\/script><\/p>\n<p>Por su parte, Ricardo Vairo se mostr\u00f3 feliz y resalt\u00f3 el valor que tiene para la Federaci\u00f3n vecina la postulaci\u00f3n. \u201cEs un gran honor y un desaf\u00edo. Hasta hace pocos meses era, incluso, una utop\u00eda para la Federaci\u00f3n Uruguaya pensar en una postulaci\u00f3n de este tipo. Y me alegra que haya tomado forma. Lo tomo como un sue\u00f1o por el que empezaremos a trabajar en conjunto desde hoy mismo, junto con la Secretar\u00eda de Deportes de ambos pa\u00edses y CABB. Creo que la candidatura misma ya es algo m\u00e1s que importante para el b\u00e1squet del R\u00edo de la Plata\u201d.<\/p>\n<p>\u00bfCu\u00e1ndo habr\u00e1 definiciones? El pr\u00f3ximo mi\u00e9rcoles 18, ambas federaciones presentar\u00e1n un cuestionario requerido por FIBA para todos los postulantes en el que se detallar\u00e1n respaldos, infraestructura y objetivos. A fines de febrero, en la reuni\u00f3n del Bur\u00f3 Central, el m\u00e1ximo ente designar\u00e1 a las cuatro sedes finalistas y sobre el mes de noviembre de este mismo a\u00f1o se conocer\u00e1 al candidato vencedor. Durante los meses previos, se organizar\u00e1n distintos seminarios y tambi\u00e9n visitas a las posibles sedes de una comisi\u00f3n especial de FIBA.<\/p>\n<blockquote class=\"twitter-video\" data-lang=\"es\">\n<p lang=\"es\" dir=\"ltr\">Video con lo mejor de la presentaci\u00f3n de ayer en CeNARD, donde se formaliz\u00f3 la propuesta conjunta entre ARG y URU para el Mundial 2023. <a href=\"https:\/\/t.co\/QEvxN6yaIE\">pic.twitter.com\/QEvxN6yaIE<\/a><\/p>\n<p>&mdash; CABB (@cabboficial) <a href=\"https:\/\/twitter.com\/cabboficial\/status\/819577312681357313\">12 de enero de 2017<\/a><\/p><\/blockquote>\n<p><script async src=\"\/\/platform.twitter.com\/widgets.js\" charset=\"utf-8\"><\/script><\/p>\n<p>\u201cPara nosotros es una oportunidad de consolidar los procesos de integraci\u00f3n de dos pa\u00edses que venimos de una misma ra\u00edz cultural y que en el espacio del deporte tenemos un largo camino recorrido y un potencial de camino a recorrer tambi\u00e9n muy rico. Los grandes eventos deportivos traen siempre grandes posibilidades de desarrollo. Desarrollo integral para la regi\u00f3n. Hoy en d\u00eda, los entes oficiales demandan exigencias muy altas para la organizaci\u00f3n de cert\u00e1menes y son muy pocos los pa\u00edses que pueden hacer frente a una postulaci\u00f3n con exclusividad\u201d, argument\u00f3, con excelente explicaci\u00f3n, el Secretario C\u00e1ceres. Y redonde\u00f3 su concepto: \u201cEl hecho de poder asociarnos con Argentina, que tiene posibilidades objetivamente superiores a nosotros para albergar un torneo de esta magnitud, es una oportunidad para Uruguay. Desde el punto de vista deportivo, cultural y social nos sirve, adem\u00e1s, para reafirmar lazos de hermandad y proyectar nuestro desarrollo conjunto. Por otro lado, est\u00e1 demostrado que campeonatos de este tipo inciden en el mejoramiento de la infraestructura y la pr\u00e1ctica del deporte\u201d.<\/p>\n<p>Vale recordar que Argentina ya organiz\u00f3 dos veces el Mundial de la disciplina. En 1950, donde se adjudic\u00f3 el t\u00edtulo, y en 1990, donde concluy\u00f3 en el octavo puesto. Uruguay, por su parte, fue anfitriona de la m\u00e1xima cita del b\u00e1squet en 1967.<\/p>\n<p><strong>Informe:<\/strong> Germ\u00e1n Beder (Prensa CABB).<\/p>\n<p><strong>Foto:<\/strong> Prensa CABB.<\/p>\n","protected":false},"excerpt":{"rendered":"<p>Lanzaron oficialmente la candidatura de Argentina y Uruguay para el Mundial 2023<\/p>\n","protected":false},"author":1,"featured_media":68369,"comment_status":"closed","ping_status":"open","sticky":false,"template":"","format":"standard","meta":{"jnews-multi-image_gallery":[],"jnews_single_post":[],"jnews_primary_category":[],"footnotes":""},"categories":[24,61,101],"tags":[720,1485,143,393,1512,1486,402,757],"class_list":["post-68371","post","type-post","status-publish","format-standard","has-post-thumbnail","hentry","category-overtime","category-selecciones-nacionales","category-slide","tag-argentina","tag-argentina-2023","tag-cabb","tag-federico-susbielles","tag-fubb","tag-mundial-2023","tag-seleccion-argentina","tag-uruguay"],"yoast_head":"<!-- This site is optimized with the Yoast SEO plugin v27.5 - https:\/\/yoast.com\/product\/yoast-seo-wordpress\/ -->\n<title>El sue\u00f1o ya est\u00e1 en marcha - Gente de B\u00e1squet<\/title>\n<meta name=\"robots\" content=\"index, follow, max-snippet:-1, max-image-preview:large, max-video-preview:-1\" \/>\n<link rel=\"canonical\" href=\"http:\/\/gentedebasquet.com.ar\/sitio\/2017\/01\/11\/el-sueno-ya-esta-en-marcha\/\" \/>\n<meta property=\"og:locale\" content=\"es_ES\" \/>\n<meta property=\"og:type\" content=\"article\" \/>\n<meta property=\"og:title\" content=\"El sue\u00f1o ya est\u00e1 en marcha - Gente de B\u00e1squet\" \/>\n<meta property=\"og:description\" content=\"Lanzaron oficialmente la candidatura de Argentina y Uruguay para el Mundial 2023\" \/>\n<meta property=\"og:url\" content=\"http:\/\/gentedebasquet.com.ar\/sitio\/2017\/01\/11\/el-sueno-ya-esta-en-marcha\/\" \/>\n<meta property=\"og:site_name\" content=\"Gente de B\u00e1squet\" \/>\n<meta property=\"article:published_time\" content=\"2017-01-12T02:57:09+00:00\" \/>\n<meta property=\"og:image\" content=\"http:\/\/gentedebasquet.com.ar\/sitio\/wp-content\/uploads\/2017\/01\/CABB-2.jpg\" \/>\n\t<meta property=\"og:image:width\" content=\"690\" \/>\n\t<meta property=\"og:image:height\" content=\"319\" \/>\n\t<meta property=\"og:image:type\" content=\"image\/jpeg\" \/>\n<meta name=\"author\" content=\"Gente de B\u00e1squet\" \/>\n<meta name=\"twitter:card\" content=\"summary_large_image\" \/>\n<meta name=\"twitter:label1\" content=\"Escrito por\" \/>\n\t<meta name=\"twitter:data1\" content=\"Gente de B\u00e1squet\" \/>\n\t<meta name=\"twitter:label2\" content=\"Tiempo de lectura\" \/>\n\t<meta name=\"twitter:data2\" content=\"4 minutos\" \/>\n<script type=\"application\/ld+json\" class=\"yoast-schema-graph\">{\"@context\":\"https:\\\/\\\/schema.org\",\"@graph\":[{\"@type\":\"Article\",\"@id\":\"http:\\\/\\\/gentedebasquet.com.ar\\\/sitio\\\/2017\\\/01\\\/11\\\/el-sueno-ya-esta-en-marcha\\\/#article\",\"isPartOf\":{\"@id\":\"http:\\\/\\\/gentedebasquet.com.ar\\\/sitio\\\/2017\\\/01\\\/11\\\/el-sueno-ya-esta-en-marcha\\\/\"},\"author\":{\"name\":\"Gente de B\u00e1squet\",\"@id\":\"https:\\\/\\\/gentedebasquet.com.ar\\\/sitio\\\/#\\\/schema\\\/person\\\/ca0b63bbb977369988a7bbbdc519943a\"},\"headline\":\"El sue\u00f1o ya est\u00e1 en marcha\",\"datePublished\":\"2017-01-12T02:57:09+00:00\",\"mainEntityOfPage\":{\"@id\":\"http:\\\/\\\/gentedebasquet.com.ar\\\/sitio\\\/2017\\\/01\\\/11\\\/el-sueno-ya-esta-en-marcha\\\/\"},\"wordCount\":824,\"image\":{\"@id\":\"http:\\\/\\\/gentedebasquet.com.ar\\\/sitio\\\/2017\\\/01\\\/11\\\/el-sueno-ya-esta-en-marcha\\\/#primaryimage\"},\"thumbnailUrl\":\"https:\\\/\\\/gentedebasquet.com.ar\\\/sitio\\\/wp-content\\\/uploads\\\/2017\\\/01\\\/CABB-2.jpg\",\"keywords\":[\"Argentina\",\"Argentina 2023\",\"CABB\",\"Federico Susbielles\",\"FUBB\",\"Mundial 2023\",\"Selecci\u00f3n Argentina\",\"Uruguay\"],\"articleSection\":[\"#Overtime\",\"Selecciones Nacionales\",\"Slide\"],\"inLanguage\":\"es\"},{\"@type\":\"WebPage\",\"@id\":\"http:\\\/\\\/gentedebasquet.com.ar\\\/sitio\\\/2017\\\/01\\\/11\\\/el-sueno-ya-esta-en-marcha\\\/\",\"url\":\"http:\\\/\\\/gentedebasquet.com.ar\\\/sitio\\\/2017\\\/01\\\/11\\\/el-sueno-ya-esta-en-marcha\\\/\",\"name\":\"El sue\u00f1o ya est\u00e1 en marcha - Gente de B\u00e1squet\",\"isPartOf\":{\"@id\":\"https:\\\/\\\/gentedebasquet.com.ar\\\/sitio\\\/#website\"},\"primaryImageOfPage\":{\"@id\":\"http:\\\/\\\/gentedebasquet.com.ar\\\/sitio\\\/2017\\\/01\\\/11\\\/el-sueno-ya-esta-en-marcha\\\/#primaryimage\"},\"image\":{\"@id\":\"http:\\\/\\\/gentedebasquet.com.ar\\\/sitio\\\/2017\\\/01\\\/11\\\/el-sueno-ya-esta-en-marcha\\\/#primaryimage\"},\"thumbnailUrl\":\"https:\\\/\\\/gentedebasquet.com.ar\\\/sitio\\\/wp-content\\\/uploads\\\/2017\\\/01\\\/CABB-2.jpg\",\"datePublished\":\"2017-01-12T02:57:09+00:00\",\"author\":{\"@id\":\"https:\\\/\\\/gentedebasquet.com.ar\\\/sitio\\\/#\\\/schema\\\/person\\\/ca0b63bbb977369988a7bbbdc519943a\"},\"breadcrumb\":{\"@id\":\"http:\\\/\\\/gentedebasquet.com.ar\\\/sitio\\\/2017\\\/01\\\/11\\\/el-sueno-ya-esta-en-marcha\\\/#breadcrumb\"},\"inLanguage\":\"es\",\"potentialAction\":[{\"@type\":\"ReadAction\",\"target\":[\"http:\\\/\\\/gentedebasquet.com.ar\\\/sitio\\\/2017\\\/01\\\/11\\\/el-sueno-ya-esta-en-marcha\\\/\"]}]},{\"@type\":\"ImageObject\",\"inLanguage\":\"es\",\"@id\":\"http:\\\/\\\/gentedebasquet.com.ar\\\/sitio\\\/2017\\\/01\\\/11\\\/el-sueno-ya-esta-en-marcha\\\/#primaryimage\",\"url\":\"https:\\\/\\\/gentedebasquet.com.ar\\\/sitio\\\/wp-content\\\/uploads\\\/2017\\\/01\\\/CABB-2.jpg\",\"contentUrl\":\"https:\\\/\\\/gentedebasquet.com.ar\\\/sitio\\\/wp-content\\\/uploads\\\/2017\\\/01\\\/CABB-2.jpg\",\"width\":690,\"height\":319},{\"@type\":\"BreadcrumbList\",\"@id\":\"http:\\\/\\\/gentedebasquet.com.ar\\\/sitio\\\/2017\\\/01\\\/11\\\/el-sueno-ya-esta-en-marcha\\\/#breadcrumb\",\"itemListElement\":[{\"@type\":\"ListItem\",\"position\":1,\"name\":\"Portada\",\"item\":\"https:\\\/\\\/gentedebasquet.com.ar\\\/sitio\\\/\"},{\"@type\":\"ListItem\",\"position\":2,\"name\":\"El sue\u00f1o ya est\u00e1 en marcha\"}]},{\"@type\":\"WebSite\",\"@id\":\"https:\\\/\\\/gentedebasquet.com.ar\\\/sitio\\\/#website\",\"url\":\"https:\\\/\\\/gentedebasquet.com.ar\\\/sitio\\\/\",\"name\":\"Gente de B\u00e1squet\",\"description\":\"La revista del basquet de Bah\u00eda Blanca\",\"potentialAction\":[{\"@type\":\"SearchAction\",\"target\":{\"@type\":\"EntryPoint\",\"urlTemplate\":\"https:\\\/\\\/gentedebasquet.com.ar\\\/sitio\\\/?s={search_term_string}\"},\"query-input\":{\"@type\":\"PropertyValueSpecification\",\"valueRequired\":true,\"valueName\":\"search_term_string\"}}],\"inLanguage\":\"es\"},{\"@type\":\"Person\",\"@id\":\"https:\\\/\\\/gentedebasquet.com.ar\\\/sitio\\\/#\\\/schema\\\/person\\\/ca0b63bbb977369988a7bbbdc519943a\",\"name\":\"Gente de B\u00e1squet\",\"image\":{\"@type\":\"ImageObject\",\"inLanguage\":\"es\",\"@id\":\"https:\\\/\\\/secure.gravatar.com\\\/avatar\\\/7f2c48bdc33b30088f941fb6082e555f2874c98e20cb159d7b92b50eadfce793?s=96&d=mm&r=g\",\"url\":\"https:\\\/\\\/secure.gravatar.com\\\/avatar\\\/7f2c48bdc33b30088f941fb6082e555f2874c98e20cb159d7b92b50eadfce793?s=96&d=mm&r=g\",\"contentUrl\":\"https:\\\/\\\/secure.gravatar.com\\\/avatar\\\/7f2c48bdc33b30088f941fb6082e555f2874c98e20cb159d7b92b50eadfce793?s=96&d=mm&r=g\",\"caption\":\"Gente de B\u00e1squet\"},\"sameAs\":[\"http:\\\/\\\/gentedebasquet.com.ar\\\/sitio\"],\"url\":\"https:\\\/\\\/gentedebasquet.com.ar\\\/sitio\\\/author\\\/ulises\\\/\"}]}<\/script>\n<!-- \/ Yoast SEO plugin. -->","yoast_head_json":{"title":"El sue\u00f1o ya est\u00e1 en marcha - Gente de B\u00e1squet","robots":{"index":"index","follow":"follow","max-snippet":"max-snippet:-1","max-image-preview":"max-image-preview:large","max-video-preview":"max-video-preview:-1"},"canonical":"http:\/\/gentedebasquet.com.ar\/sitio\/2017\/01\/11\/el-sueno-ya-esta-en-marcha\/","og_locale":"es_ES","og_type":"article","og_title":"El sue\u00f1o ya est\u00e1 en marcha - Gente de B\u00e1squet","og_description":"Lanzaron oficialmente la candidatura de Argentina y Uruguay para el Mundial 2023","og_url":"http:\/\/gentedebasquet.com.ar\/sitio\/2017\/01\/11\/el-sueno-ya-esta-en-marcha\/","og_site_name":"Gente de B\u00e1squet","article_published_time":"2017-01-12T02:57:09+00:00","og_image":[{"width":690,"height":319,"url":"http:\/\/gentedebasquet.com.ar\/sitio\/wp-content\/uploads\/2017\/01\/CABB-2.jpg","type":"image\/jpeg"}],"author":"Gente de B\u00e1squet","twitter_card":"summary_large_image","twitter_misc":{"Escrito por":"Gente de B\u00e1squet","Tiempo de lectura":"4 minutos"},"schema":{"@context":"https:\/\/schema.org","@graph":[{"@type":"Article","@id":"http:\/\/gentedebasquet.com.ar\/sitio\/2017\/01\/11\/el-sueno-ya-esta-en-marcha\/#article","isPartOf":{"@id":"http:\/\/gentedebasquet.com.ar\/sitio\/2017\/01\/11\/el-sueno-ya-esta-en-marcha\/"},"author":{"name":"Gente de B\u00e1squet","@id":"https:\/\/gentedebasquet.com.ar\/sitio\/#\/schema\/person\/ca0b63bbb977369988a7bbbdc519943a"},"headline":"El sue\u00f1o ya est\u00e1 en marcha","datePublished":"2017-01-12T02:57:09+00:00","mainEntityOfPage":{"@id":"http:\/\/gentedebasquet.com.ar\/sitio\/2017\/01\/11\/el-sueno-ya-esta-en-marcha\/"},"wordCount":824,"image":{"@id":"http:\/\/gentedebasquet.com.ar\/sitio\/2017\/01\/11\/el-sueno-ya-esta-en-marcha\/#primaryimage"},"thumbnailUrl":"https:\/\/gentedebasquet.com.ar\/sitio\/wp-content\/uploads\/2017\/01\/CABB-2.jpg","keywords":["Argentina","Argentina 2023","CABB","Federico Susbielles","FUBB","Mundial 2023","Selecci\u00f3n Argentina","Uruguay"],"articleSection":["#Overtime","Selecciones Nacionales","Slide"],"inLanguage":"es"},{"@type":"WebPage","@id":"http:\/\/gentedebasquet.com.ar\/sitio\/2017\/01\/11\/el-sueno-ya-esta-en-marcha\/","url":"http:\/\/gentedebasquet.com.ar\/sitio\/2017\/01\/11\/el-sueno-ya-esta-en-marcha\/","name":"El sue\u00f1o ya est\u00e1 en marcha - Gente de B\u00e1squet","isPartOf":{"@id":"https:\/\/gentedebasquet.com.ar\/sitio\/#website"},"primaryImageOfPage":{"@id":"http:\/\/gentedebasquet.com.ar\/sitio\/2017\/01\/11\/el-sueno-ya-esta-en-marcha\/#primaryimage"},"image":{"@id":"http:\/\/gentedebasquet.com.ar\/sitio\/2017\/01\/11\/el-sueno-ya-esta-en-marcha\/#primaryimage"},"thumbnailUrl":"https:\/\/gentedebasquet.com.ar\/sitio\/wp-content\/uploads\/2017\/01\/CABB-2.jpg","datePublished":"2017-01-12T02:57:09+00:00","author":{"@id":"https:\/\/gentedebasquet.com.ar\/sitio\/#\/schema\/person\/ca0b63bbb977369988a7bbbdc519943a"},"breadcrumb":{"@id":"http:\/\/gentedebasquet.com.ar\/sitio\/2017\/01\/11\/el-sueno-ya-esta-en-marcha\/#breadcrumb"},"inLanguage":"es","potentialAction":[{"@type":"ReadAction","target":["http:\/\/gentedebasquet.com.ar\/sitio\/2017\/01\/11\/el-sueno-ya-esta-en-marcha\/"]}]},{"@type":"ImageObject","inLanguage":"es","@id":"http:\/\/gentedebasquet.com.ar\/sitio\/2017\/01\/11\/el-sueno-ya-esta-en-marcha\/#primaryimage","url":"https:\/\/gentedebasquet.com.ar\/sitio\/wp-content\/uploads\/2017\/01\/CABB-2.jpg","contentUrl":"https:\/\/gentedebasquet.com.ar\/sitio\/wp-content\/uploads\/2017\/01\/CABB-2.jpg","width":690,"height":319},{"@type":"BreadcrumbList","@id":"http:\/\/gentedebasquet.com.ar\/sitio\/2017\/01\/11\/el-sueno-ya-esta-en-marcha\/#breadcrumb","itemListElement":[{"@type":"ListItem","position":1,"name":"Portada","item":"https:\/\/gentedebasquet.com.ar\/sitio\/"},{"@type":"ListItem","position":2,"name":"El sue\u00f1o ya est\u00e1 en marcha"}]},{"@type":"WebSite","@id":"https:\/\/gentedebasquet.com.ar\/sitio\/#website","url":"https:\/\/gentedebasquet.com.ar\/sitio\/","name":"Gente de B\u00e1squet","description":"La revista del basquet de Bah\u00eda Blanca","potentialAction":[{"@type":"SearchAction","target":{"@type":"EntryPoint","urlTemplate":"https:\/\/gentedebasquet.com.ar\/sitio\/?s={search_term_string}"},"query-input":{"@type":"PropertyValueSpecification","valueRequired":true,"valueName":"search_term_string"}}],"inLanguage":"es"},{"@type":"Person","@id":"https:\/\/gentedebasquet.com.ar\/sitio\/#\/schema\/person\/ca0b63bbb977369988a7bbbdc519943a","name":"Gente de B\u00e1squet","image":{"@type":"ImageObject","inLanguage":"es","@id":"https:\/\/secure.gravatar.com\/avatar\/7f2c48bdc33b30088f941fb6082e555f2874c98e20cb159d7b92b50eadfce793?s=96&d=mm&r=g","url":"https:\/\/secure.gravatar.com\/avatar\/7f2c48bdc33b30088f941fb6082e555f2874c98e20cb159d7b92b50eadfce793?s=96&d=mm&r=g","contentUrl":"https:\/\/secure.gravatar.com\/avatar\/7f2c48bdc33b30088f941fb6082e555f2874c98e20cb159d7b92b50eadfce793?s=96&d=mm&r=g","caption":"Gente de B\u00e1squet"},"sameAs":["http:\/\/gentedebasquet.com.ar\/sitio"],"url":"https:\/\/gentedebasquet.com.ar\/sitio\/author\/ulises\/"}]}},"_links":{"self":[{"href":"https:\/\/gentedebasquet.com.ar\/sitio\/wp-json\/wp\/v2\/posts\/68371","targetHints":{"allow":["GET"]}}],"collection":[{"href":"https:\/\/gentedebasquet.com.ar\/sitio\/wp-json\/wp\/v2\/posts"}],"about":[{"href":"https:\/\/gentedebasquet.com.ar\/sitio\/wp-json\/wp\/v2\/types\/post"}],"author":[{"embeddable":true,"href":"https:\/\/gentedebasquet.com.ar\/sitio\/wp-json\/wp\/v2\/users\/1"}],"replies":[{"embeddable":true,"href":"https:\/\/gentedebasquet.com.ar\/sitio\/wp-json\/wp\/v2\/comments?post=68371"}],"version-history":[{"count":0,"href":"https:\/\/gentedebasquet.com.ar\/sitio\/wp-json\/wp\/v2\/posts\/68371\/revisions"}],"wp:featuredmedia":[{"embeddable":true,"href":"https:\/\/gentedebasquet.com.ar\/sitio\/wp-json\/wp\/v2\/media\/68369"}],"wp:attachment":[{"href":"https:\/\/gentedebasquet.com.ar\/sitio\/wp-json\/wp\/v2\/media?parent=68371"}],"wp:term":[{"taxonomy":"category","embeddable":true,"href":"https:\/\/gentedebasquet.com.ar\/sitio\/wp-json\/wp\/v2\/categories?post=68371"},{"taxonomy":"post_tag","embeddable":true,"href":"https:\/\/gentedebasquet.com.ar\/sitio\/wp-json\/wp\/v2\/tags?post=68371"}],"curies":[{"name":"wp","href":"https:\/\/api.w.org\/{rel}","templated":true}]}}