{"id":68494,"date":"2017-01-22T23:23:16","date_gmt":"2017-01-23T02:23:16","guid":{"rendered":"http:\/\/www.gentedebasquet.com.ar\/?p=68494"},"modified":"2017-01-22T23:23:16","modified_gmt":"2017-01-23T02:23:16","slug":"olimpo-se-afianza-en-la-cima","status":"publish","type":"post","link":"https:\/\/gentedebasquet.com.ar\/sitio\/2017\/01\/22\/olimpo-se-afianza-en-la-cima\/","title":{"rendered":"Olimpo se afianza en la cima"},"content":{"rendered":"<p><strong>La octava victoria consecutiva, tercera en el 2017 y en su primer juego como visitante consigui\u00f3 Olimpo, el l\u00edder de la Conferencia Sur del TNA. Super\u00f3 a La Uni\u00f3n de Col\u00f3n por 89 a 86 con dos rendimientos sobresalientes: Christian Schoppler anot\u00f3 28 puntos con 6\/10 en triples; mientras que Valent\u00edn Bettiga colabor\u00f3 con 14 tantos y 10 recobres. Este martes, el aurinegro visitar\u00e1 a Parque Sur; en tanto, el jueves ir\u00e1 a la cancha de Tom\u00e1s de Rocamora.<\/strong><\/p>\n<p>En un primer tiempo muy parejo e igualado, la visita fue un poco mejor y sobre todo solidario en ofensiva, eso le permiti\u00f3 tomar una peque\u00f1a ventaja en los primeros 20 minutos del partido.<\/p>\n<p>La Uni\u00f3n apost\u00f3 al individualismo y ah\u00ed florecieron Manuel Buendia y Rakim Brown. Olimpo se bas\u00f3 en el gran poder ofensivo de Christian Schoppler. El elenco bahiense se fue con cuatro puntos a favor al descanso largo.<\/p>\n<p>En el tercer cuarto, La Uni\u00f3n fue amo y se\u00f1or del partido, siempre con Buendia y Brown como principales ejes ofensivos y gracias a sus aportes, no s\u00f3lo que recort\u00f3 esa m\u00ednima desventaja, si no que pas\u00f3 a ganarlo por nueve unidades.<\/p>\n<p>Pero todo lo bueno que hizo el Rojo en el inicio del segundo tiempo, no le sali\u00f3 en el cuarto final y el aro se cerr\u00f3 por completo.<\/p>\n<p>Olimpo aprovech\u00f3 ese bache ofensivo en los colonenses y gracias a la gran noche de Schoppler, m\u00e1s las buenas tareas de Bettiga y Lucas Mar\u00edn en ese lapso, la visita pas\u00f3 a comandar el juego.<\/p>\n<p>Cuando parec\u00eda que Olimpo iba a un triunfo relativamente c\u00f3modo, La Uni\u00f3n logr\u00f3 ponerse a dos puntos con 20 segundos por jugar, pero un oportuno triple de Schoppler, acab\u00f3 con las esperanzas locales.<\/p>\n<p>&nbsp;<\/p>\n<p><strong>S\u00edntesis |<\/strong> TNA &#8211; Conferencia Sur &#8211; Juego #19<\/p>\n<p><strong>La Uni\u00f3n (Col\u00f3n) 86:<\/strong> Carlos Buend\u00eda 27, Pablo Bilat 9, Rakim Brown 25, Facundo Mendoza 6, James Pegues II 8 (Fi); David Cabezas 7, Mat\u00edas Solanas 4 y Pablo Bogado 0. DT: Dami\u00e1n Gamarra.<\/p>\n<p><strong>Olimpo 89:<\/strong> Ramiro Iglesias 11, Christian Schoppler 28, Dwayne Smith 5, Jos\u00e9 Fabio 7, Thomas Granado 6 (Fi); Franco Pennacchiotti 10, Franco Ruesga 3, Valent\u00edn Bettiga 14 (x) y Lucas Mar\u00edn 5. DT: Franco Maceratesi.<\/p>\n<p><strong>Parciales:<\/strong> 22-24, 41-45 (19-21), 72-63 (31-18) y 86-89 (14-26).<\/p>\n<p><strong>\u00c1rbitros:<\/strong> Oscar Martinetto &#8211; Sebasti\u00e1n Vasallo.<\/p>\n<p><strong>Estadio:<\/strong> Carlos Jos\u00e9 Delasoie (La Uni\u00f3n).<\/p>\n<p><a href=\"http:\/\/www.fibalivestats.com\/u\/ADC\/534687\/bs.html\" target=\"_blank\" rel=\"noopener\">ESTAD\u00cdSTICAS OFICIALES<\/a><\/p>\n<p><strong>Fuente:<\/strong> Prensa La Uni\u00f3n.<\/p>\n","protected":false},"excerpt":{"rendered":"<p>Venci\u00f3 a La Uni\u00f3n de Col\u00f3n como visitante y alcanz\u00f3 su 8\u00ba triunfo en fila por el TNA<\/p>\n","protected":false},"author":1,"featured_media":67455,"comment_status":"closed","ping_status":"open","sticky":false,"template":"","format":"standard","meta":{"jnews-multi-image_gallery":[],"jnews_single_post":[],"jnews_primary_category":[],"footnotes":""},"categories":[112,39,101],"tags":[1406,1467,16,121,375],"class_list":["post-68494","post","type-post","status-publish","format-standard","has-post-thumbnail","hentry","category-tna","category-nacional","category-slide","tag-christian-schoppler","tag-la-union-colon","tag-olimpo","tag-tna","tag-valentin-bettiga"],"yoast_head":"<!-- This site is optimized with the Yoast SEO plugin v27.5 - https:\/\/yoast.com\/product\/yoast-seo-wordpress\/ -->\n<title>Olimpo se afianza en la cima - Gente de B\u00e1squet<\/title>\n<meta name=\"robots\" content=\"index, follow, max-snippet:-1, max-image-preview:large, max-video-preview:-1\" \/>\n<link rel=\"canonical\" href=\"https:\/\/gentedebasquet.com.ar\/sitio\/2017\/01\/22\/olimpo-se-afianza-en-la-cima\/\" \/>\n<meta property=\"og:locale\" content=\"es_ES\" \/>\n<meta property=\"og:type\" content=\"article\" \/>\n<meta property=\"og:title\" content=\"Olimpo se afianza en la cima - Gente de B\u00e1squet\" \/>\n<meta property=\"og:description\" content=\"Venci\u00f3 a La Uni\u00f3n de Col\u00f3n como visitante y alcanz\u00f3 su 8\u00ba triunfo en fila por el TNA\" \/>\n<meta property=\"og:url\" content=\"https:\/\/gentedebasquet.com.ar\/sitio\/2017\/01\/22\/olimpo-se-afianza-en-la-cima\/\" \/>\n<meta property=\"og:site_name\" content=\"Gente de B\u00e1squet\" \/>\n<meta property=\"article:published_time\" content=\"2017-01-23T02:23:16+00:00\" \/>\n<meta property=\"og:image\" content=\"https:\/\/gentedebasquet.com.ar\/sitio\/wp-content\/uploads\/2016\/12\/Schoppler-TNA-Olimpo.jpg\" \/>\n\t<meta property=\"og:image:width\" content=\"690\" \/>\n\t<meta property=\"og:image:height\" content=\"319\" \/>\n\t<meta property=\"og:image:type\" content=\"image\/jpeg\" \/>\n<meta name=\"author\" content=\"Gente de B\u00e1squet\" \/>\n<meta name=\"twitter:card\" content=\"summary_large_image\" \/>\n<meta name=\"twitter:label1\" content=\"Escrito por\" \/>\n\t<meta name=\"twitter:data1\" content=\"Gente de B\u00e1squet\" \/>\n\t<meta name=\"twitter:label2\" content=\"Tiempo de lectura\" \/>\n\t<meta name=\"twitter:data2\" content=\"2 minutos\" \/>\n<script type=\"application\/ld+json\" class=\"yoast-schema-graph\">{\"@context\":\"https:\\\/\\\/schema.org\",\"@graph\":[{\"@type\":\"Article\",\"@id\":\"https:\\\/\\\/gentedebasquet.com.ar\\\/sitio\\\/2017\\\/01\\\/22\\\/olimpo-se-afianza-en-la-cima\\\/#article\",\"isPartOf\":{\"@id\":\"https:\\\/\\\/gentedebasquet.com.ar\\\/sitio\\\/2017\\\/01\\\/22\\\/olimpo-se-afianza-en-la-cima\\\/\"},\"author\":{\"name\":\"Gente de B\u00e1squet\",\"@id\":\"https:\\\/\\\/gentedebasquet.com.ar\\\/sitio\\\/#\\\/schema\\\/person\\\/ca0b63bbb977369988a7bbbdc519943a\"},\"headline\":\"Olimpo se afianza en la cima\",\"datePublished\":\"2017-01-23T02:23:16+00:00\",\"mainEntityOfPage\":{\"@id\":\"https:\\\/\\\/gentedebasquet.com.ar\\\/sitio\\\/2017\\\/01\\\/22\\\/olimpo-se-afianza-en-la-cima\\\/\"},\"wordCount\":398,\"image\":{\"@id\":\"https:\\\/\\\/gentedebasquet.com.ar\\\/sitio\\\/2017\\\/01\\\/22\\\/olimpo-se-afianza-en-la-cima\\\/#primaryimage\"},\"thumbnailUrl\":\"https:\\\/\\\/gentedebasquet.com.ar\\\/sitio\\\/wp-content\\\/uploads\\\/2016\\\/12\\\/Schoppler-TNA-Olimpo.jpg\",\"keywords\":[\"Christian Schoppler\",\"La Uni\u00f3n Col\u00f3n\",\"Ol\u00edmpo\",\"TNA\",\"Valent\u00edn Bettiga\"],\"articleSection\":[\"Liga Argentina\",\"Nacional\",\"Slide\"],\"inLanguage\":\"es\"},{\"@type\":\"WebPage\",\"@id\":\"https:\\\/\\\/gentedebasquet.com.ar\\\/sitio\\\/2017\\\/01\\\/22\\\/olimpo-se-afianza-en-la-cima\\\/\",\"url\":\"https:\\\/\\\/gentedebasquet.com.ar\\\/sitio\\\/2017\\\/01\\\/22\\\/olimpo-se-afianza-en-la-cima\\\/\",\"name\":\"Olimpo se afianza en la cima - Gente de B\u00e1squet\",\"isPartOf\":{\"@id\":\"https:\\\/\\\/gentedebasquet.com.ar\\\/sitio\\\/#website\"},\"primaryImageOfPage\":{\"@id\":\"https:\\\/\\\/gentedebasquet.com.ar\\\/sitio\\\/2017\\\/01\\\/22\\\/olimpo-se-afianza-en-la-cima\\\/#primaryimage\"},\"image\":{\"@id\":\"https:\\\/\\\/gentedebasquet.com.ar\\\/sitio\\\/2017\\\/01\\\/22\\\/olimpo-se-afianza-en-la-cima\\\/#primaryimage\"},\"thumbnailUrl\":\"https:\\\/\\\/gentedebasquet.com.ar\\\/sitio\\\/wp-content\\\/uploads\\\/2016\\\/12\\\/Schoppler-TNA-Olimpo.jpg\",\"datePublished\":\"2017-01-23T02:23:16+00:00\",\"author\":{\"@id\":\"https:\\\/\\\/gentedebasquet.com.ar\\\/sitio\\\/#\\\/schema\\\/person\\\/ca0b63bbb977369988a7bbbdc519943a\"},\"breadcrumb\":{\"@id\":\"https:\\\/\\\/gentedebasquet.com.ar\\\/sitio\\\/2017\\\/01\\\/22\\\/olimpo-se-afianza-en-la-cima\\\/#breadcrumb\"},\"inLanguage\":\"es\",\"potentialAction\":[{\"@type\":\"ReadAction\",\"target\":[\"https:\\\/\\\/gentedebasquet.com.ar\\\/sitio\\\/2017\\\/01\\\/22\\\/olimpo-se-afianza-en-la-cima\\\/\"]}]},{\"@type\":\"ImageObject\",\"inLanguage\":\"es\",\"@id\":\"https:\\\/\\\/gentedebasquet.com.ar\\\/sitio\\\/2017\\\/01\\\/22\\\/olimpo-se-afianza-en-la-cima\\\/#primaryimage\",\"url\":\"https:\\\/\\\/gentedebasquet.com.ar\\\/sitio\\\/wp-content\\\/uploads\\\/2016\\\/12\\\/Schoppler-TNA-Olimpo.jpg\",\"contentUrl\":\"https:\\\/\\\/gentedebasquet.com.ar\\\/sitio\\\/wp-content\\\/uploads\\\/2016\\\/12\\\/Schoppler-TNA-Olimpo.jpg\",\"width\":690,\"height\":319},{\"@type\":\"BreadcrumbList\",\"@id\":\"https:\\\/\\\/gentedebasquet.com.ar\\\/sitio\\\/2017\\\/01\\\/22\\\/olimpo-se-afianza-en-la-cima\\\/#breadcrumb\",\"itemListElement\":[{\"@type\":\"ListItem\",\"position\":1,\"name\":\"Portada\",\"item\":\"https:\\\/\\\/gentedebasquet.com.ar\\\/sitio\\\/\"},{\"@type\":\"ListItem\",\"position\":2,\"name\":\"Olimpo se afianza en la cima\"}]},{\"@type\":\"WebSite\",\"@id\":\"https:\\\/\\\/gentedebasquet.com.ar\\\/sitio\\\/#website\",\"url\":\"https:\\\/\\\/gentedebasquet.com.ar\\\/sitio\\\/\",\"name\":\"Gente de B\u00e1squet\",\"description\":\"La revista del basquet de Bah\u00eda Blanca\",\"potentialAction\":[{\"@type\":\"SearchAction\",\"target\":{\"@type\":\"EntryPoint\",\"urlTemplate\":\"https:\\\/\\\/gentedebasquet.com.ar\\\/sitio\\\/?s={search_term_string}\"},\"query-input\":{\"@type\":\"PropertyValueSpecification\",\"valueRequired\":true,\"valueName\":\"search_term_string\"}}],\"inLanguage\":\"es\"},{\"@type\":\"Person\",\"@id\":\"https:\\\/\\\/gentedebasquet.com.ar\\\/sitio\\\/#\\\/schema\\\/person\\\/ca0b63bbb977369988a7bbbdc519943a\",\"name\":\"Gente de B\u00e1squet\",\"image\":{\"@type\":\"ImageObject\",\"inLanguage\":\"es\",\"@id\":\"https:\\\/\\\/secure.gravatar.com\\\/avatar\\\/7f2c48bdc33b30088f941fb6082e555f2874c98e20cb159d7b92b50eadfce793?s=96&d=mm&r=g\",\"url\":\"https:\\\/\\\/secure.gravatar.com\\\/avatar\\\/7f2c48bdc33b30088f941fb6082e555f2874c98e20cb159d7b92b50eadfce793?s=96&d=mm&r=g\",\"contentUrl\":\"https:\\\/\\\/secure.gravatar.com\\\/avatar\\\/7f2c48bdc33b30088f941fb6082e555f2874c98e20cb159d7b92b50eadfce793?s=96&d=mm&r=g\",\"caption\":\"Gente de B\u00e1squet\"},\"sameAs\":[\"http:\\\/\\\/gentedebasquet.com.ar\\\/sitio\"],\"url\":\"https:\\\/\\\/gentedebasquet.com.ar\\\/sitio\\\/author\\\/ulises\\\/\"}]}<\/script>\n<!-- \/ Yoast SEO plugin. -->","yoast_head_json":{"title":"Olimpo se afianza en la cima - Gente de B\u00e1squet","robots":{"index":"index","follow":"follow","max-snippet":"max-snippet:-1","max-image-preview":"max-image-preview:large","max-video-preview":"max-video-preview:-1"},"canonical":"https:\/\/gentedebasquet.com.ar\/sitio\/2017\/01\/22\/olimpo-se-afianza-en-la-cima\/","og_locale":"es_ES","og_type":"article","og_title":"Olimpo se afianza en la cima - Gente de B\u00e1squet","og_description":"Venci\u00f3 a La Uni\u00f3n de Col\u00f3n como visitante y alcanz\u00f3 su 8\u00ba triunfo en fila por el TNA","og_url":"https:\/\/gentedebasquet.com.ar\/sitio\/2017\/01\/22\/olimpo-se-afianza-en-la-cima\/","og_site_name":"Gente de B\u00e1squet","article_published_time":"2017-01-23T02:23:16+00:00","og_image":[{"width":690,"height":319,"url":"https:\/\/gentedebasquet.com.ar\/sitio\/wp-content\/uploads\/2016\/12\/Schoppler-TNA-Olimpo.jpg","type":"image\/jpeg"}],"author":"Gente de B\u00e1squet","twitter_card":"summary_large_image","twitter_misc":{"Escrito por":"Gente de B\u00e1squet","Tiempo de lectura":"2 minutos"},"schema":{"@context":"https:\/\/schema.org","@graph":[{"@type":"Article","@id":"https:\/\/gentedebasquet.com.ar\/sitio\/2017\/01\/22\/olimpo-se-afianza-en-la-cima\/#article","isPartOf":{"@id":"https:\/\/gentedebasquet.com.ar\/sitio\/2017\/01\/22\/olimpo-se-afianza-en-la-cima\/"},"author":{"name":"Gente de B\u00e1squet","@id":"https:\/\/gentedebasquet.com.ar\/sitio\/#\/schema\/person\/ca0b63bbb977369988a7bbbdc519943a"},"headline":"Olimpo se afianza en la cima","datePublished":"2017-01-23T02:23:16+00:00","mainEntityOfPage":{"@id":"https:\/\/gentedebasquet.com.ar\/sitio\/2017\/01\/22\/olimpo-se-afianza-en-la-cima\/"},"wordCount":398,"image":{"@id":"https:\/\/gentedebasquet.com.ar\/sitio\/2017\/01\/22\/olimpo-se-afianza-en-la-cima\/#primaryimage"},"thumbnailUrl":"https:\/\/gentedebasquet.com.ar\/sitio\/wp-content\/uploads\/2016\/12\/Schoppler-TNA-Olimpo.jpg","keywords":["Christian Schoppler","La Uni\u00f3n Col\u00f3n","Ol\u00edmpo","TNA","Valent\u00edn Bettiga"],"articleSection":["Liga Argentina","Nacional","Slide"],"inLanguage":"es"},{"@type":"WebPage","@id":"https:\/\/gentedebasquet.com.ar\/sitio\/2017\/01\/22\/olimpo-se-afianza-en-la-cima\/","url":"https:\/\/gentedebasquet.com.ar\/sitio\/2017\/01\/22\/olimpo-se-afianza-en-la-cima\/","name":"Olimpo se afianza en la cima - Gente de B\u00e1squet","isPartOf":{"@id":"https:\/\/gentedebasquet.com.ar\/sitio\/#website"},"primaryImageOfPage":{"@id":"https:\/\/gentedebasquet.com.ar\/sitio\/2017\/01\/22\/olimpo-se-afianza-en-la-cima\/#primaryimage"},"image":{"@id":"https:\/\/gentedebasquet.com.ar\/sitio\/2017\/01\/22\/olimpo-se-afianza-en-la-cima\/#primaryimage"},"thumbnailUrl":"https:\/\/gentedebasquet.com.ar\/sitio\/wp-content\/uploads\/2016\/12\/Schoppler-TNA-Olimpo.jpg","datePublished":"2017-01-23T02:23:16+00:00","author":{"@id":"https:\/\/gentedebasquet.com.ar\/sitio\/#\/schema\/person\/ca0b63bbb977369988a7bbbdc519943a"},"breadcrumb":{"@id":"https:\/\/gentedebasquet.com.ar\/sitio\/2017\/01\/22\/olimpo-se-afianza-en-la-cima\/#breadcrumb"},"inLanguage":"es","potentialAction":[{"@type":"ReadAction","target":["https:\/\/gentedebasquet.com.ar\/sitio\/2017\/01\/22\/olimpo-se-afianza-en-la-cima\/"]}]},{"@type":"ImageObject","inLanguage":"es","@id":"https:\/\/gentedebasquet.com.ar\/sitio\/2017\/01\/22\/olimpo-se-afianza-en-la-cima\/#primaryimage","url":"https:\/\/gentedebasquet.com.ar\/sitio\/wp-content\/uploads\/2016\/12\/Schoppler-TNA-Olimpo.jpg","contentUrl":"https:\/\/gentedebasquet.com.ar\/sitio\/wp-content\/uploads\/2016\/12\/Schoppler-TNA-Olimpo.jpg","width":690,"height":319},{"@type":"BreadcrumbList","@id":"https:\/\/gentedebasquet.com.ar\/sitio\/2017\/01\/22\/olimpo-se-afianza-en-la-cima\/#breadcrumb","itemListElement":[{"@type":"ListItem","position":1,"name":"Portada","item":"https:\/\/gentedebasquet.com.ar\/sitio\/"},{"@type":"ListItem","position":2,"name":"Olimpo se afianza en la cima"}]},{"@type":"WebSite","@id":"https:\/\/gentedebasquet.com.ar\/sitio\/#website","url":"https:\/\/gentedebasquet.com.ar\/sitio\/","name":"Gente de B\u00e1squet","description":"La revista del basquet de Bah\u00eda Blanca","potentialAction":[{"@type":"SearchAction","target":{"@type":"EntryPoint","urlTemplate":"https:\/\/gentedebasquet.com.ar\/sitio\/?s={search_term_string}"},"query-input":{"@type":"PropertyValueSpecification","valueRequired":true,"valueName":"search_term_string"}}],"inLanguage":"es"},{"@type":"Person","@id":"https:\/\/gentedebasquet.com.ar\/sitio\/#\/schema\/person\/ca0b63bbb977369988a7bbbdc519943a","name":"Gente de B\u00e1squet","image":{"@type":"ImageObject","inLanguage":"es","@id":"https:\/\/secure.gravatar.com\/avatar\/7f2c48bdc33b30088f941fb6082e555f2874c98e20cb159d7b92b50eadfce793?s=96&d=mm&r=g","url":"https:\/\/secure.gravatar.com\/avatar\/7f2c48bdc33b30088f941fb6082e555f2874c98e20cb159d7b92b50eadfce793?s=96&d=mm&r=g","contentUrl":"https:\/\/secure.gravatar.com\/avatar\/7f2c48bdc33b30088f941fb6082e555f2874c98e20cb159d7b92b50eadfce793?s=96&d=mm&r=g","caption":"Gente de B\u00e1squet"},"sameAs":["http:\/\/gentedebasquet.com.ar\/sitio"],"url":"https:\/\/gentedebasquet.com.ar\/sitio\/author\/ulises\/"}]}},"_links":{"self":[{"href":"https:\/\/gentedebasquet.com.ar\/sitio\/wp-json\/wp\/v2\/posts\/68494","targetHints":{"allow":["GET"]}}],"collection":[{"href":"https:\/\/gentedebasquet.com.ar\/sitio\/wp-json\/wp\/v2\/posts"}],"about":[{"href":"https:\/\/gentedebasquet.com.ar\/sitio\/wp-json\/wp\/v2\/types\/post"}],"author":[{"embeddable":true,"href":"https:\/\/gentedebasquet.com.ar\/sitio\/wp-json\/wp\/v2\/users\/1"}],"replies":[{"embeddable":true,"href":"https:\/\/gentedebasquet.com.ar\/sitio\/wp-json\/wp\/v2\/comments?post=68494"}],"version-history":[{"count":0,"href":"https:\/\/gentedebasquet.com.ar\/sitio\/wp-json\/wp\/v2\/posts\/68494\/revisions"}],"wp:featuredmedia":[{"embeddable":true,"href":"https:\/\/gentedebasquet.com.ar\/sitio\/wp-json\/wp\/v2\/media\/67455"}],"wp:attachment":[{"href":"https:\/\/gentedebasquet.com.ar\/sitio\/wp-json\/wp\/v2\/media?parent=68494"}],"wp:term":[{"taxonomy":"category","embeddable":true,"href":"https:\/\/gentedebasquet.com.ar\/sitio\/wp-json\/wp\/v2\/categories?post=68494"},{"taxonomy":"post_tag","embeddable":true,"href":"https:\/\/gentedebasquet.com.ar\/sitio\/wp-json\/wp\/v2\/tags?post=68494"}],"curies":[{"name":"wp","href":"https:\/\/api.w.org\/{rel}","templated":true}]}}