{"id":68567,"date":"2017-01-29T22:57:04","date_gmt":"2017-01-30T01:57:04","guid":{"rendered":"http:\/\/www.gentedebasquet.com.ar\/?p=68567"},"modified":"2017-01-29T22:57:04","modified_gmt":"2017-01-30T01:57:04","slug":"crecio-con-los-bajitos","status":"publish","type":"post","link":"https:\/\/gentedebasquet.com.ar\/sitio\/2017\/01\/29\/crecio-con-los-bajitos\/","title":{"rendered":"Creci\u00f3 con los bajitos"},"content":{"rendered":"<p><strong>Cuando puso en cancha un equipo m\u00e1s bajo y veloz, Villa Mitre sentenci\u00f3 un partido que ten\u00eda controlado. Super\u00f3 a Sportivo Escobar por 87 a 64 en la reanudaci\u00f3n del Torneo Federal. Con esta victoria, el tricolor se mantiene tercero en la Divisi\u00f3n Bonaerense y se prepara para visitar a Sarmiento (Jun\u00edn) y Racing (Chivilcoy). Mat\u00edas Monteoliva (18 puntos), Bruno Pallotti (14), Jos\u00e9 Guti\u00e9rrez (9 y 6 asistencias) y Gast\u00f3n Diomedi (10 y 11 tableros) sobresalieron en el local m\u00e1s all\u00e1 de que el rendimiento fue parejo.<\/strong><\/p>\n<p>Con autoridad, siendo amplio dominador y repartiendo muy bien su goleo, Villa Mitre comenz\u00f3 el a\u00f1o de gran manera al superar a Sportivo Escobar por 87 a 64. El tricolor no pareci\u00f3 haber sentido los casi 40 d\u00edas que pasaron desde su \u00faltimo partido por el Federal, cuando <a href=\"http:\/\/www.gentedebasquet.com.ar\/de-vacaciones-con-una-sonrisa\/\" target=\"_blank\" rel=\"noopener\">venci\u00f3 a Atl\u00e9tico Pilar<\/a>, y se mantiene en la tercera colocaci\u00f3n de la Divisi\u00f3n Sur Bonaerense, posici\u00f3n que deber\u00e1 refrendar el pr\u00f3ximo fin de semana cuando visite a Sarmiento de Jun\u00edn (viernes) y el l\u00edder Racing de Chivilcoy (domingo).<\/p>\n<p>De la mano de Jos\u00e9 Guti\u00e9rrez, el local empez\u00f3 arriba (9-3), aunque dos triples de Jos\u00e9 Peralta y un volcad\u00f3n de Victorio Dente devolvieron a Escobar al juego (9-8). Sin embargo, la reacci\u00f3n fue un espejismo, ya que el tricolor encontr\u00f3 variantes para mantenerse al mando. La tendencia se mantuvo hasta el 34-19 con el que Villa Mitre ingres\u00f3 a los \u00faltimos 7m29 del PT. Porque el mal balance defensivo le quit\u00f3 solidez y la visita creci\u00f3.<\/p>\n<p><img decoding=\"async\" class=\"aligncenter size-full wp-image-67031\" src=\"http:\/\/www.gentedebasquet.com.ar\/wp-content\/uploads\/2016\/11\/Assen-1.jpg\" alt=\"assen\" width=\"640\" height=\"88\" srcset=\"https:\/\/gentedebasquet.com.ar\/sitio\/wp-content\/uploads\/2016\/11\/Assen-1.jpg 640w, https:\/\/gentedebasquet.com.ar\/sitio\/wp-content\/uploads\/2016\/11\/Assen-1-300x41.jpg 300w\" sizes=\"(max-width: 640px) 100vw, 640px\" \/><\/p>\n<p>Una r\u00e1faga de 14 a 4, con 10 puntos de Esteban Ledesma, coloc\u00f3 a Sportivo Escobar a solo cinco puntos (38-33) a 1m43 del descanso largo. No obstante, todo se corrigi\u00f3 a la salida de los vestuarios. Porque en un abrir y cerrar de ojos, el tricolor sell\u00f3 un 12-0 que pareci\u00f3 sentenciar la historia.\u00a0Con un quinteto m\u00e1s bajo (Guti\u00e9rrez, Monteoliva, Diomedi, Miguel, Heinrich), el equipo de Ugolini se sinti\u00f3 m\u00e1s c\u00f3modo, ya que se aglomer\u00f3 en su pintura y pudo correr la cancha.<\/p>\n<p>Villa Mitre sac\u00f3 19 de luz (55-34) en 2m36 y no baj\u00f3 el ritmo, permitiendo a Escobar anotar reci\u00e9n tras 4m19 de cuarto y luego de un letal 0\/8 en cancha. El nivel de Monteoliva, en correlaci\u00f3n a lo sucedido en 2016, m\u00e1s la buena conducci\u00f3n de Pallotti en reemplazo de Guti\u00e9rrez y el aporte de los internos fue determinante. El tricolor alcanz\u00f3 22 de ventaja (62-40) en el 3C, tras jugada de doble y falta de Bollo, y toc\u00f3 la m\u00e1xima en el cierre (87-62) con puntos de Diomedi.<\/p>\n<p>&nbsp;<\/p>\n<p><strong>S\u00edntesis<\/strong> | Torneo Federal &#8211; Divisi\u00f3n Bonaerense &#8211; Juego #14<\/p>\n<p><strong>Villa Mitre 87:<\/strong> Jos\u00e9 Guti\u00e9rrez 9, Mat\u00edas Monteoliva 18, Cristian Miguel 11, Ramiro Heinrich 10, Javier Bollo 8 (Fi); Gast\u00f3n Diomedi 10, Bruno Pallotti 14, Jos\u00e9 Luis Mart\u00ednez 7, Germ\u00e1n Andr\u00e9s 0, Leonardo Tard\u00edo 0, Ramiro Santiago 0 y Santiago Bussetti 0. DT: Ariel Ugolini.<\/p>\n<p><strong>Sportivo Escobar 64:<\/strong> Juan Gallardo 0, Facundo Madoz 6, Jos\u00e9 Peralta 17, Victorio Dente 4, Rub\u00e9n Runke 3 (Fi); Francisco Ru\u00edz D\u00edaz 11, Esteban Ledesma 17, Cristian Devoto 4, Mat\u00edas Zuttion 2 y Juan C\u00e1ceres 0. DT: Gabriel Mercato.<\/p>\n<p><strong>Parciales:<\/strong> 25-13, 43-34 (18-21), 64-46 (21-12) y 87-64 (23-18).<\/p>\n<p><strong>\u00c1rbitros:<\/strong> Cristian Carrasco &#8211; Juan Cruz F\u00e9lix.<\/p>\n<p><a href=\"http:\/\/www.fibalivestats.com\/u\/CAM\/570110\/bs.html\" target=\"_blank\" rel=\"noopener\">ESTAD\u00cdSTICAS OFICIALES<\/a><\/p>\n<p><strong>Estadio:<\/strong> Jos\u00e9 Mart\u00ednez (Villa Mitre).<\/p>\n","protected":false},"excerpt":{"rendered":"<p>TFB: un equipo m\u00e1s r\u00e1pido le dio resultados a Villa Mitre, que venci\u00f3 a Sp. Escobar 87-64<\/p>\n","protected":false},"author":1,"featured_media":68568,"comment_status":"closed","ping_status":"open","sticky":false,"template":"","format":"standard","meta":{"jnews-multi-image_gallery":[],"jnews_single_post":[],"jnews_primary_category":[],"footnotes":""},"categories":[36,39,101],"tags":[90,663,1434,354,22],"class_list":["post-68567","post","type-post","status-publish","format-standard","has-post-thumbnail","hentry","category-federal","category-nacional","category-slide","tag-jose-gutierrez","tag-matias-monteoliva","tag-sportivo-escobar","tag-tfb","tag-villa-mitre"],"yoast_head":"<!-- This site is optimized with the Yoast SEO plugin v27.5 - https:\/\/yoast.com\/product\/yoast-seo-wordpress\/ -->\n<title>Creci\u00f3 con los bajitos - Gente de B\u00e1squet<\/title>\n<meta name=\"robots\" content=\"index, follow, max-snippet:-1, max-image-preview:large, max-video-preview:-1\" \/>\n<link rel=\"canonical\" href=\"https:\/\/gentedebasquet.com.ar\/sitio\/2017\/01\/29\/crecio-con-los-bajitos\/\" \/>\n<meta property=\"og:locale\" content=\"es_ES\" \/>\n<meta property=\"og:type\" content=\"article\" \/>\n<meta property=\"og:title\" content=\"Creci\u00f3 con los bajitos - Gente de B\u00e1squet\" \/>\n<meta property=\"og:description\" content=\"TFB: un equipo m\u00e1s r\u00e1pido le dio resultados a Villa Mitre, que venci\u00f3 a Sp. Escobar 87-64\" \/>\n<meta property=\"og:url\" content=\"https:\/\/gentedebasquet.com.ar\/sitio\/2017\/01\/29\/crecio-con-los-bajitos\/\" \/>\n<meta property=\"og:site_name\" content=\"Gente de B\u00e1squet\" \/>\n<meta property=\"article:published_time\" content=\"2017-01-30T01:57:04+00:00\" \/>\n<meta property=\"og:image\" content=\"https:\/\/gentedebasquet.com.ar\/sitio\/wp-content\/uploads\/2017\/01\/Monteoliva-Villa-Mitre-Escobar-TFB.jpg\" \/>\n\t<meta property=\"og:image:width\" content=\"690\" \/>\n\t<meta property=\"og:image:height\" content=\"319\" \/>\n\t<meta property=\"og:image:type\" content=\"image\/jpeg\" \/>\n<meta name=\"author\" content=\"Gente de B\u00e1squet\" \/>\n<meta name=\"twitter:card\" content=\"summary_large_image\" \/>\n<meta name=\"twitter:label1\" content=\"Escrito por\" \/>\n\t<meta name=\"twitter:data1\" content=\"Gente de B\u00e1squet\" \/>\n\t<meta name=\"twitter:label2\" content=\"Tiempo de lectura\" \/>\n\t<meta name=\"twitter:data2\" content=\"3 minutos\" \/>\n<script type=\"application\/ld+json\" class=\"yoast-schema-graph\">{\"@context\":\"https:\\\/\\\/schema.org\",\"@graph\":[{\"@type\":\"Article\",\"@id\":\"https:\\\/\\\/gentedebasquet.com.ar\\\/sitio\\\/2017\\\/01\\\/29\\\/crecio-con-los-bajitos\\\/#article\",\"isPartOf\":{\"@id\":\"https:\\\/\\\/gentedebasquet.com.ar\\\/sitio\\\/2017\\\/01\\\/29\\\/crecio-con-los-bajitos\\\/\"},\"author\":{\"name\":\"Gente de B\u00e1squet\",\"@id\":\"https:\\\/\\\/gentedebasquet.com.ar\\\/sitio\\\/#\\\/schema\\\/person\\\/ca0b63bbb977369988a7bbbdc519943a\"},\"headline\":\"Creci\u00f3 con los bajitos\",\"datePublished\":\"2017-01-30T01:57:04+00:00\",\"mainEntityOfPage\":{\"@id\":\"https:\\\/\\\/gentedebasquet.com.ar\\\/sitio\\\/2017\\\/01\\\/29\\\/crecio-con-los-bajitos\\\/\"},\"wordCount\":553,\"image\":{\"@id\":\"https:\\\/\\\/gentedebasquet.com.ar\\\/sitio\\\/2017\\\/01\\\/29\\\/crecio-con-los-bajitos\\\/#primaryimage\"},\"thumbnailUrl\":\"https:\\\/\\\/gentedebasquet.com.ar\\\/sitio\\\/wp-content\\\/uploads\\\/2017\\\/01\\\/Monteoliva-Villa-Mitre-Escobar-TFB.jpg\",\"keywords\":[\"Jos\u00e9 Guti\u00e9rrez\",\"Mat\u00edas Monteoliva\",\"Sportivo Escobar\",\"TFB\",\"Villa Mitre\"],\"articleSection\":[\"Federal\",\"Nacional\",\"Slide\"],\"inLanguage\":\"es\"},{\"@type\":\"WebPage\",\"@id\":\"https:\\\/\\\/gentedebasquet.com.ar\\\/sitio\\\/2017\\\/01\\\/29\\\/crecio-con-los-bajitos\\\/\",\"url\":\"https:\\\/\\\/gentedebasquet.com.ar\\\/sitio\\\/2017\\\/01\\\/29\\\/crecio-con-los-bajitos\\\/\",\"name\":\"Creci\u00f3 con los bajitos - Gente de B\u00e1squet\",\"isPartOf\":{\"@id\":\"https:\\\/\\\/gentedebasquet.com.ar\\\/sitio\\\/#website\"},\"primaryImageOfPage\":{\"@id\":\"https:\\\/\\\/gentedebasquet.com.ar\\\/sitio\\\/2017\\\/01\\\/29\\\/crecio-con-los-bajitos\\\/#primaryimage\"},\"image\":{\"@id\":\"https:\\\/\\\/gentedebasquet.com.ar\\\/sitio\\\/2017\\\/01\\\/29\\\/crecio-con-los-bajitos\\\/#primaryimage\"},\"thumbnailUrl\":\"https:\\\/\\\/gentedebasquet.com.ar\\\/sitio\\\/wp-content\\\/uploads\\\/2017\\\/01\\\/Monteoliva-Villa-Mitre-Escobar-TFB.jpg\",\"datePublished\":\"2017-01-30T01:57:04+00:00\",\"author\":{\"@id\":\"https:\\\/\\\/gentedebasquet.com.ar\\\/sitio\\\/#\\\/schema\\\/person\\\/ca0b63bbb977369988a7bbbdc519943a\"},\"breadcrumb\":{\"@id\":\"https:\\\/\\\/gentedebasquet.com.ar\\\/sitio\\\/2017\\\/01\\\/29\\\/crecio-con-los-bajitos\\\/#breadcrumb\"},\"inLanguage\":\"es\",\"potentialAction\":[{\"@type\":\"ReadAction\",\"target\":[\"https:\\\/\\\/gentedebasquet.com.ar\\\/sitio\\\/2017\\\/01\\\/29\\\/crecio-con-los-bajitos\\\/\"]}]},{\"@type\":\"ImageObject\",\"inLanguage\":\"es\",\"@id\":\"https:\\\/\\\/gentedebasquet.com.ar\\\/sitio\\\/2017\\\/01\\\/29\\\/crecio-con-los-bajitos\\\/#primaryimage\",\"url\":\"https:\\\/\\\/gentedebasquet.com.ar\\\/sitio\\\/wp-content\\\/uploads\\\/2017\\\/01\\\/Monteoliva-Villa-Mitre-Escobar-TFB.jpg\",\"contentUrl\":\"https:\\\/\\\/gentedebasquet.com.ar\\\/sitio\\\/wp-content\\\/uploads\\\/2017\\\/01\\\/Monteoliva-Villa-Mitre-Escobar-TFB.jpg\",\"width\":690,\"height\":319},{\"@type\":\"BreadcrumbList\",\"@id\":\"https:\\\/\\\/gentedebasquet.com.ar\\\/sitio\\\/2017\\\/01\\\/29\\\/crecio-con-los-bajitos\\\/#breadcrumb\",\"itemListElement\":[{\"@type\":\"ListItem\",\"position\":1,\"name\":\"Portada\",\"item\":\"https:\\\/\\\/gentedebasquet.com.ar\\\/sitio\\\/\"},{\"@type\":\"ListItem\",\"position\":2,\"name\":\"Creci\u00f3 con los bajitos\"}]},{\"@type\":\"WebSite\",\"@id\":\"https:\\\/\\\/gentedebasquet.com.ar\\\/sitio\\\/#website\",\"url\":\"https:\\\/\\\/gentedebasquet.com.ar\\\/sitio\\\/\",\"name\":\"Gente de B\u00e1squet\",\"description\":\"La revista del basquet de Bah\u00eda Blanca\",\"potentialAction\":[{\"@type\":\"SearchAction\",\"target\":{\"@type\":\"EntryPoint\",\"urlTemplate\":\"https:\\\/\\\/gentedebasquet.com.ar\\\/sitio\\\/?s={search_term_string}\"},\"query-input\":{\"@type\":\"PropertyValueSpecification\",\"valueRequired\":true,\"valueName\":\"search_term_string\"}}],\"inLanguage\":\"es\"},{\"@type\":\"Person\",\"@id\":\"https:\\\/\\\/gentedebasquet.com.ar\\\/sitio\\\/#\\\/schema\\\/person\\\/ca0b63bbb977369988a7bbbdc519943a\",\"name\":\"Gente de B\u00e1squet\",\"image\":{\"@type\":\"ImageObject\",\"inLanguage\":\"es\",\"@id\":\"https:\\\/\\\/secure.gravatar.com\\\/avatar\\\/7f2c48bdc33b30088f941fb6082e555f2874c98e20cb159d7b92b50eadfce793?s=96&d=mm&r=g\",\"url\":\"https:\\\/\\\/secure.gravatar.com\\\/avatar\\\/7f2c48bdc33b30088f941fb6082e555f2874c98e20cb159d7b92b50eadfce793?s=96&d=mm&r=g\",\"contentUrl\":\"https:\\\/\\\/secure.gravatar.com\\\/avatar\\\/7f2c48bdc33b30088f941fb6082e555f2874c98e20cb159d7b92b50eadfce793?s=96&d=mm&r=g\",\"caption\":\"Gente de B\u00e1squet\"},\"sameAs\":[\"http:\\\/\\\/gentedebasquet.com.ar\\\/sitio\"],\"url\":\"https:\\\/\\\/gentedebasquet.com.ar\\\/sitio\\\/author\\\/ulises\\\/\"}]}<\/script>\n<!-- \/ Yoast SEO plugin. -->","yoast_head_json":{"title":"Creci\u00f3 con los bajitos - Gente de B\u00e1squet","robots":{"index":"index","follow":"follow","max-snippet":"max-snippet:-1","max-image-preview":"max-image-preview:large","max-video-preview":"max-video-preview:-1"},"canonical":"https:\/\/gentedebasquet.com.ar\/sitio\/2017\/01\/29\/crecio-con-los-bajitos\/","og_locale":"es_ES","og_type":"article","og_title":"Creci\u00f3 con los bajitos - Gente de B\u00e1squet","og_description":"TFB: un equipo m\u00e1s r\u00e1pido le dio resultados a Villa Mitre, que venci\u00f3 a Sp. Escobar 87-64","og_url":"https:\/\/gentedebasquet.com.ar\/sitio\/2017\/01\/29\/crecio-con-los-bajitos\/","og_site_name":"Gente de B\u00e1squet","article_published_time":"2017-01-30T01:57:04+00:00","og_image":[{"width":690,"height":319,"url":"https:\/\/gentedebasquet.com.ar\/sitio\/wp-content\/uploads\/2017\/01\/Monteoliva-Villa-Mitre-Escobar-TFB.jpg","type":"image\/jpeg"}],"author":"Gente de B\u00e1squet","twitter_card":"summary_large_image","twitter_misc":{"Escrito por":"Gente de B\u00e1squet","Tiempo de lectura":"3 minutos"},"schema":{"@context":"https:\/\/schema.org","@graph":[{"@type":"Article","@id":"https:\/\/gentedebasquet.com.ar\/sitio\/2017\/01\/29\/crecio-con-los-bajitos\/#article","isPartOf":{"@id":"https:\/\/gentedebasquet.com.ar\/sitio\/2017\/01\/29\/crecio-con-los-bajitos\/"},"author":{"name":"Gente de B\u00e1squet","@id":"https:\/\/gentedebasquet.com.ar\/sitio\/#\/schema\/person\/ca0b63bbb977369988a7bbbdc519943a"},"headline":"Creci\u00f3 con los bajitos","datePublished":"2017-01-30T01:57:04+00:00","mainEntityOfPage":{"@id":"https:\/\/gentedebasquet.com.ar\/sitio\/2017\/01\/29\/crecio-con-los-bajitos\/"},"wordCount":553,"image":{"@id":"https:\/\/gentedebasquet.com.ar\/sitio\/2017\/01\/29\/crecio-con-los-bajitos\/#primaryimage"},"thumbnailUrl":"https:\/\/gentedebasquet.com.ar\/sitio\/wp-content\/uploads\/2017\/01\/Monteoliva-Villa-Mitre-Escobar-TFB.jpg","keywords":["Jos\u00e9 Guti\u00e9rrez","Mat\u00edas Monteoliva","Sportivo Escobar","TFB","Villa Mitre"],"articleSection":["Federal","Nacional","Slide"],"inLanguage":"es"},{"@type":"WebPage","@id":"https:\/\/gentedebasquet.com.ar\/sitio\/2017\/01\/29\/crecio-con-los-bajitos\/","url":"https:\/\/gentedebasquet.com.ar\/sitio\/2017\/01\/29\/crecio-con-los-bajitos\/","name":"Creci\u00f3 con los bajitos - Gente de B\u00e1squet","isPartOf":{"@id":"https:\/\/gentedebasquet.com.ar\/sitio\/#website"},"primaryImageOfPage":{"@id":"https:\/\/gentedebasquet.com.ar\/sitio\/2017\/01\/29\/crecio-con-los-bajitos\/#primaryimage"},"image":{"@id":"https:\/\/gentedebasquet.com.ar\/sitio\/2017\/01\/29\/crecio-con-los-bajitos\/#primaryimage"},"thumbnailUrl":"https:\/\/gentedebasquet.com.ar\/sitio\/wp-content\/uploads\/2017\/01\/Monteoliva-Villa-Mitre-Escobar-TFB.jpg","datePublished":"2017-01-30T01:57:04+00:00","author":{"@id":"https:\/\/gentedebasquet.com.ar\/sitio\/#\/schema\/person\/ca0b63bbb977369988a7bbbdc519943a"},"breadcrumb":{"@id":"https:\/\/gentedebasquet.com.ar\/sitio\/2017\/01\/29\/crecio-con-los-bajitos\/#breadcrumb"},"inLanguage":"es","potentialAction":[{"@type":"ReadAction","target":["https:\/\/gentedebasquet.com.ar\/sitio\/2017\/01\/29\/crecio-con-los-bajitos\/"]}]},{"@type":"ImageObject","inLanguage":"es","@id":"https:\/\/gentedebasquet.com.ar\/sitio\/2017\/01\/29\/crecio-con-los-bajitos\/#primaryimage","url":"https:\/\/gentedebasquet.com.ar\/sitio\/wp-content\/uploads\/2017\/01\/Monteoliva-Villa-Mitre-Escobar-TFB.jpg","contentUrl":"https:\/\/gentedebasquet.com.ar\/sitio\/wp-content\/uploads\/2017\/01\/Monteoliva-Villa-Mitre-Escobar-TFB.jpg","width":690,"height":319},{"@type":"BreadcrumbList","@id":"https:\/\/gentedebasquet.com.ar\/sitio\/2017\/01\/29\/crecio-con-los-bajitos\/#breadcrumb","itemListElement":[{"@type":"ListItem","position":1,"name":"Portada","item":"https:\/\/gentedebasquet.com.ar\/sitio\/"},{"@type":"ListItem","position":2,"name":"Creci\u00f3 con los bajitos"}]},{"@type":"WebSite","@id":"https:\/\/gentedebasquet.com.ar\/sitio\/#website","url":"https:\/\/gentedebasquet.com.ar\/sitio\/","name":"Gente de B\u00e1squet","description":"La revista del basquet de Bah\u00eda Blanca","potentialAction":[{"@type":"SearchAction","target":{"@type":"EntryPoint","urlTemplate":"https:\/\/gentedebasquet.com.ar\/sitio\/?s={search_term_string}"},"query-input":{"@type":"PropertyValueSpecification","valueRequired":true,"valueName":"search_term_string"}}],"inLanguage":"es"},{"@type":"Person","@id":"https:\/\/gentedebasquet.com.ar\/sitio\/#\/schema\/person\/ca0b63bbb977369988a7bbbdc519943a","name":"Gente de B\u00e1squet","image":{"@type":"ImageObject","inLanguage":"es","@id":"https:\/\/secure.gravatar.com\/avatar\/7f2c48bdc33b30088f941fb6082e555f2874c98e20cb159d7b92b50eadfce793?s=96&d=mm&r=g","url":"https:\/\/secure.gravatar.com\/avatar\/7f2c48bdc33b30088f941fb6082e555f2874c98e20cb159d7b92b50eadfce793?s=96&d=mm&r=g","contentUrl":"https:\/\/secure.gravatar.com\/avatar\/7f2c48bdc33b30088f941fb6082e555f2874c98e20cb159d7b92b50eadfce793?s=96&d=mm&r=g","caption":"Gente de B\u00e1squet"},"sameAs":["http:\/\/gentedebasquet.com.ar\/sitio"],"url":"https:\/\/gentedebasquet.com.ar\/sitio\/author\/ulises\/"}]}},"_links":{"self":[{"href":"https:\/\/gentedebasquet.com.ar\/sitio\/wp-json\/wp\/v2\/posts\/68567","targetHints":{"allow":["GET"]}}],"collection":[{"href":"https:\/\/gentedebasquet.com.ar\/sitio\/wp-json\/wp\/v2\/posts"}],"about":[{"href":"https:\/\/gentedebasquet.com.ar\/sitio\/wp-json\/wp\/v2\/types\/post"}],"author":[{"embeddable":true,"href":"https:\/\/gentedebasquet.com.ar\/sitio\/wp-json\/wp\/v2\/users\/1"}],"replies":[{"embeddable":true,"href":"https:\/\/gentedebasquet.com.ar\/sitio\/wp-json\/wp\/v2\/comments?post=68567"}],"version-history":[{"count":0,"href":"https:\/\/gentedebasquet.com.ar\/sitio\/wp-json\/wp\/v2\/posts\/68567\/revisions"}],"wp:featuredmedia":[{"embeddable":true,"href":"https:\/\/gentedebasquet.com.ar\/sitio\/wp-json\/wp\/v2\/media\/68568"}],"wp:attachment":[{"href":"https:\/\/gentedebasquet.com.ar\/sitio\/wp-json\/wp\/v2\/media?parent=68567"}],"wp:term":[{"taxonomy":"category","embeddable":true,"href":"https:\/\/gentedebasquet.com.ar\/sitio\/wp-json\/wp\/v2\/categories?post=68567"},{"taxonomy":"post_tag","embeddable":true,"href":"https:\/\/gentedebasquet.com.ar\/sitio\/wp-json\/wp\/v2\/tags?post=68567"}],"curies":[{"name":"wp","href":"https:\/\/api.w.org\/{rel}","templated":true}]}}