{"id":68601,"date":"2017-01-31T20:20:40","date_gmt":"2017-01-31T23:20:40","guid":{"rendered":"http:\/\/www.gentedebasquet.com.ar\/?p=68601"},"modified":"2017-01-31T20:20:40","modified_gmt":"2017-01-31T23:20:40","slug":"buenos-aires-2018-en-el-horizonte","status":"publish","type":"post","link":"https:\/\/gentedebasquet.com.ar\/sitio\/2017\/01\/31\/buenos-aires-2018-en-el-horizonte\/","title":{"rendered":"Buenos Aires 2018 en el horizonte"},"content":{"rendered":"<p><strong>Desde este jueves, y hasta el pr\u00f3ximo domingo 12, en las instalaciones del CeNARD, 16 preseleccionadas se dar\u00e1n cita para iniciar las pr\u00e1cticas de cara a los Juegos Ol\u00edmpicos de la Juventud, a disputarse en nuestro pa\u00eds el venidero a\u00f1o, en formato de 3\u00d73.\u00a0Mariano Junco, Laura Cors y Leonardo Costa estar\u00e1n a cargo. No habr\u00e1 jugadoras bahienses entre las convocadas (Josefina Torruela ser\u00e1 U19 en 2018). Aunque si estar\u00e1 la rionegrina Sol Castro, en su momento <a href=\"http:\/\/www.gentedebasquet.com.ar\/leal-a-su-estilo\/\" target=\"_blank\" rel=\"noopener\">refuerzo de Barracas Central<\/a> y participante del <a href=\"http:\/\/www.gentedebasquet.com.ar\/altura-femenino-en-bahia\/\" target=\"_blank\" rel=\"noopener\">Campus CABB que se organiz\u00f3 en nuestra ciudad<\/a>.<\/strong><\/p>\n<p>Ya lejos en el horizonte qued\u00f3 Nanjing 2014. Ese fue el m\u00e1s reciente Juego Ol\u00edmpico de la Juventud; celebrado en suelo chino. El reloj sigue corriendo, y pese a no tener una gran repercusi\u00f3n medi\u00e1tica, en poco m\u00e1s de un a\u00f1o y nueve meses Buenos Aires ser\u00e1 la sede del pr\u00f3ximo evento ol\u00edmpico.<\/p>\n<p>Debido a esto es que la selecci\u00f3n femenina afrontar\u00e1 una sesi\u00f3n de pr\u00e1cticas, entendiendo que estos JJOO son para la categor\u00eda U18, y que la modalidad de juego, como viene sucediendo desde la primera edici\u00f3n en Singapur 2010, es de 3\u00d73.<\/p>\n<p>La n\u00f3mina entregada por Hern\u00e1n Amaya, cuenta con la base del equipo U15 campe\u00f3n invicto del \u00faltimo sudamericano en la ciudad ecuatoriana de Ibarra, y se agregan varias chicas que ser\u00e1n parte de la preparaci\u00f3n del equipo que afrontar\u00e1 el sudamericano U17 en el corriente a\u00f1o.<\/p>\n<p>La lista es integrada por: <strong>Camila Su\u00e1rez, Laila Raviolo, Martina Scian, Sol Castro, Mar\u00eda Victoria Fux, Camila Peri, Lucila Cragnolino, Luz M\u00eda D Gi\u00e1como, Luc\u00eda Operto, Candela Gentinetta, Victoria Gauna, Roc\u00edo Bereilh, Sof\u00eda Acevedo, Brenda Fontana, Florencia Chagas y Martina Zuran.<\/strong><\/p>\n<p><iframe loading=\"lazy\" src=\"https:\/\/www.youtube.com\/embed\/24I_Mwbu-U0\" width=\"100%\" height=\"400\" frameborder=\"0\" allowfullscreen=\"allowfullscreen\"><\/iframe><\/p>\n<p>Los entrenamientos, que se iniciar\u00e1n desde este jueves y se prolongar\u00e1n hasta el pr\u00f3ximo domingo 12 de febrero en las instalaciones del Centro Nacional de Alto Rendimiento Deportivo, estar\u00e1n coordinados por los entrenadores Mariano Junco, Laura Cors, Leonardo Costa y el preparador f\u00edsico Juan Cruz Pazzano.<\/p>\n<p>Esta reuni\u00f3n tendr\u00e1 la particularidad de contar con un m\u00f3dulo educativo a cargo del COA y el Comit\u00e9 de Organizaci\u00f3n de Buenos Aires 2018 donde se volcar\u00e1n los valores formativos.<\/p>\n<p>Ser\u00e1 la primera vez que el b\u00e1squetbol femenino nacional est\u00e9 presente en un Juego Ol\u00edmpico de la Juventud; como as\u00ed tambi\u00e9n, ser\u00e1 el debut del evento fuera del suelo asi\u00e1tico. En el 2010, Italia fue campeona, Francia segunda y Rusia se qued\u00f3 con el tercer puesto. En el 2014, el oro fue para Estados Unidos, la plata para Holanda y el bronce qued\u00f3 en manos de Espa\u00f1a.<\/p>\n<p><strong>Fuente:<\/strong> Emanuel Niel (Prensa CABB).<\/p>\n","protected":false},"excerpt":{"rendered":"<p>Comenzar\u00e1 a entrenar la Selecci\u00f3n femenina camino a los YOG<\/p>\n","protected":false},"author":1,"featured_media":68602,"comment_status":"closed","ping_status":"open","sticky":false,"template":"","format":"standard","meta":{"jnews-multi-image_gallery":[],"jnews_single_post":[],"jnews_primary_category":[],"footnotes":""},"categories":[61,101],"tags":[1491,1198,1122,1225,1496],"class_list":["post-68601","post","type-post","status-publish","format-standard","has-post-thumbnail","hentry","category-selecciones-nacionales","category-slide","tag-buenos-aires-2018","tag-juegos-olimpicos","tag-laura-cors","tag-sol-castro","tag-yog"],"yoast_head":"<!-- This site is optimized with the Yoast SEO plugin v27.5 - https:\/\/yoast.com\/product\/yoast-seo-wordpress\/ -->\n<title>Buenos Aires 2018 en el horizonte - Gente de B\u00e1squet<\/title>\n<meta name=\"robots\" content=\"index, follow, max-snippet:-1, max-image-preview:large, max-video-preview:-1\" \/>\n<link rel=\"canonical\" href=\"https:\/\/gentedebasquet.com.ar\/sitio\/2017\/01\/31\/buenos-aires-2018-en-el-horizonte\/\" \/>\n<meta property=\"og:locale\" content=\"es_ES\" \/>\n<meta property=\"og:type\" content=\"article\" \/>\n<meta property=\"og:title\" content=\"Buenos Aires 2018 en el horizonte - Gente de B\u00e1squet\" \/>\n<meta property=\"og:description\" content=\"Comenzar\u00e1 a entrenar la Selecci\u00f3n femenina camino a los YOG\" \/>\n<meta property=\"og:url\" content=\"https:\/\/gentedebasquet.com.ar\/sitio\/2017\/01\/31\/buenos-aires-2018-en-el-horizonte\/\" \/>\n<meta property=\"og:site_name\" content=\"Gente de B\u00e1squet\" \/>\n<meta property=\"article:published_time\" content=\"2017-01-31T23:20:40+00:00\" \/>\n<meta property=\"og:image\" content=\"https:\/\/gentedebasquet.com.ar\/sitio\/wp-content\/uploads\/2017\/01\/bsas2.jpg\" \/>\n\t<meta property=\"og:image:width\" content=\"690\" \/>\n\t<meta property=\"og:image:height\" content=\"319\" \/>\n\t<meta property=\"og:image:type\" content=\"image\/jpeg\" \/>\n<meta name=\"author\" content=\"Gente de B\u00e1squet\" \/>\n<meta name=\"twitter:card\" content=\"summary_large_image\" \/>\n<meta name=\"twitter:label1\" content=\"Escrito por\" \/>\n\t<meta name=\"twitter:data1\" content=\"Gente de B\u00e1squet\" \/>\n\t<meta name=\"twitter:label2\" content=\"Tiempo de lectura\" \/>\n\t<meta name=\"twitter:data2\" content=\"2 minutos\" \/>\n<script type=\"application\/ld+json\" class=\"yoast-schema-graph\">{\"@context\":\"https:\\\/\\\/schema.org\",\"@graph\":[{\"@type\":\"Article\",\"@id\":\"https:\\\/\\\/gentedebasquet.com.ar\\\/sitio\\\/2017\\\/01\\\/31\\\/buenos-aires-2018-en-el-horizonte\\\/#article\",\"isPartOf\":{\"@id\":\"https:\\\/\\\/gentedebasquet.com.ar\\\/sitio\\\/2017\\\/01\\\/31\\\/buenos-aires-2018-en-el-horizonte\\\/\"},\"author\":{\"name\":\"Gente de B\u00e1squet\",\"@id\":\"https:\\\/\\\/gentedebasquet.com.ar\\\/sitio\\\/#\\\/schema\\\/person\\\/ca0b63bbb977369988a7bbbdc519943a\"},\"headline\":\"Buenos Aires 2018 en el horizonte\",\"datePublished\":\"2017-01-31T23:20:40+00:00\",\"mainEntityOfPage\":{\"@id\":\"https:\\\/\\\/gentedebasquet.com.ar\\\/sitio\\\/2017\\\/01\\\/31\\\/buenos-aires-2018-en-el-horizonte\\\/\"},\"wordCount\":462,\"image\":{\"@id\":\"https:\\\/\\\/gentedebasquet.com.ar\\\/sitio\\\/2017\\\/01\\\/31\\\/buenos-aires-2018-en-el-horizonte\\\/#primaryimage\"},\"thumbnailUrl\":\"https:\\\/\\\/gentedebasquet.com.ar\\\/sitio\\\/wp-content\\\/uploads\\\/2017\\\/01\\\/bsas2.jpg\",\"keywords\":[\"Buenos Aires 2018\",\"Juegos Ol\u00edmpicos\",\"Laura Cors\",\"Sol Castro\",\"YOG\"],\"articleSection\":[\"Selecciones Nacionales\",\"Slide\"],\"inLanguage\":\"es\"},{\"@type\":\"WebPage\",\"@id\":\"https:\\\/\\\/gentedebasquet.com.ar\\\/sitio\\\/2017\\\/01\\\/31\\\/buenos-aires-2018-en-el-horizonte\\\/\",\"url\":\"https:\\\/\\\/gentedebasquet.com.ar\\\/sitio\\\/2017\\\/01\\\/31\\\/buenos-aires-2018-en-el-horizonte\\\/\",\"name\":\"Buenos Aires 2018 en el horizonte - Gente de B\u00e1squet\",\"isPartOf\":{\"@id\":\"https:\\\/\\\/gentedebasquet.com.ar\\\/sitio\\\/#website\"},\"primaryImageOfPage\":{\"@id\":\"https:\\\/\\\/gentedebasquet.com.ar\\\/sitio\\\/2017\\\/01\\\/31\\\/buenos-aires-2018-en-el-horizonte\\\/#primaryimage\"},\"image\":{\"@id\":\"https:\\\/\\\/gentedebasquet.com.ar\\\/sitio\\\/2017\\\/01\\\/31\\\/buenos-aires-2018-en-el-horizonte\\\/#primaryimage\"},\"thumbnailUrl\":\"https:\\\/\\\/gentedebasquet.com.ar\\\/sitio\\\/wp-content\\\/uploads\\\/2017\\\/01\\\/bsas2.jpg\",\"datePublished\":\"2017-01-31T23:20:40+00:00\",\"author\":{\"@id\":\"https:\\\/\\\/gentedebasquet.com.ar\\\/sitio\\\/#\\\/schema\\\/person\\\/ca0b63bbb977369988a7bbbdc519943a\"},\"breadcrumb\":{\"@id\":\"https:\\\/\\\/gentedebasquet.com.ar\\\/sitio\\\/2017\\\/01\\\/31\\\/buenos-aires-2018-en-el-horizonte\\\/#breadcrumb\"},\"inLanguage\":\"es\",\"potentialAction\":[{\"@type\":\"ReadAction\",\"target\":[\"https:\\\/\\\/gentedebasquet.com.ar\\\/sitio\\\/2017\\\/01\\\/31\\\/buenos-aires-2018-en-el-horizonte\\\/\"]}]},{\"@type\":\"ImageObject\",\"inLanguage\":\"es\",\"@id\":\"https:\\\/\\\/gentedebasquet.com.ar\\\/sitio\\\/2017\\\/01\\\/31\\\/buenos-aires-2018-en-el-horizonte\\\/#primaryimage\",\"url\":\"https:\\\/\\\/gentedebasquet.com.ar\\\/sitio\\\/wp-content\\\/uploads\\\/2017\\\/01\\\/bsas2.jpg\",\"contentUrl\":\"https:\\\/\\\/gentedebasquet.com.ar\\\/sitio\\\/wp-content\\\/uploads\\\/2017\\\/01\\\/bsas2.jpg\",\"width\":690,\"height\":319},{\"@type\":\"BreadcrumbList\",\"@id\":\"https:\\\/\\\/gentedebasquet.com.ar\\\/sitio\\\/2017\\\/01\\\/31\\\/buenos-aires-2018-en-el-horizonte\\\/#breadcrumb\",\"itemListElement\":[{\"@type\":\"ListItem\",\"position\":1,\"name\":\"Portada\",\"item\":\"https:\\\/\\\/gentedebasquet.com.ar\\\/sitio\\\/\"},{\"@type\":\"ListItem\",\"position\":2,\"name\":\"Buenos Aires 2018 en el horizonte\"}]},{\"@type\":\"WebSite\",\"@id\":\"https:\\\/\\\/gentedebasquet.com.ar\\\/sitio\\\/#website\",\"url\":\"https:\\\/\\\/gentedebasquet.com.ar\\\/sitio\\\/\",\"name\":\"Gente de B\u00e1squet\",\"description\":\"La revista del basquet de Bah\u00eda Blanca\",\"potentialAction\":[{\"@type\":\"SearchAction\",\"target\":{\"@type\":\"EntryPoint\",\"urlTemplate\":\"https:\\\/\\\/gentedebasquet.com.ar\\\/sitio\\\/?s={search_term_string}\"},\"query-input\":{\"@type\":\"PropertyValueSpecification\",\"valueRequired\":true,\"valueName\":\"search_term_string\"}}],\"inLanguage\":\"es\"},{\"@type\":\"Person\",\"@id\":\"https:\\\/\\\/gentedebasquet.com.ar\\\/sitio\\\/#\\\/schema\\\/person\\\/ca0b63bbb977369988a7bbbdc519943a\",\"name\":\"Gente de B\u00e1squet\",\"image\":{\"@type\":\"ImageObject\",\"inLanguage\":\"es\",\"@id\":\"https:\\\/\\\/secure.gravatar.com\\\/avatar\\\/7f2c48bdc33b30088f941fb6082e555f2874c98e20cb159d7b92b50eadfce793?s=96&d=mm&r=g\",\"url\":\"https:\\\/\\\/secure.gravatar.com\\\/avatar\\\/7f2c48bdc33b30088f941fb6082e555f2874c98e20cb159d7b92b50eadfce793?s=96&d=mm&r=g\",\"contentUrl\":\"https:\\\/\\\/secure.gravatar.com\\\/avatar\\\/7f2c48bdc33b30088f941fb6082e555f2874c98e20cb159d7b92b50eadfce793?s=96&d=mm&r=g\",\"caption\":\"Gente de B\u00e1squet\"},\"sameAs\":[\"http:\\\/\\\/gentedebasquet.com.ar\\\/sitio\"],\"url\":\"https:\\\/\\\/gentedebasquet.com.ar\\\/sitio\\\/author\\\/ulises\\\/\"}]}<\/script>\n<!-- \/ Yoast SEO plugin. -->","yoast_head_json":{"title":"Buenos Aires 2018 en el horizonte - Gente de B\u00e1squet","robots":{"index":"index","follow":"follow","max-snippet":"max-snippet:-1","max-image-preview":"max-image-preview:large","max-video-preview":"max-video-preview:-1"},"canonical":"https:\/\/gentedebasquet.com.ar\/sitio\/2017\/01\/31\/buenos-aires-2018-en-el-horizonte\/","og_locale":"es_ES","og_type":"article","og_title":"Buenos Aires 2018 en el horizonte - Gente de B\u00e1squet","og_description":"Comenzar\u00e1 a entrenar la Selecci\u00f3n femenina camino a los YOG","og_url":"https:\/\/gentedebasquet.com.ar\/sitio\/2017\/01\/31\/buenos-aires-2018-en-el-horizonte\/","og_site_name":"Gente de B\u00e1squet","article_published_time":"2017-01-31T23:20:40+00:00","og_image":[{"width":690,"height":319,"url":"https:\/\/gentedebasquet.com.ar\/sitio\/wp-content\/uploads\/2017\/01\/bsas2.jpg","type":"image\/jpeg"}],"author":"Gente de B\u00e1squet","twitter_card":"summary_large_image","twitter_misc":{"Escrito por":"Gente de B\u00e1squet","Tiempo de lectura":"2 minutos"},"schema":{"@context":"https:\/\/schema.org","@graph":[{"@type":"Article","@id":"https:\/\/gentedebasquet.com.ar\/sitio\/2017\/01\/31\/buenos-aires-2018-en-el-horizonte\/#article","isPartOf":{"@id":"https:\/\/gentedebasquet.com.ar\/sitio\/2017\/01\/31\/buenos-aires-2018-en-el-horizonte\/"},"author":{"name":"Gente de B\u00e1squet","@id":"https:\/\/gentedebasquet.com.ar\/sitio\/#\/schema\/person\/ca0b63bbb977369988a7bbbdc519943a"},"headline":"Buenos Aires 2018 en el horizonte","datePublished":"2017-01-31T23:20:40+00:00","mainEntityOfPage":{"@id":"https:\/\/gentedebasquet.com.ar\/sitio\/2017\/01\/31\/buenos-aires-2018-en-el-horizonte\/"},"wordCount":462,"image":{"@id":"https:\/\/gentedebasquet.com.ar\/sitio\/2017\/01\/31\/buenos-aires-2018-en-el-horizonte\/#primaryimage"},"thumbnailUrl":"https:\/\/gentedebasquet.com.ar\/sitio\/wp-content\/uploads\/2017\/01\/bsas2.jpg","keywords":["Buenos Aires 2018","Juegos Ol\u00edmpicos","Laura Cors","Sol Castro","YOG"],"articleSection":["Selecciones Nacionales","Slide"],"inLanguage":"es"},{"@type":"WebPage","@id":"https:\/\/gentedebasquet.com.ar\/sitio\/2017\/01\/31\/buenos-aires-2018-en-el-horizonte\/","url":"https:\/\/gentedebasquet.com.ar\/sitio\/2017\/01\/31\/buenos-aires-2018-en-el-horizonte\/","name":"Buenos Aires 2018 en el horizonte - Gente de B\u00e1squet","isPartOf":{"@id":"https:\/\/gentedebasquet.com.ar\/sitio\/#website"},"primaryImageOfPage":{"@id":"https:\/\/gentedebasquet.com.ar\/sitio\/2017\/01\/31\/buenos-aires-2018-en-el-horizonte\/#primaryimage"},"image":{"@id":"https:\/\/gentedebasquet.com.ar\/sitio\/2017\/01\/31\/buenos-aires-2018-en-el-horizonte\/#primaryimage"},"thumbnailUrl":"https:\/\/gentedebasquet.com.ar\/sitio\/wp-content\/uploads\/2017\/01\/bsas2.jpg","datePublished":"2017-01-31T23:20:40+00:00","author":{"@id":"https:\/\/gentedebasquet.com.ar\/sitio\/#\/schema\/person\/ca0b63bbb977369988a7bbbdc519943a"},"breadcrumb":{"@id":"https:\/\/gentedebasquet.com.ar\/sitio\/2017\/01\/31\/buenos-aires-2018-en-el-horizonte\/#breadcrumb"},"inLanguage":"es","potentialAction":[{"@type":"ReadAction","target":["https:\/\/gentedebasquet.com.ar\/sitio\/2017\/01\/31\/buenos-aires-2018-en-el-horizonte\/"]}]},{"@type":"ImageObject","inLanguage":"es","@id":"https:\/\/gentedebasquet.com.ar\/sitio\/2017\/01\/31\/buenos-aires-2018-en-el-horizonte\/#primaryimage","url":"https:\/\/gentedebasquet.com.ar\/sitio\/wp-content\/uploads\/2017\/01\/bsas2.jpg","contentUrl":"https:\/\/gentedebasquet.com.ar\/sitio\/wp-content\/uploads\/2017\/01\/bsas2.jpg","width":690,"height":319},{"@type":"BreadcrumbList","@id":"https:\/\/gentedebasquet.com.ar\/sitio\/2017\/01\/31\/buenos-aires-2018-en-el-horizonte\/#breadcrumb","itemListElement":[{"@type":"ListItem","position":1,"name":"Portada","item":"https:\/\/gentedebasquet.com.ar\/sitio\/"},{"@type":"ListItem","position":2,"name":"Buenos Aires 2018 en el horizonte"}]},{"@type":"WebSite","@id":"https:\/\/gentedebasquet.com.ar\/sitio\/#website","url":"https:\/\/gentedebasquet.com.ar\/sitio\/","name":"Gente de B\u00e1squet","description":"La revista del basquet de Bah\u00eda Blanca","potentialAction":[{"@type":"SearchAction","target":{"@type":"EntryPoint","urlTemplate":"https:\/\/gentedebasquet.com.ar\/sitio\/?s={search_term_string}"},"query-input":{"@type":"PropertyValueSpecification","valueRequired":true,"valueName":"search_term_string"}}],"inLanguage":"es"},{"@type":"Person","@id":"https:\/\/gentedebasquet.com.ar\/sitio\/#\/schema\/person\/ca0b63bbb977369988a7bbbdc519943a","name":"Gente de B\u00e1squet","image":{"@type":"ImageObject","inLanguage":"es","@id":"https:\/\/secure.gravatar.com\/avatar\/7f2c48bdc33b30088f941fb6082e555f2874c98e20cb159d7b92b50eadfce793?s=96&d=mm&r=g","url":"https:\/\/secure.gravatar.com\/avatar\/7f2c48bdc33b30088f941fb6082e555f2874c98e20cb159d7b92b50eadfce793?s=96&d=mm&r=g","contentUrl":"https:\/\/secure.gravatar.com\/avatar\/7f2c48bdc33b30088f941fb6082e555f2874c98e20cb159d7b92b50eadfce793?s=96&d=mm&r=g","caption":"Gente de B\u00e1squet"},"sameAs":["http:\/\/gentedebasquet.com.ar\/sitio"],"url":"https:\/\/gentedebasquet.com.ar\/sitio\/author\/ulises\/"}]}},"_links":{"self":[{"href":"https:\/\/gentedebasquet.com.ar\/sitio\/wp-json\/wp\/v2\/posts\/68601","targetHints":{"allow":["GET"]}}],"collection":[{"href":"https:\/\/gentedebasquet.com.ar\/sitio\/wp-json\/wp\/v2\/posts"}],"about":[{"href":"https:\/\/gentedebasquet.com.ar\/sitio\/wp-json\/wp\/v2\/types\/post"}],"author":[{"embeddable":true,"href":"https:\/\/gentedebasquet.com.ar\/sitio\/wp-json\/wp\/v2\/users\/1"}],"replies":[{"embeddable":true,"href":"https:\/\/gentedebasquet.com.ar\/sitio\/wp-json\/wp\/v2\/comments?post=68601"}],"version-history":[{"count":0,"href":"https:\/\/gentedebasquet.com.ar\/sitio\/wp-json\/wp\/v2\/posts\/68601\/revisions"}],"wp:featuredmedia":[{"embeddable":true,"href":"https:\/\/gentedebasquet.com.ar\/sitio\/wp-json\/wp\/v2\/media\/68602"}],"wp:attachment":[{"href":"https:\/\/gentedebasquet.com.ar\/sitio\/wp-json\/wp\/v2\/media?parent=68601"}],"wp:term":[{"taxonomy":"category","embeddable":true,"href":"https:\/\/gentedebasquet.com.ar\/sitio\/wp-json\/wp\/v2\/categories?post=68601"},{"taxonomy":"post_tag","embeddable":true,"href":"https:\/\/gentedebasquet.com.ar\/sitio\/wp-json\/wp\/v2\/tags?post=68601"}],"curies":[{"name":"wp","href":"https:\/\/api.w.org\/{rel}","templated":true}]}}