{"id":69214,"date":"2017-03-16T17:28:00","date_gmt":"2017-03-16T20:28:00","guid":{"rendered":"http:\/\/www.gentedebasquet.com.ar\/?p=69214"},"modified":"2017-03-16T17:28:00","modified_gmt":"2017-03-16T20:28:00","slug":"a-corazon-abierto","status":"publish","type":"post","link":"https:\/\/gentedebasquet.com.ar\/sitio\/2017\/03\/16\/a-corazon-abierto\/","title":{"rendered":"A coraz\u00f3n abierto"},"content":{"rendered":"<p><strong>Patricio Sangineto (45 a\u00f1os) es el actual entrenador de Puerto Comercial en segunda divisi\u00f3n. Hace diez d\u00edas, sali\u00f3 airoso de una riesgosa intervenci\u00f3n quir\u00fargica -que se extendi\u00f3 durante 12 horas- con abertura de t\u00f3rax y coraz\u00f3n, debido a la obstrucci\u00f3n de cuatro arterias. Ahora tendr\u00e1 un par de meses de sumo cuidado y pocos esfuerzos. Una noticia que sorprendi\u00f3 y trascendi\u00f3 r\u00e1pidamente en el \u00e1mbito local. Moment\u00e1neamente, en la direcci\u00f3n t\u00e9cnica lo suceder\u00e1 Ramiro Riviere. \u201cEn cualquier momento me infartaba\u201d, indic\u00f3 Pato, de r\u00e1pida y positiva rehabilitaci\u00f3n. Sue\u00f1a con estar en el banco cuando reciban a Whitense, por la quinta fecha.<\/strong><\/p>\n<p>Una intervenci\u00f3n de alta complejidad debi\u00f3 atravesar Patricio Sangineto, en la primera semana de marzo.<\/p>\n<p>El actual director t\u00e9cnico del plantel superior de Puerto Comercial debi\u00f3 someterse a una operaci\u00f3n de t\u00f3rax y coraz\u00f3n abierto, para reparar cuatro v\u00e1lvulas que exig\u00edan m\u00e1xima atenci\u00f3n. La misma se extendi\u00f3 por espacio de doce horas, aunque Pato las atraves\u00f3 sin dificultades y con asombroso postoperatorio.<\/p>\n<p>\u201cEn diciembre empec\u00e9 a hacerme estudios card\u00edacos porque me agarr\u00f3 un dolor en el pecho. Aparte, tengo antecedentes familiares, ya que mi hermano falleci\u00f3 por algo relacionado al coraz\u00f3n\u201d, sostuvo el DT de 45 a\u00f1os, ya en su hogar.<\/p>\n<p>\u201cDej\u00e9 de fumar hace m\u00e1s de un a\u00f1o, pero en los estudios salt\u00f3 que ten\u00eda tres arterias muy tapadas y la \u00fanica soluci\u00f3n era la de operar. No hab\u00eda otra. Tard\u00e9 en operarme porque la obra social dio muchas vueltas, as\u00ed que reci\u00e9n el 7 de marzo entr\u00e9 a quir\u00f3fano. Si bien era algo \u2018programado\u2019, tampoco iba a andar con un cartelito que diga: \u2018Che, me tengo que operar del coraz\u00f3n\u2019. Cuando surgi\u00f3, surgi\u00f3\u2026 Despu\u00e9s se iban a enterar todos\u201d, explic\u00f3 Sangineto, de buen \u00e1nimo y talante.<\/p>\n<p>\u201cEn el club ya lo sab\u00edan. De hecho, empec\u00e9 la pretemporada, pero cort\u00e9 el viernes 3 y me intern\u00e9 el lunes 6. Gracias a Dios sali\u00f3 todo bien. Al final, me tuvieron que destapar cuatro arterias en lugar de tres. Estaba complicadito. Me dijeron que era una bomba de tiempo. En cualquier momento me infartaba\u201d, admiti\u00f3 Pato.<\/p>\n<p><strong>-Pero si ya hab\u00edas dejado de fumar, \u00bfcu\u00e1les eran las razones para que puedas provocar un infarto?<\/strong><\/p>\n<p>-Esto es algo que, generalmente, no avisa demasiado. Te pod\u00e9s infartar porque se te tapan y obstruyen las arterias o te puede dar un dolorcito que te haga ir al cardi\u00f3logo. Tuve suerte, no me infart\u00e9 y a la operaci\u00f3n llegu\u00e9 con el coraz\u00f3n sano, ya no com\u00eda sal, estaba flaco, bien sanito y con el coraz\u00f3n impecable.<\/p>\n<p><strong>-\u00bfEl da\u00f1o ya lo hab\u00edas hecho muchos a\u00f1os atr\u00e1s?<\/strong><\/p>\n<p>-Exacto. En mi caso, las arterias se taparon producto del cigarrillo (70%) y por antecedentes familiares (30%). Perd\u00ed un hermano por un infarto. Hay 30 factores que pueden provocarlo, con que tengas dos ya hay riesgo. Puede ser obesidad, sedentarismo, estr\u00e9s, tabaquismo\u2026 Mis an\u00e1lisis dieron perfectos: no tengo colesterol, diabetes, \u00e1cido \u00farico, presi\u00f3n arterial, hab\u00eda dejado de fumar, de comer sal, az\u00facar\u2026 Se ve que es algo que viene de hace rato. Tengo 45 a\u00f1os. El m\u00e9dico dijo que esta operaci\u00f3n era para alguien m\u00e1s grande. Por un lado no est\u00e1 bueno que te operen de tan joven, pero por otro pod\u00e9s recuperarte m\u00e1s r\u00e1pido y para todav\u00eda la vida.<\/p>\n<p><strong>-\u00bfTe colocaron un stent (endopr\u00f3tesis vascular)?<\/strong><\/p>\n<p>-No. El stent se utiliza para algo m\u00e1s sencillo, cuando hay una arteria que est\u00e1 un poquito tapada nom\u00e1s. El stent es un cat\u00e9ter que infla un globito y la destapa. Esa es una cirug\u00eda m\u00ednima y te vas en el d\u00eda. A m\u00ed tuvieron que abrirme el pecho a coraz\u00f3n abierto, cortar pedacitos de arterias de otros lados, hacer un bypass donde estaba obstruido y tengo el estern\u00f3n todo cocido. Fue la operaci\u00f3n m\u00e1s complicada de todas. Me atendi\u00f3 el doctor Schamun y despu\u00e9s qued\u00e9 a cargo de la cardi\u00f3loga Santos, hermana de Guzzy. Me dijo: \u201cLo que no pude ayudar a mi hermano, te ayudo a vos\u201d. Y eso me dej\u00f3 s\u00faper tranquilo.<\/p>\n<p><strong>-\u00a1Est\u00e1s teniendo una buena y r\u00e1pida rehabilitaci\u00f3n!<\/strong><\/p>\n<p>-\u00a1S\u00ed! A las 24 horas ya estaba sin respirador ni medicaci\u00f3n y a las 48 horas me sacaron de terapia. A la semana de operado ya estaba en mi casa. Es una recuperaci\u00f3n que no lo pueden creer los m\u00e9dicos. Ahora estoy caminando 35 minutos por d\u00eda, no corridos, sino en dos partes y cero reposo, porque sicol\u00f3gicamente te mata. Me siento b\u00e1rbaro. Lo que s\u00ed el estern\u00f3n tarda dos meses en sellar, porque te lo abren con una sierra para llegar al coraz\u00f3n.<\/p>\n<p><strong>-Entonces deb\u00e9s tener algunos cuidados especiales&#8230;<\/strong><\/p>\n<p>-Claro. No puedo hacer esfuerzos, usar mucho los brazos, necesito de una persona para levantarme, no puedo hacer absolutamente nada de fuerza por 60 d\u00edas, m\u00ednimo. \u00a1Te paran el coraz\u00f3n en la cirug\u00eda! \u00a1Sab\u00e9s el c\u2026 que ten\u00eda! Pensaba: \u201ca ver si me paran el motor y no arranca\u00bb (Risas). La operaci\u00f3n dur\u00f3 12 horas. Estaban todos asustados porque me hab\u00edan dicho que eran alrededor de seis, pero debieron hacer un bypass m\u00e1s que les llev\u00f3 tiempo y no estaba previsto.<\/p>\n<p><strong>-\u00bfC\u00f3mo contin\u00faa tu relaci\u00f3n con Comercial y el b\u00e1squet?<\/strong><\/p>\n<p>-Actualmente me reemplaza Ramiro Riviere, que es el DT del Sub 23. Tambi\u00e9n es jugador de Segunda, pero no va a jugar por el momento.<\/p>\n<p><strong>-\u00bfO sea que hay que creerte que no vas a aparecer por las canchas?<\/strong><\/p>\n<p>-Creo que para la quinta fecha que recibimos a Whitense, voy a estar. Ser\u00eda en los primeros d\u00edas de abril. No voy a andar a los manotazos ni a los gritos, pero al menos estar\u00e9 sentado dando instrucciones.<\/p>\n<p><strong>-\u00bfLe avisaste al plantel que no te haga renegar mucho este a\u00f1o?<\/strong><\/p>\n<p>-(Risas) S\u00ed. Igual, este a\u00f1o tengo un Dream Team comparado con el del a\u00f1o pasado. Trajimos a cuatro chicos, siendo cero el presupuesto.<\/p>\n<p><strong>-\u00bfCu\u00e1l ser\u00eda tu formaci\u00f3n base ideal?<\/strong><\/p>\n<p>-Saldr\u00eda con Mat\u00edas Fern\u00e1ndez, que es el base que en 2015 jug\u00f3 en Whitense, despu\u00e9s Mart\u00edn Godoy, recuperamos a Juan Pablo Babino, Achaerand\u00edo y Julito Gim\u00e9nez. Pero puede haber cambios porque lleg\u00f3 Mastrandrea de Velocidad, tambi\u00e9n Joaqu\u00edn Mercado que hizo las menores en Estudiantes, m\u00e1s los Sub 21 del a\u00f1o pasado. Est\u00e1 entrenando Lucas Vinderola, pero sin la idea de jugar por ahora. Ya s\u00e9 c\u00f3mo son las cosas en Comercial y los dirigentes me pidieron una mano. Se est\u00e1 queriendo ordenar la cosa. Es m\u00e1s, no s\u00e9 si no voy a ver el primer partido, voy a preguntarle a la doctora. Pero no s\u00e9, porque me vuelvo loco\u2026<\/p>\n<p>\u00a1Tranquilo Pato! El a\u00f1o es largu\u00edsimo y lo primero es la salud. Ya tuviste tu premio en este 2017.<\/p>\n<p>\u00a1A cuidarse!<\/p>\n<p><strong>Foto:<\/strong> Mauro Giovannini.<\/p>\n","protected":false},"excerpt":{"rendered":"<p>Patricio Sangineto (DT de Comercial) sali\u00f3 airoso de una seria operaci\u00f3n card\u00edaca<\/p>\n","protected":false},"author":1,"featured_media":69217,"comment_status":"closed","ping_status":"open","sticky":false,"template":"","format":"standard","meta":{"jnews-multi-image_gallery":[],"jnews_single_post":[],"jnews_primary_category":[],"footnotes":""},"categories":[25,101],"tags":[7,1091,729,1541,1405,1369],"class_list":["post-69214","post","type-post","status-publish","format-standard","has-post-thumbnail","hentry","category-segunda","category-slide","tag-comercial","tag-julio-gimenez","tag-matias-fernandez","tag-patricio-sangineto","tag-ramiro-achaerandio","tag-ramiro-riviere"],"yoast_head":"<!-- This site is optimized with the Yoast SEO plugin v27.4 - https:\/\/yoast.com\/product\/yoast-seo-wordpress\/ -->\n<title>A coraz\u00f3n abierto - Gente de B\u00e1squet<\/title>\n<meta name=\"robots\" content=\"index, follow, max-snippet:-1, max-image-preview:large, max-video-preview:-1\" \/>\n<link rel=\"canonical\" href=\"http:\/\/gentedebasquet.com.ar\/sitio\/2017\/03\/16\/a-corazon-abierto\/\" \/>\n<meta property=\"og:locale\" content=\"es_ES\" \/>\n<meta property=\"og:type\" content=\"article\" \/>\n<meta property=\"og:title\" content=\"A coraz\u00f3n abierto - Gente de B\u00e1squet\" \/>\n<meta property=\"og:description\" content=\"Patricio Sangineto (DT de Comercial) sali\u00f3 airoso de una seria operaci\u00f3n card\u00edaca\" \/>\n<meta property=\"og:url\" content=\"http:\/\/gentedebasquet.com.ar\/sitio\/2017\/03\/16\/a-corazon-abierto\/\" \/>\n<meta property=\"og:site_name\" content=\"Gente de B\u00e1squet\" \/>\n<meta property=\"article:published_time\" content=\"2017-03-16T20:28:00+00:00\" \/>\n<meta property=\"og:image\" content=\"http:\/\/gentedebasquet.com.ar\/sitio\/wp-content\/uploads\/2017\/03\/Sangineto-Comercial.jpg\" \/>\n\t<meta property=\"og:image:width\" content=\"690\" \/>\n\t<meta property=\"og:image:height\" content=\"319\" \/>\n\t<meta property=\"og:image:type\" content=\"image\/jpeg\" \/>\n<meta name=\"author\" content=\"Gente de B\u00e1squet\" \/>\n<meta name=\"twitter:card\" content=\"summary_large_image\" \/>\n<meta name=\"twitter:label1\" content=\"Escrito por\" \/>\n\t<meta name=\"twitter:data1\" content=\"Gente de B\u00e1squet\" \/>\n\t<meta name=\"twitter:label2\" content=\"Tiempo de lectura\" \/>\n\t<meta name=\"twitter:data2\" content=\"6 minutos\" \/>\n<script type=\"application\/ld+json\" class=\"yoast-schema-graph\">{\"@context\":\"https:\\\/\\\/schema.org\",\"@graph\":[{\"@type\":\"Article\",\"@id\":\"http:\\\/\\\/gentedebasquet.com.ar\\\/sitio\\\/2017\\\/03\\\/16\\\/a-corazon-abierto\\\/#article\",\"isPartOf\":{\"@id\":\"http:\\\/\\\/gentedebasquet.com.ar\\\/sitio\\\/2017\\\/03\\\/16\\\/a-corazon-abierto\\\/\"},\"author\":{\"name\":\"Gente de B\u00e1squet\",\"@id\":\"https:\\\/\\\/gentedebasquet.com.ar\\\/sitio\\\/#\\\/schema\\\/person\\\/ca0b63bbb977369988a7bbbdc519943a\"},\"headline\":\"A coraz\u00f3n abierto\",\"datePublished\":\"2017-03-16T20:28:00+00:00\",\"mainEntityOfPage\":{\"@id\":\"http:\\\/\\\/gentedebasquet.com.ar\\\/sitio\\\/2017\\\/03\\\/16\\\/a-corazon-abierto\\\/\"},\"wordCount\":1218,\"image\":{\"@id\":\"http:\\\/\\\/gentedebasquet.com.ar\\\/sitio\\\/2017\\\/03\\\/16\\\/a-corazon-abierto\\\/#primaryimage\"},\"thumbnailUrl\":\"https:\\\/\\\/gentedebasquet.com.ar\\\/sitio\\\/wp-content\\\/uploads\\\/2017\\\/03\\\/Sangineto-Comercial.jpg\",\"keywords\":[\"Comercial\",\"Julio Gimenez\",\"Mat\u00edas Fern\u00e1ndez\",\"Patricio Sangineto\",\"Ramiro Achaerandio\",\"Ramiro Riviere\"],\"articleSection\":[\"Segunda\",\"Slide\"],\"inLanguage\":\"es\"},{\"@type\":\"WebPage\",\"@id\":\"http:\\\/\\\/gentedebasquet.com.ar\\\/sitio\\\/2017\\\/03\\\/16\\\/a-corazon-abierto\\\/\",\"url\":\"http:\\\/\\\/gentedebasquet.com.ar\\\/sitio\\\/2017\\\/03\\\/16\\\/a-corazon-abierto\\\/\",\"name\":\"A coraz\u00f3n abierto - Gente de B\u00e1squet\",\"isPartOf\":{\"@id\":\"https:\\\/\\\/gentedebasquet.com.ar\\\/sitio\\\/#website\"},\"primaryImageOfPage\":{\"@id\":\"http:\\\/\\\/gentedebasquet.com.ar\\\/sitio\\\/2017\\\/03\\\/16\\\/a-corazon-abierto\\\/#primaryimage\"},\"image\":{\"@id\":\"http:\\\/\\\/gentedebasquet.com.ar\\\/sitio\\\/2017\\\/03\\\/16\\\/a-corazon-abierto\\\/#primaryimage\"},\"thumbnailUrl\":\"https:\\\/\\\/gentedebasquet.com.ar\\\/sitio\\\/wp-content\\\/uploads\\\/2017\\\/03\\\/Sangineto-Comercial.jpg\",\"datePublished\":\"2017-03-16T20:28:00+00:00\",\"author\":{\"@id\":\"https:\\\/\\\/gentedebasquet.com.ar\\\/sitio\\\/#\\\/schema\\\/person\\\/ca0b63bbb977369988a7bbbdc519943a\"},\"breadcrumb\":{\"@id\":\"http:\\\/\\\/gentedebasquet.com.ar\\\/sitio\\\/2017\\\/03\\\/16\\\/a-corazon-abierto\\\/#breadcrumb\"},\"inLanguage\":\"es\",\"potentialAction\":[{\"@type\":\"ReadAction\",\"target\":[\"http:\\\/\\\/gentedebasquet.com.ar\\\/sitio\\\/2017\\\/03\\\/16\\\/a-corazon-abierto\\\/\"]}]},{\"@type\":\"ImageObject\",\"inLanguage\":\"es\",\"@id\":\"http:\\\/\\\/gentedebasquet.com.ar\\\/sitio\\\/2017\\\/03\\\/16\\\/a-corazon-abierto\\\/#primaryimage\",\"url\":\"https:\\\/\\\/gentedebasquet.com.ar\\\/sitio\\\/wp-content\\\/uploads\\\/2017\\\/03\\\/Sangineto-Comercial.jpg\",\"contentUrl\":\"https:\\\/\\\/gentedebasquet.com.ar\\\/sitio\\\/wp-content\\\/uploads\\\/2017\\\/03\\\/Sangineto-Comercial.jpg\",\"width\":690,\"height\":319},{\"@type\":\"BreadcrumbList\",\"@id\":\"http:\\\/\\\/gentedebasquet.com.ar\\\/sitio\\\/2017\\\/03\\\/16\\\/a-corazon-abierto\\\/#breadcrumb\",\"itemListElement\":[{\"@type\":\"ListItem\",\"position\":1,\"name\":\"Portada\",\"item\":\"https:\\\/\\\/gentedebasquet.com.ar\\\/sitio\\\/\"},{\"@type\":\"ListItem\",\"position\":2,\"name\":\"A coraz\u00f3n abierto\"}]},{\"@type\":\"WebSite\",\"@id\":\"https:\\\/\\\/gentedebasquet.com.ar\\\/sitio\\\/#website\",\"url\":\"https:\\\/\\\/gentedebasquet.com.ar\\\/sitio\\\/\",\"name\":\"Gente de B\u00e1squet\",\"description\":\"La revista del basquet de Bah\u00eda Blanca\",\"potentialAction\":[{\"@type\":\"SearchAction\",\"target\":{\"@type\":\"EntryPoint\",\"urlTemplate\":\"https:\\\/\\\/gentedebasquet.com.ar\\\/sitio\\\/?s={search_term_string}\"},\"query-input\":{\"@type\":\"PropertyValueSpecification\",\"valueRequired\":true,\"valueName\":\"search_term_string\"}}],\"inLanguage\":\"es\"},{\"@type\":\"Person\",\"@id\":\"https:\\\/\\\/gentedebasquet.com.ar\\\/sitio\\\/#\\\/schema\\\/person\\\/ca0b63bbb977369988a7bbbdc519943a\",\"name\":\"Gente de B\u00e1squet\",\"image\":{\"@type\":\"ImageObject\",\"inLanguage\":\"es\",\"@id\":\"https:\\\/\\\/secure.gravatar.com\\\/avatar\\\/7f2c48bdc33b30088f941fb6082e555f2874c98e20cb159d7b92b50eadfce793?s=96&d=mm&r=g\",\"url\":\"https:\\\/\\\/secure.gravatar.com\\\/avatar\\\/7f2c48bdc33b30088f941fb6082e555f2874c98e20cb159d7b92b50eadfce793?s=96&d=mm&r=g\",\"contentUrl\":\"https:\\\/\\\/secure.gravatar.com\\\/avatar\\\/7f2c48bdc33b30088f941fb6082e555f2874c98e20cb159d7b92b50eadfce793?s=96&d=mm&r=g\",\"caption\":\"Gente de B\u00e1squet\"},\"sameAs\":[\"http:\\\/\\\/gentedebasquet.com.ar\\\/sitio\"],\"url\":\"https:\\\/\\\/gentedebasquet.com.ar\\\/sitio\\\/author\\\/ulises\\\/\"}]}<\/script>\n<!-- \/ Yoast SEO plugin. -->","yoast_head_json":{"title":"A coraz\u00f3n abierto - Gente de B\u00e1squet","robots":{"index":"index","follow":"follow","max-snippet":"max-snippet:-1","max-image-preview":"max-image-preview:large","max-video-preview":"max-video-preview:-1"},"canonical":"http:\/\/gentedebasquet.com.ar\/sitio\/2017\/03\/16\/a-corazon-abierto\/","og_locale":"es_ES","og_type":"article","og_title":"A coraz\u00f3n abierto - Gente de B\u00e1squet","og_description":"Patricio Sangineto (DT de Comercial) sali\u00f3 airoso de una seria operaci\u00f3n card\u00edaca","og_url":"http:\/\/gentedebasquet.com.ar\/sitio\/2017\/03\/16\/a-corazon-abierto\/","og_site_name":"Gente de B\u00e1squet","article_published_time":"2017-03-16T20:28:00+00:00","og_image":[{"width":690,"height":319,"url":"http:\/\/gentedebasquet.com.ar\/sitio\/wp-content\/uploads\/2017\/03\/Sangineto-Comercial.jpg","type":"image\/jpeg"}],"author":"Gente de B\u00e1squet","twitter_card":"summary_large_image","twitter_misc":{"Escrito por":"Gente de B\u00e1squet","Tiempo de lectura":"6 minutos"},"schema":{"@context":"https:\/\/schema.org","@graph":[{"@type":"Article","@id":"http:\/\/gentedebasquet.com.ar\/sitio\/2017\/03\/16\/a-corazon-abierto\/#article","isPartOf":{"@id":"http:\/\/gentedebasquet.com.ar\/sitio\/2017\/03\/16\/a-corazon-abierto\/"},"author":{"name":"Gente de B\u00e1squet","@id":"https:\/\/gentedebasquet.com.ar\/sitio\/#\/schema\/person\/ca0b63bbb977369988a7bbbdc519943a"},"headline":"A coraz\u00f3n abierto","datePublished":"2017-03-16T20:28:00+00:00","mainEntityOfPage":{"@id":"http:\/\/gentedebasquet.com.ar\/sitio\/2017\/03\/16\/a-corazon-abierto\/"},"wordCount":1218,"image":{"@id":"http:\/\/gentedebasquet.com.ar\/sitio\/2017\/03\/16\/a-corazon-abierto\/#primaryimage"},"thumbnailUrl":"https:\/\/gentedebasquet.com.ar\/sitio\/wp-content\/uploads\/2017\/03\/Sangineto-Comercial.jpg","keywords":["Comercial","Julio Gimenez","Mat\u00edas Fern\u00e1ndez","Patricio Sangineto","Ramiro Achaerandio","Ramiro Riviere"],"articleSection":["Segunda","Slide"],"inLanguage":"es"},{"@type":"WebPage","@id":"http:\/\/gentedebasquet.com.ar\/sitio\/2017\/03\/16\/a-corazon-abierto\/","url":"http:\/\/gentedebasquet.com.ar\/sitio\/2017\/03\/16\/a-corazon-abierto\/","name":"A coraz\u00f3n abierto - Gente de B\u00e1squet","isPartOf":{"@id":"https:\/\/gentedebasquet.com.ar\/sitio\/#website"},"primaryImageOfPage":{"@id":"http:\/\/gentedebasquet.com.ar\/sitio\/2017\/03\/16\/a-corazon-abierto\/#primaryimage"},"image":{"@id":"http:\/\/gentedebasquet.com.ar\/sitio\/2017\/03\/16\/a-corazon-abierto\/#primaryimage"},"thumbnailUrl":"https:\/\/gentedebasquet.com.ar\/sitio\/wp-content\/uploads\/2017\/03\/Sangineto-Comercial.jpg","datePublished":"2017-03-16T20:28:00+00:00","author":{"@id":"https:\/\/gentedebasquet.com.ar\/sitio\/#\/schema\/person\/ca0b63bbb977369988a7bbbdc519943a"},"breadcrumb":{"@id":"http:\/\/gentedebasquet.com.ar\/sitio\/2017\/03\/16\/a-corazon-abierto\/#breadcrumb"},"inLanguage":"es","potentialAction":[{"@type":"ReadAction","target":["http:\/\/gentedebasquet.com.ar\/sitio\/2017\/03\/16\/a-corazon-abierto\/"]}]},{"@type":"ImageObject","inLanguage":"es","@id":"http:\/\/gentedebasquet.com.ar\/sitio\/2017\/03\/16\/a-corazon-abierto\/#primaryimage","url":"https:\/\/gentedebasquet.com.ar\/sitio\/wp-content\/uploads\/2017\/03\/Sangineto-Comercial.jpg","contentUrl":"https:\/\/gentedebasquet.com.ar\/sitio\/wp-content\/uploads\/2017\/03\/Sangineto-Comercial.jpg","width":690,"height":319},{"@type":"BreadcrumbList","@id":"http:\/\/gentedebasquet.com.ar\/sitio\/2017\/03\/16\/a-corazon-abierto\/#breadcrumb","itemListElement":[{"@type":"ListItem","position":1,"name":"Portada","item":"https:\/\/gentedebasquet.com.ar\/sitio\/"},{"@type":"ListItem","position":2,"name":"A coraz\u00f3n abierto"}]},{"@type":"WebSite","@id":"https:\/\/gentedebasquet.com.ar\/sitio\/#website","url":"https:\/\/gentedebasquet.com.ar\/sitio\/","name":"Gente de B\u00e1squet","description":"La revista del basquet de Bah\u00eda Blanca","potentialAction":[{"@type":"SearchAction","target":{"@type":"EntryPoint","urlTemplate":"https:\/\/gentedebasquet.com.ar\/sitio\/?s={search_term_string}"},"query-input":{"@type":"PropertyValueSpecification","valueRequired":true,"valueName":"search_term_string"}}],"inLanguage":"es"},{"@type":"Person","@id":"https:\/\/gentedebasquet.com.ar\/sitio\/#\/schema\/person\/ca0b63bbb977369988a7bbbdc519943a","name":"Gente de B\u00e1squet","image":{"@type":"ImageObject","inLanguage":"es","@id":"https:\/\/secure.gravatar.com\/avatar\/7f2c48bdc33b30088f941fb6082e555f2874c98e20cb159d7b92b50eadfce793?s=96&d=mm&r=g","url":"https:\/\/secure.gravatar.com\/avatar\/7f2c48bdc33b30088f941fb6082e555f2874c98e20cb159d7b92b50eadfce793?s=96&d=mm&r=g","contentUrl":"https:\/\/secure.gravatar.com\/avatar\/7f2c48bdc33b30088f941fb6082e555f2874c98e20cb159d7b92b50eadfce793?s=96&d=mm&r=g","caption":"Gente de B\u00e1squet"},"sameAs":["http:\/\/gentedebasquet.com.ar\/sitio"],"url":"https:\/\/gentedebasquet.com.ar\/sitio\/author\/ulises\/"}]}},"_links":{"self":[{"href":"https:\/\/gentedebasquet.com.ar\/sitio\/wp-json\/wp\/v2\/posts\/69214","targetHints":{"allow":["GET"]}}],"collection":[{"href":"https:\/\/gentedebasquet.com.ar\/sitio\/wp-json\/wp\/v2\/posts"}],"about":[{"href":"https:\/\/gentedebasquet.com.ar\/sitio\/wp-json\/wp\/v2\/types\/post"}],"author":[{"embeddable":true,"href":"https:\/\/gentedebasquet.com.ar\/sitio\/wp-json\/wp\/v2\/users\/1"}],"replies":[{"embeddable":true,"href":"https:\/\/gentedebasquet.com.ar\/sitio\/wp-json\/wp\/v2\/comments?post=69214"}],"version-history":[{"count":0,"href":"https:\/\/gentedebasquet.com.ar\/sitio\/wp-json\/wp\/v2\/posts\/69214\/revisions"}],"wp:featuredmedia":[{"embeddable":true,"href":"https:\/\/gentedebasquet.com.ar\/sitio\/wp-json\/wp\/v2\/media\/69217"}],"wp:attachment":[{"href":"https:\/\/gentedebasquet.com.ar\/sitio\/wp-json\/wp\/v2\/media?parent=69214"}],"wp:term":[{"taxonomy":"category","embeddable":true,"href":"https:\/\/gentedebasquet.com.ar\/sitio\/wp-json\/wp\/v2\/categories?post=69214"},{"taxonomy":"post_tag","embeddable":true,"href":"https:\/\/gentedebasquet.com.ar\/sitio\/wp-json\/wp\/v2\/tags?post=69214"}],"curies":[{"name":"wp","href":"https:\/\/api.w.org\/{rel}","templated":true}]}}