{"id":69342,"date":"2017-03-20T23:47:17","date_gmt":"2017-03-21T02:47:17","guid":{"rendered":"http:\/\/www.gentedebasquet.com.ar\/?p=69342"},"modified":"2017-03-20T23:47:17","modified_gmt":"2017-03-21T02:47:17","slug":"mas-largo-y-en-rodaje","status":"publish","type":"post","link":"https:\/\/gentedebasquet.com.ar\/sitio\/2017\/03\/20\/mas-largo-y-en-rodaje\/","title":{"rendered":"M\u00e1s largo y en rodaje"},"content":{"rendered":"<p><strong>Pese a mostrar algunos desajustes, Villa Mitre comenz\u00f3 con una victoria el torneo de Primera Divisi\u00f3n 2017 al superar al laborioso Liniers por 108 a 102. El Chivo, que a\u00fan no cuenta con Lucas Mar\u00edn (TNA) y Juani Bellozas (TFB) se apoy\u00f3 en la actuaci\u00f3n de dos de sus l\u00edderes (Zalguizuri y Gonzalo Mart\u00ednez) para llegar al frente a los \u00faltimos 4m25: 90-93. Aunque el tricolor estuvo m\u00e1s fino en el cierre, liquidando las acciones con una bomba de Berdini (19, con 4\/8 a distancia) y la b\u00fasqueda constante a Heinrich (29 y 11 tableros), quien se erigi\u00f3 en la figura del encuentro.<\/strong><\/p>\n<p>Pese a las bajas se\u00f1aladas, e iniciando con Emanuel Miguel, Liniers se sinti\u00f3 c\u00f3modo en el inicio del juego.<\/p>\n<p>Con Zalguizuri manejando los hilos y un par de recuperos de Pizzo que derivaron en r\u00e1pidas salidas de Gonzalo Mart\u00ednez, la visita se mantuvo al frente: 4-7, 6-12, 9-15, 12-19 y 21-25 para cerrar los primeros diez minutos.<\/p>\n<p><img decoding=\"async\" class=\"size-full wp-image-69387 alignright\" src=\"http:\/\/www.gentedebasquet.com.ar\/wp-content\/uploads\/2017\/03\/Zalguizuri-Villa-Mitre-Liniers.jpg\" alt=\"Zalguizuri Villa Mitre Liniers\" width=\"400\" height=\"261\" srcset=\"https:\/\/gentedebasquet.com.ar\/sitio\/wp-content\/uploads\/2017\/03\/Zalguizuri-Villa-Mitre-Liniers.jpg 400w, https:\/\/gentedebasquet.com.ar\/sitio\/wp-content\/uploads\/2017\/03\/Zalguizuri-Villa-Mitre-Liniers-300x196.jpg 300w\" sizes=\"(max-width: 400px) 100vw, 400px\" \/><\/p>\n<p>M\u00e1s a\u00fan, inici\u00f3 el 2C con dos bombas en fila (Olivera y Pascual) para alcanzar su m\u00e1xima ventaja de la noche: 21-31 a 8m30 del ET.<\/p>\n<p>Vaya paradoja, Villa Mitre, que anot\u00f3 2\/9 en triples en el 1C, se encendi\u00f3 a partir de una bomba de Monteoliva (26-31). Luego, motivados tras un minutos y atrapando en media cancha, el tricolor entr\u00f3 en sinton\u00eda y pudo correr la cancha.<\/p>\n<p>Las variantes de Heinrich, jugando uno contra uno de espaldas y mostr\u00e1ndose como receptor de Jos\u00e9 Guti\u00e9rrez, Berdini y el propio Monteoliva, emparejaron definitivamente el duelo.<\/p>\n<blockquote><p>Con Liniers siempre es un partido lindo para jugar, por m\u00e1s que no es un resultado real para ninguno de los dos con m\u00e1s de 100 puntos; se not\u00f3 que fue el primer partido. Tomamos tiros apresurados sin dar vuelta la pelota y erramos los caminos, cuando metimos la bola adentro aparecieron los huecos. Este a\u00f1o vamos a jugar mucho con dos bases porque tenemos varios jugadores que lo pueden hacer en esa posici\u00f3n, es una ventaja para cerrar los partidos (Marcelo Berdini).<\/p><\/blockquote>\n<p>Con el partido palo a palo, a Liniers se le fueron achicando las variantes.<\/p>\n<p>Cada ofensiva pas\u00f3 a ser exclusividad de Zalguizuri y Mart\u00ednez, al tiempo que el equipo de Ugolini encontr\u00f3 respuestas en Bollo (inusual 100 % de efectividad en la l\u00ednea), abri\u00f3 caminos con la visi\u00f3n de Monteoliva, rompi\u00f3 l\u00edneas con Guti\u00e9rrez y, para completar, se destap\u00f3 Berdini. Todo, sumado al parejo andar de Heinrich.<\/p>\n<p>Liniers aguant\u00f3 porque surgi\u00f3 Pizzo, mucho m\u00e1s cerca del aro hasta que Michigan tenga otro interno. El Negro anot\u00f3 9 puntos en fila y dej\u00f3 a Liniers al frente: 90-93 a 4m25.<\/p>\n<p>Fue el momento en que Jos\u00e9 Guti\u00e9rrez volvi\u00f3 a la cancha.<\/p>\n<p>Heinrich carg\u00f3 el ofensivo y Berdini clav\u00f3 un triple en la jugada siguiente a una bandeja fallada en soledad por Marinsalta. Del probable 97-96 pas\u00f3 a ser 100-94 para el local y partido liquidado.<\/p>\n<p>Nada mal para comenzar.<\/p>\n<p><iframe loading=\"lazy\" width=\"560\" height=\"315\" src=\"https:\/\/www.youtube.com\/embed\/E4VfiJnCMZ0\" frameborder=\"0\" allowfullscreen><\/iframe><\/p>\n<p><strong>S\u00edntesis |<\/strong> Primera Divisi\u00f3n &#8211; Primer Tramo &#8211; Fecha #1<\/p>\n<p><strong>Villa Mitre 108:<\/strong>\u00a0Marcelo Berdini 19, Gast\u00f3n Diomedi 8, Cristian Miguel 11, Jos\u00e9 Luis Mart\u00ednez 0, Ramiro Heinrich 29 (Fi); Mat\u00edas Monteoliva 7, Javier Bollo 15, Valent\u00edn Pet\u00f3n 5, Leonardo Tard\u00edo 0, Jos\u00e9 Guti\u00e9rrez 14 y Santiago Buseetti 0. DT: Ariel Ugolini.<\/p>\n<p><strong>Liniers 102:<\/strong> Mauro Zalguizuri 24, Gonzalo Mart\u00ednez 27, Emanuel Miguel 8, Mariano Pizzo 20, Juli\u00e1n Marinsalta 2 (Fi); Bruno Ferrandi 2, Bautista Olivera 5, Santiago Pascual 14 y Franco Ferrari 0. DT: Ignacio Ferhmin.<\/p>\n<p><strong>Parciales:<\/strong>\u00a021-25, 49-49 (28-24), 76-76 (27-27) y 108-102 (32-26).<\/p>\n<p><strong>\u00c1rbitros:<\/strong> Sebasti\u00e1n Giannino &#8211; Eduardo Ferreyra.<\/p>\n<p><strong>Estadio:<\/strong> Jos\u00e9 Mart\u00ednez (Villa Mitre).<\/p>\n<p><a class=\"modalf iframe\" title=\"Planilla\" href=\"https:\/\/docs.google.com\/spreadsheets\/d\/1R9HV3psnKGddumV5541iiXPQAeNTIemLZbxh6CLkgEM\/pubhtml\" target=\"_blank\" rel=\"noopener\">Ver Planilla<\/a><\/p>\n","protected":false},"excerpt":{"rendered":"<p>Villa Mitre se aprovech\u00f3 de un desarmado Liniers para arrancar festejando: 108-102<\/p>\n","protected":false},"author":1,"featured_media":69386,"comment_status":"closed","ping_status":"open","sticky":false,"template":"","format":"standard","meta":{"jnews-multi-image_gallery":[],"jnews_single_post":[],"jnews_primary_category":[],"footnotes":""},"categories":[23,101],"tags":[329,319,14,353,321,226,53,22],"class_list":["post-69342","post","type-post","status-publish","format-standard","has-post-thumbnail","hentry","category-primera","category-slide","tag-gonzalo-martinez","tag-juan-ignacio-bellozas","tag-liniers","tag-lucas-marin","tag-marcelo-berdini","tag-mauro-zalguizuri","tag-ramiro-heinrich","tag-villa-mitre"],"yoast_head":"<!-- This site is optimized with the Yoast SEO plugin v27.5 - https:\/\/yoast.com\/product\/yoast-seo-wordpress\/ -->\n<title>M\u00e1s largo y en rodaje - Gente de B\u00e1squet<\/title>\n<meta name=\"robots\" content=\"index, follow, max-snippet:-1, max-image-preview:large, max-video-preview:-1\" \/>\n<link rel=\"canonical\" href=\"http:\/\/gentedebasquet.com.ar\/sitio\/2017\/03\/20\/mas-largo-y-en-rodaje\/\" \/>\n<meta property=\"og:locale\" content=\"es_ES\" \/>\n<meta property=\"og:type\" content=\"article\" \/>\n<meta property=\"og:title\" content=\"M\u00e1s largo y en rodaje - Gente de B\u00e1squet\" \/>\n<meta property=\"og:description\" content=\"Villa Mitre se aprovech\u00f3 de un desarmado Liniers para arrancar festejando: 108-102\" \/>\n<meta property=\"og:url\" content=\"http:\/\/gentedebasquet.com.ar\/sitio\/2017\/03\/20\/mas-largo-y-en-rodaje\/\" \/>\n<meta property=\"og:site_name\" content=\"Gente de B\u00e1squet\" \/>\n<meta property=\"article:published_time\" content=\"2017-03-21T02:47:17+00:00\" \/>\n<meta property=\"og:image\" content=\"http:\/\/gentedebasquet.com.ar\/sitio\/wp-content\/uploads\/2017\/03\/Heinrich-Villa-Mitre-Liniers.jpg\" \/>\n\t<meta property=\"og:image:width\" content=\"690\" \/>\n\t<meta property=\"og:image:height\" content=\"319\" \/>\n\t<meta property=\"og:image:type\" content=\"image\/jpeg\" \/>\n<meta name=\"author\" content=\"Gente de B\u00e1squet\" \/>\n<meta name=\"twitter:card\" content=\"summary_large_image\" \/>\n<meta name=\"twitter:label1\" content=\"Escrito por\" \/>\n\t<meta name=\"twitter:data1\" content=\"Gente de B\u00e1squet\" \/>\n\t<meta name=\"twitter:label2\" content=\"Tiempo de lectura\" \/>\n\t<meta name=\"twitter:data2\" content=\"3 minutos\" \/>\n<script type=\"application\/ld+json\" class=\"yoast-schema-graph\">{\"@context\":\"https:\\\/\\\/schema.org\",\"@graph\":[{\"@type\":\"Article\",\"@id\":\"http:\\\/\\\/gentedebasquet.com.ar\\\/sitio\\\/2017\\\/03\\\/20\\\/mas-largo-y-en-rodaje\\\/#article\",\"isPartOf\":{\"@id\":\"http:\\\/\\\/gentedebasquet.com.ar\\\/sitio\\\/2017\\\/03\\\/20\\\/mas-largo-y-en-rodaje\\\/\"},\"author\":{\"name\":\"Gente de B\u00e1squet\",\"@id\":\"https:\\\/\\\/gentedebasquet.com.ar\\\/sitio\\\/#\\\/schema\\\/person\\\/ca0b63bbb977369988a7bbbdc519943a\"},\"headline\":\"M\u00e1s largo y en rodaje\",\"datePublished\":\"2017-03-21T02:47:17+00:00\",\"mainEntityOfPage\":{\"@id\":\"http:\\\/\\\/gentedebasquet.com.ar\\\/sitio\\\/2017\\\/03\\\/20\\\/mas-largo-y-en-rodaje\\\/\"},\"wordCount\":605,\"image\":{\"@id\":\"http:\\\/\\\/gentedebasquet.com.ar\\\/sitio\\\/2017\\\/03\\\/20\\\/mas-largo-y-en-rodaje\\\/#primaryimage\"},\"thumbnailUrl\":\"https:\\\/\\\/gentedebasquet.com.ar\\\/sitio\\\/wp-content\\\/uploads\\\/2017\\\/03\\\/Heinrich-Villa-Mitre-Liniers.jpg\",\"keywords\":[\"Gonzalo Mart\u00ednez\",\"Juan Ignacio Bellozas\",\"Liniers\",\"Lucas Mar\u00edn\",\"Marcelo Berdini\",\"mauro zalguizuri\",\"Ramiro Heinrich\",\"Villa Mitre\"],\"articleSection\":[\"Primera\",\"Slide\"],\"inLanguage\":\"es\"},{\"@type\":\"WebPage\",\"@id\":\"http:\\\/\\\/gentedebasquet.com.ar\\\/sitio\\\/2017\\\/03\\\/20\\\/mas-largo-y-en-rodaje\\\/\",\"url\":\"http:\\\/\\\/gentedebasquet.com.ar\\\/sitio\\\/2017\\\/03\\\/20\\\/mas-largo-y-en-rodaje\\\/\",\"name\":\"M\u00e1s largo y en rodaje - Gente de B\u00e1squet\",\"isPartOf\":{\"@id\":\"https:\\\/\\\/gentedebasquet.com.ar\\\/sitio\\\/#website\"},\"primaryImageOfPage\":{\"@id\":\"http:\\\/\\\/gentedebasquet.com.ar\\\/sitio\\\/2017\\\/03\\\/20\\\/mas-largo-y-en-rodaje\\\/#primaryimage\"},\"image\":{\"@id\":\"http:\\\/\\\/gentedebasquet.com.ar\\\/sitio\\\/2017\\\/03\\\/20\\\/mas-largo-y-en-rodaje\\\/#primaryimage\"},\"thumbnailUrl\":\"https:\\\/\\\/gentedebasquet.com.ar\\\/sitio\\\/wp-content\\\/uploads\\\/2017\\\/03\\\/Heinrich-Villa-Mitre-Liniers.jpg\",\"datePublished\":\"2017-03-21T02:47:17+00:00\",\"author\":{\"@id\":\"https:\\\/\\\/gentedebasquet.com.ar\\\/sitio\\\/#\\\/schema\\\/person\\\/ca0b63bbb977369988a7bbbdc519943a\"},\"breadcrumb\":{\"@id\":\"http:\\\/\\\/gentedebasquet.com.ar\\\/sitio\\\/2017\\\/03\\\/20\\\/mas-largo-y-en-rodaje\\\/#breadcrumb\"},\"inLanguage\":\"es\",\"potentialAction\":[{\"@type\":\"ReadAction\",\"target\":[\"http:\\\/\\\/gentedebasquet.com.ar\\\/sitio\\\/2017\\\/03\\\/20\\\/mas-largo-y-en-rodaje\\\/\"]}]},{\"@type\":\"ImageObject\",\"inLanguage\":\"es\",\"@id\":\"http:\\\/\\\/gentedebasquet.com.ar\\\/sitio\\\/2017\\\/03\\\/20\\\/mas-largo-y-en-rodaje\\\/#primaryimage\",\"url\":\"https:\\\/\\\/gentedebasquet.com.ar\\\/sitio\\\/wp-content\\\/uploads\\\/2017\\\/03\\\/Heinrich-Villa-Mitre-Liniers.jpg\",\"contentUrl\":\"https:\\\/\\\/gentedebasquet.com.ar\\\/sitio\\\/wp-content\\\/uploads\\\/2017\\\/03\\\/Heinrich-Villa-Mitre-Liniers.jpg\",\"width\":690,\"height\":319},{\"@type\":\"BreadcrumbList\",\"@id\":\"http:\\\/\\\/gentedebasquet.com.ar\\\/sitio\\\/2017\\\/03\\\/20\\\/mas-largo-y-en-rodaje\\\/#breadcrumb\",\"itemListElement\":[{\"@type\":\"ListItem\",\"position\":1,\"name\":\"Portada\",\"item\":\"https:\\\/\\\/gentedebasquet.com.ar\\\/sitio\\\/\"},{\"@type\":\"ListItem\",\"position\":2,\"name\":\"M\u00e1s largo y en rodaje\"}]},{\"@type\":\"WebSite\",\"@id\":\"https:\\\/\\\/gentedebasquet.com.ar\\\/sitio\\\/#website\",\"url\":\"https:\\\/\\\/gentedebasquet.com.ar\\\/sitio\\\/\",\"name\":\"Gente de B\u00e1squet\",\"description\":\"La revista del basquet de Bah\u00eda Blanca\",\"potentialAction\":[{\"@type\":\"SearchAction\",\"target\":{\"@type\":\"EntryPoint\",\"urlTemplate\":\"https:\\\/\\\/gentedebasquet.com.ar\\\/sitio\\\/?s={search_term_string}\"},\"query-input\":{\"@type\":\"PropertyValueSpecification\",\"valueRequired\":true,\"valueName\":\"search_term_string\"}}],\"inLanguage\":\"es\"},{\"@type\":\"Person\",\"@id\":\"https:\\\/\\\/gentedebasquet.com.ar\\\/sitio\\\/#\\\/schema\\\/person\\\/ca0b63bbb977369988a7bbbdc519943a\",\"name\":\"Gente de B\u00e1squet\",\"image\":{\"@type\":\"ImageObject\",\"inLanguage\":\"es\",\"@id\":\"https:\\\/\\\/secure.gravatar.com\\\/avatar\\\/7f2c48bdc33b30088f941fb6082e555f2874c98e20cb159d7b92b50eadfce793?s=96&d=mm&r=g\",\"url\":\"https:\\\/\\\/secure.gravatar.com\\\/avatar\\\/7f2c48bdc33b30088f941fb6082e555f2874c98e20cb159d7b92b50eadfce793?s=96&d=mm&r=g\",\"contentUrl\":\"https:\\\/\\\/secure.gravatar.com\\\/avatar\\\/7f2c48bdc33b30088f941fb6082e555f2874c98e20cb159d7b92b50eadfce793?s=96&d=mm&r=g\",\"caption\":\"Gente de B\u00e1squet\"},\"sameAs\":[\"http:\\\/\\\/gentedebasquet.com.ar\\\/sitio\"],\"url\":\"https:\\\/\\\/gentedebasquet.com.ar\\\/sitio\\\/author\\\/ulises\\\/\"}]}<\/script>\n<!-- \/ Yoast SEO plugin. -->","yoast_head_json":{"title":"M\u00e1s largo y en rodaje - Gente de B\u00e1squet","robots":{"index":"index","follow":"follow","max-snippet":"max-snippet:-1","max-image-preview":"max-image-preview:large","max-video-preview":"max-video-preview:-1"},"canonical":"http:\/\/gentedebasquet.com.ar\/sitio\/2017\/03\/20\/mas-largo-y-en-rodaje\/","og_locale":"es_ES","og_type":"article","og_title":"M\u00e1s largo y en rodaje - Gente de B\u00e1squet","og_description":"Villa Mitre se aprovech\u00f3 de un desarmado Liniers para arrancar festejando: 108-102","og_url":"http:\/\/gentedebasquet.com.ar\/sitio\/2017\/03\/20\/mas-largo-y-en-rodaje\/","og_site_name":"Gente de B\u00e1squet","article_published_time":"2017-03-21T02:47:17+00:00","og_image":[{"width":690,"height":319,"url":"http:\/\/gentedebasquet.com.ar\/sitio\/wp-content\/uploads\/2017\/03\/Heinrich-Villa-Mitre-Liniers.jpg","type":"image\/jpeg"}],"author":"Gente de B\u00e1squet","twitter_card":"summary_large_image","twitter_misc":{"Escrito por":"Gente de B\u00e1squet","Tiempo de lectura":"3 minutos"},"schema":{"@context":"https:\/\/schema.org","@graph":[{"@type":"Article","@id":"http:\/\/gentedebasquet.com.ar\/sitio\/2017\/03\/20\/mas-largo-y-en-rodaje\/#article","isPartOf":{"@id":"http:\/\/gentedebasquet.com.ar\/sitio\/2017\/03\/20\/mas-largo-y-en-rodaje\/"},"author":{"name":"Gente de B\u00e1squet","@id":"https:\/\/gentedebasquet.com.ar\/sitio\/#\/schema\/person\/ca0b63bbb977369988a7bbbdc519943a"},"headline":"M\u00e1s largo y en rodaje","datePublished":"2017-03-21T02:47:17+00:00","mainEntityOfPage":{"@id":"http:\/\/gentedebasquet.com.ar\/sitio\/2017\/03\/20\/mas-largo-y-en-rodaje\/"},"wordCount":605,"image":{"@id":"http:\/\/gentedebasquet.com.ar\/sitio\/2017\/03\/20\/mas-largo-y-en-rodaje\/#primaryimage"},"thumbnailUrl":"https:\/\/gentedebasquet.com.ar\/sitio\/wp-content\/uploads\/2017\/03\/Heinrich-Villa-Mitre-Liniers.jpg","keywords":["Gonzalo Mart\u00ednez","Juan Ignacio Bellozas","Liniers","Lucas Mar\u00edn","Marcelo Berdini","mauro zalguizuri","Ramiro Heinrich","Villa Mitre"],"articleSection":["Primera","Slide"],"inLanguage":"es"},{"@type":"WebPage","@id":"http:\/\/gentedebasquet.com.ar\/sitio\/2017\/03\/20\/mas-largo-y-en-rodaje\/","url":"http:\/\/gentedebasquet.com.ar\/sitio\/2017\/03\/20\/mas-largo-y-en-rodaje\/","name":"M\u00e1s largo y en rodaje - Gente de B\u00e1squet","isPartOf":{"@id":"https:\/\/gentedebasquet.com.ar\/sitio\/#website"},"primaryImageOfPage":{"@id":"http:\/\/gentedebasquet.com.ar\/sitio\/2017\/03\/20\/mas-largo-y-en-rodaje\/#primaryimage"},"image":{"@id":"http:\/\/gentedebasquet.com.ar\/sitio\/2017\/03\/20\/mas-largo-y-en-rodaje\/#primaryimage"},"thumbnailUrl":"https:\/\/gentedebasquet.com.ar\/sitio\/wp-content\/uploads\/2017\/03\/Heinrich-Villa-Mitre-Liniers.jpg","datePublished":"2017-03-21T02:47:17+00:00","author":{"@id":"https:\/\/gentedebasquet.com.ar\/sitio\/#\/schema\/person\/ca0b63bbb977369988a7bbbdc519943a"},"breadcrumb":{"@id":"http:\/\/gentedebasquet.com.ar\/sitio\/2017\/03\/20\/mas-largo-y-en-rodaje\/#breadcrumb"},"inLanguage":"es","potentialAction":[{"@type":"ReadAction","target":["http:\/\/gentedebasquet.com.ar\/sitio\/2017\/03\/20\/mas-largo-y-en-rodaje\/"]}]},{"@type":"ImageObject","inLanguage":"es","@id":"http:\/\/gentedebasquet.com.ar\/sitio\/2017\/03\/20\/mas-largo-y-en-rodaje\/#primaryimage","url":"https:\/\/gentedebasquet.com.ar\/sitio\/wp-content\/uploads\/2017\/03\/Heinrich-Villa-Mitre-Liniers.jpg","contentUrl":"https:\/\/gentedebasquet.com.ar\/sitio\/wp-content\/uploads\/2017\/03\/Heinrich-Villa-Mitre-Liniers.jpg","width":690,"height":319},{"@type":"BreadcrumbList","@id":"http:\/\/gentedebasquet.com.ar\/sitio\/2017\/03\/20\/mas-largo-y-en-rodaje\/#breadcrumb","itemListElement":[{"@type":"ListItem","position":1,"name":"Portada","item":"https:\/\/gentedebasquet.com.ar\/sitio\/"},{"@type":"ListItem","position":2,"name":"M\u00e1s largo y en rodaje"}]},{"@type":"WebSite","@id":"https:\/\/gentedebasquet.com.ar\/sitio\/#website","url":"https:\/\/gentedebasquet.com.ar\/sitio\/","name":"Gente de B\u00e1squet","description":"La revista del basquet de Bah\u00eda Blanca","potentialAction":[{"@type":"SearchAction","target":{"@type":"EntryPoint","urlTemplate":"https:\/\/gentedebasquet.com.ar\/sitio\/?s={search_term_string}"},"query-input":{"@type":"PropertyValueSpecification","valueRequired":true,"valueName":"search_term_string"}}],"inLanguage":"es"},{"@type":"Person","@id":"https:\/\/gentedebasquet.com.ar\/sitio\/#\/schema\/person\/ca0b63bbb977369988a7bbbdc519943a","name":"Gente de B\u00e1squet","image":{"@type":"ImageObject","inLanguage":"es","@id":"https:\/\/secure.gravatar.com\/avatar\/7f2c48bdc33b30088f941fb6082e555f2874c98e20cb159d7b92b50eadfce793?s=96&d=mm&r=g","url":"https:\/\/secure.gravatar.com\/avatar\/7f2c48bdc33b30088f941fb6082e555f2874c98e20cb159d7b92b50eadfce793?s=96&d=mm&r=g","contentUrl":"https:\/\/secure.gravatar.com\/avatar\/7f2c48bdc33b30088f941fb6082e555f2874c98e20cb159d7b92b50eadfce793?s=96&d=mm&r=g","caption":"Gente de B\u00e1squet"},"sameAs":["http:\/\/gentedebasquet.com.ar\/sitio"],"url":"https:\/\/gentedebasquet.com.ar\/sitio\/author\/ulises\/"}]}},"_links":{"self":[{"href":"https:\/\/gentedebasquet.com.ar\/sitio\/wp-json\/wp\/v2\/posts\/69342","targetHints":{"allow":["GET"]}}],"collection":[{"href":"https:\/\/gentedebasquet.com.ar\/sitio\/wp-json\/wp\/v2\/posts"}],"about":[{"href":"https:\/\/gentedebasquet.com.ar\/sitio\/wp-json\/wp\/v2\/types\/post"}],"author":[{"embeddable":true,"href":"https:\/\/gentedebasquet.com.ar\/sitio\/wp-json\/wp\/v2\/users\/1"}],"replies":[{"embeddable":true,"href":"https:\/\/gentedebasquet.com.ar\/sitio\/wp-json\/wp\/v2\/comments?post=69342"}],"version-history":[{"count":0,"href":"https:\/\/gentedebasquet.com.ar\/sitio\/wp-json\/wp\/v2\/posts\/69342\/revisions"}],"wp:featuredmedia":[{"embeddable":true,"href":"https:\/\/gentedebasquet.com.ar\/sitio\/wp-json\/wp\/v2\/media\/69386"}],"wp:attachment":[{"href":"https:\/\/gentedebasquet.com.ar\/sitio\/wp-json\/wp\/v2\/media?parent=69342"}],"wp:term":[{"taxonomy":"category","embeddable":true,"href":"https:\/\/gentedebasquet.com.ar\/sitio\/wp-json\/wp\/v2\/categories?post=69342"},{"taxonomy":"post_tag","embeddable":true,"href":"https:\/\/gentedebasquet.com.ar\/sitio\/wp-json\/wp\/v2\/tags?post=69342"}],"curies":[{"name":"wp","href":"https:\/\/api.w.org\/{rel}","templated":true}]}}