{"id":69585,"date":"2017-03-23T22:33:15","date_gmt":"2017-03-24T01:33:15","guid":{"rendered":"http:\/\/www.gentedebasquet.com.ar\/?p=69585"},"modified":"2017-03-23T22:33:15","modified_gmt":"2017-03-24T01:33:15","slug":"giarraffa-reemplazara-a-iglesias","status":"publish","type":"post","link":"https:\/\/gentedebasquet.com.ar\/sitio\/2017\/03\/23\/giarraffa-reemplazara-a-iglesias\/","title":{"rendered":"Giarraffa reemplazar\u00e1 a Iglesias"},"content":{"rendered":"<p><strong>Un par de malas noticias sacudieron el ambiente en Olimpo, en su lucha por acceder lo m\u00e1s arriba posible en la tabla de posiciones a la etapa de playoffs del TNA. El base Ramiro Iglesias finalmente tiene rotura del neo ligamento cruzado de la rodilla izquierda, por lo que ya le buscaron reemplazante: se trata de Agust\u00edn Giarrafa, un base-escolta que viene de jugar en Atenas de Patagones. Adem\u00e1s, se confirm\u00f3 que\u00a0Jos\u00e9 Fabio padece un traumatismo de t\u00f3rax, en la regi\u00f3n costal derecha sin lesi\u00f3n \u00f3sea. No obstante, podr\u00eda estar presente este viernes, ante Estudiantes de Olavarr\u00eda.<\/strong><\/p>\n<p>Seg\u00fan comunicaron desde el departamento de prensa del auirnegro, Ramiro Iglesias sufri\u00f3 la rotura del neo ligamento cruzado anterior de la rodilla izquierda. Si bien el jugador recibi\u00f3 la atenci\u00f3n de Graciela Gonz\u00e1lez Prieto y Germ\u00e1n Gallardo (Cuerpo m\u00e9dico del Club Olimpo), el diagn\u00f3stico se confirm\u00f3 esta tarde en Buenos Aires luego de consultas con los doctores Diego Grippo (Director de Departamento M\u00e9dico de AdC) y Jorge Batista.<\/p>\n<figure id=\"attachment_69586\" aria-describedby=\"caption-attachment-69586\" style=\"width: 400px\" class=\"wp-caption alignright\"><img decoding=\"async\" class=\"wp-image-69586 size-full\" src=\"http:\/\/www.gentedebasquet.com.ar\/wp-content\/uploads\/2017\/03\/Agust\u00edn-Giarrafa-Olimpo-TNA.jpg\" alt=\"Agust\u00edn Giarrafa Olimpo TNA\" width=\"400\" height=\"267\" \/><figcaption id=\"caption-attachment-69586\" class=\"wp-caption-text\">Agust\u00edn Giarrafa<\/figcaption><\/figure>\n<p>El base rosarino sufri\u00f3 esta lesi\u00f3n en el encuentro disputado ante Platense el pasado 11 de marzo en Vicente L\u00f3pez.<\/p>\n<p>Para reemplazarlo, Olimpo se fij\u00f3 en Agust\u00edn Giarraffa. Siempre y cuando los tiempos lo permitan, el base de \u00faltimo paso por Atenas de Patagones estar\u00e1 en condiciones de debutar el viernes en el Norberto Tom\u00e1s.<\/p>\n<p>Giarraffa tiene 22 a\u00f1os y en esta temporada disput\u00f3 28 encuentros promediando 9,8 puntos, 1,1 asistencias y 22,3 minutos.<\/p>\n<p>Por otra parte, Jos\u00e9 Fabio padece un traumatismo de t\u00f3rax, en la regi\u00f3n costal derecha sin lesi\u00f3n \u00f3sea. Seg\u00fan confirm\u00f3 la doctora del Club, los pasos a seguir son tratamiento m\u00e9dico y kinesiol\u00f3gico.<\/p>\n<p>Fabio recibi\u00f3 un fuerte golpe en el partido ante La Uni\u00f3n que lo oblig\u00f3 a dejar la cancha. El misionero, que disput\u00f3 apenas dos minutos ante Hurac\u00e1n en Trelew, est\u00e1 disponible para el partido del viernes ante Estudiantes de Olavarr\u00eda.<\/p>\n<p><strong>Fotos:<\/strong> Prensa Olimpo.<\/p>\n<p>&nbsp;<\/p>\n","protected":false},"excerpt":{"rendered":"<p>La lesi\u00f3n del base oblig\u00f3 a Olimpo a buscar un perimetral para su equipo de TNA<\/p>\n","protected":false},"author":1,"featured_media":69587,"comment_status":"closed","ping_status":"open","sticky":false,"template":"","format":"standard","meta":{"jnews-multi-image_gallery":[],"jnews_single_post":[],"jnews_primary_category":[],"footnotes":""},"categories":[112,39,101],"tags":[1549,1382,16,1383,121],"class_list":["post-69585","post","type-post","status-publish","format-standard","has-post-thumbnail","hentry","category-tna","category-nacional","category-slide","tag-agustin-giarrafa","tag-jose-fabio","tag-olimpo","tag-ramiro-iglesias","tag-tna"],"yoast_head":"<!-- This site is optimized with the Yoast SEO plugin v27.5 - https:\/\/yoast.com\/product\/yoast-seo-wordpress\/ -->\n<title>Giarraffa reemplazar\u00e1 a Iglesias - Gente de B\u00e1squet<\/title>\n<meta name=\"robots\" content=\"index, follow, max-snippet:-1, max-image-preview:large, max-video-preview:-1\" \/>\n<link rel=\"canonical\" href=\"https:\/\/gentedebasquet.com.ar\/sitio\/2017\/03\/23\/giarraffa-reemplazara-a-iglesias\/\" \/>\n<meta property=\"og:locale\" content=\"es_ES\" \/>\n<meta property=\"og:type\" content=\"article\" \/>\n<meta property=\"og:title\" content=\"Giarraffa reemplazar\u00e1 a Iglesias - Gente de B\u00e1squet\" \/>\n<meta property=\"og:description\" content=\"La lesi\u00f3n del base oblig\u00f3 a Olimpo a buscar un perimetral para su equipo de TNA\" \/>\n<meta property=\"og:url\" content=\"https:\/\/gentedebasquet.com.ar\/sitio\/2017\/03\/23\/giarraffa-reemplazara-a-iglesias\/\" \/>\n<meta property=\"og:site_name\" content=\"Gente de B\u00e1squet\" \/>\n<meta property=\"article:published_time\" content=\"2017-03-24T01:33:15+00:00\" \/>\n<meta property=\"og:image\" content=\"https:\/\/gentedebasquet.com.ar\/sitio\/wp-content\/uploads\/2017\/03\/Giarrafa-Olimpo-TNA.jpg\" \/>\n\t<meta property=\"og:image:width\" content=\"690\" \/>\n\t<meta property=\"og:image:height\" content=\"319\" \/>\n\t<meta property=\"og:image:type\" content=\"image\/jpeg\" \/>\n<meta name=\"author\" content=\"Gente de B\u00e1squet\" \/>\n<meta name=\"twitter:card\" content=\"summary_large_image\" \/>\n<meta name=\"twitter:label1\" content=\"Escrito por\" \/>\n\t<meta name=\"twitter:data1\" content=\"Gente de B\u00e1squet\" \/>\n\t<meta name=\"twitter:label2\" content=\"Tiempo de lectura\" \/>\n\t<meta name=\"twitter:data2\" content=\"2 minutos\" \/>\n<script type=\"application\/ld+json\" class=\"yoast-schema-graph\">{\"@context\":\"https:\\\/\\\/schema.org\",\"@graph\":[{\"@type\":\"Article\",\"@id\":\"https:\\\/\\\/gentedebasquet.com.ar\\\/sitio\\\/2017\\\/03\\\/23\\\/giarraffa-reemplazara-a-iglesias\\\/#article\",\"isPartOf\":{\"@id\":\"https:\\\/\\\/gentedebasquet.com.ar\\\/sitio\\\/2017\\\/03\\\/23\\\/giarraffa-reemplazara-a-iglesias\\\/\"},\"author\":{\"name\":\"Gente de B\u00e1squet\",\"@id\":\"https:\\\/\\\/gentedebasquet.com.ar\\\/sitio\\\/#\\\/schema\\\/person\\\/ca0b63bbb977369988a7bbbdc519943a\"},\"headline\":\"Giarraffa reemplazar\u00e1 a Iglesias\",\"datePublished\":\"2017-03-24T01:33:15+00:00\",\"mainEntityOfPage\":{\"@id\":\"https:\\\/\\\/gentedebasquet.com.ar\\\/sitio\\\/2017\\\/03\\\/23\\\/giarraffa-reemplazara-a-iglesias\\\/\"},\"wordCount\":354,\"image\":{\"@id\":\"https:\\\/\\\/gentedebasquet.com.ar\\\/sitio\\\/2017\\\/03\\\/23\\\/giarraffa-reemplazara-a-iglesias\\\/#primaryimage\"},\"thumbnailUrl\":\"https:\\\/\\\/gentedebasquet.com.ar\\\/sitio\\\/wp-content\\\/uploads\\\/2017\\\/03\\\/Giarrafa-Olimpo-TNA.jpg\",\"keywords\":[\"Agust\u00edn Giarrafa\",\"Jos\u00e9 Fabio\",\"Ol\u00edmpo\",\"Ramiro Iglesias\",\"TNA\"],\"articleSection\":[\"Liga Argentina\",\"Nacional\",\"Slide\"],\"inLanguage\":\"es\"},{\"@type\":\"WebPage\",\"@id\":\"https:\\\/\\\/gentedebasquet.com.ar\\\/sitio\\\/2017\\\/03\\\/23\\\/giarraffa-reemplazara-a-iglesias\\\/\",\"url\":\"https:\\\/\\\/gentedebasquet.com.ar\\\/sitio\\\/2017\\\/03\\\/23\\\/giarraffa-reemplazara-a-iglesias\\\/\",\"name\":\"Giarraffa reemplazar\u00e1 a Iglesias - Gente de B\u00e1squet\",\"isPartOf\":{\"@id\":\"https:\\\/\\\/gentedebasquet.com.ar\\\/sitio\\\/#website\"},\"primaryImageOfPage\":{\"@id\":\"https:\\\/\\\/gentedebasquet.com.ar\\\/sitio\\\/2017\\\/03\\\/23\\\/giarraffa-reemplazara-a-iglesias\\\/#primaryimage\"},\"image\":{\"@id\":\"https:\\\/\\\/gentedebasquet.com.ar\\\/sitio\\\/2017\\\/03\\\/23\\\/giarraffa-reemplazara-a-iglesias\\\/#primaryimage\"},\"thumbnailUrl\":\"https:\\\/\\\/gentedebasquet.com.ar\\\/sitio\\\/wp-content\\\/uploads\\\/2017\\\/03\\\/Giarrafa-Olimpo-TNA.jpg\",\"datePublished\":\"2017-03-24T01:33:15+00:00\",\"author\":{\"@id\":\"https:\\\/\\\/gentedebasquet.com.ar\\\/sitio\\\/#\\\/schema\\\/person\\\/ca0b63bbb977369988a7bbbdc519943a\"},\"breadcrumb\":{\"@id\":\"https:\\\/\\\/gentedebasquet.com.ar\\\/sitio\\\/2017\\\/03\\\/23\\\/giarraffa-reemplazara-a-iglesias\\\/#breadcrumb\"},\"inLanguage\":\"es\",\"potentialAction\":[{\"@type\":\"ReadAction\",\"target\":[\"https:\\\/\\\/gentedebasquet.com.ar\\\/sitio\\\/2017\\\/03\\\/23\\\/giarraffa-reemplazara-a-iglesias\\\/\"]}]},{\"@type\":\"ImageObject\",\"inLanguage\":\"es\",\"@id\":\"https:\\\/\\\/gentedebasquet.com.ar\\\/sitio\\\/2017\\\/03\\\/23\\\/giarraffa-reemplazara-a-iglesias\\\/#primaryimage\",\"url\":\"https:\\\/\\\/gentedebasquet.com.ar\\\/sitio\\\/wp-content\\\/uploads\\\/2017\\\/03\\\/Giarrafa-Olimpo-TNA.jpg\",\"contentUrl\":\"https:\\\/\\\/gentedebasquet.com.ar\\\/sitio\\\/wp-content\\\/uploads\\\/2017\\\/03\\\/Giarrafa-Olimpo-TNA.jpg\",\"width\":690,\"height\":319},{\"@type\":\"BreadcrumbList\",\"@id\":\"https:\\\/\\\/gentedebasquet.com.ar\\\/sitio\\\/2017\\\/03\\\/23\\\/giarraffa-reemplazara-a-iglesias\\\/#breadcrumb\",\"itemListElement\":[{\"@type\":\"ListItem\",\"position\":1,\"name\":\"Portada\",\"item\":\"https:\\\/\\\/gentedebasquet.com.ar\\\/sitio\\\/\"},{\"@type\":\"ListItem\",\"position\":2,\"name\":\"Giarraffa reemplazar\u00e1 a Iglesias\"}]},{\"@type\":\"WebSite\",\"@id\":\"https:\\\/\\\/gentedebasquet.com.ar\\\/sitio\\\/#website\",\"url\":\"https:\\\/\\\/gentedebasquet.com.ar\\\/sitio\\\/\",\"name\":\"Gente de B\u00e1squet\",\"description\":\"La revista del basquet de Bah\u00eda Blanca\",\"potentialAction\":[{\"@type\":\"SearchAction\",\"target\":{\"@type\":\"EntryPoint\",\"urlTemplate\":\"https:\\\/\\\/gentedebasquet.com.ar\\\/sitio\\\/?s={search_term_string}\"},\"query-input\":{\"@type\":\"PropertyValueSpecification\",\"valueRequired\":true,\"valueName\":\"search_term_string\"}}],\"inLanguage\":\"es\"},{\"@type\":\"Person\",\"@id\":\"https:\\\/\\\/gentedebasquet.com.ar\\\/sitio\\\/#\\\/schema\\\/person\\\/ca0b63bbb977369988a7bbbdc519943a\",\"name\":\"Gente de B\u00e1squet\",\"image\":{\"@type\":\"ImageObject\",\"inLanguage\":\"es\",\"@id\":\"https:\\\/\\\/secure.gravatar.com\\\/avatar\\\/7f2c48bdc33b30088f941fb6082e555f2874c98e20cb159d7b92b50eadfce793?s=96&d=mm&r=g\",\"url\":\"https:\\\/\\\/secure.gravatar.com\\\/avatar\\\/7f2c48bdc33b30088f941fb6082e555f2874c98e20cb159d7b92b50eadfce793?s=96&d=mm&r=g\",\"contentUrl\":\"https:\\\/\\\/secure.gravatar.com\\\/avatar\\\/7f2c48bdc33b30088f941fb6082e555f2874c98e20cb159d7b92b50eadfce793?s=96&d=mm&r=g\",\"caption\":\"Gente de B\u00e1squet\"},\"sameAs\":[\"http:\\\/\\\/gentedebasquet.com.ar\\\/sitio\"],\"url\":\"https:\\\/\\\/gentedebasquet.com.ar\\\/sitio\\\/author\\\/ulises\\\/\"}]}<\/script>\n<!-- \/ Yoast SEO plugin. -->","yoast_head_json":{"title":"Giarraffa reemplazar\u00e1 a Iglesias - Gente de B\u00e1squet","robots":{"index":"index","follow":"follow","max-snippet":"max-snippet:-1","max-image-preview":"max-image-preview:large","max-video-preview":"max-video-preview:-1"},"canonical":"https:\/\/gentedebasquet.com.ar\/sitio\/2017\/03\/23\/giarraffa-reemplazara-a-iglesias\/","og_locale":"es_ES","og_type":"article","og_title":"Giarraffa reemplazar\u00e1 a Iglesias - Gente de B\u00e1squet","og_description":"La lesi\u00f3n del base oblig\u00f3 a Olimpo a buscar un perimetral para su equipo de TNA","og_url":"https:\/\/gentedebasquet.com.ar\/sitio\/2017\/03\/23\/giarraffa-reemplazara-a-iglesias\/","og_site_name":"Gente de B\u00e1squet","article_published_time":"2017-03-24T01:33:15+00:00","og_image":[{"width":690,"height":319,"url":"https:\/\/gentedebasquet.com.ar\/sitio\/wp-content\/uploads\/2017\/03\/Giarrafa-Olimpo-TNA.jpg","type":"image\/jpeg"}],"author":"Gente de B\u00e1squet","twitter_card":"summary_large_image","twitter_misc":{"Escrito por":"Gente de B\u00e1squet","Tiempo de lectura":"2 minutos"},"schema":{"@context":"https:\/\/schema.org","@graph":[{"@type":"Article","@id":"https:\/\/gentedebasquet.com.ar\/sitio\/2017\/03\/23\/giarraffa-reemplazara-a-iglesias\/#article","isPartOf":{"@id":"https:\/\/gentedebasquet.com.ar\/sitio\/2017\/03\/23\/giarraffa-reemplazara-a-iglesias\/"},"author":{"name":"Gente de B\u00e1squet","@id":"https:\/\/gentedebasquet.com.ar\/sitio\/#\/schema\/person\/ca0b63bbb977369988a7bbbdc519943a"},"headline":"Giarraffa reemplazar\u00e1 a Iglesias","datePublished":"2017-03-24T01:33:15+00:00","mainEntityOfPage":{"@id":"https:\/\/gentedebasquet.com.ar\/sitio\/2017\/03\/23\/giarraffa-reemplazara-a-iglesias\/"},"wordCount":354,"image":{"@id":"https:\/\/gentedebasquet.com.ar\/sitio\/2017\/03\/23\/giarraffa-reemplazara-a-iglesias\/#primaryimage"},"thumbnailUrl":"https:\/\/gentedebasquet.com.ar\/sitio\/wp-content\/uploads\/2017\/03\/Giarrafa-Olimpo-TNA.jpg","keywords":["Agust\u00edn Giarrafa","Jos\u00e9 Fabio","Ol\u00edmpo","Ramiro Iglesias","TNA"],"articleSection":["Liga Argentina","Nacional","Slide"],"inLanguage":"es"},{"@type":"WebPage","@id":"https:\/\/gentedebasquet.com.ar\/sitio\/2017\/03\/23\/giarraffa-reemplazara-a-iglesias\/","url":"https:\/\/gentedebasquet.com.ar\/sitio\/2017\/03\/23\/giarraffa-reemplazara-a-iglesias\/","name":"Giarraffa reemplazar\u00e1 a Iglesias - Gente de B\u00e1squet","isPartOf":{"@id":"https:\/\/gentedebasquet.com.ar\/sitio\/#website"},"primaryImageOfPage":{"@id":"https:\/\/gentedebasquet.com.ar\/sitio\/2017\/03\/23\/giarraffa-reemplazara-a-iglesias\/#primaryimage"},"image":{"@id":"https:\/\/gentedebasquet.com.ar\/sitio\/2017\/03\/23\/giarraffa-reemplazara-a-iglesias\/#primaryimage"},"thumbnailUrl":"https:\/\/gentedebasquet.com.ar\/sitio\/wp-content\/uploads\/2017\/03\/Giarrafa-Olimpo-TNA.jpg","datePublished":"2017-03-24T01:33:15+00:00","author":{"@id":"https:\/\/gentedebasquet.com.ar\/sitio\/#\/schema\/person\/ca0b63bbb977369988a7bbbdc519943a"},"breadcrumb":{"@id":"https:\/\/gentedebasquet.com.ar\/sitio\/2017\/03\/23\/giarraffa-reemplazara-a-iglesias\/#breadcrumb"},"inLanguage":"es","potentialAction":[{"@type":"ReadAction","target":["https:\/\/gentedebasquet.com.ar\/sitio\/2017\/03\/23\/giarraffa-reemplazara-a-iglesias\/"]}]},{"@type":"ImageObject","inLanguage":"es","@id":"https:\/\/gentedebasquet.com.ar\/sitio\/2017\/03\/23\/giarraffa-reemplazara-a-iglesias\/#primaryimage","url":"https:\/\/gentedebasquet.com.ar\/sitio\/wp-content\/uploads\/2017\/03\/Giarrafa-Olimpo-TNA.jpg","contentUrl":"https:\/\/gentedebasquet.com.ar\/sitio\/wp-content\/uploads\/2017\/03\/Giarrafa-Olimpo-TNA.jpg","width":690,"height":319},{"@type":"BreadcrumbList","@id":"https:\/\/gentedebasquet.com.ar\/sitio\/2017\/03\/23\/giarraffa-reemplazara-a-iglesias\/#breadcrumb","itemListElement":[{"@type":"ListItem","position":1,"name":"Portada","item":"https:\/\/gentedebasquet.com.ar\/sitio\/"},{"@type":"ListItem","position":2,"name":"Giarraffa reemplazar\u00e1 a Iglesias"}]},{"@type":"WebSite","@id":"https:\/\/gentedebasquet.com.ar\/sitio\/#website","url":"https:\/\/gentedebasquet.com.ar\/sitio\/","name":"Gente de B\u00e1squet","description":"La revista del basquet de Bah\u00eda Blanca","potentialAction":[{"@type":"SearchAction","target":{"@type":"EntryPoint","urlTemplate":"https:\/\/gentedebasquet.com.ar\/sitio\/?s={search_term_string}"},"query-input":{"@type":"PropertyValueSpecification","valueRequired":true,"valueName":"search_term_string"}}],"inLanguage":"es"},{"@type":"Person","@id":"https:\/\/gentedebasquet.com.ar\/sitio\/#\/schema\/person\/ca0b63bbb977369988a7bbbdc519943a","name":"Gente de B\u00e1squet","image":{"@type":"ImageObject","inLanguage":"es","@id":"https:\/\/secure.gravatar.com\/avatar\/7f2c48bdc33b30088f941fb6082e555f2874c98e20cb159d7b92b50eadfce793?s=96&d=mm&r=g","url":"https:\/\/secure.gravatar.com\/avatar\/7f2c48bdc33b30088f941fb6082e555f2874c98e20cb159d7b92b50eadfce793?s=96&d=mm&r=g","contentUrl":"https:\/\/secure.gravatar.com\/avatar\/7f2c48bdc33b30088f941fb6082e555f2874c98e20cb159d7b92b50eadfce793?s=96&d=mm&r=g","caption":"Gente de B\u00e1squet"},"sameAs":["http:\/\/gentedebasquet.com.ar\/sitio"],"url":"https:\/\/gentedebasquet.com.ar\/sitio\/author\/ulises\/"}]}},"_links":{"self":[{"href":"https:\/\/gentedebasquet.com.ar\/sitio\/wp-json\/wp\/v2\/posts\/69585","targetHints":{"allow":["GET"]}}],"collection":[{"href":"https:\/\/gentedebasquet.com.ar\/sitio\/wp-json\/wp\/v2\/posts"}],"about":[{"href":"https:\/\/gentedebasquet.com.ar\/sitio\/wp-json\/wp\/v2\/types\/post"}],"author":[{"embeddable":true,"href":"https:\/\/gentedebasquet.com.ar\/sitio\/wp-json\/wp\/v2\/users\/1"}],"replies":[{"embeddable":true,"href":"https:\/\/gentedebasquet.com.ar\/sitio\/wp-json\/wp\/v2\/comments?post=69585"}],"version-history":[{"count":0,"href":"https:\/\/gentedebasquet.com.ar\/sitio\/wp-json\/wp\/v2\/posts\/69585\/revisions"}],"wp:featuredmedia":[{"embeddable":true,"href":"https:\/\/gentedebasquet.com.ar\/sitio\/wp-json\/wp\/v2\/media\/69587"}],"wp:attachment":[{"href":"https:\/\/gentedebasquet.com.ar\/sitio\/wp-json\/wp\/v2\/media?parent=69585"}],"wp:term":[{"taxonomy":"category","embeddable":true,"href":"https:\/\/gentedebasquet.com.ar\/sitio\/wp-json\/wp\/v2\/categories?post=69585"},{"taxonomy":"post_tag","embeddable":true,"href":"https:\/\/gentedebasquet.com.ar\/sitio\/wp-json\/wp\/v2\/tags?post=69585"}],"curies":[{"name":"wp","href":"https:\/\/api.w.org\/{rel}","templated":true}]}}