{"id":69658,"date":"2017-03-24T23:36:21","date_gmt":"2017-03-25T02:36:21","guid":{"rendered":"http:\/\/www.gentedebasquet.com.ar\/?p=69658"},"modified":"2017-03-24T23:36:21","modified_gmt":"2017-03-25T02:36:21","slug":"memoria-intacta","status":"publish","type":"post","link":"https:\/\/gentedebasquet.com.ar\/sitio\/2017\/03\/24\/memoria-intacta\/","title":{"rendered":"Memoria intacta"},"content":{"rendered":"<p><strong>Como sucedi\u00f3 en el 2016, 9 de julio volvi\u00f3 a sumar otro triunfo en el cl\u00e1sico barrial. En el N\u00e9stor Damiani y por la segunda fecha del torneo Ciudad de Bah\u00eda Blanca, derrot\u00f3 a Pac\u00edfico 77-66. A diferencia de la fecha inaugural, el elenco ganador tuvo en Dami\u00e1n Carci (21 y 8rebs) a la gran figura de la noche. El base, estuvo bien secundado por Agust\u00edn Pena (17 y 5asists) y Lucas Lucchetti (15 y 9asists). En el verde no bast\u00f3 con las tareas de Branco Salvatori (13 y 4asists), Juan Franco Di Meglio (12) y Mauricio Gonz\u00e1lez (10, 8rebs y 2 tapas). Por la ausencia de Andr\u00e9s Iannamico (viaje por motivos personales), Andr\u00e9s Larrasolo tuvo que hacerse cargo del local.<\/strong><\/p>\n<p>Se dice que es importante arrancar el torneo con un triunfo para fortalecer la confianza. Pero 9 De Julio y Pac\u00edfico hab\u00edan comenzado el 2017 con el pie izquierdo. Por eso llegaban al estadio de 9 De Julio con la clara meta de recuperarse y que mejor que hacerlo en un cl\u00e1sico ante el rival de toda la vida.<\/p>\n<p><img decoding=\"async\" class=\"size-full wp-image-69664 alignright\" src=\"http:\/\/www.gentedebasquet.com.ar\/wp-content\/uploads\/2017\/03\/9-de-Julio-Pac\u00edfico.jpg\" alt=\"9 de Julio - Pac\u00edfico\" width=\"400\" height=\"270\" \/><\/p>\n<p>Fue as\u00ed que, Pac\u00edfico comenz\u00f3 encendido v\u00eda Salvatori y Gonz\u00e1lez para adelantarse en el amanecer del juego: 4-0 y 9-4. M\u00e1s a\u00fan, a\u00f1adiendo un triple de Di Meglio y una serie de libres de Maina, el resultado se estir\u00f3 a doble digito de diferencia (14-4) y oblig\u00f3 a Larrasolo (cumpli\u00f3 el papel de DT de 9 De Julio porque Iannamico tuvo que viajar a Buenos Aires por motivos personales) a parar las acciones para despertar a los suyos.<\/p>\n<p>S\u00ed bien a la vuelta del minuto la t\u00f3nica se mantuvo por algunos minutos, el semblante del local creci\u00f3 despu\u00e9s de un triple de Lucchetti. As\u00ed, en primera instancia el patriota estableci\u00f3 un parcial 9-0 en el cierre del primer cap\u00edtulo para dejar el score en tablas (20 iguales) y luego, estirando ese parcial a 17-0, logr\u00f3 situarse arriba por 8 (28-20) restando 7m26s del segundo segmento.<\/p>\n<blockquote><p>Fue un sue\u00f1o realmente porque cuando arranque a dirigir so\u00f1aba con un debut y m\u00e1s con el cl\u00e1sico rival; de todas maneras el triunfo es de Andr\u00e9s (Iannamico) y los chicos, yo solamente me pare enfrente. Seguimos nuestra ideolog\u00eda que es defender y correr como lo hicimos el torneo pasado (en 2016); hoy lo hicimos y pudimos revertir un resultado adverso que en el principio de partido fue complicado. Fuimos dos equipos distintos, tenemos que ver qu\u00e9 equipo somos: si el de la primera fecha o el de la segunda. S\u00ed somos el equipo de la segunda fecha y mejoramos algunos aspectos vamos a andar muy bien (Andr\u00e9s Larrasolo)<\/p><\/blockquote>\n<p>A pesar de encontrarse abajo -10 (35-25), el verde volvi\u00f3 a plasmar un juego m\u00e1s din\u00e1mico aprovechando el reingreso de la dupla Salvatori-Kloster; los cuales le imprimieron velocidad y versatilidad al juego visitante. Los juveniles se complementaron sobre el cierre para sumar dos posesiones seguidas de 2+1 y achicar la brecha a 6 (39-33) camino al descanso largo.<\/p>\n<p>Pero en el despertar de la segunda etapa, el due\u00f1o de casa volvi\u00f3 a encender motores r\u00e1pidamente y retom\u00f3 el doble d\u00edgito de diferencia.<\/p>\n<p>Fue por eso que, agudizando el buen momento que disfrutaba su letal medio campo (entre Pena, Carci y Lucchetti sumaron 16 de los 22 del 3C) y aprovechando una falta t\u00e9cnica sancionada a Salvatori por discutir con Mallemaci, el local se permiti\u00f3 encontrar por primera vez la m\u00e1xima del partido (61-45) en la ante\u00faltima bola del 3C.<\/p>\n<p>A pesar de que el elenco de Mart\u00edn Lu\u00eds quiso seguir dando batalla durante el \u00faltimo per\u00edodo, jam\u00e1s pudo bajar el doble d\u00edgito de diferencia. La escuadra auriazul se mostr\u00f3 m\u00e1s serena y sumando en manos de Carci, Bisterfeld y Pena supo bajarle la persiana a una nueva edici\u00f3n de cl\u00e1sico de la calle Charlone.<\/p>\n<p>Memoria intacta para un equipo que quiere repetir los buenos logros de la campa\u00f1a pasada.<\/p>\n<p>&nbsp;<\/p>\n<p>[youtube]https:\/\/www.youtube.com\/watch?v=BsnUcPieRzw&amp;feature=youtu.be[\/youtube]<\/p>\n<p>&nbsp;<\/p>\n<p><strong>S\u00edntesis| <\/strong>Segunda Divisi\u00f3n \u2013 Primer tramo \u2013 Fecha #2<\/p>\n<p><strong>9 De Julio 77: <\/strong>Dami\u00e1n Carci 21, Lucas Lucchetti 15, Francisco Bonaguro 4, Guillermo Mallemaci 2, Facundo Mart\u00ednez 9 (FI); Alan Prost 0, Cristian Bisterfeld 9 y Agust\u00edn Pena 17. DT: Andr\u00e9s Larrasolo.<\/p>\n<p><strong>Pac\u00edfico 66:<\/strong> Branco Salvatori 13, Juan Franco Di Meglio 12, Manuel Maina 4, Mauricio Gonz\u00e1lez 10, Franco Cardone 9 (x) (FI); Facundo Wattson 0, Mauro Richotti 0, Emanuel Kloster 7, Walter Acebedo 6, Leonel \u00c1lvarez 5 y Esteban Walter 0. DT: Mart\u00edn Lu\u00eds.<\/p>\n<p><strong>Parciales:<\/strong> 20-20, 39-33 (19-13), 61-48 (22-15) y 77-66 (16-18).<\/p>\n<p><strong>\u00c1rbitros:<\/strong> Eduardo Ferreyra \u2013 Marjorie Stuardo.<\/p>\n<p><strong>Estadio:<\/strong> N\u00e9stor Damiani (9 De Julio).<\/p>\n<p><a class=\"modalf iframe\" title=\"Planilla\" href=\"https:\/\/docs.google.com\/spreadsheets\/d\/1tb-9iOYnyPvfDrfivtbK8pPMBsSsoZns3waJHcp1GpI\/pubhtml\" target=\"_blank\" rel=\"noopener\">Ver Planilla<\/a><\/p>\n","protected":false},"excerpt":{"rendered":"<p>Como en el 2016, 9 de julio volvi\u00f3 a adue\u00f1arse del c\u00e1sico: 77-66 a Pac\u00edfico<\/p>\n","protected":false},"author":1,"featured_media":69665,"comment_status":"closed","ping_status":"open","sticky":false,"template":"","format":"standard","meta":{"jnews-multi-image_gallery":[],"jnews_single_post":[],"jnews_primary_category":[],"footnotes":""},"categories":[25,101],"tags":[2,1141,1386,527,361,17],"class_list":["post-69658","post","type-post","status-publish","format-standard","has-post-thumbnail","hentry","category-segunda","category-slide","tag-9dejulio","tag-agustin-pena","tag-branco-salvatori","tag-damian-carci","tag-lucas-lucchetti","tag-pacifico"],"yoast_head":"<!-- This site is optimized with the Yoast SEO plugin v27.5 - https:\/\/yoast.com\/product\/yoast-seo-wordpress\/ -->\n<title>Memoria intacta - Gente de B\u00e1squet<\/title>\n<meta name=\"robots\" content=\"index, follow, max-snippet:-1, max-image-preview:large, max-video-preview:-1\" \/>\n<link rel=\"canonical\" href=\"https:\/\/gentedebasquet.com.ar\/sitio\/2017\/03\/24\/memoria-intacta\/\" \/>\n<meta property=\"og:locale\" content=\"es_ES\" \/>\n<meta property=\"og:type\" content=\"article\" \/>\n<meta property=\"og:title\" content=\"Memoria intacta - Gente de B\u00e1squet\" \/>\n<meta property=\"og:description\" content=\"Como en el 2016, 9 de julio volvi\u00f3 a adue\u00f1arse del c\u00e1sico: 77-66 a Pac\u00edfico\" \/>\n<meta property=\"og:url\" content=\"https:\/\/gentedebasquet.com.ar\/sitio\/2017\/03\/24\/memoria-intacta\/\" \/>\n<meta property=\"og:site_name\" content=\"Gente de B\u00e1squet\" \/>\n<meta property=\"article:published_time\" content=\"2017-03-25T02:36:21+00:00\" \/>\n<meta property=\"og:image\" content=\"https:\/\/gentedebasquet.com.ar\/sitio\/wp-content\/uploads\/2017\/03\/Carci-9-de-Julio-Pacifico.jpg\" \/>\n\t<meta property=\"og:image:width\" content=\"690\" \/>\n\t<meta property=\"og:image:height\" content=\"319\" \/>\n\t<meta property=\"og:image:type\" content=\"image\/jpeg\" \/>\n<meta name=\"author\" content=\"Gente de B\u00e1squet\" \/>\n<meta name=\"twitter:card\" content=\"summary_large_image\" \/>\n<meta name=\"twitter:label1\" content=\"Escrito por\" \/>\n\t<meta name=\"twitter:data1\" content=\"Gente de B\u00e1squet\" \/>\n\t<meta name=\"twitter:label2\" content=\"Tiempo de lectura\" \/>\n\t<meta name=\"twitter:data2\" content=\"4 minutos\" \/>\n<script type=\"application\/ld+json\" class=\"yoast-schema-graph\">{\"@context\":\"https:\\\/\\\/schema.org\",\"@graph\":[{\"@type\":\"Article\",\"@id\":\"https:\\\/\\\/gentedebasquet.com.ar\\\/sitio\\\/2017\\\/03\\\/24\\\/memoria-intacta\\\/#article\",\"isPartOf\":{\"@id\":\"https:\\\/\\\/gentedebasquet.com.ar\\\/sitio\\\/2017\\\/03\\\/24\\\/memoria-intacta\\\/\"},\"author\":{\"name\":\"Gente de B\u00e1squet\",\"@id\":\"https:\\\/\\\/gentedebasquet.com.ar\\\/sitio\\\/#\\\/schema\\\/person\\\/ca0b63bbb977369988a7bbbdc519943a\"},\"headline\":\"Memoria intacta\",\"datePublished\":\"2017-03-25T02:36:21+00:00\",\"mainEntityOfPage\":{\"@id\":\"https:\\\/\\\/gentedebasquet.com.ar\\\/sitio\\\/2017\\\/03\\\/24\\\/memoria-intacta\\\/\"},\"wordCount\":778,\"image\":{\"@id\":\"https:\\\/\\\/gentedebasquet.com.ar\\\/sitio\\\/2017\\\/03\\\/24\\\/memoria-intacta\\\/#primaryimage\"},\"thumbnailUrl\":\"https:\\\/\\\/gentedebasquet.com.ar\\\/sitio\\\/wp-content\\\/uploads\\\/2017\\\/03\\\/Carci-9-de-Julio-Pacifico.jpg\",\"keywords\":[\"9 de Julio\",\"Agust\u00edn Pena\",\"Branco Salvatori\",\"Dami\u00e1n Carci\",\"Lucas Lucchetti\",\"Pacifico\"],\"articleSection\":[\"Segunda\",\"Slide\"],\"inLanguage\":\"es\"},{\"@type\":\"WebPage\",\"@id\":\"https:\\\/\\\/gentedebasquet.com.ar\\\/sitio\\\/2017\\\/03\\\/24\\\/memoria-intacta\\\/\",\"url\":\"https:\\\/\\\/gentedebasquet.com.ar\\\/sitio\\\/2017\\\/03\\\/24\\\/memoria-intacta\\\/\",\"name\":\"Memoria intacta - Gente de B\u00e1squet\",\"isPartOf\":{\"@id\":\"https:\\\/\\\/gentedebasquet.com.ar\\\/sitio\\\/#website\"},\"primaryImageOfPage\":{\"@id\":\"https:\\\/\\\/gentedebasquet.com.ar\\\/sitio\\\/2017\\\/03\\\/24\\\/memoria-intacta\\\/#primaryimage\"},\"image\":{\"@id\":\"https:\\\/\\\/gentedebasquet.com.ar\\\/sitio\\\/2017\\\/03\\\/24\\\/memoria-intacta\\\/#primaryimage\"},\"thumbnailUrl\":\"https:\\\/\\\/gentedebasquet.com.ar\\\/sitio\\\/wp-content\\\/uploads\\\/2017\\\/03\\\/Carci-9-de-Julio-Pacifico.jpg\",\"datePublished\":\"2017-03-25T02:36:21+00:00\",\"author\":{\"@id\":\"https:\\\/\\\/gentedebasquet.com.ar\\\/sitio\\\/#\\\/schema\\\/person\\\/ca0b63bbb977369988a7bbbdc519943a\"},\"breadcrumb\":{\"@id\":\"https:\\\/\\\/gentedebasquet.com.ar\\\/sitio\\\/2017\\\/03\\\/24\\\/memoria-intacta\\\/#breadcrumb\"},\"inLanguage\":\"es\",\"potentialAction\":[{\"@type\":\"ReadAction\",\"target\":[\"https:\\\/\\\/gentedebasquet.com.ar\\\/sitio\\\/2017\\\/03\\\/24\\\/memoria-intacta\\\/\"]}]},{\"@type\":\"ImageObject\",\"inLanguage\":\"es\",\"@id\":\"https:\\\/\\\/gentedebasquet.com.ar\\\/sitio\\\/2017\\\/03\\\/24\\\/memoria-intacta\\\/#primaryimage\",\"url\":\"https:\\\/\\\/gentedebasquet.com.ar\\\/sitio\\\/wp-content\\\/uploads\\\/2017\\\/03\\\/Carci-9-de-Julio-Pacifico.jpg\",\"contentUrl\":\"https:\\\/\\\/gentedebasquet.com.ar\\\/sitio\\\/wp-content\\\/uploads\\\/2017\\\/03\\\/Carci-9-de-Julio-Pacifico.jpg\",\"width\":690,\"height\":319},{\"@type\":\"BreadcrumbList\",\"@id\":\"https:\\\/\\\/gentedebasquet.com.ar\\\/sitio\\\/2017\\\/03\\\/24\\\/memoria-intacta\\\/#breadcrumb\",\"itemListElement\":[{\"@type\":\"ListItem\",\"position\":1,\"name\":\"Portada\",\"item\":\"https:\\\/\\\/gentedebasquet.com.ar\\\/sitio\\\/\"},{\"@type\":\"ListItem\",\"position\":2,\"name\":\"Memoria intacta\"}]},{\"@type\":\"WebSite\",\"@id\":\"https:\\\/\\\/gentedebasquet.com.ar\\\/sitio\\\/#website\",\"url\":\"https:\\\/\\\/gentedebasquet.com.ar\\\/sitio\\\/\",\"name\":\"Gente de B\u00e1squet\",\"description\":\"La revista del basquet de Bah\u00eda Blanca\",\"potentialAction\":[{\"@type\":\"SearchAction\",\"target\":{\"@type\":\"EntryPoint\",\"urlTemplate\":\"https:\\\/\\\/gentedebasquet.com.ar\\\/sitio\\\/?s={search_term_string}\"},\"query-input\":{\"@type\":\"PropertyValueSpecification\",\"valueRequired\":true,\"valueName\":\"search_term_string\"}}],\"inLanguage\":\"es\"},{\"@type\":\"Person\",\"@id\":\"https:\\\/\\\/gentedebasquet.com.ar\\\/sitio\\\/#\\\/schema\\\/person\\\/ca0b63bbb977369988a7bbbdc519943a\",\"name\":\"Gente de B\u00e1squet\",\"image\":{\"@type\":\"ImageObject\",\"inLanguage\":\"es\",\"@id\":\"https:\\\/\\\/secure.gravatar.com\\\/avatar\\\/7f2c48bdc33b30088f941fb6082e555f2874c98e20cb159d7b92b50eadfce793?s=96&d=mm&r=g\",\"url\":\"https:\\\/\\\/secure.gravatar.com\\\/avatar\\\/7f2c48bdc33b30088f941fb6082e555f2874c98e20cb159d7b92b50eadfce793?s=96&d=mm&r=g\",\"contentUrl\":\"https:\\\/\\\/secure.gravatar.com\\\/avatar\\\/7f2c48bdc33b30088f941fb6082e555f2874c98e20cb159d7b92b50eadfce793?s=96&d=mm&r=g\",\"caption\":\"Gente de B\u00e1squet\"},\"sameAs\":[\"http:\\\/\\\/gentedebasquet.com.ar\\\/sitio\"],\"url\":\"https:\\\/\\\/gentedebasquet.com.ar\\\/sitio\\\/author\\\/ulises\\\/\"}]}<\/script>\n<!-- \/ Yoast SEO plugin. -->","yoast_head_json":{"title":"Memoria intacta - Gente de B\u00e1squet","robots":{"index":"index","follow":"follow","max-snippet":"max-snippet:-1","max-image-preview":"max-image-preview:large","max-video-preview":"max-video-preview:-1"},"canonical":"https:\/\/gentedebasquet.com.ar\/sitio\/2017\/03\/24\/memoria-intacta\/","og_locale":"es_ES","og_type":"article","og_title":"Memoria intacta - Gente de B\u00e1squet","og_description":"Como en el 2016, 9 de julio volvi\u00f3 a adue\u00f1arse del c\u00e1sico: 77-66 a Pac\u00edfico","og_url":"https:\/\/gentedebasquet.com.ar\/sitio\/2017\/03\/24\/memoria-intacta\/","og_site_name":"Gente de B\u00e1squet","article_published_time":"2017-03-25T02:36:21+00:00","og_image":[{"width":690,"height":319,"url":"https:\/\/gentedebasquet.com.ar\/sitio\/wp-content\/uploads\/2017\/03\/Carci-9-de-Julio-Pacifico.jpg","type":"image\/jpeg"}],"author":"Gente de B\u00e1squet","twitter_card":"summary_large_image","twitter_misc":{"Escrito por":"Gente de B\u00e1squet","Tiempo de lectura":"4 minutos"},"schema":{"@context":"https:\/\/schema.org","@graph":[{"@type":"Article","@id":"https:\/\/gentedebasquet.com.ar\/sitio\/2017\/03\/24\/memoria-intacta\/#article","isPartOf":{"@id":"https:\/\/gentedebasquet.com.ar\/sitio\/2017\/03\/24\/memoria-intacta\/"},"author":{"name":"Gente de B\u00e1squet","@id":"https:\/\/gentedebasquet.com.ar\/sitio\/#\/schema\/person\/ca0b63bbb977369988a7bbbdc519943a"},"headline":"Memoria intacta","datePublished":"2017-03-25T02:36:21+00:00","mainEntityOfPage":{"@id":"https:\/\/gentedebasquet.com.ar\/sitio\/2017\/03\/24\/memoria-intacta\/"},"wordCount":778,"image":{"@id":"https:\/\/gentedebasquet.com.ar\/sitio\/2017\/03\/24\/memoria-intacta\/#primaryimage"},"thumbnailUrl":"https:\/\/gentedebasquet.com.ar\/sitio\/wp-content\/uploads\/2017\/03\/Carci-9-de-Julio-Pacifico.jpg","keywords":["9 de Julio","Agust\u00edn Pena","Branco Salvatori","Dami\u00e1n Carci","Lucas Lucchetti","Pacifico"],"articleSection":["Segunda","Slide"],"inLanguage":"es"},{"@type":"WebPage","@id":"https:\/\/gentedebasquet.com.ar\/sitio\/2017\/03\/24\/memoria-intacta\/","url":"https:\/\/gentedebasquet.com.ar\/sitio\/2017\/03\/24\/memoria-intacta\/","name":"Memoria intacta - Gente de B\u00e1squet","isPartOf":{"@id":"https:\/\/gentedebasquet.com.ar\/sitio\/#website"},"primaryImageOfPage":{"@id":"https:\/\/gentedebasquet.com.ar\/sitio\/2017\/03\/24\/memoria-intacta\/#primaryimage"},"image":{"@id":"https:\/\/gentedebasquet.com.ar\/sitio\/2017\/03\/24\/memoria-intacta\/#primaryimage"},"thumbnailUrl":"https:\/\/gentedebasquet.com.ar\/sitio\/wp-content\/uploads\/2017\/03\/Carci-9-de-Julio-Pacifico.jpg","datePublished":"2017-03-25T02:36:21+00:00","author":{"@id":"https:\/\/gentedebasquet.com.ar\/sitio\/#\/schema\/person\/ca0b63bbb977369988a7bbbdc519943a"},"breadcrumb":{"@id":"https:\/\/gentedebasquet.com.ar\/sitio\/2017\/03\/24\/memoria-intacta\/#breadcrumb"},"inLanguage":"es","potentialAction":[{"@type":"ReadAction","target":["https:\/\/gentedebasquet.com.ar\/sitio\/2017\/03\/24\/memoria-intacta\/"]}]},{"@type":"ImageObject","inLanguage":"es","@id":"https:\/\/gentedebasquet.com.ar\/sitio\/2017\/03\/24\/memoria-intacta\/#primaryimage","url":"https:\/\/gentedebasquet.com.ar\/sitio\/wp-content\/uploads\/2017\/03\/Carci-9-de-Julio-Pacifico.jpg","contentUrl":"https:\/\/gentedebasquet.com.ar\/sitio\/wp-content\/uploads\/2017\/03\/Carci-9-de-Julio-Pacifico.jpg","width":690,"height":319},{"@type":"BreadcrumbList","@id":"https:\/\/gentedebasquet.com.ar\/sitio\/2017\/03\/24\/memoria-intacta\/#breadcrumb","itemListElement":[{"@type":"ListItem","position":1,"name":"Portada","item":"https:\/\/gentedebasquet.com.ar\/sitio\/"},{"@type":"ListItem","position":2,"name":"Memoria intacta"}]},{"@type":"WebSite","@id":"https:\/\/gentedebasquet.com.ar\/sitio\/#website","url":"https:\/\/gentedebasquet.com.ar\/sitio\/","name":"Gente de B\u00e1squet","description":"La revista del basquet de Bah\u00eda Blanca","potentialAction":[{"@type":"SearchAction","target":{"@type":"EntryPoint","urlTemplate":"https:\/\/gentedebasquet.com.ar\/sitio\/?s={search_term_string}"},"query-input":{"@type":"PropertyValueSpecification","valueRequired":true,"valueName":"search_term_string"}}],"inLanguage":"es"},{"@type":"Person","@id":"https:\/\/gentedebasquet.com.ar\/sitio\/#\/schema\/person\/ca0b63bbb977369988a7bbbdc519943a","name":"Gente de B\u00e1squet","image":{"@type":"ImageObject","inLanguage":"es","@id":"https:\/\/secure.gravatar.com\/avatar\/7f2c48bdc33b30088f941fb6082e555f2874c98e20cb159d7b92b50eadfce793?s=96&d=mm&r=g","url":"https:\/\/secure.gravatar.com\/avatar\/7f2c48bdc33b30088f941fb6082e555f2874c98e20cb159d7b92b50eadfce793?s=96&d=mm&r=g","contentUrl":"https:\/\/secure.gravatar.com\/avatar\/7f2c48bdc33b30088f941fb6082e555f2874c98e20cb159d7b92b50eadfce793?s=96&d=mm&r=g","caption":"Gente de B\u00e1squet"},"sameAs":["http:\/\/gentedebasquet.com.ar\/sitio"],"url":"https:\/\/gentedebasquet.com.ar\/sitio\/author\/ulises\/"}]}},"_links":{"self":[{"href":"https:\/\/gentedebasquet.com.ar\/sitio\/wp-json\/wp\/v2\/posts\/69658","targetHints":{"allow":["GET"]}}],"collection":[{"href":"https:\/\/gentedebasquet.com.ar\/sitio\/wp-json\/wp\/v2\/posts"}],"about":[{"href":"https:\/\/gentedebasquet.com.ar\/sitio\/wp-json\/wp\/v2\/types\/post"}],"author":[{"embeddable":true,"href":"https:\/\/gentedebasquet.com.ar\/sitio\/wp-json\/wp\/v2\/users\/1"}],"replies":[{"embeddable":true,"href":"https:\/\/gentedebasquet.com.ar\/sitio\/wp-json\/wp\/v2\/comments?post=69658"}],"version-history":[{"count":0,"href":"https:\/\/gentedebasquet.com.ar\/sitio\/wp-json\/wp\/v2\/posts\/69658\/revisions"}],"wp:featuredmedia":[{"embeddable":true,"href":"https:\/\/gentedebasquet.com.ar\/sitio\/wp-json\/wp\/v2\/media\/69665"}],"wp:attachment":[{"href":"https:\/\/gentedebasquet.com.ar\/sitio\/wp-json\/wp\/v2\/media?parent=69658"}],"wp:term":[{"taxonomy":"category","embeddable":true,"href":"https:\/\/gentedebasquet.com.ar\/sitio\/wp-json\/wp\/v2\/categories?post=69658"},{"taxonomy":"post_tag","embeddable":true,"href":"https:\/\/gentedebasquet.com.ar\/sitio\/wp-json\/wp\/v2\/tags?post=69658"}],"curies":[{"name":"wp","href":"https:\/\/api.w.org\/{rel}","templated":true}]}}