{"id":70043,"date":"2017-04-01T12:47:27","date_gmt":"2017-04-01T15:47:27","guid":{"rendered":"http:\/\/www.gentedebasquet.com.ar\/?p=70043"},"modified":"2017-04-01T12:47:27","modified_gmt":"2017-04-01T15:47:27","slug":"los-u15-en-marcha","status":"publish","type":"post","link":"https:\/\/gentedebasquet.com.ar\/sitio\/2017\/04\/01\/los-u15-en-marcha\/","title":{"rendered":"Los U15 en marcha"},"content":{"rendered":"<p><strong>La Preselecci\u00f3n de Infantiles comenzar\u00e1 a entrenar este lunes pensando en el zonal de la categor\u00eda y en el Provincial, a desarrollarse entre el 25 y el 28 de mayo en sede a definir. La misma deber\u00eda haber salido de las ciudades de San Nicol\u00e1s, Pergamino y Z\u00e1rate-Campana, ya que el organizador era la Zona I; aunque la renuncia de todas recay\u00f3 en Olavarr\u00eda, reciente sede del U17. El DT Mario Errazu, junto a sus asistentes Leguizam\u00f3n y David, cit\u00f3 a 20 jugadores.<\/strong><\/p>\n<p>&nbsp;<\/p>\n<p>Los 20 citados:<\/p>\n<ul>\n<li>Lautaro Cavero (Alem)<\/li>\n<li>Valent\u00edn Forestier (Alem)<\/li>\n<li>Lautaro Mazzilli (Alem)<\/li>\n<li>Bautista Fava (Argentino)<\/li>\n<li>Ferm\u00edn Mariezcurrena (Argentino)<\/li>\n<li>Bautista Ott (Bahiense del Norte)<\/li>\n<li>Santiago Sartor (Bahiense del Norte)<\/li>\n<li>Emanuel Fern\u00e1ndez (Bahiense del Norte)<\/li>\n<li>Lucas Peratta (Bahiense del Norte)<\/li>\n<li>Pedro Rossi (Bahiense del Norte)<\/li>\n<li>Juli\u00e1n Lambertucci (Bahiense del Norte)<\/li>\n<li>Joaqu\u00edn Luini (Estudiantes)<\/li>\n<li>Lucas Garriz (Estudiantes)<\/li>\n<li>Facundo Zani (Olimpo)<\/li>\n<li>Valent\u00edn Carrizo (Olimpo)<\/li>\n<li>Mirko Cenzual (Olimpo)<\/li>\n<li>Nicol\u00e1s Alomar (9 de Julio)<\/li>\n<li>Alejo Azpilicueta (Villa Mitre)<\/li>\n<li>Jano Mart\u00ednez (Villa Mitre)<\/li>\n<li>Juan Cruz Mambretti (Villa Mitre)<\/li>\n<li>DT: Mario Errazu<\/li>\n<li>AT: Nicol\u00e1s Leguizam\u00f3n<\/li>\n<li>AT: Jorge David<\/li>\n<\/ul>\n","protected":false},"excerpt":{"rendered":"<p>Con 20 citados, comenzar\u00e1n a trabajar camino al Provincial de la categor\u00eda<\/p>\n","protected":false},"author":1,"featured_media":70044,"comment_status":"closed","ping_status":"open","sticky":false,"template":"","format":"standard","meta":{"jnews-multi-image_gallery":[],"jnews_single_post":[],"jnews_primary_category":[],"footnotes":""},"categories":[59,247,101],"tags":[],"class_list":["post-70043","post","type-post","status-publish","format-standard","has-post-thumbnail","hentry","category-bahia-2","category-bahiau15","category-slide"],"yoast_head":"<!-- This site is optimized with the Yoast SEO plugin v27.5 - https:\/\/yoast.com\/product\/yoast-seo-wordpress\/ -->\n<title>Los U15 en marcha - Gente de B\u00e1squet<\/title>\n<meta name=\"robots\" content=\"index, follow, max-snippet:-1, max-image-preview:large, max-video-preview:-1\" \/>\n<link rel=\"canonical\" href=\"http:\/\/gentedebasquet.com.ar\/sitio\/2017\/04\/01\/los-u15-en-marcha\/\" \/>\n<meta property=\"og:locale\" content=\"es_ES\" \/>\n<meta property=\"og:type\" content=\"article\" \/>\n<meta property=\"og:title\" content=\"Los U15 en marcha - Gente de B\u00e1squet\" \/>\n<meta property=\"og:description\" content=\"Con 20 citados, comenzar\u00e1n a trabajar camino al Provincial de la categor\u00eda\" \/>\n<meta property=\"og:url\" content=\"http:\/\/gentedebasquet.com.ar\/sitio\/2017\/04\/01\/los-u15-en-marcha\/\" \/>\n<meta property=\"og:site_name\" content=\"Gente de B\u00e1squet\" \/>\n<meta property=\"article:published_time\" content=\"2017-04-01T15:47:27+00:00\" \/>\n<meta property=\"og:image\" content=\"http:\/\/gentedebasquet.com.ar\/sitio\/wp-content\/uploads\/2017\/04\/U15-Jano-Martinez-Fava-Mariezcurrena.jpg\" \/>\n\t<meta property=\"og:image:width\" content=\"690\" \/>\n\t<meta property=\"og:image:height\" content=\"319\" \/>\n\t<meta property=\"og:image:type\" content=\"image\/jpeg\" \/>\n<meta name=\"author\" content=\"Gente de B\u00e1squet\" \/>\n<meta name=\"twitter:card\" content=\"summary_large_image\" \/>\n<meta name=\"twitter:label1\" content=\"Escrito por\" \/>\n\t<meta name=\"twitter:data1\" content=\"Gente de B\u00e1squet\" \/>\n\t<meta name=\"twitter:label2\" content=\"Tiempo de lectura\" \/>\n\t<meta name=\"twitter:data2\" content=\"1 minuto\" \/>\n<script type=\"application\/ld+json\" class=\"yoast-schema-graph\">{\"@context\":\"https:\\\/\\\/schema.org\",\"@graph\":[{\"@type\":\"Article\",\"@id\":\"http:\\\/\\\/gentedebasquet.com.ar\\\/sitio\\\/2017\\\/04\\\/01\\\/los-u15-en-marcha\\\/#article\",\"isPartOf\":{\"@id\":\"http:\\\/\\\/gentedebasquet.com.ar\\\/sitio\\\/2017\\\/04\\\/01\\\/los-u15-en-marcha\\\/\"},\"author\":{\"name\":\"Gente de B\u00e1squet\",\"@id\":\"https:\\\/\\\/gentedebasquet.com.ar\\\/sitio\\\/#\\\/schema\\\/person\\\/ca0b63bbb977369988a7bbbdc519943a\"},\"headline\":\"Los U15 en marcha\",\"datePublished\":\"2017-04-01T15:47:27+00:00\",\"mainEntityOfPage\":{\"@id\":\"http:\\\/\\\/gentedebasquet.com.ar\\\/sitio\\\/2017\\\/04\\\/01\\\/los-u15-en-marcha\\\/\"},\"wordCount\":190,\"image\":{\"@id\":\"http:\\\/\\\/gentedebasquet.com.ar\\\/sitio\\\/2017\\\/04\\\/01\\\/los-u15-en-marcha\\\/#primaryimage\"},\"thumbnailUrl\":\"https:\\\/\\\/gentedebasquet.com.ar\\\/sitio\\\/wp-content\\\/uploads\\\/2017\\\/04\\\/U15-Jano-Martinez-Fava-Mariezcurrena.jpg\",\"articleSection\":[\"#Bah\u00eda\",\"#Bah\u00edaU15\",\"Slide\"],\"inLanguage\":\"es\"},{\"@type\":\"WebPage\",\"@id\":\"http:\\\/\\\/gentedebasquet.com.ar\\\/sitio\\\/2017\\\/04\\\/01\\\/los-u15-en-marcha\\\/\",\"url\":\"http:\\\/\\\/gentedebasquet.com.ar\\\/sitio\\\/2017\\\/04\\\/01\\\/los-u15-en-marcha\\\/\",\"name\":\"Los U15 en marcha - Gente de B\u00e1squet\",\"isPartOf\":{\"@id\":\"https:\\\/\\\/gentedebasquet.com.ar\\\/sitio\\\/#website\"},\"primaryImageOfPage\":{\"@id\":\"http:\\\/\\\/gentedebasquet.com.ar\\\/sitio\\\/2017\\\/04\\\/01\\\/los-u15-en-marcha\\\/#primaryimage\"},\"image\":{\"@id\":\"http:\\\/\\\/gentedebasquet.com.ar\\\/sitio\\\/2017\\\/04\\\/01\\\/los-u15-en-marcha\\\/#primaryimage\"},\"thumbnailUrl\":\"https:\\\/\\\/gentedebasquet.com.ar\\\/sitio\\\/wp-content\\\/uploads\\\/2017\\\/04\\\/U15-Jano-Martinez-Fava-Mariezcurrena.jpg\",\"datePublished\":\"2017-04-01T15:47:27+00:00\",\"author\":{\"@id\":\"https:\\\/\\\/gentedebasquet.com.ar\\\/sitio\\\/#\\\/schema\\\/person\\\/ca0b63bbb977369988a7bbbdc519943a\"},\"breadcrumb\":{\"@id\":\"http:\\\/\\\/gentedebasquet.com.ar\\\/sitio\\\/2017\\\/04\\\/01\\\/los-u15-en-marcha\\\/#breadcrumb\"},\"inLanguage\":\"es\",\"potentialAction\":[{\"@type\":\"ReadAction\",\"target\":[\"http:\\\/\\\/gentedebasquet.com.ar\\\/sitio\\\/2017\\\/04\\\/01\\\/los-u15-en-marcha\\\/\"]}]},{\"@type\":\"ImageObject\",\"inLanguage\":\"es\",\"@id\":\"http:\\\/\\\/gentedebasquet.com.ar\\\/sitio\\\/2017\\\/04\\\/01\\\/los-u15-en-marcha\\\/#primaryimage\",\"url\":\"https:\\\/\\\/gentedebasquet.com.ar\\\/sitio\\\/wp-content\\\/uploads\\\/2017\\\/04\\\/U15-Jano-Martinez-Fava-Mariezcurrena.jpg\",\"contentUrl\":\"https:\\\/\\\/gentedebasquet.com.ar\\\/sitio\\\/wp-content\\\/uploads\\\/2017\\\/04\\\/U15-Jano-Martinez-Fava-Mariezcurrena.jpg\",\"width\":690,\"height\":319},{\"@type\":\"BreadcrumbList\",\"@id\":\"http:\\\/\\\/gentedebasquet.com.ar\\\/sitio\\\/2017\\\/04\\\/01\\\/los-u15-en-marcha\\\/#breadcrumb\",\"itemListElement\":[{\"@type\":\"ListItem\",\"position\":1,\"name\":\"Portada\",\"item\":\"https:\\\/\\\/gentedebasquet.com.ar\\\/sitio\\\/\"},{\"@type\":\"ListItem\",\"position\":2,\"name\":\"Los U15 en marcha\"}]},{\"@type\":\"WebSite\",\"@id\":\"https:\\\/\\\/gentedebasquet.com.ar\\\/sitio\\\/#website\",\"url\":\"https:\\\/\\\/gentedebasquet.com.ar\\\/sitio\\\/\",\"name\":\"Gente de B\u00e1squet\",\"description\":\"La revista del basquet de Bah\u00eda Blanca\",\"potentialAction\":[{\"@type\":\"SearchAction\",\"target\":{\"@type\":\"EntryPoint\",\"urlTemplate\":\"https:\\\/\\\/gentedebasquet.com.ar\\\/sitio\\\/?s={search_term_string}\"},\"query-input\":{\"@type\":\"PropertyValueSpecification\",\"valueRequired\":true,\"valueName\":\"search_term_string\"}}],\"inLanguage\":\"es\"},{\"@type\":\"Person\",\"@id\":\"https:\\\/\\\/gentedebasquet.com.ar\\\/sitio\\\/#\\\/schema\\\/person\\\/ca0b63bbb977369988a7bbbdc519943a\",\"name\":\"Gente de B\u00e1squet\",\"image\":{\"@type\":\"ImageObject\",\"inLanguage\":\"es\",\"@id\":\"https:\\\/\\\/secure.gravatar.com\\\/avatar\\\/7f2c48bdc33b30088f941fb6082e555f2874c98e20cb159d7b92b50eadfce793?s=96&d=mm&r=g\",\"url\":\"https:\\\/\\\/secure.gravatar.com\\\/avatar\\\/7f2c48bdc33b30088f941fb6082e555f2874c98e20cb159d7b92b50eadfce793?s=96&d=mm&r=g\",\"contentUrl\":\"https:\\\/\\\/secure.gravatar.com\\\/avatar\\\/7f2c48bdc33b30088f941fb6082e555f2874c98e20cb159d7b92b50eadfce793?s=96&d=mm&r=g\",\"caption\":\"Gente de B\u00e1squet\"},\"sameAs\":[\"http:\\\/\\\/gentedebasquet.com.ar\\\/sitio\"],\"url\":\"https:\\\/\\\/gentedebasquet.com.ar\\\/sitio\\\/author\\\/ulises\\\/\"}]}<\/script>\n<!-- \/ Yoast SEO plugin. -->","yoast_head_json":{"title":"Los U15 en marcha - Gente de B\u00e1squet","robots":{"index":"index","follow":"follow","max-snippet":"max-snippet:-1","max-image-preview":"max-image-preview:large","max-video-preview":"max-video-preview:-1"},"canonical":"http:\/\/gentedebasquet.com.ar\/sitio\/2017\/04\/01\/los-u15-en-marcha\/","og_locale":"es_ES","og_type":"article","og_title":"Los U15 en marcha - Gente de B\u00e1squet","og_description":"Con 20 citados, comenzar\u00e1n a trabajar camino al Provincial de la categor\u00eda","og_url":"http:\/\/gentedebasquet.com.ar\/sitio\/2017\/04\/01\/los-u15-en-marcha\/","og_site_name":"Gente de B\u00e1squet","article_published_time":"2017-04-01T15:47:27+00:00","og_image":[{"width":690,"height":319,"url":"http:\/\/gentedebasquet.com.ar\/sitio\/wp-content\/uploads\/2017\/04\/U15-Jano-Martinez-Fava-Mariezcurrena.jpg","type":"image\/jpeg"}],"author":"Gente de B\u00e1squet","twitter_card":"summary_large_image","twitter_misc":{"Escrito por":"Gente de B\u00e1squet","Tiempo de lectura":"1 minuto"},"schema":{"@context":"https:\/\/schema.org","@graph":[{"@type":"Article","@id":"http:\/\/gentedebasquet.com.ar\/sitio\/2017\/04\/01\/los-u15-en-marcha\/#article","isPartOf":{"@id":"http:\/\/gentedebasquet.com.ar\/sitio\/2017\/04\/01\/los-u15-en-marcha\/"},"author":{"name":"Gente de B\u00e1squet","@id":"https:\/\/gentedebasquet.com.ar\/sitio\/#\/schema\/person\/ca0b63bbb977369988a7bbbdc519943a"},"headline":"Los U15 en marcha","datePublished":"2017-04-01T15:47:27+00:00","mainEntityOfPage":{"@id":"http:\/\/gentedebasquet.com.ar\/sitio\/2017\/04\/01\/los-u15-en-marcha\/"},"wordCount":190,"image":{"@id":"http:\/\/gentedebasquet.com.ar\/sitio\/2017\/04\/01\/los-u15-en-marcha\/#primaryimage"},"thumbnailUrl":"https:\/\/gentedebasquet.com.ar\/sitio\/wp-content\/uploads\/2017\/04\/U15-Jano-Martinez-Fava-Mariezcurrena.jpg","articleSection":["#Bah\u00eda","#Bah\u00edaU15","Slide"],"inLanguage":"es"},{"@type":"WebPage","@id":"http:\/\/gentedebasquet.com.ar\/sitio\/2017\/04\/01\/los-u15-en-marcha\/","url":"http:\/\/gentedebasquet.com.ar\/sitio\/2017\/04\/01\/los-u15-en-marcha\/","name":"Los U15 en marcha - Gente de B\u00e1squet","isPartOf":{"@id":"https:\/\/gentedebasquet.com.ar\/sitio\/#website"},"primaryImageOfPage":{"@id":"http:\/\/gentedebasquet.com.ar\/sitio\/2017\/04\/01\/los-u15-en-marcha\/#primaryimage"},"image":{"@id":"http:\/\/gentedebasquet.com.ar\/sitio\/2017\/04\/01\/los-u15-en-marcha\/#primaryimage"},"thumbnailUrl":"https:\/\/gentedebasquet.com.ar\/sitio\/wp-content\/uploads\/2017\/04\/U15-Jano-Martinez-Fava-Mariezcurrena.jpg","datePublished":"2017-04-01T15:47:27+00:00","author":{"@id":"https:\/\/gentedebasquet.com.ar\/sitio\/#\/schema\/person\/ca0b63bbb977369988a7bbbdc519943a"},"breadcrumb":{"@id":"http:\/\/gentedebasquet.com.ar\/sitio\/2017\/04\/01\/los-u15-en-marcha\/#breadcrumb"},"inLanguage":"es","potentialAction":[{"@type":"ReadAction","target":["http:\/\/gentedebasquet.com.ar\/sitio\/2017\/04\/01\/los-u15-en-marcha\/"]}]},{"@type":"ImageObject","inLanguage":"es","@id":"http:\/\/gentedebasquet.com.ar\/sitio\/2017\/04\/01\/los-u15-en-marcha\/#primaryimage","url":"https:\/\/gentedebasquet.com.ar\/sitio\/wp-content\/uploads\/2017\/04\/U15-Jano-Martinez-Fava-Mariezcurrena.jpg","contentUrl":"https:\/\/gentedebasquet.com.ar\/sitio\/wp-content\/uploads\/2017\/04\/U15-Jano-Martinez-Fava-Mariezcurrena.jpg","width":690,"height":319},{"@type":"BreadcrumbList","@id":"http:\/\/gentedebasquet.com.ar\/sitio\/2017\/04\/01\/los-u15-en-marcha\/#breadcrumb","itemListElement":[{"@type":"ListItem","position":1,"name":"Portada","item":"https:\/\/gentedebasquet.com.ar\/sitio\/"},{"@type":"ListItem","position":2,"name":"Los U15 en marcha"}]},{"@type":"WebSite","@id":"https:\/\/gentedebasquet.com.ar\/sitio\/#website","url":"https:\/\/gentedebasquet.com.ar\/sitio\/","name":"Gente de B\u00e1squet","description":"La revista del basquet de Bah\u00eda Blanca","potentialAction":[{"@type":"SearchAction","target":{"@type":"EntryPoint","urlTemplate":"https:\/\/gentedebasquet.com.ar\/sitio\/?s={search_term_string}"},"query-input":{"@type":"PropertyValueSpecification","valueRequired":true,"valueName":"search_term_string"}}],"inLanguage":"es"},{"@type":"Person","@id":"https:\/\/gentedebasquet.com.ar\/sitio\/#\/schema\/person\/ca0b63bbb977369988a7bbbdc519943a","name":"Gente de B\u00e1squet","image":{"@type":"ImageObject","inLanguage":"es","@id":"https:\/\/secure.gravatar.com\/avatar\/7f2c48bdc33b30088f941fb6082e555f2874c98e20cb159d7b92b50eadfce793?s=96&d=mm&r=g","url":"https:\/\/secure.gravatar.com\/avatar\/7f2c48bdc33b30088f941fb6082e555f2874c98e20cb159d7b92b50eadfce793?s=96&d=mm&r=g","contentUrl":"https:\/\/secure.gravatar.com\/avatar\/7f2c48bdc33b30088f941fb6082e555f2874c98e20cb159d7b92b50eadfce793?s=96&d=mm&r=g","caption":"Gente de B\u00e1squet"},"sameAs":["http:\/\/gentedebasquet.com.ar\/sitio"],"url":"https:\/\/gentedebasquet.com.ar\/sitio\/author\/ulises\/"}]}},"_links":{"self":[{"href":"https:\/\/gentedebasquet.com.ar\/sitio\/wp-json\/wp\/v2\/posts\/70043","targetHints":{"allow":["GET"]}}],"collection":[{"href":"https:\/\/gentedebasquet.com.ar\/sitio\/wp-json\/wp\/v2\/posts"}],"about":[{"href":"https:\/\/gentedebasquet.com.ar\/sitio\/wp-json\/wp\/v2\/types\/post"}],"author":[{"embeddable":true,"href":"https:\/\/gentedebasquet.com.ar\/sitio\/wp-json\/wp\/v2\/users\/1"}],"replies":[{"embeddable":true,"href":"https:\/\/gentedebasquet.com.ar\/sitio\/wp-json\/wp\/v2\/comments?post=70043"}],"version-history":[{"count":0,"href":"https:\/\/gentedebasquet.com.ar\/sitio\/wp-json\/wp\/v2\/posts\/70043\/revisions"}],"wp:featuredmedia":[{"embeddable":true,"href":"https:\/\/gentedebasquet.com.ar\/sitio\/wp-json\/wp\/v2\/media\/70044"}],"wp:attachment":[{"href":"https:\/\/gentedebasquet.com.ar\/sitio\/wp-json\/wp\/v2\/media?parent=70043"}],"wp:term":[{"taxonomy":"category","embeddable":true,"href":"https:\/\/gentedebasquet.com.ar\/sitio\/wp-json\/wp\/v2\/categories?post=70043"},{"taxonomy":"post_tag","embeddable":true,"href":"https:\/\/gentedebasquet.com.ar\/sitio\/wp-json\/wp\/v2\/tags?post=70043"}],"curies":[{"name":"wp","href":"https:\/\/api.w.org\/{rel}","templated":true}]}}