{"id":70085,"date":"2017-04-02T20:13:22","date_gmt":"2017-04-02T23:13:22","guid":{"rendered":"http:\/\/www.gentedebasquet.com.ar\/?p=70085"},"modified":"2017-04-02T20:13:22","modified_gmt":"2017-04-02T23:13:22","slug":"9-se-quedo-con-el-duelo-local","status":"publish","type":"post","link":"https:\/\/gentedebasquet.com.ar\/sitio\/2017\/04\/02\/9-se-quedo-con-el-duelo-local\/","title":{"rendered":"9 se qued\u00f3 con el duelo local"},"content":{"rendered":"<p><strong>En la tercera jornada de la Liga U19, 9 de Julio (2-1) derrot\u00f3 como visitante a Olimpo (1-2) por 82 a 80 en el partido entre equipos de nuestra ciudad. A su vez, Bahiense del Norte (2-1) volvi\u00f3 al triunfo frente\u00a0a Altense (Punta Alta) por 86 a 48, mientras que Pac\u00edfico (1-2) no pudo vs Uni\u00f3n (Mar del Plata): 57-61. Por el grupo 3, Liniers (2-0) sigue siendo el \u00fanico invicto de nuestros representantes al vencer\u00a0a Quilmes (Mar del Plata) por un contundente 85 a 68, y El Nacional (1-2) cay\u00f3 en la Quinta ante Independiente (Tandil) por un ajustado 57 a 53.<\/strong><\/p>\n<p>&nbsp;<\/p>\n<p><strong>S\u00edntesis |<\/strong>\u00a0Liga U19 \u2013 Zona Sur 1 \u2013 Fecha #3<\/p>\n<p><strong>Olimpo 80: <\/strong>Agust\u00edn Solomon 6 (x), Agust\u00edn Hollman 2, Federico Rucci 8, Juan Hollender 18, Mat\u00edas Mailo 14 (x) (FI); Agust\u00edn Villalon 9, Marcos Diel 2, Valent\u00edn Bettiga 21. DT: Juan Mart\u00edn L\u00f3pez.<\/p>\n<p><strong>9 de Julio 82:<\/strong> Manuel Costa 17, Manuel Slonimsqui 2, Nicol\u00e1s Valdebenito 0, Alan Prost 8 (x), Francisco Bonaguro 34 (FI); Benjam\u00edn Didone 2 (x), Rodrigo Blanco 17, Fabio Campetti 2, Sebasti\u00e1n Villegas 0. DT: Andr\u00e9s Iannamico.<\/p>\n<p><strong>Parciales: <\/strong>18-20, 36-42 (18-22), 60-66 (24-24), 80-82 (20-16).<\/p>\n<p><strong>Estadio:<\/strong> Norberto Tom\u00e1s (Olimpo).<\/p>\n<p><a href=\"http:\/\/www.fibalivestats.com\/u\/FDBB\/590601\/index.html\">ESTAD\u00cdSTICAS OFICIALES<\/a><\/p>\n<blockquote class=\"twitter-video\" data-lang=\"es\">\n<p dir=\"ltr\" lang=\"es\">? <a href=\"https:\/\/twitter.com\/hashtag\/LPCU19?src=hash\">#LPCU19<\/a> &#8211; Zona Sur 1 &#8211; <a href=\"https:\/\/twitter.com\/FBPBAoficial\">@FBPBAoficial<\/a><br \/>\n? Fecha 3<br \/>\n? <a href=\"https:\/\/twitter.com\/Olimpo_Oficial\">@Olimpo_Oficial<\/a> 80 &#8211; 82 <a href=\"https:\/\/twitter.com\/9deJulioBB\">@9deJulioBB<\/a><br \/>\n? Doble de <a href=\"https:\/\/twitter.com\/benja_didone\">@benja_didone<\/a> + Cierre del partido. <a href=\"https:\/\/t.co\/k4Qr28SOrV\">pic.twitter.com\/k4Qr28SOrV<\/a><\/p>\n<p>\u2014 Bruno (@BrunoCampetti) <a href=\"https:\/\/twitter.com\/BrunoCampetti\/status\/848392562599755776\">2 de abril de 2017<\/a><\/p><\/blockquote>\n<p><script src=\"\/\/platform.twitter.com\/widgets.js\" async=\"\" charset=\"utf-8\"><\/script><\/p>\n<p><strong>S\u00edntesis |<\/strong>\u00a0Liga U19 \u2013 Zona Sur 2 \u2013 Fecha #3<\/p>\n<p><strong>Bahiense del Norte 86:<\/strong>\u00a0Juan Ignacio Gonz\u00e1lez 13, Manuel Peyronnet 19, Amaury Hevia 16, Mart\u00edn Fagotti 1, Franco P\u00e9rez 9 (FI); Laureano Legaria 2, Mart\u00edn Mercado 3, Mat\u00edas Ponzoni 4, Ramiro Atencio 2, Juan Cruz Tamis 5, Facundo Menecozzi 6, Iv\u00e1n G\u00f3mez Lepez 6. DT: Alejandro Navallo.<\/p>\n<p><strong>Altense (Punta Alta) 48:<\/strong> Leandro Erquiaga 0, Augusto Lavigne 6, Nicol\u00e1s Bejarano 1, Diego Korman 9, Cesar Ramadori 18 (FI); Emanuel Buide 0, Alex Lencinas 5, Juli\u00e1n Mazzarello 2, Guillermo Rodr\u00edguez 0, Rodrigo Heredia 0, Dami\u00e1n Korman 7, Valent\u00edn Bigoni 0. DT: Leandro Carbonell.<\/p>\n<p><strong>Parciales: <\/strong>12-11, 42-22 (30-11), 63-32 (21-10), 86-48 (23-16).<\/p>\n<p><strong>Estadio:<\/strong> Manu Gin\u00f3bili (Bahiense del Norte).<\/p>\n<p><a href=\"http:\/\/www.fibalivestats.com\/u\/FDBB\/590627\/index.html\">ESTAD\u00cdSTICAS OFICIALES<\/a><\/p>\n<p>&nbsp;<\/p>\n<p><strong>S\u00edntesis |<\/strong>\u00a0Liga U19 \u2013 Zona Sur 2 \u2013 Fecha #3<\/p>\n<p><strong>Pac\u00edfico 57:<\/strong>\u00a0Branco Salvatori 20, Juan Ignacio Scattolini 4, Giuliano Ambroggi 6, Manuel Maina 16, Ignacio Carbajo 0 (FI); Lautaro Gonz\u00e1lez 8, Esteban Walter 3, Agust\u00edn Vi\u00f1uela 0. DT: Mart\u00edn Luis.<\/p>\n<p><strong>Uni\u00f3n (Mar del Plata) 61:<\/strong>\u00a0Valent\u00edn Lofrano 14, Santiago Labatut 4, Ezequiel Sturm 0, Juli\u00e1n Moreno 2, Lucio Haag 19 (FI); Nahuel Mauco 0, Tom\u00e1s Quinteros 2, Agust\u00edn Jara 2, Juan Cruz Bourdal 8, Leandro Juanto 1, Thiago Dasso 9, Octavio Manzuc 0. DT: Alejandro Navallo.<\/p>\n<p><strong>Parciales:<\/strong>\u00a014-18, 30-31 (16-13), 41-42 (11-11), 57-61 (16-19).<\/p>\n<p><strong>Estadio:<\/strong>\u00a0William Harding Green (Pac\u00edfico).<\/p>\n<p><a href=\"http:\/\/www.fibalivestats.com\/u\/FDBB\/590626\/index.html\">ESTAD\u00cdSTICAS OFICIALES<\/a><\/p>\n<p>&nbsp;<\/p>\n<p><strong>S\u00edntesis |<\/strong>\u00a0Liga U19 \u2013 Zona Sur 3 \u2013 Fecha #3<\/p>\n<p><strong>Liniers 85:<\/strong>\u00a0Santiago Pascual 16, Tom\u00e1s Silbane 15, Emanuel Miguel 19, Bautista Olivera 14, Franco Ferrari 12 (FI); Andoni Aztiria 5, Cristian Stegmann 4, Tadeo L\u00f3pez 0. DT: Ignacio Ferhmin.<\/p>\n<p><strong>Quilmes (Mar del Plata) 68:<\/strong> Dar\u00edo Skidelsky 11, Lucas Gordillo 0, Lucas Ecker 2, Agust\u00edn Guilera 4, Tom\u00e1s Reimundo 17 (FI); Joaqu\u00edn Arraiz 5, Ezequiel Martin 2, Francisco Arraiz 0, Franco Ceratto 8, Faustino Maggioni 19. DT: Rub\u00e9n Wolkowyski.<\/p>\n<p><strong>Parciales: <\/strong>21-12, 37-31 (16-19), 60-44 (23-13), 85-68 (25-24).<\/p>\n<p><strong>Estadio:<\/strong> Hern\u00e1n Sagasti (Liniers).<\/p>\n<p><a href=\"http:\/\/www.fibalivestats.com\/u\/FDBB\/590652\/index.html\">ESTAD\u00cdSTICAS OFICIALES<\/a><\/p>\n<p>&nbsp;<\/p>\n<p><strong>S\u00edntesis |<\/strong>\u00a0Liga U19 \u2013 Zona Sur 3 \u2013 Fecha #3<\/p>\n<p><strong>El Nacional 53:<\/strong>\u00a0Lautaro L\u00f3pez 8, Fausto De Paoli 10, Mariano Blanche 0, Joaqu\u00edn Moron 14, Ferm\u00edn Garmendia 11 (FI); Lucas Ceminari 0, Emiliano Valbuena 8, Franco Guidi 0, Agust\u00edn Passeggi 0, Federico Salce 2, Ignacio Herroponte 0. DT: Miguel Loffredo.<\/p>\n<p><strong>Independiente (Tandil) 57:<\/strong> Agust\u00edn Altamirano 0, \u00c1lvaro Yarza 17, Federico San Mart\u00edn 16, Ramiro Villa 6, Francisco Saucedo 6 (FI); Tob\u00edas Cervi 0, Lautaro Vena 2, Francisco Iarussi 4, Valent\u00edn Aguirre 3, Andr\u00e9s Brizio 3, Joaqu\u00edn Cort\u00e9s 0. DT: Juan Ram\u00f3n Aquino.<\/p>\n<p><strong>Parciales: <\/strong>16-13, 24-28 (8-15), 33-46 (9-18), 53-57 (20-11).<\/p>\n<p><strong>Estadio:<\/strong> Hermanos Ciccioli (El Nacional).<\/p>\n<p><a href=\"http:\/\/www.fibalivestats.com\/u\/FDBB\/590653\/index.html\">ESTAD\u00cdSTICAS OFICIALES<\/a><\/p>\n","protected":false},"excerpt":{"rendered":"<p>Derrot\u00f3 a Olimpo por la Fecha 3 de la Liga U19. Tambi\u00e9n ganaron Bahiense y Liniers<\/p>\n","protected":false},"author":1,"featured_media":70061,"comment_status":"closed","ping_status":"open","sticky":false,"template":"","format":"standard","meta":{"jnews-multi-image_gallery":[],"jnews_single_post":[],"jnews_primary_category":[],"footnotes":""},"categories":[101,26],"tags":[2,5,9,14,16,17],"class_list":["post-70085","post","type-post","status-publish","format-standard","has-post-thumbnail","hentry","category-slide","category-u19","tag-9dejulio","tag-bahiense-del-norte","tag-el-nacional","tag-liniers","tag-olimpo","tag-pacifico"],"yoast_head":"<!-- This site is optimized with the Yoast SEO plugin v27.5 - https:\/\/yoast.com\/product\/yoast-seo-wordpress\/ -->\n<title>9 se qued\u00f3 con el duelo local - Gente de B\u00e1squet<\/title>\n<meta name=\"robots\" content=\"index, follow, max-snippet:-1, max-image-preview:large, max-video-preview:-1\" \/>\n<link rel=\"canonical\" href=\"http:\/\/gentedebasquet.com.ar\/sitio\/2017\/04\/02\/9-se-quedo-con-el-duelo-local\/\" \/>\n<meta property=\"og:locale\" content=\"es_ES\" \/>\n<meta property=\"og:type\" content=\"article\" \/>\n<meta property=\"og:title\" content=\"9 se qued\u00f3 con el duelo local - Gente de B\u00e1squet\" \/>\n<meta property=\"og:description\" content=\"Derrot\u00f3 a Olimpo por la Fecha 3 de la Liga U19. Tambi\u00e9n ganaron Bahiense y Liniers\" \/>\n<meta property=\"og:url\" content=\"http:\/\/gentedebasquet.com.ar\/sitio\/2017\/04\/02\/9-se-quedo-con-el-duelo-local\/\" \/>\n<meta property=\"og:site_name\" content=\"Gente de B\u00e1squet\" \/>\n<meta property=\"article:published_time\" content=\"2017-04-02T23:13:22+00:00\" \/>\n<meta property=\"og:image\" content=\"http:\/\/gentedebasquet.com.ar\/sitio\/wp-content\/uploads\/2017\/04\/Olimpo-9-de-Julio-Liga-U19-Bonaguro.jpg\" \/>\n\t<meta property=\"og:image:width\" content=\"690\" \/>\n\t<meta property=\"og:image:height\" content=\"319\" \/>\n\t<meta property=\"og:image:type\" content=\"image\/jpeg\" \/>\n<meta name=\"author\" content=\"Gente de B\u00e1squet\" \/>\n<meta name=\"twitter:card\" content=\"summary_large_image\" \/>\n<meta name=\"twitter:label1\" content=\"Escrito por\" \/>\n\t<meta name=\"twitter:data1\" content=\"Gente de B\u00e1squet\" \/>\n\t<meta name=\"twitter:label2\" content=\"Tiempo de lectura\" \/>\n\t<meta name=\"twitter:data2\" content=\"3 minutos\" \/>\n<script type=\"application\/ld+json\" class=\"yoast-schema-graph\">{\"@context\":\"https:\\\/\\\/schema.org\",\"@graph\":[{\"@type\":\"Article\",\"@id\":\"http:\\\/\\\/gentedebasquet.com.ar\\\/sitio\\\/2017\\\/04\\\/02\\\/9-se-quedo-con-el-duelo-local\\\/#article\",\"isPartOf\":{\"@id\":\"http:\\\/\\\/gentedebasquet.com.ar\\\/sitio\\\/2017\\\/04\\\/02\\\/9-se-quedo-con-el-duelo-local\\\/\"},\"author\":{\"name\":\"Gente de B\u00e1squet\",\"@id\":\"https:\\\/\\\/gentedebasquet.com.ar\\\/sitio\\\/#\\\/schema\\\/person\\\/ca0b63bbb977369988a7bbbdc519943a\"},\"headline\":\"9 se qued\u00f3 con el duelo local\",\"datePublished\":\"2017-04-02T23:13:22+00:00\",\"mainEntityOfPage\":{\"@id\":\"http:\\\/\\\/gentedebasquet.com.ar\\\/sitio\\\/2017\\\/04\\\/02\\\/9-se-quedo-con-el-duelo-local\\\/\"},\"wordCount\":584,\"image\":{\"@id\":\"http:\\\/\\\/gentedebasquet.com.ar\\\/sitio\\\/2017\\\/04\\\/02\\\/9-se-quedo-con-el-duelo-local\\\/#primaryimage\"},\"thumbnailUrl\":\"https:\\\/\\\/gentedebasquet.com.ar\\\/sitio\\\/wp-content\\\/uploads\\\/2017\\\/04\\\/Olimpo-9-de-Julio-Liga-U19-Bonaguro.jpg\",\"keywords\":[\"9 de Julio\",\"Bahiense Del Norte\",\"El Nacional\",\"Liniers\",\"Ol\u00edmpo\",\"Pacifico\"],\"articleSection\":[\"Slide\",\"U19\"],\"inLanguage\":\"es\"},{\"@type\":\"WebPage\",\"@id\":\"http:\\\/\\\/gentedebasquet.com.ar\\\/sitio\\\/2017\\\/04\\\/02\\\/9-se-quedo-con-el-duelo-local\\\/\",\"url\":\"http:\\\/\\\/gentedebasquet.com.ar\\\/sitio\\\/2017\\\/04\\\/02\\\/9-se-quedo-con-el-duelo-local\\\/\",\"name\":\"9 se qued\u00f3 con el duelo local - Gente de B\u00e1squet\",\"isPartOf\":{\"@id\":\"https:\\\/\\\/gentedebasquet.com.ar\\\/sitio\\\/#website\"},\"primaryImageOfPage\":{\"@id\":\"http:\\\/\\\/gentedebasquet.com.ar\\\/sitio\\\/2017\\\/04\\\/02\\\/9-se-quedo-con-el-duelo-local\\\/#primaryimage\"},\"image\":{\"@id\":\"http:\\\/\\\/gentedebasquet.com.ar\\\/sitio\\\/2017\\\/04\\\/02\\\/9-se-quedo-con-el-duelo-local\\\/#primaryimage\"},\"thumbnailUrl\":\"https:\\\/\\\/gentedebasquet.com.ar\\\/sitio\\\/wp-content\\\/uploads\\\/2017\\\/04\\\/Olimpo-9-de-Julio-Liga-U19-Bonaguro.jpg\",\"datePublished\":\"2017-04-02T23:13:22+00:00\",\"author\":{\"@id\":\"https:\\\/\\\/gentedebasquet.com.ar\\\/sitio\\\/#\\\/schema\\\/person\\\/ca0b63bbb977369988a7bbbdc519943a\"},\"breadcrumb\":{\"@id\":\"http:\\\/\\\/gentedebasquet.com.ar\\\/sitio\\\/2017\\\/04\\\/02\\\/9-se-quedo-con-el-duelo-local\\\/#breadcrumb\"},\"inLanguage\":\"es\",\"potentialAction\":[{\"@type\":\"ReadAction\",\"target\":[\"http:\\\/\\\/gentedebasquet.com.ar\\\/sitio\\\/2017\\\/04\\\/02\\\/9-se-quedo-con-el-duelo-local\\\/\"]}]},{\"@type\":\"ImageObject\",\"inLanguage\":\"es\",\"@id\":\"http:\\\/\\\/gentedebasquet.com.ar\\\/sitio\\\/2017\\\/04\\\/02\\\/9-se-quedo-con-el-duelo-local\\\/#primaryimage\",\"url\":\"https:\\\/\\\/gentedebasquet.com.ar\\\/sitio\\\/wp-content\\\/uploads\\\/2017\\\/04\\\/Olimpo-9-de-Julio-Liga-U19-Bonaguro.jpg\",\"contentUrl\":\"https:\\\/\\\/gentedebasquet.com.ar\\\/sitio\\\/wp-content\\\/uploads\\\/2017\\\/04\\\/Olimpo-9-de-Julio-Liga-U19-Bonaguro.jpg\",\"width\":690,\"height\":319},{\"@type\":\"BreadcrumbList\",\"@id\":\"http:\\\/\\\/gentedebasquet.com.ar\\\/sitio\\\/2017\\\/04\\\/02\\\/9-se-quedo-con-el-duelo-local\\\/#breadcrumb\",\"itemListElement\":[{\"@type\":\"ListItem\",\"position\":1,\"name\":\"Portada\",\"item\":\"https:\\\/\\\/gentedebasquet.com.ar\\\/sitio\\\/\"},{\"@type\":\"ListItem\",\"position\":2,\"name\":\"9 se qued\u00f3 con el duelo local\"}]},{\"@type\":\"WebSite\",\"@id\":\"https:\\\/\\\/gentedebasquet.com.ar\\\/sitio\\\/#website\",\"url\":\"https:\\\/\\\/gentedebasquet.com.ar\\\/sitio\\\/\",\"name\":\"Gente de B\u00e1squet\",\"description\":\"La revista del basquet de Bah\u00eda Blanca\",\"potentialAction\":[{\"@type\":\"SearchAction\",\"target\":{\"@type\":\"EntryPoint\",\"urlTemplate\":\"https:\\\/\\\/gentedebasquet.com.ar\\\/sitio\\\/?s={search_term_string}\"},\"query-input\":{\"@type\":\"PropertyValueSpecification\",\"valueRequired\":true,\"valueName\":\"search_term_string\"}}],\"inLanguage\":\"es\"},{\"@type\":\"Person\",\"@id\":\"https:\\\/\\\/gentedebasquet.com.ar\\\/sitio\\\/#\\\/schema\\\/person\\\/ca0b63bbb977369988a7bbbdc519943a\",\"name\":\"Gente de B\u00e1squet\",\"image\":{\"@type\":\"ImageObject\",\"inLanguage\":\"es\",\"@id\":\"https:\\\/\\\/secure.gravatar.com\\\/avatar\\\/7f2c48bdc33b30088f941fb6082e555f2874c98e20cb159d7b92b50eadfce793?s=96&d=mm&r=g\",\"url\":\"https:\\\/\\\/secure.gravatar.com\\\/avatar\\\/7f2c48bdc33b30088f941fb6082e555f2874c98e20cb159d7b92b50eadfce793?s=96&d=mm&r=g\",\"contentUrl\":\"https:\\\/\\\/secure.gravatar.com\\\/avatar\\\/7f2c48bdc33b30088f941fb6082e555f2874c98e20cb159d7b92b50eadfce793?s=96&d=mm&r=g\",\"caption\":\"Gente de B\u00e1squet\"},\"sameAs\":[\"http:\\\/\\\/gentedebasquet.com.ar\\\/sitio\"],\"url\":\"https:\\\/\\\/gentedebasquet.com.ar\\\/sitio\\\/author\\\/ulises\\\/\"}]}<\/script>\n<!-- \/ Yoast SEO plugin. -->","yoast_head_json":{"title":"9 se qued\u00f3 con el duelo local - Gente de B\u00e1squet","robots":{"index":"index","follow":"follow","max-snippet":"max-snippet:-1","max-image-preview":"max-image-preview:large","max-video-preview":"max-video-preview:-1"},"canonical":"http:\/\/gentedebasquet.com.ar\/sitio\/2017\/04\/02\/9-se-quedo-con-el-duelo-local\/","og_locale":"es_ES","og_type":"article","og_title":"9 se qued\u00f3 con el duelo local - Gente de B\u00e1squet","og_description":"Derrot\u00f3 a Olimpo por la Fecha 3 de la Liga U19. Tambi\u00e9n ganaron Bahiense y Liniers","og_url":"http:\/\/gentedebasquet.com.ar\/sitio\/2017\/04\/02\/9-se-quedo-con-el-duelo-local\/","og_site_name":"Gente de B\u00e1squet","article_published_time":"2017-04-02T23:13:22+00:00","og_image":[{"width":690,"height":319,"url":"http:\/\/gentedebasquet.com.ar\/sitio\/wp-content\/uploads\/2017\/04\/Olimpo-9-de-Julio-Liga-U19-Bonaguro.jpg","type":"image\/jpeg"}],"author":"Gente de B\u00e1squet","twitter_card":"summary_large_image","twitter_misc":{"Escrito por":"Gente de B\u00e1squet","Tiempo de lectura":"3 minutos"},"schema":{"@context":"https:\/\/schema.org","@graph":[{"@type":"Article","@id":"http:\/\/gentedebasquet.com.ar\/sitio\/2017\/04\/02\/9-se-quedo-con-el-duelo-local\/#article","isPartOf":{"@id":"http:\/\/gentedebasquet.com.ar\/sitio\/2017\/04\/02\/9-se-quedo-con-el-duelo-local\/"},"author":{"name":"Gente de B\u00e1squet","@id":"https:\/\/gentedebasquet.com.ar\/sitio\/#\/schema\/person\/ca0b63bbb977369988a7bbbdc519943a"},"headline":"9 se qued\u00f3 con el duelo local","datePublished":"2017-04-02T23:13:22+00:00","mainEntityOfPage":{"@id":"http:\/\/gentedebasquet.com.ar\/sitio\/2017\/04\/02\/9-se-quedo-con-el-duelo-local\/"},"wordCount":584,"image":{"@id":"http:\/\/gentedebasquet.com.ar\/sitio\/2017\/04\/02\/9-se-quedo-con-el-duelo-local\/#primaryimage"},"thumbnailUrl":"https:\/\/gentedebasquet.com.ar\/sitio\/wp-content\/uploads\/2017\/04\/Olimpo-9-de-Julio-Liga-U19-Bonaguro.jpg","keywords":["9 de Julio","Bahiense Del Norte","El Nacional","Liniers","Ol\u00edmpo","Pacifico"],"articleSection":["Slide","U19"],"inLanguage":"es"},{"@type":"WebPage","@id":"http:\/\/gentedebasquet.com.ar\/sitio\/2017\/04\/02\/9-se-quedo-con-el-duelo-local\/","url":"http:\/\/gentedebasquet.com.ar\/sitio\/2017\/04\/02\/9-se-quedo-con-el-duelo-local\/","name":"9 se qued\u00f3 con el duelo local - Gente de B\u00e1squet","isPartOf":{"@id":"https:\/\/gentedebasquet.com.ar\/sitio\/#website"},"primaryImageOfPage":{"@id":"http:\/\/gentedebasquet.com.ar\/sitio\/2017\/04\/02\/9-se-quedo-con-el-duelo-local\/#primaryimage"},"image":{"@id":"http:\/\/gentedebasquet.com.ar\/sitio\/2017\/04\/02\/9-se-quedo-con-el-duelo-local\/#primaryimage"},"thumbnailUrl":"https:\/\/gentedebasquet.com.ar\/sitio\/wp-content\/uploads\/2017\/04\/Olimpo-9-de-Julio-Liga-U19-Bonaguro.jpg","datePublished":"2017-04-02T23:13:22+00:00","author":{"@id":"https:\/\/gentedebasquet.com.ar\/sitio\/#\/schema\/person\/ca0b63bbb977369988a7bbbdc519943a"},"breadcrumb":{"@id":"http:\/\/gentedebasquet.com.ar\/sitio\/2017\/04\/02\/9-se-quedo-con-el-duelo-local\/#breadcrumb"},"inLanguage":"es","potentialAction":[{"@type":"ReadAction","target":["http:\/\/gentedebasquet.com.ar\/sitio\/2017\/04\/02\/9-se-quedo-con-el-duelo-local\/"]}]},{"@type":"ImageObject","inLanguage":"es","@id":"http:\/\/gentedebasquet.com.ar\/sitio\/2017\/04\/02\/9-se-quedo-con-el-duelo-local\/#primaryimage","url":"https:\/\/gentedebasquet.com.ar\/sitio\/wp-content\/uploads\/2017\/04\/Olimpo-9-de-Julio-Liga-U19-Bonaguro.jpg","contentUrl":"https:\/\/gentedebasquet.com.ar\/sitio\/wp-content\/uploads\/2017\/04\/Olimpo-9-de-Julio-Liga-U19-Bonaguro.jpg","width":690,"height":319},{"@type":"BreadcrumbList","@id":"http:\/\/gentedebasquet.com.ar\/sitio\/2017\/04\/02\/9-se-quedo-con-el-duelo-local\/#breadcrumb","itemListElement":[{"@type":"ListItem","position":1,"name":"Portada","item":"https:\/\/gentedebasquet.com.ar\/sitio\/"},{"@type":"ListItem","position":2,"name":"9 se qued\u00f3 con el duelo local"}]},{"@type":"WebSite","@id":"https:\/\/gentedebasquet.com.ar\/sitio\/#website","url":"https:\/\/gentedebasquet.com.ar\/sitio\/","name":"Gente de B\u00e1squet","description":"La revista del basquet de Bah\u00eda Blanca","potentialAction":[{"@type":"SearchAction","target":{"@type":"EntryPoint","urlTemplate":"https:\/\/gentedebasquet.com.ar\/sitio\/?s={search_term_string}"},"query-input":{"@type":"PropertyValueSpecification","valueRequired":true,"valueName":"search_term_string"}}],"inLanguage":"es"},{"@type":"Person","@id":"https:\/\/gentedebasquet.com.ar\/sitio\/#\/schema\/person\/ca0b63bbb977369988a7bbbdc519943a","name":"Gente de B\u00e1squet","image":{"@type":"ImageObject","inLanguage":"es","@id":"https:\/\/secure.gravatar.com\/avatar\/7f2c48bdc33b30088f941fb6082e555f2874c98e20cb159d7b92b50eadfce793?s=96&d=mm&r=g","url":"https:\/\/secure.gravatar.com\/avatar\/7f2c48bdc33b30088f941fb6082e555f2874c98e20cb159d7b92b50eadfce793?s=96&d=mm&r=g","contentUrl":"https:\/\/secure.gravatar.com\/avatar\/7f2c48bdc33b30088f941fb6082e555f2874c98e20cb159d7b92b50eadfce793?s=96&d=mm&r=g","caption":"Gente de B\u00e1squet"},"sameAs":["http:\/\/gentedebasquet.com.ar\/sitio"],"url":"https:\/\/gentedebasquet.com.ar\/sitio\/author\/ulises\/"}]}},"_links":{"self":[{"href":"https:\/\/gentedebasquet.com.ar\/sitio\/wp-json\/wp\/v2\/posts\/70085","targetHints":{"allow":["GET"]}}],"collection":[{"href":"https:\/\/gentedebasquet.com.ar\/sitio\/wp-json\/wp\/v2\/posts"}],"about":[{"href":"https:\/\/gentedebasquet.com.ar\/sitio\/wp-json\/wp\/v2\/types\/post"}],"author":[{"embeddable":true,"href":"https:\/\/gentedebasquet.com.ar\/sitio\/wp-json\/wp\/v2\/users\/1"}],"replies":[{"embeddable":true,"href":"https:\/\/gentedebasquet.com.ar\/sitio\/wp-json\/wp\/v2\/comments?post=70085"}],"version-history":[{"count":0,"href":"https:\/\/gentedebasquet.com.ar\/sitio\/wp-json\/wp\/v2\/posts\/70085\/revisions"}],"wp:featuredmedia":[{"embeddable":true,"href":"https:\/\/gentedebasquet.com.ar\/sitio\/wp-json\/wp\/v2\/media\/70061"}],"wp:attachment":[{"href":"https:\/\/gentedebasquet.com.ar\/sitio\/wp-json\/wp\/v2\/media?parent=70085"}],"wp:term":[{"taxonomy":"category","embeddable":true,"href":"https:\/\/gentedebasquet.com.ar\/sitio\/wp-json\/wp\/v2\/categories?post=70085"},{"taxonomy":"post_tag","embeddable":true,"href":"https:\/\/gentedebasquet.com.ar\/sitio\/wp-json\/wp\/v2\/tags?post=70085"}],"curies":[{"name":"wp","href":"https:\/\/api.w.org\/{rel}","templated":true}]}}