{"id":70107,"date":"2017-04-03T18:51:45","date_gmt":"2017-04-03T21:51:45","guid":{"rendered":"http:\/\/www.gentedebasquet.com.ar\/?p=70107"},"modified":"2017-04-03T18:51:45","modified_gmt":"2017-04-03T21:51:45","slug":"las-chicas-iniciaron-la-20","status":"publish","type":"post","link":"https:\/\/gentedebasquet.com.ar\/sitio\/2017\/04\/03\/las-chicas-iniciaron-la-20\/","title":{"rendered":"Las chicas iniciaron la 20"},"content":{"rendered":"<p><strong>La 20\u00ba temporada oficial del b\u00e1squetbol de Primera Femenino comenz\u00f3 con tres parejos partidos. En su estreno, El Nacional, que cuenta con la base de <a href=\"http:\/\/www.gentedebasquet.com.ar\/muy-bien-10-felicitado\/\" target=\"_blank\" rel=\"noopener\">Independiente campe\u00f3n 2016<\/a> y es dirigido por Viviana Albizu, se adjudic\u00f3 una sufrida victoria en cancha de Estrella por 46 a 45. Por su parte, el juvenil elenco de 9 de Julio super\u00f3 a Estudiantes 57 a 51 y en el William Harding Green, Pac\u00edfico derrot\u00f3 a Sportivo Bahiense por 49 a 32. El representativo de la UNS tiene previsto sumarse al torneo en el segundo semestre.<\/strong><\/p>\n<p>&nbsp;<\/p>\n<p><strong>S\u00edntesis |<\/strong> Primera Femenino &#8211; Primer Tramo &#8211; Fecha #1<\/p>\n<p><strong>Estrella 45:<\/strong> Ana Liz Carcas 8, Mar\u00eda Marcocci 3, Nerina Franco 4, Marianella Leal 20, Noelia Gil 5 (Fi); Nancy Elizondo 0, Mariannella Pye 3 y Julieta Prieto 2. DT: Luciano Deminicis.<\/p>\n<p><strong>El Nacional 46:<\/strong> Aldana Rodr\u00edguez 11, Nadia Vrizz 13, Josefina Calvento 1, Bel\u00e9n Tombesi 8, Roc\u00edo Conti 3 (Fi); Daniela De Mori 2, Violeta Gunter 4, Mar Angalupe 0, Luciana Ortiz 0 y Sol Sosa 4. DT. Viviana Albizu.<\/p>\n<p><strong>Parciales:<\/strong> 2-17, 24-23 (22-6), 35-30 (11-7) y 45-46 (10-16).<\/p>\n<p><strong>\u00c1rbitros:<\/strong> Jorge Blanco &#8211; Nicol\u00e1s Larrasolo.<\/p>\n<p><strong>Estadio:<\/strong> Luis \u00c1lvarez (Estrella).<\/p>\n<p>&nbsp;<\/p>\n<p><strong>S\u00edntesis |<\/strong> Primera Femenino &#8211; Primer Tramo &#8211; Fecha #1<\/p>\n<p><strong>9 de Julio 57:<\/strong> Candela Leal 10, Emilia Fern\u00e1ndez 11, Carla Ruiz 9, Alondra Gonz\u00e1lez 19, Ail\u00e9n Miglierini 3 (Fi); Carmela Dehumar\u00e1 0, Catalina Facente 0, Catalina Arena 1, Camila Leal 2 y Celeste Sorresi 2. DT. Mauro Lacerenza.<\/p>\n<p><strong>Estudiantes 51:<\/strong> Royel Maurer 13, Ail\u00edn Larrosa 5 (x), Mariana Arias 7, Florencia Arias 9, Georgina Fornetti 2 (Fi); Camila Bay\u00f3n 2, Ayel\u00e9n Salustro 2, Maribel Gal\u00e9 2, Mar\u00eda Pena 2, Juliana Brossard 6 y Sof\u00eda Bailetti 1. DT: Leonel Alema\u00f1y.<\/p>\n<p><strong>Parciales:<\/strong> 4-11, 24-25 (20-14), 39-41 (15-16) y 57-51 (18-10).<\/p>\n<p><strong>\u00c1rbitros:<\/strong> Mauro Reyes &#8211; Yamila Nicoletta.<\/p>\n<p><strong>Estadio:<\/strong> N\u00e9stor Damiani (9 de Julio).<\/p>\n<p>&nbsp;<\/p>\n<p><strong>S\u00edntesis |<\/strong> Primera Femenino &#8211; Primer Tramo &#8211; Fecha #1<\/p>\n<p><strong>Pac\u00edfico 49:<\/strong> Chabela Garc\u00eda 4 (x), B\u00e1rbara Cunningham 5, Camila Cabrera 12, Candelaria V\u00e1zquez 6, Camila Maisterrena 14 (Fi); Maitena V\u00e1zquez 4, Ayel\u00e9n De La Puente 0, Micaela Pagani 0, Yamile Mercao 0, Paloma Vecchi 4, Roc\u00edo Pagani 0 y Cynthia Compagnoni 0. DT: Gabriel M\u00e9rida.<\/p>\n<p><strong>Sportivo 32:<\/strong> Roc\u00edo Garc\u00eda Wild 12, Ileana Corval\u00e1n 5, Magdalena Bante 2, Daniela Neiman 2, Joselina Hansen 2 (Fi); Roc\u00edo Hammerschmidt 0, Ana Galassi 0, Abril Lella 0, Nerina Mu\u00f1\u00f3z 0, Bel\u00e9n Labiano 4, Roc\u00edo Garc\u00eda 0 y Agustina Kenny 5. DT: Joaqu\u00edn Tuero.<\/p>\n<p><strong>Parciales:<\/strong> 10-6, 22-15 (12-9), 37-21 (15-6) y 49-32 (12-11).<\/p>\n<p><strong>\u00c1rbitros:<\/strong> Eduardo Ferreyra &#8211; Alberto Arlenghi.<\/p>\n<p><strong>Estadio:<\/strong> William Harding Green (Pac\u00edfico).<\/p>\n","protected":false},"excerpt":{"rendered":"<p>Con tres partidos, comenz\u00f3 la vig\u00e9sima temporada oficial del torneo Femenino<\/p>\n","protected":false},"author":1,"featured_media":70090,"comment_status":"closed","ping_status":"open","sticky":false,"template":"","format":"standard","meta":{"jnews-multi-image_gallery":[],"jnews_single_post":[],"jnews_primary_category":[],"footnotes":""},"categories":[33,526,101],"tags":[2,9,10,11,395,17,880,20],"class_list":["post-70107","post","type-post","status-publish","format-standard","has-post-thumbnail","hentry","category-femenino","category-primera-femenino-2","category-slide","tag-9dejulio","tag-el-nacional","tag-estrella","tag-estudiantes","tag-femenino","tag-pacifico","tag-primera-femenino","tag-sportivo-bahiense"],"yoast_head":"<!-- This site is optimized with the Yoast SEO plugin v27.5 - https:\/\/yoast.com\/product\/yoast-seo-wordpress\/ -->\n<title>Las chicas iniciaron la 20 - Gente de B\u00e1squet<\/title>\n<meta name=\"robots\" content=\"index, follow, max-snippet:-1, max-image-preview:large, max-video-preview:-1\" \/>\n<link rel=\"canonical\" href=\"https:\/\/gentedebasquet.com.ar\/sitio\/2017\/04\/03\/las-chicas-iniciaron-la-20\/\" \/>\n<meta property=\"og:locale\" content=\"es_ES\" \/>\n<meta property=\"og:type\" content=\"article\" \/>\n<meta property=\"og:title\" content=\"Las chicas iniciaron la 20 - Gente de B\u00e1squet\" \/>\n<meta property=\"og:description\" content=\"Con tres partidos, comenz\u00f3 la vig\u00e9sima temporada oficial del torneo Femenino\" \/>\n<meta property=\"og:url\" content=\"https:\/\/gentedebasquet.com.ar\/sitio\/2017\/04\/03\/las-chicas-iniciaron-la-20\/\" \/>\n<meta property=\"og:site_name\" content=\"Gente de B\u00e1squet\" \/>\n<meta property=\"article:published_time\" content=\"2017-04-03T21:51:45+00:00\" \/>\n<meta property=\"og:image\" content=\"https:\/\/gentedebasquet.com.ar\/sitio\/wp-content\/uploads\/2017\/04\/Estrella-El-Nacional-Femenino-Vrizz.jpg\" \/>\n\t<meta property=\"og:image:width\" content=\"690\" \/>\n\t<meta property=\"og:image:height\" content=\"319\" \/>\n\t<meta property=\"og:image:type\" content=\"image\/jpeg\" \/>\n<meta name=\"author\" content=\"Gente de B\u00e1squet\" \/>\n<meta name=\"twitter:card\" content=\"summary_large_image\" \/>\n<meta name=\"twitter:label1\" content=\"Escrito por\" \/>\n\t<meta name=\"twitter:data1\" content=\"Gente de B\u00e1squet\" \/>\n\t<meta name=\"twitter:label2\" content=\"Tiempo de lectura\" \/>\n\t<meta name=\"twitter:data2\" content=\"2 minutos\" \/>\n<script type=\"application\/ld+json\" class=\"yoast-schema-graph\">{\"@context\":\"https:\\\/\\\/schema.org\",\"@graph\":[{\"@type\":\"Article\",\"@id\":\"https:\\\/\\\/gentedebasquet.com.ar\\\/sitio\\\/2017\\\/04\\\/03\\\/las-chicas-iniciaron-la-20\\\/#article\",\"isPartOf\":{\"@id\":\"https:\\\/\\\/gentedebasquet.com.ar\\\/sitio\\\/2017\\\/04\\\/03\\\/las-chicas-iniciaron-la-20\\\/\"},\"author\":{\"name\":\"Gente de B\u00e1squet\",\"@id\":\"https:\\\/\\\/gentedebasquet.com.ar\\\/sitio\\\/#\\\/schema\\\/person\\\/ca0b63bbb977369988a7bbbdc519943a\"},\"headline\":\"Las chicas iniciaron la 20\",\"datePublished\":\"2017-04-03T21:51:45+00:00\",\"mainEntityOfPage\":{\"@id\":\"https:\\\/\\\/gentedebasquet.com.ar\\\/sitio\\\/2017\\\/04\\\/03\\\/las-chicas-iniciaron-la-20\\\/\"},\"wordCount\":383,\"image\":{\"@id\":\"https:\\\/\\\/gentedebasquet.com.ar\\\/sitio\\\/2017\\\/04\\\/03\\\/las-chicas-iniciaron-la-20\\\/#primaryimage\"},\"thumbnailUrl\":\"https:\\\/\\\/gentedebasquet.com.ar\\\/sitio\\\/wp-content\\\/uploads\\\/2017\\\/04\\\/Estrella-El-Nacional-Femenino-Vrizz.jpg\",\"keywords\":[\"9 de Julio\",\"El Nacional\",\"Estrella\",\"Estudiantes\",\"Femenino\",\"Pacifico\",\"primera femenino\",\"Sportivo Bahiense\"],\"articleSection\":[\"Femenino\",\"Primera Femenino\",\"Slide\"],\"inLanguage\":\"es\"},{\"@type\":\"WebPage\",\"@id\":\"https:\\\/\\\/gentedebasquet.com.ar\\\/sitio\\\/2017\\\/04\\\/03\\\/las-chicas-iniciaron-la-20\\\/\",\"url\":\"https:\\\/\\\/gentedebasquet.com.ar\\\/sitio\\\/2017\\\/04\\\/03\\\/las-chicas-iniciaron-la-20\\\/\",\"name\":\"Las chicas iniciaron la 20 - Gente de B\u00e1squet\",\"isPartOf\":{\"@id\":\"https:\\\/\\\/gentedebasquet.com.ar\\\/sitio\\\/#website\"},\"primaryImageOfPage\":{\"@id\":\"https:\\\/\\\/gentedebasquet.com.ar\\\/sitio\\\/2017\\\/04\\\/03\\\/las-chicas-iniciaron-la-20\\\/#primaryimage\"},\"image\":{\"@id\":\"https:\\\/\\\/gentedebasquet.com.ar\\\/sitio\\\/2017\\\/04\\\/03\\\/las-chicas-iniciaron-la-20\\\/#primaryimage\"},\"thumbnailUrl\":\"https:\\\/\\\/gentedebasquet.com.ar\\\/sitio\\\/wp-content\\\/uploads\\\/2017\\\/04\\\/Estrella-El-Nacional-Femenino-Vrizz.jpg\",\"datePublished\":\"2017-04-03T21:51:45+00:00\",\"author\":{\"@id\":\"https:\\\/\\\/gentedebasquet.com.ar\\\/sitio\\\/#\\\/schema\\\/person\\\/ca0b63bbb977369988a7bbbdc519943a\"},\"breadcrumb\":{\"@id\":\"https:\\\/\\\/gentedebasquet.com.ar\\\/sitio\\\/2017\\\/04\\\/03\\\/las-chicas-iniciaron-la-20\\\/#breadcrumb\"},\"inLanguage\":\"es\",\"potentialAction\":[{\"@type\":\"ReadAction\",\"target\":[\"https:\\\/\\\/gentedebasquet.com.ar\\\/sitio\\\/2017\\\/04\\\/03\\\/las-chicas-iniciaron-la-20\\\/\"]}]},{\"@type\":\"ImageObject\",\"inLanguage\":\"es\",\"@id\":\"https:\\\/\\\/gentedebasquet.com.ar\\\/sitio\\\/2017\\\/04\\\/03\\\/las-chicas-iniciaron-la-20\\\/#primaryimage\",\"url\":\"https:\\\/\\\/gentedebasquet.com.ar\\\/sitio\\\/wp-content\\\/uploads\\\/2017\\\/04\\\/Estrella-El-Nacional-Femenino-Vrizz.jpg\",\"contentUrl\":\"https:\\\/\\\/gentedebasquet.com.ar\\\/sitio\\\/wp-content\\\/uploads\\\/2017\\\/04\\\/Estrella-El-Nacional-Femenino-Vrizz.jpg\",\"width\":690,\"height\":319},{\"@type\":\"BreadcrumbList\",\"@id\":\"https:\\\/\\\/gentedebasquet.com.ar\\\/sitio\\\/2017\\\/04\\\/03\\\/las-chicas-iniciaron-la-20\\\/#breadcrumb\",\"itemListElement\":[{\"@type\":\"ListItem\",\"position\":1,\"name\":\"Portada\",\"item\":\"https:\\\/\\\/gentedebasquet.com.ar\\\/sitio\\\/\"},{\"@type\":\"ListItem\",\"position\":2,\"name\":\"Las chicas iniciaron la 20\"}]},{\"@type\":\"WebSite\",\"@id\":\"https:\\\/\\\/gentedebasquet.com.ar\\\/sitio\\\/#website\",\"url\":\"https:\\\/\\\/gentedebasquet.com.ar\\\/sitio\\\/\",\"name\":\"Gente de B\u00e1squet\",\"description\":\"La revista del basquet de Bah\u00eda Blanca\",\"potentialAction\":[{\"@type\":\"SearchAction\",\"target\":{\"@type\":\"EntryPoint\",\"urlTemplate\":\"https:\\\/\\\/gentedebasquet.com.ar\\\/sitio\\\/?s={search_term_string}\"},\"query-input\":{\"@type\":\"PropertyValueSpecification\",\"valueRequired\":true,\"valueName\":\"search_term_string\"}}],\"inLanguage\":\"es\"},{\"@type\":\"Person\",\"@id\":\"https:\\\/\\\/gentedebasquet.com.ar\\\/sitio\\\/#\\\/schema\\\/person\\\/ca0b63bbb977369988a7bbbdc519943a\",\"name\":\"Gente de B\u00e1squet\",\"image\":{\"@type\":\"ImageObject\",\"inLanguage\":\"es\",\"@id\":\"https:\\\/\\\/secure.gravatar.com\\\/avatar\\\/7f2c48bdc33b30088f941fb6082e555f2874c98e20cb159d7b92b50eadfce793?s=96&d=mm&r=g\",\"url\":\"https:\\\/\\\/secure.gravatar.com\\\/avatar\\\/7f2c48bdc33b30088f941fb6082e555f2874c98e20cb159d7b92b50eadfce793?s=96&d=mm&r=g\",\"contentUrl\":\"https:\\\/\\\/secure.gravatar.com\\\/avatar\\\/7f2c48bdc33b30088f941fb6082e555f2874c98e20cb159d7b92b50eadfce793?s=96&d=mm&r=g\",\"caption\":\"Gente de B\u00e1squet\"},\"sameAs\":[\"http:\\\/\\\/gentedebasquet.com.ar\\\/sitio\"],\"url\":\"https:\\\/\\\/gentedebasquet.com.ar\\\/sitio\\\/author\\\/ulises\\\/\"}]}<\/script>\n<!-- \/ Yoast SEO plugin. -->","yoast_head_json":{"title":"Las chicas iniciaron la 20 - Gente de B\u00e1squet","robots":{"index":"index","follow":"follow","max-snippet":"max-snippet:-1","max-image-preview":"max-image-preview:large","max-video-preview":"max-video-preview:-1"},"canonical":"https:\/\/gentedebasquet.com.ar\/sitio\/2017\/04\/03\/las-chicas-iniciaron-la-20\/","og_locale":"es_ES","og_type":"article","og_title":"Las chicas iniciaron la 20 - Gente de B\u00e1squet","og_description":"Con tres partidos, comenz\u00f3 la vig\u00e9sima temporada oficial del torneo Femenino","og_url":"https:\/\/gentedebasquet.com.ar\/sitio\/2017\/04\/03\/las-chicas-iniciaron-la-20\/","og_site_name":"Gente de B\u00e1squet","article_published_time":"2017-04-03T21:51:45+00:00","og_image":[{"width":690,"height":319,"url":"https:\/\/gentedebasquet.com.ar\/sitio\/wp-content\/uploads\/2017\/04\/Estrella-El-Nacional-Femenino-Vrizz.jpg","type":"image\/jpeg"}],"author":"Gente de B\u00e1squet","twitter_card":"summary_large_image","twitter_misc":{"Escrito por":"Gente de B\u00e1squet","Tiempo de lectura":"2 minutos"},"schema":{"@context":"https:\/\/schema.org","@graph":[{"@type":"Article","@id":"https:\/\/gentedebasquet.com.ar\/sitio\/2017\/04\/03\/las-chicas-iniciaron-la-20\/#article","isPartOf":{"@id":"https:\/\/gentedebasquet.com.ar\/sitio\/2017\/04\/03\/las-chicas-iniciaron-la-20\/"},"author":{"name":"Gente de B\u00e1squet","@id":"https:\/\/gentedebasquet.com.ar\/sitio\/#\/schema\/person\/ca0b63bbb977369988a7bbbdc519943a"},"headline":"Las chicas iniciaron la 20","datePublished":"2017-04-03T21:51:45+00:00","mainEntityOfPage":{"@id":"https:\/\/gentedebasquet.com.ar\/sitio\/2017\/04\/03\/las-chicas-iniciaron-la-20\/"},"wordCount":383,"image":{"@id":"https:\/\/gentedebasquet.com.ar\/sitio\/2017\/04\/03\/las-chicas-iniciaron-la-20\/#primaryimage"},"thumbnailUrl":"https:\/\/gentedebasquet.com.ar\/sitio\/wp-content\/uploads\/2017\/04\/Estrella-El-Nacional-Femenino-Vrizz.jpg","keywords":["9 de Julio","El Nacional","Estrella","Estudiantes","Femenino","Pacifico","primera femenino","Sportivo Bahiense"],"articleSection":["Femenino","Primera Femenino","Slide"],"inLanguage":"es"},{"@type":"WebPage","@id":"https:\/\/gentedebasquet.com.ar\/sitio\/2017\/04\/03\/las-chicas-iniciaron-la-20\/","url":"https:\/\/gentedebasquet.com.ar\/sitio\/2017\/04\/03\/las-chicas-iniciaron-la-20\/","name":"Las chicas iniciaron la 20 - Gente de B\u00e1squet","isPartOf":{"@id":"https:\/\/gentedebasquet.com.ar\/sitio\/#website"},"primaryImageOfPage":{"@id":"https:\/\/gentedebasquet.com.ar\/sitio\/2017\/04\/03\/las-chicas-iniciaron-la-20\/#primaryimage"},"image":{"@id":"https:\/\/gentedebasquet.com.ar\/sitio\/2017\/04\/03\/las-chicas-iniciaron-la-20\/#primaryimage"},"thumbnailUrl":"https:\/\/gentedebasquet.com.ar\/sitio\/wp-content\/uploads\/2017\/04\/Estrella-El-Nacional-Femenino-Vrizz.jpg","datePublished":"2017-04-03T21:51:45+00:00","author":{"@id":"https:\/\/gentedebasquet.com.ar\/sitio\/#\/schema\/person\/ca0b63bbb977369988a7bbbdc519943a"},"breadcrumb":{"@id":"https:\/\/gentedebasquet.com.ar\/sitio\/2017\/04\/03\/las-chicas-iniciaron-la-20\/#breadcrumb"},"inLanguage":"es","potentialAction":[{"@type":"ReadAction","target":["https:\/\/gentedebasquet.com.ar\/sitio\/2017\/04\/03\/las-chicas-iniciaron-la-20\/"]}]},{"@type":"ImageObject","inLanguage":"es","@id":"https:\/\/gentedebasquet.com.ar\/sitio\/2017\/04\/03\/las-chicas-iniciaron-la-20\/#primaryimage","url":"https:\/\/gentedebasquet.com.ar\/sitio\/wp-content\/uploads\/2017\/04\/Estrella-El-Nacional-Femenino-Vrizz.jpg","contentUrl":"https:\/\/gentedebasquet.com.ar\/sitio\/wp-content\/uploads\/2017\/04\/Estrella-El-Nacional-Femenino-Vrizz.jpg","width":690,"height":319},{"@type":"BreadcrumbList","@id":"https:\/\/gentedebasquet.com.ar\/sitio\/2017\/04\/03\/las-chicas-iniciaron-la-20\/#breadcrumb","itemListElement":[{"@type":"ListItem","position":1,"name":"Portada","item":"https:\/\/gentedebasquet.com.ar\/sitio\/"},{"@type":"ListItem","position":2,"name":"Las chicas iniciaron la 20"}]},{"@type":"WebSite","@id":"https:\/\/gentedebasquet.com.ar\/sitio\/#website","url":"https:\/\/gentedebasquet.com.ar\/sitio\/","name":"Gente de B\u00e1squet","description":"La revista del basquet de Bah\u00eda Blanca","potentialAction":[{"@type":"SearchAction","target":{"@type":"EntryPoint","urlTemplate":"https:\/\/gentedebasquet.com.ar\/sitio\/?s={search_term_string}"},"query-input":{"@type":"PropertyValueSpecification","valueRequired":true,"valueName":"search_term_string"}}],"inLanguage":"es"},{"@type":"Person","@id":"https:\/\/gentedebasquet.com.ar\/sitio\/#\/schema\/person\/ca0b63bbb977369988a7bbbdc519943a","name":"Gente de B\u00e1squet","image":{"@type":"ImageObject","inLanguage":"es","@id":"https:\/\/secure.gravatar.com\/avatar\/7f2c48bdc33b30088f941fb6082e555f2874c98e20cb159d7b92b50eadfce793?s=96&d=mm&r=g","url":"https:\/\/secure.gravatar.com\/avatar\/7f2c48bdc33b30088f941fb6082e555f2874c98e20cb159d7b92b50eadfce793?s=96&d=mm&r=g","contentUrl":"https:\/\/secure.gravatar.com\/avatar\/7f2c48bdc33b30088f941fb6082e555f2874c98e20cb159d7b92b50eadfce793?s=96&d=mm&r=g","caption":"Gente de B\u00e1squet"},"sameAs":["http:\/\/gentedebasquet.com.ar\/sitio"],"url":"https:\/\/gentedebasquet.com.ar\/sitio\/author\/ulises\/"}]}},"_links":{"self":[{"href":"https:\/\/gentedebasquet.com.ar\/sitio\/wp-json\/wp\/v2\/posts\/70107","targetHints":{"allow":["GET"]}}],"collection":[{"href":"https:\/\/gentedebasquet.com.ar\/sitio\/wp-json\/wp\/v2\/posts"}],"about":[{"href":"https:\/\/gentedebasquet.com.ar\/sitio\/wp-json\/wp\/v2\/types\/post"}],"author":[{"embeddable":true,"href":"https:\/\/gentedebasquet.com.ar\/sitio\/wp-json\/wp\/v2\/users\/1"}],"replies":[{"embeddable":true,"href":"https:\/\/gentedebasquet.com.ar\/sitio\/wp-json\/wp\/v2\/comments?post=70107"}],"version-history":[{"count":0,"href":"https:\/\/gentedebasquet.com.ar\/sitio\/wp-json\/wp\/v2\/posts\/70107\/revisions"}],"wp:featuredmedia":[{"embeddable":true,"href":"https:\/\/gentedebasquet.com.ar\/sitio\/wp-json\/wp\/v2\/media\/70090"}],"wp:attachment":[{"href":"https:\/\/gentedebasquet.com.ar\/sitio\/wp-json\/wp\/v2\/media?parent=70107"}],"wp:term":[{"taxonomy":"category","embeddable":true,"href":"https:\/\/gentedebasquet.com.ar\/sitio\/wp-json\/wp\/v2\/categories?post=70107"},{"taxonomy":"post_tag","embeddable":true,"href":"https:\/\/gentedebasquet.com.ar\/sitio\/wp-json\/wp\/v2\/tags?post=70107"}],"curies":[{"name":"wp","href":"https:\/\/api.w.org\/{rel}","templated":true}]}}