{"id":70193,"date":"2017-04-04T22:50:48","date_gmt":"2017-04-05T01:50:48","guid":{"rendered":"http:\/\/www.gentedebasquet.com.ar\/?p=70193"},"modified":"2017-04-04T22:50:48","modified_gmt":"2017-04-05T01:50:48","slug":"a-paso-firme-4","status":"publish","type":"post","link":"https:\/\/gentedebasquet.com.ar\/sitio\/2017\/04\/04\/a-paso-firme-4\/","title":{"rendered":"A paso firme"},"content":{"rendered":"<p><strong>En un partido no apto para card\u00edacos, \u00a09 de Julio se impuso en suplementario 90-85 sobre La Falda en el \u00a0N\u00e9stor Damiani. En lineas generales fue un partido en el que ambos elencos no se pudieron sacar ventaja hasta reci\u00e9n en los \u00faltimos\u00a0segundos, cuando los locales lograron 5 de luz que les iba a permitir llevarse la victoria. El ganador cont\u00f3\u00a0con la gran labor de Dami\u00e1n Carci, art\u00edcife de 26 unidades ( 3-5 t3, 3-5 t2 y 11-11 tl). Asimismo, fue muy bien\u00a0escoltado por Lucas Luchetti con 15 \u00a0(1-3 t3, 4-4 t2, 4-6 tl) \u00a0y Cristian Bisterfeld con 14 (5-9 t2, 4-8 tl). En cambio, en la visita la gran performance de Sebasti\u00e1n Tacchetti (7-11 t2 y 9-13 tl) no fue suficient<\/strong>e.<\/p>\n<p>El inicio del cotejo fue \u00a0como todos nos imagin\u00e1bamos, \u00a0parejo, trabado, luchado. \u00a0Tal es as\u00ed que con 3m de jugados el tanteador solo plasmaba un \u00a0(2-3) a favor de La Falda. Algo que destacar, \u00a0la presi\u00f3n constante, y el buen manejo del bal\u00f3n.<\/p>\n<p>No obstante, la defensa h\/h que propusieron ambos elencos hizo que el cotejo se tornara muy friccionado y es por ello que en \u00a0el en el 1c no se pudo \u00a0apreciar mucho el juego producto de las reiteradas faltas (15), quienes se hacian protagonista.<\/p>\n<p><img decoding=\"async\" class=\"size-medium wp-image-70235 alignright\" src=\"http:\/\/www.gentedebasquet.com.ar\/wp-content\/uploads\/2017\/04\/WhatsApp-Image-2017-04-05-at-02.26.48-300x187.jpeg\" alt=\"WhatsApp Image 2017-04-05 at 02.26.48\" width=\"300\" height=\"187\" srcset=\"https:\/\/gentedebasquet.com.ar\/sitio\/wp-content\/uploads\/2017\/04\/WhatsApp-Image-2017-04-05-at-02.26.48-300x187.jpeg 300w, https:\/\/gentedebasquet.com.ar\/sitio\/wp-content\/uploads\/2017\/04\/WhatsApp-Image-2017-04-05-at-02.26.48.jpeg 400w\" sizes=\"(max-width: 300px) 100vw, 300px\" \/><\/p>\n<p>El segundo cuarto, lo abri\u00f3 Dami\u00e1n Carci con una terrible bomba desde la linea de tres , pero r\u00e1pidamente respondi\u00f3 Vilouta desde la misma posici\u00f3n. \u00a0El transcurso del juego fue \u00a0de la misma manera que finaliz\u00f3 en episodio anterior, ambos equipos proponiendo la misma defensa. Pero el que mejor pudo aprovechar sus virtudes fue 9 de Julio, que sigui\u00f3 apoy\u00e1ndose en los tiros a distancia, con un Carci inspirado, quien se hacia cargo de cada ofensiva.<\/p>\n<blockquote><p>La verdad fue un partido dur\u00edsimo, sab\u00edamos que se iba a dar as\u00ed. Se\u00a0 nos complico en el primer tiempo pero por suerte en el 3c con el reingreso de los chicos, nos dieron una mano barbara presionando y ah\u00ed pudimos sacar una m\u00ednima\u00a0ventaja que nos permiti\u00f3 llegar medianamente bien al final. \u00a0No supimos cerrarlo y lo pagamos caro, nos doli\u00f3\u00a0mucho llegar al suplementario. Hoy el equipo dio una muestra de car\u00e1cter terrible y lo ganamos bien. Este equipo se armo y esta trabajando para pelear arriba. Despu\u00e9s\u00a0a lo largo del torneo vamos a ver para que estamos pero hay que tener los pies sobre la tierra y seguir trabajando (Dami\u00e1n Carci)<\/p><\/blockquote>\n<p>Ya a la vuelta del descanso, Iannamico mand\u00f3 a la cancha a los pibes de la cantera, con el objetivo de que presionaran la salida de La Falda. Esto tuvo r\u00e9dito dado que los dirigidos por Loffredo comenzaron a presentar demasiadas perdidas (5) que el rival supo aprovechar.<\/p>\n<p>Luego, el pleito se emparejo nuevamente, \u00a0pero Lafa nunca supo doblegar al rival para pasar al frente. Hasta que a\u00a0falta de 6 seg (74-71) cuando todo hacia prever que los locales se iban a llevar una nueva victoria apareci\u00f3 la mano sagrada del experimentado Nicol\u00e1s Leguizam\u00f3n (5), quien sin dudar sac\u00f3 un formidable tiro a distancia y la pelota ingreso de forma limpia en el aro. Decretando as\u00ed \u00a0la igualdad en 74 y es por ello, que el cotejo tuvo que extenderse a 5 minutos.<\/p>\n<p>En los primeros minutos del suplementario entro mejor parado \u00a09 de julio, \u00a0pero nunca pudo sacar una estrecha diferencia que le diera tranquilidad. \u00a0Cuando solo restaban \u00a023 seg el pleito estaba 86-83. \u00a0La visita no tenia otra opci\u00f3n que cortar con falta para que el rival no convirtiera y as\u00ed fue. En consiguiente, \u00a0Bonaguro no fall\u00f3 desde la linea y solo quedo tiempo para que los segundos corran y la victoria se quede en calle Charlone.<\/p>\n<p>&nbsp;<\/p>\n<p>[youtube]https:\/\/www.youtube.com\/watch?v=yVyv1zBACTM&amp;t=14s[\/youtube]<\/p>\n<p>&nbsp;<\/p>\n<p><strong>S\u00edntesis |<\/strong>\u00a0Segunda Divisi\u00f3n \u2013 Primer Tramo \u2013 Fecha #5<\/p>\n<p><strong>9 de Julio 90:<\/strong>\u00a0Dami\u00e1n Carci 26,\u00a0Lucas Lucchetti 15, Francisco Bonaguro 11 (x), Guillermo Mallemaci 2 (x), Cristian Bisterfeld 14 (x) (FI); Al\u00e1n Prost 8,\u00a0Manuel Costa 7,\u00a0Agust\u00edn Pena 4,\u00a0Rodrigo Blanco 2 y\u00a0Facundo Mart\u00ednez 1. DT: Andr\u00e9s Iannamico.<\/p>\n<p><strong>La Falda 85:\u00a0<\/strong>Nicol\u00e1s Leguizam\u00f3n 9, \u00a0Federico Vilouta 12, \u00a0Fernando Bonino 12, \u00a0Sebasti\u00e1n Tacchetti 23, Andr\u00e9s Mond\u00f3n 10 (FI);\u00a0Facundo Apcari\u00e1n 10 (x), Santiago Miranda 6 (x) y Mart\u00edn Frola 3. DT: Miguel Loffredo.<\/p>\n<p><strong>Parciales:<\/strong>\u00a017-21, 33-36 (16-15), 55-47 (22-11) y 74-74 (19-27).<\/p>\n<p><strong>\u00c1rbitros:<\/strong>\u00a0Horacio Sed\u00e1n &#8211; Luis De Marchi.<\/p>\n<p><strong>Estadio:<\/strong>\u00a0N\u00e9stor Damiani (9 de Julio).<\/p>\n<p><a class=\"modalf iframe\" title=\"Planilla\" href=\"https:\/\/docs.google.com\/spreadsheets\/d\/1WFIyBp9YF4z6rVDP9JjIKfaO358iav0yTFZIVAhcnwA\/pubhtml\" target=\"_blank\" rel=\"noopener\">Ver Planilla<\/a><\/p>\n","protected":false},"excerpt":{"rendered":"<p>En un partido electrizante, 9 de julio se impuso 90-85 a La Falda en suplementario<\/p>\n","protected":false},"author":1,"featured_media":70247,"comment_status":"closed","ping_status":"open","sticky":false,"template":"","format":"standard","meta":{"jnews-multi-image_gallery":[],"jnews_single_post":[],"jnews_primary_category":[],"footnotes":""},"categories":[25,101],"tags":[2,527,13,335,204,503],"class_list":["post-70193","post","type-post","status-publish","format-standard","has-post-thumbnail","hentry","category-segunda","category-slide","tag-9dejulio","tag-damian-carci","tag-la-falda","tag-nicolas-leguizamon","tag-sebastian-tacchetti","tag-segunda-division"],"yoast_head":"<!-- This site is optimized with the Yoast SEO plugin v27.5 - https:\/\/yoast.com\/product\/yoast-seo-wordpress\/ -->\n<title>A paso firme - Gente de B\u00e1squet<\/title>\n<meta name=\"robots\" content=\"index, follow, max-snippet:-1, max-image-preview:large, max-video-preview:-1\" \/>\n<link rel=\"canonical\" href=\"https:\/\/gentedebasquet.com.ar\/sitio\/2017\/04\/04\/a-paso-firme-4\/\" \/>\n<meta property=\"og:locale\" content=\"es_ES\" \/>\n<meta property=\"og:type\" content=\"article\" \/>\n<meta property=\"og:title\" content=\"A paso firme - Gente de B\u00e1squet\" \/>\n<meta property=\"og:description\" content=\"En un partido electrizante, 9 de julio se impuso 90-85 a La Falda en suplementario\" \/>\n<meta property=\"og:url\" content=\"https:\/\/gentedebasquet.com.ar\/sitio\/2017\/04\/04\/a-paso-firme-4\/\" \/>\n<meta property=\"og:site_name\" content=\"Gente de B\u00e1squet\" \/>\n<meta property=\"article:published_time\" content=\"2017-04-05T01:50:48+00:00\" \/>\n<meta property=\"og:image\" content=\"https:\/\/gentedebasquet.com.ar\/sitio\/wp-content\/uploads\/2017\/04\/9-de-Julio-La-Falda.jpeg\" \/>\n\t<meta property=\"og:image:width\" content=\"690\" \/>\n\t<meta property=\"og:image:height\" content=\"319\" \/>\n\t<meta property=\"og:image:type\" content=\"image\/jpeg\" \/>\n<meta name=\"author\" content=\"Gente de B\u00e1squet\" \/>\n<meta name=\"twitter:card\" content=\"summary_large_image\" \/>\n<meta name=\"twitter:label1\" content=\"Escrito por\" \/>\n\t<meta name=\"twitter:data1\" content=\"Gente de B\u00e1squet\" \/>\n\t<meta name=\"twitter:label2\" content=\"Tiempo de lectura\" \/>\n\t<meta name=\"twitter:data2\" content=\"4 minutos\" \/>\n<script type=\"application\/ld+json\" class=\"yoast-schema-graph\">{\"@context\":\"https:\\\/\\\/schema.org\",\"@graph\":[{\"@type\":\"Article\",\"@id\":\"https:\\\/\\\/gentedebasquet.com.ar\\\/sitio\\\/2017\\\/04\\\/04\\\/a-paso-firme-4\\\/#article\",\"isPartOf\":{\"@id\":\"https:\\\/\\\/gentedebasquet.com.ar\\\/sitio\\\/2017\\\/04\\\/04\\\/a-paso-firme-4\\\/\"},\"author\":{\"name\":\"Gente de B\u00e1squet\",\"@id\":\"https:\\\/\\\/gentedebasquet.com.ar\\\/sitio\\\/#\\\/schema\\\/person\\\/ca0b63bbb977369988a7bbbdc519943a\"},\"headline\":\"A paso firme\",\"datePublished\":\"2017-04-05T01:50:48+00:00\",\"mainEntityOfPage\":{\"@id\":\"https:\\\/\\\/gentedebasquet.com.ar\\\/sitio\\\/2017\\\/04\\\/04\\\/a-paso-firme-4\\\/\"},\"wordCount\":739,\"image\":{\"@id\":\"https:\\\/\\\/gentedebasquet.com.ar\\\/sitio\\\/2017\\\/04\\\/04\\\/a-paso-firme-4\\\/#primaryimage\"},\"thumbnailUrl\":\"https:\\\/\\\/gentedebasquet.com.ar\\\/sitio\\\/wp-content\\\/uploads\\\/2017\\\/04\\\/9-de-Julio-La-Falda.jpeg\",\"keywords\":[\"9 de Julio\",\"Dami\u00e1n Carci\",\"La Falda\",\"Nicolas Leguizam\u00f3n\",\"Sebasti\u00e1n Tacchetti\",\"Segunda Divisi\u00f3n\"],\"articleSection\":[\"Segunda\",\"Slide\"],\"inLanguage\":\"es\"},{\"@type\":\"WebPage\",\"@id\":\"https:\\\/\\\/gentedebasquet.com.ar\\\/sitio\\\/2017\\\/04\\\/04\\\/a-paso-firme-4\\\/\",\"url\":\"https:\\\/\\\/gentedebasquet.com.ar\\\/sitio\\\/2017\\\/04\\\/04\\\/a-paso-firme-4\\\/\",\"name\":\"A paso firme - Gente de B\u00e1squet\",\"isPartOf\":{\"@id\":\"https:\\\/\\\/gentedebasquet.com.ar\\\/sitio\\\/#website\"},\"primaryImageOfPage\":{\"@id\":\"https:\\\/\\\/gentedebasquet.com.ar\\\/sitio\\\/2017\\\/04\\\/04\\\/a-paso-firme-4\\\/#primaryimage\"},\"image\":{\"@id\":\"https:\\\/\\\/gentedebasquet.com.ar\\\/sitio\\\/2017\\\/04\\\/04\\\/a-paso-firme-4\\\/#primaryimage\"},\"thumbnailUrl\":\"https:\\\/\\\/gentedebasquet.com.ar\\\/sitio\\\/wp-content\\\/uploads\\\/2017\\\/04\\\/9-de-Julio-La-Falda.jpeg\",\"datePublished\":\"2017-04-05T01:50:48+00:00\",\"author\":{\"@id\":\"https:\\\/\\\/gentedebasquet.com.ar\\\/sitio\\\/#\\\/schema\\\/person\\\/ca0b63bbb977369988a7bbbdc519943a\"},\"breadcrumb\":{\"@id\":\"https:\\\/\\\/gentedebasquet.com.ar\\\/sitio\\\/2017\\\/04\\\/04\\\/a-paso-firme-4\\\/#breadcrumb\"},\"inLanguage\":\"es\",\"potentialAction\":[{\"@type\":\"ReadAction\",\"target\":[\"https:\\\/\\\/gentedebasquet.com.ar\\\/sitio\\\/2017\\\/04\\\/04\\\/a-paso-firme-4\\\/\"]}]},{\"@type\":\"ImageObject\",\"inLanguage\":\"es\",\"@id\":\"https:\\\/\\\/gentedebasquet.com.ar\\\/sitio\\\/2017\\\/04\\\/04\\\/a-paso-firme-4\\\/#primaryimage\",\"url\":\"https:\\\/\\\/gentedebasquet.com.ar\\\/sitio\\\/wp-content\\\/uploads\\\/2017\\\/04\\\/9-de-Julio-La-Falda.jpeg\",\"contentUrl\":\"https:\\\/\\\/gentedebasquet.com.ar\\\/sitio\\\/wp-content\\\/uploads\\\/2017\\\/04\\\/9-de-Julio-La-Falda.jpeg\",\"width\":690,\"height\":319},{\"@type\":\"BreadcrumbList\",\"@id\":\"https:\\\/\\\/gentedebasquet.com.ar\\\/sitio\\\/2017\\\/04\\\/04\\\/a-paso-firme-4\\\/#breadcrumb\",\"itemListElement\":[{\"@type\":\"ListItem\",\"position\":1,\"name\":\"Portada\",\"item\":\"https:\\\/\\\/gentedebasquet.com.ar\\\/sitio\\\/\"},{\"@type\":\"ListItem\",\"position\":2,\"name\":\"A paso firme\"}]},{\"@type\":\"WebSite\",\"@id\":\"https:\\\/\\\/gentedebasquet.com.ar\\\/sitio\\\/#website\",\"url\":\"https:\\\/\\\/gentedebasquet.com.ar\\\/sitio\\\/\",\"name\":\"Gente de B\u00e1squet\",\"description\":\"La revista del basquet de Bah\u00eda Blanca\",\"potentialAction\":[{\"@type\":\"SearchAction\",\"target\":{\"@type\":\"EntryPoint\",\"urlTemplate\":\"https:\\\/\\\/gentedebasquet.com.ar\\\/sitio\\\/?s={search_term_string}\"},\"query-input\":{\"@type\":\"PropertyValueSpecification\",\"valueRequired\":true,\"valueName\":\"search_term_string\"}}],\"inLanguage\":\"es\"},{\"@type\":\"Person\",\"@id\":\"https:\\\/\\\/gentedebasquet.com.ar\\\/sitio\\\/#\\\/schema\\\/person\\\/ca0b63bbb977369988a7bbbdc519943a\",\"name\":\"Gente de B\u00e1squet\",\"image\":{\"@type\":\"ImageObject\",\"inLanguage\":\"es\",\"@id\":\"https:\\\/\\\/secure.gravatar.com\\\/avatar\\\/7f2c48bdc33b30088f941fb6082e555f2874c98e20cb159d7b92b50eadfce793?s=96&d=mm&r=g\",\"url\":\"https:\\\/\\\/secure.gravatar.com\\\/avatar\\\/7f2c48bdc33b30088f941fb6082e555f2874c98e20cb159d7b92b50eadfce793?s=96&d=mm&r=g\",\"contentUrl\":\"https:\\\/\\\/secure.gravatar.com\\\/avatar\\\/7f2c48bdc33b30088f941fb6082e555f2874c98e20cb159d7b92b50eadfce793?s=96&d=mm&r=g\",\"caption\":\"Gente de B\u00e1squet\"},\"sameAs\":[\"http:\\\/\\\/gentedebasquet.com.ar\\\/sitio\"],\"url\":\"https:\\\/\\\/gentedebasquet.com.ar\\\/sitio\\\/author\\\/ulises\\\/\"}]}<\/script>\n<!-- \/ Yoast SEO plugin. -->","yoast_head_json":{"title":"A paso firme - Gente de B\u00e1squet","robots":{"index":"index","follow":"follow","max-snippet":"max-snippet:-1","max-image-preview":"max-image-preview:large","max-video-preview":"max-video-preview:-1"},"canonical":"https:\/\/gentedebasquet.com.ar\/sitio\/2017\/04\/04\/a-paso-firme-4\/","og_locale":"es_ES","og_type":"article","og_title":"A paso firme - Gente de B\u00e1squet","og_description":"En un partido electrizante, 9 de julio se impuso 90-85 a La Falda en suplementario","og_url":"https:\/\/gentedebasquet.com.ar\/sitio\/2017\/04\/04\/a-paso-firme-4\/","og_site_name":"Gente de B\u00e1squet","article_published_time":"2017-04-05T01:50:48+00:00","og_image":[{"width":690,"height":319,"url":"https:\/\/gentedebasquet.com.ar\/sitio\/wp-content\/uploads\/2017\/04\/9-de-Julio-La-Falda.jpeg","type":"image\/jpeg"}],"author":"Gente de B\u00e1squet","twitter_card":"summary_large_image","twitter_misc":{"Escrito por":"Gente de B\u00e1squet","Tiempo de lectura":"4 minutos"},"schema":{"@context":"https:\/\/schema.org","@graph":[{"@type":"Article","@id":"https:\/\/gentedebasquet.com.ar\/sitio\/2017\/04\/04\/a-paso-firme-4\/#article","isPartOf":{"@id":"https:\/\/gentedebasquet.com.ar\/sitio\/2017\/04\/04\/a-paso-firme-4\/"},"author":{"name":"Gente de B\u00e1squet","@id":"https:\/\/gentedebasquet.com.ar\/sitio\/#\/schema\/person\/ca0b63bbb977369988a7bbbdc519943a"},"headline":"A paso firme","datePublished":"2017-04-05T01:50:48+00:00","mainEntityOfPage":{"@id":"https:\/\/gentedebasquet.com.ar\/sitio\/2017\/04\/04\/a-paso-firme-4\/"},"wordCount":739,"image":{"@id":"https:\/\/gentedebasquet.com.ar\/sitio\/2017\/04\/04\/a-paso-firme-4\/#primaryimage"},"thumbnailUrl":"https:\/\/gentedebasquet.com.ar\/sitio\/wp-content\/uploads\/2017\/04\/9-de-Julio-La-Falda.jpeg","keywords":["9 de Julio","Dami\u00e1n Carci","La Falda","Nicolas Leguizam\u00f3n","Sebasti\u00e1n Tacchetti","Segunda Divisi\u00f3n"],"articleSection":["Segunda","Slide"],"inLanguage":"es"},{"@type":"WebPage","@id":"https:\/\/gentedebasquet.com.ar\/sitio\/2017\/04\/04\/a-paso-firme-4\/","url":"https:\/\/gentedebasquet.com.ar\/sitio\/2017\/04\/04\/a-paso-firme-4\/","name":"A paso firme - Gente de B\u00e1squet","isPartOf":{"@id":"https:\/\/gentedebasquet.com.ar\/sitio\/#website"},"primaryImageOfPage":{"@id":"https:\/\/gentedebasquet.com.ar\/sitio\/2017\/04\/04\/a-paso-firme-4\/#primaryimage"},"image":{"@id":"https:\/\/gentedebasquet.com.ar\/sitio\/2017\/04\/04\/a-paso-firme-4\/#primaryimage"},"thumbnailUrl":"https:\/\/gentedebasquet.com.ar\/sitio\/wp-content\/uploads\/2017\/04\/9-de-Julio-La-Falda.jpeg","datePublished":"2017-04-05T01:50:48+00:00","author":{"@id":"https:\/\/gentedebasquet.com.ar\/sitio\/#\/schema\/person\/ca0b63bbb977369988a7bbbdc519943a"},"breadcrumb":{"@id":"https:\/\/gentedebasquet.com.ar\/sitio\/2017\/04\/04\/a-paso-firme-4\/#breadcrumb"},"inLanguage":"es","potentialAction":[{"@type":"ReadAction","target":["https:\/\/gentedebasquet.com.ar\/sitio\/2017\/04\/04\/a-paso-firme-4\/"]}]},{"@type":"ImageObject","inLanguage":"es","@id":"https:\/\/gentedebasquet.com.ar\/sitio\/2017\/04\/04\/a-paso-firme-4\/#primaryimage","url":"https:\/\/gentedebasquet.com.ar\/sitio\/wp-content\/uploads\/2017\/04\/9-de-Julio-La-Falda.jpeg","contentUrl":"https:\/\/gentedebasquet.com.ar\/sitio\/wp-content\/uploads\/2017\/04\/9-de-Julio-La-Falda.jpeg","width":690,"height":319},{"@type":"BreadcrumbList","@id":"https:\/\/gentedebasquet.com.ar\/sitio\/2017\/04\/04\/a-paso-firme-4\/#breadcrumb","itemListElement":[{"@type":"ListItem","position":1,"name":"Portada","item":"https:\/\/gentedebasquet.com.ar\/sitio\/"},{"@type":"ListItem","position":2,"name":"A paso firme"}]},{"@type":"WebSite","@id":"https:\/\/gentedebasquet.com.ar\/sitio\/#website","url":"https:\/\/gentedebasquet.com.ar\/sitio\/","name":"Gente de B\u00e1squet","description":"La revista del basquet de Bah\u00eda Blanca","potentialAction":[{"@type":"SearchAction","target":{"@type":"EntryPoint","urlTemplate":"https:\/\/gentedebasquet.com.ar\/sitio\/?s={search_term_string}"},"query-input":{"@type":"PropertyValueSpecification","valueRequired":true,"valueName":"search_term_string"}}],"inLanguage":"es"},{"@type":"Person","@id":"https:\/\/gentedebasquet.com.ar\/sitio\/#\/schema\/person\/ca0b63bbb977369988a7bbbdc519943a","name":"Gente de B\u00e1squet","image":{"@type":"ImageObject","inLanguage":"es","@id":"https:\/\/secure.gravatar.com\/avatar\/7f2c48bdc33b30088f941fb6082e555f2874c98e20cb159d7b92b50eadfce793?s=96&d=mm&r=g","url":"https:\/\/secure.gravatar.com\/avatar\/7f2c48bdc33b30088f941fb6082e555f2874c98e20cb159d7b92b50eadfce793?s=96&d=mm&r=g","contentUrl":"https:\/\/secure.gravatar.com\/avatar\/7f2c48bdc33b30088f941fb6082e555f2874c98e20cb159d7b92b50eadfce793?s=96&d=mm&r=g","caption":"Gente de B\u00e1squet"},"sameAs":["http:\/\/gentedebasquet.com.ar\/sitio"],"url":"https:\/\/gentedebasquet.com.ar\/sitio\/author\/ulises\/"}]}},"_links":{"self":[{"href":"https:\/\/gentedebasquet.com.ar\/sitio\/wp-json\/wp\/v2\/posts\/70193","targetHints":{"allow":["GET"]}}],"collection":[{"href":"https:\/\/gentedebasquet.com.ar\/sitio\/wp-json\/wp\/v2\/posts"}],"about":[{"href":"https:\/\/gentedebasquet.com.ar\/sitio\/wp-json\/wp\/v2\/types\/post"}],"author":[{"embeddable":true,"href":"https:\/\/gentedebasquet.com.ar\/sitio\/wp-json\/wp\/v2\/users\/1"}],"replies":[{"embeddable":true,"href":"https:\/\/gentedebasquet.com.ar\/sitio\/wp-json\/wp\/v2\/comments?post=70193"}],"version-history":[{"count":0,"href":"https:\/\/gentedebasquet.com.ar\/sitio\/wp-json\/wp\/v2\/posts\/70193\/revisions"}],"wp:featuredmedia":[{"embeddable":true,"href":"https:\/\/gentedebasquet.com.ar\/sitio\/wp-json\/wp\/v2\/media\/70247"}],"wp:attachment":[{"href":"https:\/\/gentedebasquet.com.ar\/sitio\/wp-json\/wp\/v2\/media?parent=70193"}],"wp:term":[{"taxonomy":"category","embeddable":true,"href":"https:\/\/gentedebasquet.com.ar\/sitio\/wp-json\/wp\/v2\/categories?post=70193"},{"taxonomy":"post_tag","embeddable":true,"href":"https:\/\/gentedebasquet.com.ar\/sitio\/wp-json\/wp\/v2\/tags?post=70193"}],"curies":[{"name":"wp","href":"https:\/\/api.w.org\/{rel}","templated":true}]}}